{"id":2088883,"date":"2026-08-11T19:54:11","date_gmt":"2026-08-11T16:54:11","guid":{"rendered":"https:\/\/analyse.optim.biz\/?p=2088883"},"modified":"2026-08-11T19:54:11","modified_gmt":"2026-08-11T16:54:11","slug":"va-mai-avea-buzaul-un-poligon-auto","status":"publish","type":"post","link":"https:\/\/analyse.optim.biz\/?p=2088883","title":{"rendered":"Va mai avea Buz\u0103ul un poligon auto?"},"content":{"rendered":"<p>[analyse_image type=&#8221;featured&#8221; src=&#8221;https:\/\/www.tvbuzau.ro\/wp-content\/uploads\/2026\/08\/sddefault-26.jpghttps:\/\/www.tvbuzau.ro\/wp-content\/uploads\/2026\/08\/sddefault-26.jpg&#8221;]<\/p>\n<div class=\"td-ss-main-content\">\n<article id=\"post-120002\" class=\"post-120002 post type-post status-publish format-video has-post-thumbnail hentry category-actualitate post_format-post-format-video\">\n<div class=\"td-post-header\">\n<ul class=\"td-category\">\n<li class=\"entry-category\"><a href=\"https:\/\/www.tvbuzau.ro\/category\/actualitate\/\">Actualitate<\/a><\/li>\n<\/ul>\n<header class=\"td-post-title\">\n<h1 class=\"entry-title\">Va mai avea Buz\u0103ul un poligon auto?<\/h1>\n<div class=\"td-module-meta-info\">\n<div class=\"td-post-author-name\">De c\u0103tre <a href=\"https:\/\/www.tvbuzau.ro\/author\/mihai-vasilescu\/\">TV Buz\u0103u<\/a> &#8211; <\/div>\n<p><span class=\"td-post-date\"><time class=\"entry-date updated td-module-date\" datetime=\"2026-08-11T19:54:11+00:00\">august 11, 2026<\/time><\/span><\/p>\n<div class=\"td-post-comments\"><a href=\"https:\/\/www.tvbuzau.ro\/va-mai-avea-buzaul-un-poligon-auto\/#respond\">0<\/a><\/div>\n<div class=\"td-post-views\"><span class=\"td-nr-views-120002\">1<\/span><\/div>\n<\/div>\n<\/header>\n<\/div>\n<div class=\"td-post-sharing td-post-sharing-top td-with-like\">\n<div class=\"td-default-sharing\"><a class=\"td-social-sharing-buttons td-social-facebook\" href=\"http:\/\/www.facebook.com\/sharer.php?u=https%3A%2F%2Fwww.tvbuzau.ro%2Fva-mai-avea-buzaul-un-poligon-auto%2F\"><\/p>\n<div class=\"td-social-but-text\">Distribui\u021bi pe Facebook<\/div>\n<p><\/a><a class=\"td-social-sharing-buttons td-social-twitter\" href=\"https:\/\/twitter.com\/intent\/tweet?text=Va+mai+avea+Buz%C4%83ul+un+poligon+auto%3F&amp;url=https%3A%2F%2Fwww.tvbuzau.ro%2Fva-mai-avea-buzaul-un-poligon-auto%2F&amp;via=TV+Buz%C4%83u\"><\/p>\n<div class=\"td-social-but-text\">Distribui\u021bi pe Twitter<\/div>\n<p><\/a><\/div>\n<div class=\"td-classic-sharing\">\n<ul>\n<li class=\"td-classic-facebook\"><iframe frameborder src=\"https:\/\/www.facebook.com\/plugins\/like.php?href=https:\/\/www.tvbuzau.ro\/va-mai-avea-buzaul-un-poligon-auto\/&amp;layout=button_count&amp;show_faces=false&amp;width=105&amp;action=like&amp;colorscheme=light&amp;height=21\"><\/iframe><\/li>\n<li class=\"td-classic-twitter\"><a href=\"https:\/\/twitter.com\/share\" class=\"twitter-share-button\" data-url=\"https:\/\/www.tvbuzau.ro\/va-mai-avea-buzaul-un-poligon-auto\/\" data-text=\"Va mai avea Buz\u0103ul un poligon auto?\" data-via data-lang=\"en\">tweet<\/a><\/li>\n<\/ul>\n<\/div>\n<\/div>\n<div class=\"td-post-content\">\n<div class=\"td-featured-image-rec\">\n<div class=\"wpb_video_wrapper\">\n                    <iframe loading=\"lazy\" id=\"td_youtube_player\" width=\"600\" height=\"560\" src=\"https:\/\/www.youtube.com\/embed\/Ql7M3cnmHZA?enablejsapi=1&amp;feature=oembed&amp;wmode=opaque&amp;vq=hd720\" frameborder allowfullscreen><\/iframe><\/p><\/div>\n<\/div>\n<p>Se caut\u0103 solu\u0163ii financiare pentru amenjarea unui noi poligon<br \/>\n\u00cen municipul Buz\u0103u nu mai exist\u0103 un poligon auto administrat de Prim\u0103ria Buz\u0103u, aspiran\u0163ii la calitatea de \u015fofer fiind nevoi\u0163i s\u0103 se preg\u0103teasc\u0103 \u00een locurile special amenajate de \u015fcolile de \u015foferi. Reprezentan\u0163ii Prim\u0103riei Buz\u0103u au fost interpela\u0163i de c\u0103tre unul din consilierii locali cu privire la eventuale investi\u0163ii care ar pute fi realizate \u00een sensul amenaj\u0103rii unui poligon auto.<br \/>\nViceprimarul municipiului Buz\u0103u, Sorin Ionu\u0163 Apostu a precizat c\u0103 exist\u0103 o ofert\u0103 pentru realizarea unui proiect tehnic, urm\u00e2nd s\u0103 fie identificate \u015fi sumele necesare realiz\u0103rii poligonului.<br \/>\nVechiul poligon auto a fost desfiin\u0163at \u00een anul 2023, pe locul respectiv fiind construit centrul intermodal de transport de pe Calea Eroilor.<\/p>\n<div class=\"post-views post-120002 entry-meta\"><span class=\"post-views-label\">Post Views: <\/span><span class=\"post-views-count\">59<\/span><\/div>\n<\/div>\n<footer>\n<div class=\"td-post-sharing td-post-sharing-bottom td-with-like\"><span class=\"td-post-share-title\">DISTRIBUI\u021aI<\/span><\/p>\n<div class=\"td-default-sharing\"><a class=\"td-social-sharing-buttons td-social-facebook\" href=\"http:\/\/www.facebook.com\/sharer.php?u=https%3A%2F%2Fwww.tvbuzau.ro%2Fva-mai-avea-buzaul-un-poligon-auto%2F\"><\/p>\n<div class=\"td-social-but-text\">Facebook<\/div>\n<p><\/a><a class=\"td-social-sharing-buttons td-social-twitter\" href=\"https:\/\/twitter.com\/intent\/tweet?text=Va+mai+avea+Buz%C4%83ul+un+poligon+auto%3F&amp;url=https%3A%2F%2Fwww.tvbuzau.ro%2Fva-mai-avea-buzaul-un-poligon-auto%2F&amp;via=TV+Buz%C4%83u\"><\/p>\n<div class=\"td-social-but-text\">Twitter<\/div>\n<p><\/a><\/div>\n<div class=\"td-classic-sharing\">\n<ul>\n<li class=\"td-classic-facebook\"><iframe frameborder src=\"https:\/\/www.facebook.com\/plugins\/like.php?href=https:\/\/www.tvbuzau.ro\/va-mai-avea-buzaul-un-poligon-auto\/&amp;layout=button_count&amp;show_faces=false&amp;width=105&amp;action=like&amp;colorscheme=light&amp;height=21\"><\/iframe><\/li>\n<li class=\"td-classic-twitter\"><a href=\"https:\/\/twitter.com\/share\" class=\"twitter-share-button\" data-url=\"https:\/\/www.tvbuzau.ro\/va-mai-avea-buzaul-un-poligon-auto\/\" data-text=\"Va mai avea Buz\u0103ul un poligon auto?\" data-via data-lang=\"en\">tweet<\/a><\/li>\n<\/ul>\n<\/div>\n<\/div>\n<div class=\"td-author-name vcard author\"><span class=\"fn\"><a href=\"https:\/\/www.tvbuzau.ro\/author\/mihai-vasilescu\/\">TV Buz\u0103u<\/a><\/span><\/div>\n<p><span><\/span><span><span><\/span><\/span><span><\/span><\/footer>\n<\/article>\n<div class=\"td_block_wrap td_block_related_posts td_uid_1_6a7be7f980dab_rand td_with_ajax_pagination td-pb-border-top\" data-td-block-uid=\"td_uid_1_6a7be7f980dab\">\n<h4 class=\"td-related-title\"><a id=\"td_uid_2_6a7be7f98625f\" class=\"td-related-left td-cur-simple-item\" data-td_filter_value data-td_block_id=\"td_uid_1_6a7be7f980dab\" href=\"https:\/\/www.tvbuzau.ro\/va-mai-avea-buzaul-un-poligon-auto\/\">ARTICOLE SIMILARE<\/a><a id=\"td_uid_3_6a7be7f9862a5\" class=\"td-related-right\" data-td_filter_value=\"td_related_more_from_author\" data-td_block_id=\"td_uid_1_6a7be7f980dab\" href=\"https:\/\/www.tvbuzau.ro\/va-mai-avea-buzaul-un-poligon-auto\/\">DE LA ACELA\u0218I AUTOR<\/a><\/h4>\n<div id=\"td_uid_1_6a7be7f980dab\" class=\"td_block_inner\">\n<div class=\"td-related-row\">\n<div class=\"td-related-span4\">\n<div class=\"td_module_related_posts td-animation-stack td_mod_related_posts\">\n<div class=\"td-module-image\">\n<div class=\"td-module-thumb\"><a href=\"https:\/\/www.tvbuzau.ro\/centru-de-aport-voluntar-cu-bazin-de-retentie-a-apei\/\" rel=\"bookmark\" title=\"Centru de aport voluntar cu bazin de reten\u0163ie a apei\"><img loading=\"lazy\" decoding=\"async\" width=\"218\" height=\"150\" class=\"entry-thumb\" src=\"https:\/\/www.tvbuzau.ro\/wp-content\/uploads\/2026\/08\/sddefault-27-218x150.jpg\" alt title=\"Centru de aport voluntar cu bazin de reten\u0163ie a apei\"><span class=\"td-video-play-ico\"><img loading=\"lazy\" decoding=\"async\" width=\"40\" height=\"40\" class=\"td-retina\" src=\"https:\/\/www.tvbuzau.ro\/wp-content\/themes\/Newspaper\/images\/icons\/ico-video-large.png\" alt=\"video\"><\/span><\/a><\/div>\n<p><a href=\"https:\/\/www.tvbuzau.ro\/category\/actualitate\/\" class=\"td-post-category\">Actualitate<\/a><\/div>\n<div class=\"item-details\">\n<h3 class=\"entry-title td-module-title\"><a href=\"https:\/\/www.tvbuzau.ro\/centru-de-aport-voluntar-cu-bazin-de-retentie-a-apei\/\" rel=\"bookmark\" title=\"Centru de aport voluntar cu bazin de reten\u0163ie a apei\">Centru de aport voluntar cu bazin de reten\u0163ie a apei<\/a><\/h3>\n<\/div>\n<\/div>\n<\/div>\n<div class=\"td-related-span4\">\n<div class=\"td_module_related_posts td-animation-stack td_mod_related_posts\">\n<div class=\"td-module-image\">\n<div class=\"td-module-thumb\"><a href=\"https:\/\/www.tvbuzau.ro\/buzoienii-invitati-sa-priveasca-perseidele-la-naeni\/\" rel=\"bookmark\" title=\"Buzoienii invita\u0163i s\u0103 priveasc\u0103 perseidele la N\u0103eni\"><img loading=\"lazy\" decoding=\"async\" width=\"218\" height=\"150\" class=\"entry-thumb\" src=\"https:\/\/www.tvbuzau.ro\/wp-content\/uploads\/2026\/08\/hqdefault-12-218x150.jpg\" alt title=\"Buzoienii invita\u0163i s\u0103 priveasc\u0103 perseidele la N\u0103eni\"><span class=\"td-video-play-ico\"><img loading=\"lazy\" decoding=\"async\" width=\"40\" height=\"40\" class=\"td-retina\" src=\"https:\/\/www.tvbuzau.ro\/wp-content\/themes\/Newspaper\/images\/icons\/ico-video-large.png\" alt=\"video\"><\/span><\/a><\/div>\n<p><a href=\"https:\/\/www.tvbuzau.ro\/category\/actualitate\/\" class=\"td-post-category\">Actualitate<\/a><\/div>\n<div class=\"item-details\">\n<h3 class=\"entry-title td-module-title\"><a href=\"https:\/\/www.tvbuzau.ro\/buzoienii-invitati-sa-priveasca-perseidele-la-naeni\/\" rel=\"bookmark\" title=\"Buzoienii invita\u0163i s\u0103 priveasc\u0103 perseidele la N\u0103eni\">Buzoienii invita\u0163i s\u0103 priveasc\u0103 perseidele la N\u0103eni<\/a><\/h3>\n<\/div>\n<\/div>\n<\/div>\n<div class=\"td-related-span4\">\n<div class=\"td_module_related_posts td-animation-stack td_mod_related_posts\">\n<div class=\"td-module-image\">\n<div class=\"td-module-thumb\"><a href=\"https:\/\/www.tvbuzau.ro\/4-ani-de-la-startul-constructie-autostrazii-a7\/\" rel=\"bookmark\" title=\"4 ani de la startul construc\u0163ie Autostr\u0103zii A7\"><img loading=\"lazy\" decoding=\"async\" width=\"218\" height=\"150\" class=\"entry-thumb\" src=\"https:\/\/www.tvbuzau.ro\/wp-content\/uploads\/2026\/08\/sddefault-25-218x150.jpg\" alt title=\"4 ani de la startul construc\u0163ie Autostr\u0103zii A7\"><span class=\"td-video-play-ico\"><img loading=\"lazy\" decoding=\"async\" width=\"40\" height=\"40\" class=\"td-retina\" src=\"https:\/\/www.tvbuzau.ro\/wp-content\/themes\/Newspaper\/images\/icons\/ico-video-large.png\" alt=\"video\"><\/span><\/a><\/div>\n<p><a href=\"https:\/\/www.tvbuzau.ro\/category\/actualitate\/\" class=\"td-post-category\">Actualitate<\/a><\/div>\n<div class=\"item-details\">\n<h3 class=\"entry-title td-module-title\"><a href=\"https:\/\/www.tvbuzau.ro\/4-ani-de-la-startul-constructie-autostrazii-a7\/\" rel=\"bookmark\" title=\"4 ani de la startul construc\u0163ie Autostr\u0103zii A7\">4 ani de la startul construc\u0163ie Autostr\u0103zii A7<\/a><\/h3>\n<\/div>\n<\/div>\n<\/div>\n<\/div>\n<div class=\"td-related-row\">\n<div class=\"td-related-span4\">\n<div class=\"td_module_related_posts td-animation-stack td_mod_related_posts\">\n<div class=\"td-module-image\">\n<div class=\"td-module-thumb\"><a href=\"https:\/\/www.tvbuzau.ro\/buzaul-ar-putea-avea-o-academie-de-fotbal\/\" rel=\"bookmark\" title=\"Buz\u0103ul ar putea avea o academie de fotbal\"><img loading=\"lazy\" decoding=\"async\" width=\"218\" height=\"150\" class=\"entry-thumb\" src=\"https:\/\/www.tvbuzau.ro\/wp-content\/uploads\/2026\/08\/hqdefault-11-218x150.jpg\" alt title=\"Buz\u0103ul ar putea avea o academie de fotbal\"><span class=\"td-video-play-ico\"><img loading=\"lazy\" decoding=\"async\" width=\"40\" height=\"40\" class=\"td-retina\" src=\"https:\/\/www.tvbuzau.ro\/wp-content\/themes\/Newspaper\/images\/icons\/ico-video-large.png\" alt=\"video\"><\/span><\/a><\/div>\n<p><a href=\"https:\/\/www.tvbuzau.ro\/category\/actualitate\/\" class=\"td-post-category\">Actualitate<\/a><\/div>\n<div class=\"item-details\">\n<h3 class=\"entry-title td-module-title\"><a href=\"https:\/\/www.tvbuzau.ro\/buzaul-ar-putea-avea-o-academie-de-fotbal\/\" rel=\"bookmark\" title=\"Buz\u0103ul ar putea avea o academie de fotbal\">Buz\u0103ul ar putea avea o academie de fotbal<\/a><\/h3>\n<\/div>\n<\/div>\n<\/div>\n<div class=\"td-related-span4\">\n<div class=\"td_module_related_posts td-animation-stack td_mod_related_posts\">\n<div class=\"td-module-image\">\n<div class=\"td-module-thumb\"><a href=\"https:\/\/www.tvbuzau.ro\/orbitalul-si-spitalul-municipal-proiecte-puse-pe-asteptare\/\" rel=\"bookmark\" title=\"Orbitalul \u015fi spitalul municipal, proiecte puse pe a\u015fteptare\"><img loading=\"lazy\" decoding=\"async\" width=\"218\" height=\"150\" class=\"entry-thumb\" src=\"https:\/\/www.tvbuzau.ro\/wp-content\/uploads\/2026\/08\/sddefault-23-218x150.jpg\" alt title=\"Orbitalul \u015fi spitalul municipal, proiecte puse pe a\u015fteptare\"><span class=\"td-video-play-ico\"><img loading=\"lazy\" decoding=\"async\" width=\"40\" height=\"40\" class=\"td-retina\" src=\"https:\/\/www.tvbuzau.ro\/wp-content\/themes\/Newspaper\/images\/icons\/ico-video-large.png\" alt=\"video\"><\/span><\/a><\/div>\n<p><a href=\"https:\/\/www.tvbuzau.ro\/category\/actualitate\/\" class=\"td-post-category\">Actualitate<\/a><\/div>\n<div class=\"item-details\">\n<h3 class=\"entry-title td-module-title\"><a href=\"https:\/\/www.tvbuzau.ro\/orbitalul-si-spitalul-municipal-proiecte-puse-pe-asteptare\/\" rel=\"bookmark\" title=\"Orbitalul \u015fi spitalul municipal, proiecte puse pe a\u015fteptare\">Orbitalul \u015fi spitalul municipal, proiecte puse pe a\u015fteptare<\/a><\/h3>\n<\/div>\n<\/div>\n<\/div>\n<div class=\"td-related-span4\">\n<div class=\"td_module_related_posts td-animation-stack td_mod_related_posts\">\n<div class=\"td-module-image\">\n<div class=\"td-module-thumb\"><a href=\"https:\/\/www.tvbuzau.ro\/primaria-buzau-ar-putea-beneficia-de-50-000-de-dolari-pentru-tineri\/\" rel=\"bookmark\" title=\"Prim\u0103ria Buz\u0103u ar putea beneficia de 50.000 de dolari, pentru tineri\"><img loading=\"lazy\" decoding=\"async\" width=\"218\" height=\"150\" class=\"entry-thumb\" src=\"https:\/\/www.tvbuzau.ro\/wp-content\/uploads\/2026\/08\/sddefault-22-218x150.jpg\" alt title=\"Prim\u0103ria Buz\u0103u ar putea beneficia de 50.000 de dolari, pentru tineri\"><span class=\"td-video-play-ico\"><img loading=\"lazy\" decoding=\"async\" width=\"40\" height=\"40\" class=\"td-retina\" src=\"https:\/\/www.tvbuzau.ro\/wp-content\/themes\/Newspaper\/images\/icons\/ico-video-large.png\" alt=\"video\"><\/span><\/a><\/div>\n<p><a href=\"https:\/\/www.tvbuzau.ro\/category\/actualitate\/\" class=\"td-post-category\">Actualitate<\/a><\/div>\n<div class=\"item-details\">\n<h3 class=\"entry-title td-module-title\"><a href=\"https:\/\/www.tvbuzau.ro\/primaria-buzau-ar-putea-beneficia-de-50-000-de-dolari-pentru-tineri\/\" rel=\"bookmark\" title=\"Prim\u0103ria Buz\u0103u ar putea beneficia de 50.000 de dolari, pentru tineri\">Prim\u0103ria Buz\u0103u ar putea beneficia de 50.000 de dolari, pentru tineri<\/a><\/h3>\n<\/div>\n<\/div>\n<\/div>\n<\/div>\n<\/div>\n<\/div>\n<div class=\"comments\" id=\"comments\">\n<div id=\"respond\" class=\"comment-respond\">\n<h3 id=\"reply-title\" class=\"comment-reply-title\">L\u0102SA\u021aI UN MESAJ <small><a rel=\"nofollow\" id=\"cancel-comment-reply-link\" href=\"https:\/\/www.tvbuzau.ro\/va-mai-avea-buzaul-un-poligon-auto\/#respond\">Renun\u021ba\u021bi la r\u0103spuns<\/a><\/small><\/h3>\n<\/div>\n<\/div>\n<\/div>\n<div class=\"td-post-content\">\n<div class=\"td-featured-image-rec\">\n<div class=\"wpb_video_wrapper\">\n                    <iframe loading=\"lazy\" id=\"td_youtube_player\" width=\"600\" height=\"560\" src=\"https:\/\/www.youtube.com\/embed\/Ql7M3cnmHZA?enablejsapi=1&amp;feature=oembed&amp;wmode=opaque&amp;vq=hd720\" frameborder allowfullscreen><\/iframe><\/p><\/div>\n<\/div>\n<p>Se caut\u0103 solu\u0163ii financiare pentru amenjarea unui noi poligon<br \/>\n\u00cen municipul Buz\u0103u nu mai exist\u0103 un poligon auto administrat de Prim\u0103ria Buz\u0103u, aspiran\u0163ii la calitatea de \u015fofer fiind nevoi\u0163i s\u0103 se preg\u0103teasc\u0103 \u00een locurile special amenajate de \u015fcolile de \u015foferi. Reprezentan\u0163ii Prim\u0103riei Buz\u0103u au fost interpela\u0163i de c\u0103tre unul din consilierii locali cu privire la eventuale investi\u0163ii care ar pute fi realizate \u00een sensul amenaj\u0103rii unui poligon auto.<br \/>\nViceprimarul municipiului Buz\u0103u, Sorin Ionu\u0163 Apostu a precizat c\u0103 exist\u0103 o ofert\u0103 pentru realizarea unui proiect tehnic, urm\u00e2nd s\u0103 fie identificate \u015fi sumele necesare realiz\u0103rii poligonului.<br \/>\nVechiul poligon auto a fost desfiin\u0163at \u00een anul 2023, pe locul respectiv fiind construit centrul intermodal de transport de pe Calea Eroilor.<\/p>\n<div class=\"post-views post-120002 entry-meta\"><span class=\"post-views-label\">Post Views: <\/span><span class=\"post-views-count\">59<\/span><\/div>\n<\/div>\n<p>[analyse_source url=&#8221;https:\/\/www.tvbuzau.ro\/va-mai-avea-buzaul-un-poligon-auto\/&#8221;]<\/p>\n","protected":false},"excerpt":{"rendered":"<p>[analyse_image type=&#8221;featured&#8221; src=&#8221;https:\/\/www.tvbuzau.ro\/wp-content\/uploads\/2026\/08\/sddefault-26.jpghttps:\/\/www.tvbuzau.ro\/wp-content\/uploads\/2026\/08\/sddefault-26.jpg&#8221;] Actualitate Va mai avea Buz\u0103ul un poligon auto? De c\u0103tre TV Buz\u0103u &#8211; august 11, 2026 0 1 Distribui\u021bi pe Facebook Distribui\u021bi pe Twitter tweet Se caut\u0103 solu\u0163ii financiare pentru amenjarea unui noi poligon \u00cen municipul Buz\u0103u nu mai exist\u0103 un poligon auto administrat de Prim\u0103ria Buz\u0103u, aspiran\u0163ii la calitatea de \u015fofer [&hellip;]<\/p>\n","protected":false},"author":1,"featured_media":0,"comment_status":"open","ping_status":"","sticky":false,"template":"","format":"standard","meta":{"footnotes":""},"categories":[2],"tags":[226,116],"class_list":["post-2088883","post","type-post","status-publish","format-standard","hentry","category-politics","tag-crawlmanager","tag-tvbuzau-ro"],"_links":{"self":[{"href":"https:\/\/analyse.optim.biz\/index.php?rest_route=\/wp\/v2\/posts\/2088883","targetHints":{"allow":["GET"]}}],"collection":[{"href":"https:\/\/analyse.optim.biz\/index.php?rest_route=\/wp\/v2\/posts"}],"about":[{"href":"https:\/\/analyse.optim.biz\/index.php?rest_route=\/wp\/v2\/types\/post"}],"author":[{"embeddable":true,"href":"https:\/\/analyse.optim.biz\/index.php?rest_route=\/wp\/v2\/users\/1"}],"replies":[{"embeddable":true,"href":"https:\/\/analyse.optim.biz\/index.php?rest_route=%2Fwp%2Fv2%2Fcomments&post=2088883"}],"version-history":[{"count":0,"href":"https:\/\/analyse.optim.biz\/index.php?rest_route=\/wp\/v2\/posts\/2088883\/revisions"}],"wp:attachment":[{"href":"https:\/\/analyse.optim.biz\/index.php?rest_route=%2Fwp%2Fv2%2Fmedia&parent=2088883"}],"wp:term":[{"taxonomy":"category","embeddable":true,"href":"https:\/\/analyse.optim.biz\/index.php?rest_route=%2Fwp%2Fv2%2Fcategories&post=2088883"},{"taxonomy":"post_tag","embeddable":true,"href":"https:\/\/analyse.optim.biz\/index.php?rest_route=%2Fwp%2Fv2%2Ftags&post=2088883"}],"curies":[{"name":"wp","href":"https:\/\/api.w.org\/{rel}","templated":true}]}}