{"id":2088668,"date":"2026-08-11T01:14:26","date_gmt":"2026-08-10T22:14:26","guid":{"rendered":"https:\/\/analyse.optim.biz\/?p=2088668"},"modified":"2026-08-11T01:14:26","modified_gmt":"2026-08-10T22:14:26","slug":"valeriu-munteanu-aur-diana-buzoianu-spune-ca-apa-dunarii-pleaca-mai-repede-din-tara-a-verificat-ministerul-daca-dragarile-ucrainene-de-pe-chilia-bastroe-au-contribuit-la-acest-fenomen","status":"publish","type":"post","link":"https:\/\/analyse.optim.biz\/?p=2088668","title":{"rendered":"Valeriu Munteanu (AUR): Diana Buzoianu spune c\u0103 apa Dun\u0103rii pleac\u0103 mai repede din \u021bar\u0103. A verificat Ministerul dac\u0103 drag\u0103rile ucrainene de pe Chilia\u2013B\u00e2stroe au contribuit la acest fenomen?"},"content":{"rendered":"<p>[analyse_image type=&#8221;featured&#8221; src=&#8221;https:\/\/r3media.ro\/wp-content\/uploads\/2026\/08\/Valeriu-Munteanu-e1786475912172.jpeghttps:\/\/r3media.ro\/wp-content\/uploads\/2026\/08\/Valeriu-Munteanu-e1786475912172.jpeg&#8221;]<\/p>\n<article id=\"template-id-109\" class=\"post-109 tdb_templates type-tdb_templates status-publish post\">\n<div id=\"tdi_2\" class=\"tdc-zone\">\n<div class=\"tdc_zone tdi_3  wpb_row td-pb-row\">\n<div id=\"tdi_4\" class=\"tdc-row\">\n<div class=\"vc_row tdi_5  wpb_row td-pb-row\">\n<div class=\"vc_column tdi_7  wpb_column vc_column_container tdc-column td-pb-span8\">\n<div class=\"wpb_wrapper\">\n<div class=\"td_block_wrap tdb_breadcrumbs tdi_8 td-pb-border-top td_block_template_1 tdb-breadcrumbs \" data-td-block-uid=\"tdi_8\">\n<div class=\"tdb-block-inner td-fix-index\"><span><a title=\"Vede\u021bi toate articolele \u00een \u0218TIRI\" class=\"tdb-entry-crumb\" href=\"https:\/\/r3media.ro\/category\/stiri\/\">\u0218TIRI<\/a><\/span><span class=\"tdb-bred-no-url-last\">Valeriu Munteanu (AUR): Diana Buzoianu spune c\u0103 apa Dun\u0103rii pleac\u0103 mai repede&#8230;<\/span><\/div>\n<\/div>\n<div class=\"td_block_wrap tdb_single_categories tdi_9 td-pb-border-top td_block_template_1 \" data-td-block-uid=\"tdi_9\">\n<div class=\"tdb-category td-fix-index\"><a class=\"tdb-entry-category\" href=\"https:\/\/r3media.ro\/category\/stiri\/\">\u0218TIRI<\/a><\/div>\n<\/div>\n<div class=\"td_block_wrap tdb_title tdi_10 tdb-single-title td-pb-border-top td_block_template_1\" data-td-block-uid=\"tdi_10\">\n<div class=\"tdb-block-inner td-fix-index\">\n<h1 class=\"tdb-title-text\">Valeriu Munteanu (AUR): Diana Buzoianu spune c\u0103 apa Dun\u0103rii pleac\u0103 mai repede din \u021bar\u0103. A verificat Ministerul dac\u0103 drag\u0103rile ucrainene de pe Chilia\u2013B\u00e2stroe au contribuit la acest fenomen?<\/h1>\n<\/div>\n<\/div>\n<div class=\"vc_row_inner tdi_12  vc_row vc_inner wpb_row td-pb-row\">\n<div class=\"vc_column_inner tdi_14  wpb_column vc_column_container tdc-inner-column td-pb-span12\">\n<div class=\"vc_column-inner\">\n<div class=\"wpb_wrapper\">\n<div class=\"td_block_wrap tdb_single_author tdi_15 td-pb-border-top td_block_template_1 tdb-post-meta\" data-td-block-uid=\"tdi_15\">\n<div class=\"tdb-block-inner td-fix-index\">\n<div class=\"tdb-author-name-wrap\"><a class=\"tdb-author-name\" href=\"https:\/\/r3media.ro\/author\/redactia\/\">Redac\u021bia<\/a><\/div>\n<\/div>\n<\/div>\n<div class=\"td_block_wrap tdb_single_date tdi_16 td-pb-border-top td_block_template_1 tdb-post-meta\" data-td-block-uid=\"tdi_16\">\n<div class=\"tdb-block-inner td-fix-index\"><time class=\"entry-date updated td-module-date\" datetime=\"2026-08-11T04:14:26+03:00\">11\/08\/2026<\/time><\/div>\n<\/div>\n<\/div>\n<\/div>\n<\/div>\n<\/div>\n<div class=\"td_block_wrap tdb_single_content tdi_18 td-pb-border-top td_block_template_1 td-post-content tagdiv-type\" data-td-block-uid=\"tdi_18\">\n<div class=\"tdb-block-inner td-fix-index\">\n<p><strong>Deputatul AUR Valeriu Munteanu, vicepre\u0219edinte al Alian\u021bei pentru Unirea Rom\u00e2nilor, \u00eei solicit\u0103 ministrului Mediului, Apelor \u0219i P\u0103durilor, Diana Buzoianu, s\u0103 explice public \u0219i pe baza datelor hidrologice afirma\u021bia potrivit c\u0103reia apa Dun\u0103rii \u201epleac\u0103 mult mai rapid din \u021bar\u0103\u201d \u0219i s\u0103 precizeze dac\u0103 Ministerul a verificat o posibil\u0103 leg\u0103tur\u0103 \u00eentre acest fenomen \u0219i lucr\u0103rile de dragare realizate de Ucraina pe bra\u021bul Chilia \u0219i canalul B\u00e2stroe.<\/strong><\/p>\n<p>\u201eDoamna ministru Diana Buzoianu ne spune, \u00eentr-un interviu pentru Libertatea, c\u0103 apa Dun\u0103rii \u201epleac\u0103 mai repede din \u021bar\u0103\u201d. Este o afirma\u021bie extrem de serioas\u0103, mai ales \u00een actualele condi\u021bii, c\u00e2nd nivelul Dun\u0103rii a sc\u0103zut alarmant, iar \u00een zona Cernavod\u0103 au ap\u0103rut probleme care pot afecta inclusiv alimentarea cu ap\u0103 necesar\u0103 func\u021bion\u0103rii Centralei Nuclearoelectrice.<\/p>\n<p>Dac\u0103 apa pleac\u0103 mai repede, \u00eentrebarea elementar\u0103 este: de ce, pe unde \u0219i din ce cauz\u0103?<\/p>\n<p>Ministerul Mediului are obliga\u021bia s\u0103 r\u0103spund\u0103 cu m\u0103sur\u0103tori \u0219i studii, nu cu explica\u021bii generale\u201d, <a href=\"https:\/\/partidulaur.ro\/valeriu-munteanu-deputat-aur-diana-buzoianu-spune-ca-apa-dunarii-pleaca-mai-repede-din-tara-a-verificat-ministerul-daca-dragarile-ucrainene-de-pe-chilia-bastroe-au-contribuit-la-a\/\" target=\"_blank\" rel=\"noopener\">afirm\u0103 d<\/a>eputatul AUR Valeriu Munteanu.<\/p>\n<p>Parlamentarul atrage aten\u021bia c\u0103 problema efectelor lucr\u0103rilor realizate de Ucraina pe bra\u021bul Chilia \u0219i canalul B\u00e2stroe asupra distribu\u021biei debitelor Dun\u0103rii nu este una nou\u0103 \u0219i nici nu poate fi expediat\u0103 drept specula\u021bie politic\u0103.<\/p>\n<p>Academia Rom\u00e2n\u0103 avertiza \u00eenc\u0103 din 6 martie 2023, \u00een punctul s\u0103u de vedere referitor la naviga\u021bia pe bra\u021bul Chilia, c\u0103, \u00een ipoteza realiz\u0103rii lucr\u0103rilor de dragaj p\u00e2n\u0103 la ad\u00e2ncimea de 8,23 metri pe ruta Vylkovo\u2013Ceatal Izmail, destinat\u0103 navelor maritime, pe o lungime de 95,445 km, \u201ereparti\u021bia debitelor pe bra\u021bele Deltei Dun\u0103rii va fi semnificativ modificat\u0103\u201d.<\/p>\n<p>\u201eAcesta este punctul esen\u021bial. Academia Rom\u00e2n\u0103 a avertizat explicit asupra posibilit\u0103\u021bii modific\u0103rii semnificative a reparti\u021biei debitelor. Ast\u0103zi, ministrul Mediului ne spune c\u0103 apa \u201epleac\u0103 mai repede din \u021bar\u0103\u201d. Nu afirm c\u0103 \u00eentre cele dou\u0103 exist\u0103 automat o rela\u021bie de cauzalitate. Tocmai de aceea cer Ministerului s\u0103 ne spun\u0103 dac\u0103 a verificat aceast\u0103 ipotez\u0103 \u0219i, mai ales, dac\u0103 o poate exclude pe baza unor m\u0103sur\u0103tori \u0219i model\u0103ri hidrodinamice actualizate.<\/p>\n<p>Rom\u00e2nii trebuie s\u0103 \u0219tie dac\u0103 drag\u0103rile \u0219i celelalte interven\u021bii asupra sistemului Chilia\u2013B\u00e2stroe au schimbat sau nu cantitatea de ap\u0103 preluat\u0103 de bra\u021bul Chilia \u0219i viteza cu care aceasta ajunge \u00een Marea Neagr\u0103\u201d, subliniaz\u0103 Valeriu Munteanu.<\/p>\n<p>\u00cen \u00eentrebarea parlamentar\u0103 adresat\u0103 ministrului Diana Buzoianu, deputatul AUR solicit\u0103 prezentarea distribu\u021biei actuale a debitului Dun\u0103rii la Ceatal Izmail \u00eentre bra\u021bele Chilia \u0219i Tulcea \u0219i, ulterior, \u00eentre Sulina \u0219i Sf\u00e2ntu Gheorghe, at\u00e2t \u00een metri cubi pe secund\u0103, c\u00e2t \u0219i procentual, precum \u0219i compararea acestor valori cu mediile multianuale \u0219i cu datele din anii 2017, 2023, 2024 \u0219i 2025.<\/p>\n<p>De asemenea, Ministerului Mediului i se solicit\u0103 s\u0103 precizeze dac\u0103 institu\u021biile rom\u00e2ne\u0219ti au constatat, dup\u0103 lucr\u0103rile de dragare efectuate de partea ucrainean\u0103, o modificare a ponderii debitului preluat de bra\u021bul Chilia \u0219i ce date de\u021bine Rom\u00e2nia privind ad\u00e2ncimea actual\u0103 a \u0219enalului navigabil B\u00e2stroe\u2013Chilia\/Vylkovo\u2013Ceatal Izmail.<\/p>\n<p>\u201eMai este o \u00eentrebare la care doamna Buzoianu trebuie s\u0103 r\u0103spund\u0103 f\u0103r\u0103 echivoc: c\u00e2nd spune c\u0103 apa \u201epleac\u0103 mult mai rapid din \u021bar\u0103\u201d, pe ce studii, m\u0103sur\u0103tori \u0219i model\u0103ri se bazeaz\u0103? Pe unde pleac\u0103 mai repede? \u0218i poate Ministerul Mediului s\u0103 exclud\u0103 \u0219tiin\u021bific faptul c\u0103 lucr\u0103rile de dragare de pe Chilia \u0219i B\u00e2stroe contribuie la aceast\u0103 situa\u021bie?<\/p>\n<p>Dac\u0103 Ministerul are studii care exclud aceast\u0103 ipotez\u0103, s\u0103 le fac\u0103 publice. Dac\u0103 nu le are, atunci avem o problem\u0103 \u0219i mai grav\u0103: \u00eenseamn\u0103 c\u0103 Rom\u00e2nia se confrunt\u0103 cu o situa\u021bie care poate avea implica\u021bii inclusiv asupra securit\u0103\u021bii energetice, f\u0103r\u0103 ca Ministerul Mediului s\u0103 poat\u0103 spune cu certitudine \u00een ce m\u0103sur\u0103 modific\u0103rile hidrotehnice produse \u00een aval influen\u021beaz\u0103 actuala distribu\u021bie a apelor Dun\u0103rii\u201d, declar\u0103 deputatul AUR.<\/p>\n<p>Valeriu Munteanu solicit\u0103 ca r\u0103spunsul Ministerului s\u0103 fie \u00eenso\u021bit de datele hidrologice, m\u0103sur\u0103torile independente, studiile \u0219i model\u0103rile tehnice pe baza c\u0103rora autorit\u0103\u021bile rom\u00e2ne evalueaz\u0103 situa\u021bia actual\u0103.<\/p>\n<p>\u201eNu putem administra Dun\u0103rea dup\u0103 impresii \u0219i declara\u021bii televizate. Dac\u0103 apa Rom\u00e2niei pleac\u0103 mai repede\u201d, ministrul Mediului trebuie s\u0103 ne spun\u0103 de ce. Iar dac\u0103 exist\u0103 m\u0103car posibilitatea ca interven\u021biile de pe Chilia\u2013B\u00e2stroe s\u0103 fi modificat distribu\u021bia debitelor, statul rom\u00e2n are obliga\u021bia s\u0103 afle adev\u0103rul \u0219i s\u0103 ac\u021bioneze \u00een consecin\u021b\u0103\u201d, conchide deputatul AUR Valeriu Munteanu.<\/p>\n<p><a href=\"https:\/\/go.fliplink.me\/view\/C266928E-45E2-4B9A-B920-361B001CF18A\" target=\"_blank\" rel=\"noopener\">Notificare privind transparen\u021ba<\/a><\/p>\n<div class=\"crp_related     crp-masonry\">\n<h2>\u00ceN CONTEXT<\/h2>\n<ul>\n<li><a href=\"https:\/\/r3media.ro\/parlament-aurel-munteanu-martir-erou\/\" class=\"crp_link post-119281\"><span class=\"crp_title\">Ini\u021biativa AUR, adoptat\u0103: Parlamentul l-a declarat pe protopopul Aurel Munteanu drept martir\u2026<\/span><\/a><\/li>\n<li><a href=\"https:\/\/r3media.ro\/dan-tanasa-nicusor-dan-reprimare-libertate-exprimare\/\" class=\"crp_link post-117132\"><span class=\"crp_title\">Dan Tanas\u0103 \u00eel acuz\u0103 pe Nicu\u0219or Dan c\u0103 a g\u0103zduit o conferin\u021b\u0103 dedicat\u0103 \u201ereprim\u0103rii liberei exprim\u0103ri\u201d<\/span><\/a><\/li>\n<li><a href=\"https:\/\/r3media.ro\/aur-masuri-imm-uri-prag-impozitare-250000-euro\/\" class=\"crp_link post-116829\"><span class=\"crp_title\">AUR propune trei modific\u0103ri legislative pentru IMM-uri: prag de impozitare la 250.000 de\u2026<\/span><\/a><\/li>\n<li><a href=\"https:\/\/r3media.ro\/mihail-neamtu-neeuropeana-imperiu-birocrati-bruxelles-inarmarea-germaniei\/\" class=\"crp_link post-118770\"><span class=\"crp_title\">EXCLUSIVITATE Mihail Neam\u021bu: Exist\u0103 o tendin\u021b\u0103 neeuropean\u0103 de a se crea un imperiu condus de\u2026<\/span><\/a><\/li>\n<li><a href=\"https:\/\/r3media.ro\/la-petrosani-consilierii-locali-aur-s-au-opus-majorarii-taxelor-locale-pentru-2026-cristian-catan-nu-legea-a-crescut-taxele-ci-votul-politic\/\" class=\"crp_link post-114626\"><span class=\"crp_title\">La Petro\u0219ani, consilierii locali AUR s-au opus major\u0103rii taxelor locale pentru 2026.\u2026<\/span><\/a><\/li>\n<li><a href=\"https:\/\/r3media.ro\/george-simion-reconfirmat-vicepresedinte-al-ecr\/\" class=\"crp_link post-118675\"><span class=\"crp_title\">George Simion, reconfirmat vicepre\u0219edinte al ECR<\/span><\/a><\/li>\n<li><a href=\"https:\/\/r3media.ro\/scutirea-de-impozit-terenuri-gospodarii-aur\/\" class=\"crp_link post-116761\"><span class=\"crp_title\">Scutirea de impozit pentru terenurile agricole lucrate de micii gospodari: propunerea\u2026<\/span><\/a><\/li>\n<li><a href=\"https:\/\/r3media.ro\/aur-propune-majorarea-plafonului-de-numerar-in-casierie-de-la-50-000-la-200-000-de-lei\/\" class=\"crp_link post-119220\"><span class=\"crp_title\">AUR propune majorarea plafonului de numerar \u00een casierie de la 50.000 la 200.000 de lei<\/span><\/a><\/li>\n<\/ul>\n<\/div>\n<\/div>\n<\/div>\n<div class=\"td_block_wrap tdb_single_tags tdi_19 td-pb-border-top td_block_template_1\" data-td-block-uid=\"tdi_19\">\n<div class=\"tdb-block-inner td-fix-index\">\n<ul class=\"tdb-tags\">\n<li><span>SUBIECTE FIERBIN\u021aI<\/span><\/li>\n<li><a href=\"https:\/\/r3media.ro\/tag\/partidul-aur\/\">partidul aur<\/a><\/li>\n<li><a href=\"https:\/\/r3media.ro\/tag\/valeriu-munteanu\/\">valeriu munteanu<\/a><\/li>\n<\/ul>\n<\/div>\n<\/div>\n<div class=\"td_block_wrap td_block_9 tdi_20 td_with_ajax_pagination td-pb-border-top td_block_template_1 td-column-2 td_block_padding td_block_bot_line\" data-td-block-uid=\"tdi_20\">\n<div class=\"td-block-title-wrap\">\n<h4 class=\"block-title td-block-title\"><span class=\"td-pulldown-size\">CITE\u0218TE MAI MULT<\/span><\/h4>\n<\/div>\n<div id=\"tdi_20\" class=\"td_block_inner\">\n<div class=\"td-block-row\">\n<div class=\"td-block-span6\">\n<div class=\"td_module_8 td_module_wrap\">\n<div class=\"item-details\">\n<h3 class=\"entry-title td-module-title\"><a href=\"https:\/\/r3media.ro\/presedintele-serbiei-razboiul-din-ucraina\/\" rel=\"bookmark\" title=\"Pre\u0219edintele Serbiei nu crede c\u0103 r\u0103zboiul din Ucraina se termin\u0103 cur\u00e2nd: Cred c\u0103 ne afl\u0103m la \u00eenceputul unui r\u0103zboi mult, mult mai mare\">Pre\u0219edintele Serbiei nu crede c\u0103 r\u0103zboiul din Ucraina se termin\u0103 cur\u00e2nd: Cred c\u0103 ne&#8230;<\/a><\/h3>\n<div class=\"td-module-meta-info\"><a href=\"https:\/\/r3media.ro\/category\/stiri-prim-plan\/\" class=\"td-post-category\">PRIM PLAN<\/a><span class=\"td-post-author-name\"><a href=\"https:\/\/r3media.ro\/author\/teodor_stan\/\">Teodor Stan<\/a><span>&#8211;<\/span><\/span><span class=\"td-post-date\"><time class=\"entry-date updated td-module-date\" datetime=\"2026-08-10T12:22:44+03:00\">10\/08\/2026<\/time><\/span><\/div>\n<\/div>\n<\/div>\n<\/div>\n<div class=\"td-block-span6\">\n<div class=\"td_module_8 td_module_wrap\">\n<div class=\"item-details\">\n<h3 class=\"entry-title td-module-title\"><a href=\"https:\/\/r3media.ro\/fara-apa-fara-curent-fara-viitor-cum-au-sacrificat-pro-europenii-romania-pe-altarul-ecologiei-ieftine\/\" rel=\"bookmark\" title=\"F\u0103r\u0103 ap\u0103, f\u0103r\u0103 curent, f\u0103r\u0103 viitor: cum au sacrificat pro-europenii Rom\u00e2nia pe altarul ecologiei ieftine\">F\u0103r\u0103 ap\u0103, f\u0103r\u0103 curent, f\u0103r\u0103 viitor: cum au sacrificat pro-europenii Rom\u00e2nia pe altarul ecologiei&#8230;<\/a><\/h3>\n<div class=\"td-module-meta-info\"><a href=\"https:\/\/r3media.ro\/category\/actualitate\/\" class=\"td-post-category\">ACTUALITATE<\/a><span class=\"td-post-author-name\"><a href=\"https:\/\/r3media.ro\/author\/paul_lazar\/\">Paul-Daniel Laz\u0103r<\/a><span>&#8211;<\/span><\/span><span class=\"td-post-date\"><time class=\"entry-date updated td-module-date\" datetime=\"2026-08-08T22:30:54+03:00\">08\/08\/2026<\/time><\/span><\/div>\n<\/div>\n<\/div>\n<\/div>\n<\/div>\n<div class=\"td-block-row\">\n<div class=\"td-block-span6\">\n<div class=\"td_module_8 td_module_wrap\">\n<div class=\"item-details\">\n<h3 class=\"entry-title td-module-title\"><a href=\"https:\/\/r3media.ro\/show-iluzie-si-realitate-de-la-the-truman-show-la-son-of-a-rich\/\" rel=\"bookmark\" title=\"Show, iluzie \u0219i realitate: de la The Truman Show la Son of a Rich\">Show, iluzie \u0219i realitate: de la The Truman Show la Son of a Rich<\/a><\/h3>\n<div class=\"td-module-meta-info\"><a href=\"https:\/\/r3media.ro\/category\/actualitate\/\" class=\"td-post-category\">ACTUALITATE<\/a><span class=\"td-post-author-name\"><a href=\"https:\/\/r3media.ro\/author\/costi_balasoiu\/\">Constantin B\u0103l\u0103\u0219oiu<\/a><span>&#8211;<\/span><\/span><span class=\"td-post-date\"><time class=\"entry-date updated td-module-date\" datetime=\"2026-08-08T15:30:25+03:00\">08\/08\/2026<\/time><\/span><\/div>\n<\/div>\n<\/div>\n<\/div>\n<div class=\"td-block-span6\">\n<div class=\"td_module_8 td_module_wrap\">\n<div class=\"item-details\">\n<h3 class=\"entry-title td-module-title\"><a href=\"https:\/\/r3media.ro\/fani-stapanul-inelelor-surpriza-sezonul-3-sauron\/\" rel=\"bookmark\" title=\"Fanii \u201eSt\u0103p\u00e2nul Inelelor\u201c ar putea avea o surpriz\u0103 \u00een sezonul 3 din serialul \u201eInelele Puterii\u201c. Sauron se va confrunta cu o creatur\u0103 de temut\">Fanii \u201eSt\u0103p\u00e2nul Inelelor\u201c ar putea avea o surpriz\u0103 \u00een sezonul 3 din serialul \u201eInelele&#8230;<\/a><\/h3>\n<div class=\"td-module-meta-info\"><a href=\"https:\/\/r3media.ro\/category\/actualitate\/\" class=\"td-post-category\">ACTUALITATE<\/a><span class=\"td-post-author-name\"><a href=\"https:\/\/r3media.ro\/author\/oana\/\">Oana Ivan<\/a><span>&#8211;<\/span><\/span><span class=\"td-post-date\"><time class=\"entry-date updated td-module-date\" datetime=\"2026-08-08T00:19:31+03:00\">08\/08\/2026<\/time><\/span><\/div>\n<\/div>\n<\/div>\n<\/div>\n<\/div>\n<div class=\"td-block-row\">\n<div class=\"td-block-span6\">\n<div class=\"td_module_8 td_module_wrap\">\n<div class=\"item-details\">\n<h3 class=\"entry-title td-module-title\"><a href=\"https:\/\/r3media.ro\/david-popovici-fair-play-sportivi-rusi-competitii\/\" rel=\"bookmark\" title=\"David Popovici, fair-play la revenirea sportivilor ru\u0219i \u00een competi\u021bii: Le urez succes, sper s\u0103 fiu mai bun dec\u00e2t ei\">David Popovici, fair-play la revenirea sportivilor ru\u0219i \u00een competi\u021bii: Le urez succes, sper s\u0103&#8230;<\/a><\/h3>\n<div class=\"td-module-meta-info\"><a href=\"https:\/\/r3media.ro\/category\/actualitate\/\" class=\"td-post-category\">ACTUALITATE<\/a><span class=\"td-post-author-name\"><a href=\"https:\/\/r3media.ro\/author\/redactia\/\">Redac\u021bia<\/a><span>&#8211;<\/span><\/span><span class=\"td-post-date\"><time class=\"entry-date updated td-module-date\" datetime=\"2026-08-07T15:07:51+03:00\">07\/08\/2026<\/time><\/span><\/div>\n<\/div>\n<\/div>\n<\/div>\n<div class=\"td-block-span6\">\n<div class=\"td_module_8 td_module_wrap\">\n<div class=\"item-details\">\n<h3 class=\"entry-title td-module-title\"><a href=\"https:\/\/r3media.ro\/kia-recheama-service-prima-generatie-masini-electrice-e-niro-risc-incendiu\/\" rel=\"bookmark\" title=\"Kia recheam\u0103 \u00een service prima genera\u021bie de ma\u0219ini electrice e-Niro din cauza riscului de incendiu\">Kia recheam\u0103 \u00een service prima genera\u021bie de ma\u0219ini electrice e-Niro din cauza riscului de&#8230;<\/a><\/h3>\n<div class=\"td-module-meta-info\"><a href=\"https:\/\/r3media.ro\/category\/actualitate\/\" class=\"td-post-category\">ACTUALITATE<\/a><span class=\"td-post-author-name\"><a href=\"https:\/\/r3media.ro\/author\/oana\/\">Oana Ivan<\/a><span>&#8211;<\/span><\/span><span class=\"td-post-date\"><time class=\"entry-date updated td-module-date\" datetime=\"2026-08-06T17:07:42+03:00\">06\/08\/2026<\/time><\/span><\/div>\n<\/div>\n<\/div>\n<\/div>\n<\/div>\n<div class=\"td-block-row\">\n<div class=\"td-block-span6\">\n<div class=\"td_module_8 td_module_wrap\">\n<div class=\"item-details\">\n<h3 class=\"entry-title td-module-title\"><a href=\"https:\/\/r3media.ro\/drona-gasita-mare-mamaia-zona-loft-video\/\" rel=\"bookmark\" title=\"VIDEO | O dron\u0103 a fost g\u0103sit\u0103 \u00een mare, \u00een Mamaia, \u00een zona Loft\">VIDEO | O dron\u0103 a fost g\u0103sit\u0103 \u00een mare, \u00een Mamaia, \u00een zona Loft<\/a><\/h3>\n<div class=\"td-module-meta-info\"><a href=\"https:\/\/r3media.ro\/category\/actualitate\/\" class=\"td-post-category\">ACTUALITATE<\/a><span class=\"td-post-author-name\"><a href=\"https:\/\/r3media.ro\/author\/oana\/\">Oana Ivan<\/a><span>&#8211;<\/span><\/span><span class=\"td-post-date\"><time class=\"entry-date updated td-module-date\" datetime=\"2026-08-05T21:48:11+03:00\">05\/08\/2026<\/time><\/span><\/div>\n<\/div>\n<\/div>\n<\/div>\n<div class=\"td-block-span6\">\n<div class=\"td_module_8 td_module_wrap\">\n<div class=\"item-details\">\n<h3 class=\"entry-title td-module-title\"><a href=\"https:\/\/r3media.ro\/cand-incepe-scoala-in-2026-structura-an-nou-scolar\/\" rel=\"bookmark\" title=\"C\u00e2nd \u00eencepe \u0219coala \u00een 2026: Structura noului an \u0219colar, vacan\u021bele \u0219i zilele libere\">C\u00e2nd \u00eencepe \u0219coala \u00een 2026: Structura noului an \u0219colar, vacan\u021bele \u0219i zilele libere<\/a><\/h3>\n<div class=\"td-module-meta-info\"><a href=\"https:\/\/r3media.ro\/category\/actualitate\/\" class=\"td-post-category\">ACTUALITATE<\/a><span class=\"td-post-author-name\"><a href=\"https:\/\/r3media.ro\/author\/oana\/\">Oana Ivan<\/a><span>&#8211;<\/span><\/span><span class=\"td-post-date\"><time class=\"entry-date updated td-module-date\" datetime=\"2026-08-03T22:23:20+03:00\">03\/08\/2026<\/time><\/span><\/div>\n<\/div>\n<\/div>\n<\/div>\n<\/div>\n<div class=\"td-block-row\">\n<div class=\"td-block-span6\">\n<div class=\"td_module_8 td_module_wrap\">\n<div class=\"item-details\">\n<h3 class=\"entry-title td-module-title\"><a href=\"https:\/\/r3media.ro\/tara-europa-norvegia-masini-electrice-inmatriculate-cota-ridicata\/\" rel=\"bookmark\" title=\"\u021aara din Europa unde aproape toate ma\u0219inile \u00eenmatriculate sune electrice. Cota a ajuns la 97,6% \u00een iulie\">\u021aara din Europa unde aproape toate ma\u0219inile \u00eenmatriculate sune electrice. Cota a ajuns la&#8230;<\/a><\/h3>\n<div class=\"td-module-meta-info\"><a href=\"https:\/\/r3media.ro\/category\/actualitate\/\" class=\"td-post-category\">ACTUALITATE<\/a><span class=\"td-post-author-name\"><a href=\"https:\/\/r3media.ro\/author\/oana\/\">Oana Ivan<\/a><span>&#8211;<\/span><\/span><span class=\"td-post-date\"><time class=\"entry-date updated td-module-date\" datetime=\"2026-08-03T17:01:21+03:00\">03\/08\/2026<\/time><\/span><\/div>\n<\/div>\n<\/div>\n<\/div>\n<div class=\"td-block-span6\">\n<div class=\"td_module_8 td_module_wrap\">\n<div class=\"item-details\">\n<h3 class=\"entry-title td-module-title\"><a href=\"https:\/\/r3media.ro\/puterea-mitologica-instalata-a-romaniei\/\" rel=\"bookmark\" title=\"Puterea mitologic\u0103 instalat\u0103 a Rom\u00e2niei\">Puterea mitologic\u0103 instalat\u0103 a Rom\u00e2niei<\/a><\/h3>\n<div class=\"td-module-meta-info\"><a href=\"https:\/\/r3media.ro\/category\/opinii\/\" class=\"td-post-category\">OPINII<\/a><span class=\"td-post-author-name\"><a href=\"https:\/\/r3media.ro\/author\/tru\/\">TRU (Traian Ungureanu)<\/a><span>&#8211;<\/span><\/span><span class=\"td-post-date\"><time class=\"entry-date updated td-module-date\" datetime=\"2026-08-02T22:08:04+03:00\">02\/08\/2026<\/time><\/span><\/div>\n<\/div>\n<\/div>\n<\/div>\n<\/div>\n<div class=\"td-block-row\">\n<div class=\"td-block-span6\">\n<div class=\"td_module_8 td_module_wrap\">\n<div class=\"item-details\">\n<h3 class=\"entry-title td-module-title\"><a href=\"https:\/\/r3media.ro\/hyundai-recheama-service-masini-electrice-inster-risc-incendiu\/\" rel=\"bookmark\" title=\"Hyundai recheam\u0103 \u00een service zeci de mii de ma\u0219ini electrice din cauza riscului de incendiu\">Hyundai recheam\u0103 \u00een service zeci de mii de ma\u0219ini electrice din cauza riscului de&#8230;<\/a><\/h3>\n<div class=\"td-module-meta-info\"><a href=\"https:\/\/r3media.ro\/category\/actualitate\/\" class=\"td-post-category\">ACTUALITATE<\/a><span class=\"td-post-author-name\"><a href=\"https:\/\/r3media.ro\/author\/oana\/\">Oana Ivan<\/a><span>&#8211;<\/span><\/span><span class=\"td-post-date\"><time class=\"entry-date updated td-module-date\" datetime=\"2026-08-02T08:34:05+03:00\">02\/08\/2026<\/time><\/span><\/div>\n<\/div>\n<\/div>\n<\/div>\n<div class=\"td-block-span6\">\n<div class=\"td_module_8 td_module_wrap\">\n<div class=\"item-details\">\n<h3 class=\"entry-title td-module-title\"><a href=\"https:\/\/r3media.ro\/dragostea-care-transcende-epoci-descult-in-parc-1967\/\" rel=\"bookmark\" title=\"Dragostea care transcende epoci \u2014 Descul\u021b \u00een parc (1967)\">Dragostea care transcende epoci \u2014 Descul\u021b \u00een parc (1967)<\/a><\/h3>\n<div class=\"td-module-meta-info\"><a href=\"https:\/\/r3media.ro\/category\/opinii\/\" class=\"td-post-category\">OPINII<\/a><span class=\"td-post-author-name\"><a href=\"https:\/\/r3media.ro\/author\/costi_balasoiu\/\">Constantin B\u0103l\u0103\u0219oiu<\/a><span>&#8211;<\/span><\/span><span class=\"td-post-date\"><time class=\"entry-date updated td-module-date\" datetime=\"2026-08-01T13:45:14+03:00\">01\/08\/2026<\/time><\/span><\/div>\n<\/div>\n<\/div>\n<\/div>\n<\/div>\n<\/div>\n<div class=\"td-load-more-wrap td-load-more-infinite-wrap\" id=\"infinite-lm-tdi_20\"><a href=\"https:\/\/r3media.ro\/valeriu-munteanu-aur-diana-buzoianu-spune-ca-apa-dunarii-pleaca-mai-repede-din-tara-a-verificat-ministerul-daca-dragarile-ucrainene-de-pe-chilia-bastroe-au-contribuit-la-acest-fenomen\/\" class=\"td_ajax_load_more td_ajax_load_more_js\" aria-label=\"\u00cenc\u0103rca\u021bi mai multe\" id=\"next-page-tdi_20\" data-td_block_id=\"tdi_20\">\u00cenc\u0103rca\u021bi mai multe<\/a><\/div>\n<\/div>\n<div class=\"td_block_wrap tdb_single_comments tdi_21 tdb-comm-layout2 td-pb-border-top td_block_template_1\" data-td-block-uid=\"tdi_21\">\n<div class=\"tdb-block-inner td-fix-index\">\n<div class=\"comments\" id=\"comments\">\n<div id=\"respond\" class=\"comment-respond\">\n<h3 id=\"reply-title\" class=\"comment-reply-title\">AI CEVA DE SPUS? <small><a rel=\"nofollow\" id=\"cancel-comment-reply-link\" href=\"https:\/\/r3media.ro\/valeriu-munteanu-aur-diana-buzoianu-spune-ca-apa-dunarii-pleaca-mai-repede-din-tara-a-verificat-ministerul-daca-dragarile-ucrainene-de-pe-chilia-bastroe-au-contribuit-la-acest-fenomen\/#respond\">Renun\u021ba\u021bi la r\u0103spuns<\/a><\/small><\/h3>\n<div class=\"comment-form-input-wrap td-form-comment\">\n<div class=\"td-warning-comment\">V\u0103 rug\u0103m s\u0103 introduce\u021bi comentariul dvs.!<\/div>\n<\/div>\n<div class=\"comment-form-input-wrap td-form-author\">\n<div class=\"td-warning-author\">Introduce\u021bi aici numele dvs.<\/div>\n<\/div>\n<div class=\"comment-form-input-wrap td-form-email\">\n<div class=\"td-warning-email-error\">A\u021bi introdus o adres\u0103 de e-mail incorect\u0103!<\/div>\n<div class=\"td-warning-email\">V\u0103 rug\u0103m s\u0103 introduce\u021bi adresa dvs. de e-mail aici<\/div>\n<\/div>\n<\/div>\n<\/div>\n<\/div>\n<\/div>\n<\/div>\n<\/div>\n<div class=\"vc_column tdi_23  wpb_column vc_column_container tdc-column td-pb-span4 td-is-sticky\">\n<div class=\"wpb_wrapper\" data-sticky-enabled-on=\"W3RydWUsdHJ1ZSx0cnVlLHRydWVd\" data-sticky-offset=\"20\" data-sticky-is-width-auto=\"W2ZhbHNlLGZhbHNlLGZhbHNlLGZhbHNlXQ==\">\n<div class=\"wpb_wrapper td_block_wrap vc_widget_sidebar tdi_25 \">\n<div class=\"td_block_wrap td_block_7 td_block_widget tdi_26 td-pb-border-top td_block_template_1 td-column-1 td_block_padding\" data-td-block-uid=\"tdi_26\">\n<div class=\"td-block-title-wrap\">\n<h4 class=\"block-title td-block-title\"><span class=\"td-pulldown-size\">Articole RELA\u021aIONATE<\/span><\/h4>\n<\/div>\n<div id=\"tdi_26\" class=\"td_block_inner\">\n<div class=\"td-block-span12\">\n<div class=\"td_module_6 td_module_wrap td-animation-stack\">\n<div class=\"td-module-thumb\"><a href=\"https:\/\/r3media.ro\/calendarul-zilei-12-august-sfintii-mucenici-fotie-si-anichit\/\" rel=\"bookmark\" class=\"td-image-wrap \" title=\"Calendarul zilei 12 august: Sfin\u021bii Mucenici Fotie \u0219i Anichit\"><img loading=\"lazy\" decoding=\"async\" class=\"entry-thumb\" src=\"https:\/\/r3media.ro\/wp-content\/uploads\/2024\/08\/120772_fotie-anichit-100x70.jpg\" alt title=\"Calendarul zilei 12 august: Sfin\u021bii Mucenici Fotie \u0219i Anichit\" width=\"100\" height=\"70\"><\/a><\/div>\n<div class=\"item-details\">\n<h3 class=\"entry-title td-module-title\"><a href=\"https:\/\/r3media.ro\/calendarul-zilei-12-august-sfintii-mucenici-fotie-si-anichit\/\" rel=\"bookmark\" title=\"Calendarul zilei 12 august: Sfin\u021bii Mucenici Fotie \u0219i Anichit\">Calendarul zilei 12 august: Sfin\u021bii Mucenici Fotie \u0219i Anichit<\/a><\/h3>\n<div class=\"td-module-meta-info\"><span class=\"td-post-date\"><time class=\"entry-date updated td-module-date\" datetime=\"2026-08-11T21:15:25+03:00\">11\/08\/2026<\/time><\/span><\/div>\n<\/div>\n<\/div>\n<\/div>\n<div class=\"td-block-span12\">\n<div class=\"td_module_6 td_module_wrap td-animation-stack\">\n<div class=\"td-module-thumb\"><a href=\"https:\/\/r3media.ro\/hartia-de-turnesol-a-caracterului-romanesc\/\" rel=\"bookmark\" class=\"td-image-wrap \" title=\"H\u00e2rtia de turnesol a caracterului rom\u00e2nesc\"><img loading=\"lazy\" decoding=\"async\" class=\"entry-thumb\" src=\"https:\/\/r3media.ro\/wp-content\/uploads\/2026\/08\/agerpres-100x70.jpg\" alt title=\"H\u00e2rtia de turnesol a caracterului rom\u00e2nesc\" width=\"100\" height=\"70\"><\/a><\/div>\n<div class=\"item-details\">\n<h3 class=\"entry-title td-module-title\"><a href=\"https:\/\/r3media.ro\/hartia-de-turnesol-a-caracterului-romanesc\/\" rel=\"bookmark\" title=\"H\u00e2rtia de turnesol a caracterului rom\u00e2nesc\">H\u00e2rtia de turnesol a caracterului rom\u00e2nesc<\/a><\/h3>\n<div class=\"td-module-meta-info\"><span class=\"td-post-date\"><time class=\"entry-date updated td-module-date\" datetime=\"2026-08-11T16:18:28+03:00\">11\/08\/2026<\/time><\/span><\/div>\n<\/div>\n<\/div>\n<\/div>\n<div class=\"td-block-span12\">\n<div class=\"td_module_6 td_module_wrap td-animation-stack\">\n<div class=\"td-module-thumb\"><a href=\"https:\/\/r3media.ro\/procedura-oprire-controlata-unitatea-2-reactor-nuclear-cernavoda-scufundare-barje-detonare-stanci\/\" rel=\"bookmark\" class=\"td-image-wrap \" title=\"Unitatea 2 de la Centrala Nuclear\u0103 Cernavod\u0103 a intrat \u00een procedura de oprire controlat\u0103. Scufundarea barjelor \u0219i detonarea st\u00e2ncilor de pe Dun\u0103re au avut efect zero\"><img loading=\"lazy\" decoding=\"async\" class=\"entry-thumb\" src=\"https:\/\/r3media.ro\/wp-content\/uploads\/2024\/09\/Unitatile-3-si-4-de-la-Centrala-Nucleara-de-la-Cernavoda-100x70.jpg\" alt title=\"Unitatea 2 de la Centrala Nuclear\u0103 Cernavod\u0103 a intrat \u00een procedura de oprire controlat\u0103. Scufundarea barjelor \u0219i detonarea st\u00e2ncilor de pe Dun\u0103re au avut efect zero\" width=\"100\" height=\"70\"><\/a><\/div>\n<div class=\"item-details\">\n<h3 class=\"entry-title td-module-title\"><a href=\"https:\/\/r3media.ro\/procedura-oprire-controlata-unitatea-2-reactor-nuclear-cernavoda-scufundare-barje-detonare-stanci\/\" rel=\"bookmark\" title=\"Unitatea 2 de la Centrala Nuclear\u0103 Cernavod\u0103 a intrat \u00een procedura de oprire controlat\u0103. Scufundarea barjelor \u0219i detonarea st\u00e2ncilor de pe Dun\u0103re au avut efect zero\">Unitatea 2 de la Centrala Nuclear\u0103 Cernavod\u0103 a intrat \u00een procedura&#8230;<\/a><\/h3>\n<div class=\"td-module-meta-info\"><span class=\"td-post-date\"><time class=\"entry-date updated td-module-date\" datetime=\"2026-08-11T14:55:45+03:00\">11\/08\/2026<\/time><\/span><\/div>\n<\/div>\n<\/div>\n<\/div>\n<div class=\"td-block-span12\">\n<div class=\"td_module_6 td_module_wrap td-animation-stack\">\n<div class=\"td-module-thumb\"><a href=\"https:\/\/r3media.ro\/ionut-cojocaru-romania-autoritarismului-stat-garnizoana-imprumuturi-reinarmare-dictatura-dezastru\/\" rel=\"bookmark\" class=\"td-image-wrap \" title=\"Istoricul Ionu\u021b Cojocaru spune c\u0103 Rom\u00e2nia s-a angajat pe drumul autoritarismului: \u201estat-garnizoan\u0103\u201d. \u00cemprumuturile pentru \u00eenarmare duc la dictatur\u0103 \u0219i \u00een final dezastru\"><img loading=\"lazy\" decoding=\"async\" class=\"entry-thumb\" src=\"https:\/\/r3media.ro\/wp-content\/uploads\/2025\/06\/Nicusor-Dan-Ilie-Bolojan-100x70.jpg\" alt title=\"Istoricul Ionu\u021b Cojocaru spune c\u0103 Rom\u00e2nia s-a angajat pe drumul autoritarismului: \u201estat-garnizoan\u0103\u201d. \u00cemprumuturile pentru \u00eenarmare duc la dictatur\u0103 \u0219i \u00een final dezastru\" width=\"100\" height=\"70\"><\/a><\/div>\n<div class=\"item-details\">\n<h3 class=\"entry-title td-module-title\"><a href=\"https:\/\/r3media.ro\/ionut-cojocaru-romania-autoritarismului-stat-garnizoana-imprumuturi-reinarmare-dictatura-dezastru\/\" rel=\"bookmark\" title=\"Istoricul Ionu\u021b Cojocaru spune c\u0103 Rom\u00e2nia s-a angajat pe drumul autoritarismului: \u201estat-garnizoan\u0103\u201d. \u00cemprumuturile pentru \u00eenarmare duc la dictatur\u0103 \u0219i \u00een final dezastru\">Istoricul Ionu\u021b Cojocaru spune c\u0103 Rom\u00e2nia s-a angajat pe drumul autoritarismului:&#8230;<\/a><\/h3>\n<div class=\"td-module-meta-info\"><span class=\"td-post-date\"><time class=\"entry-date updated td-module-date\" datetime=\"2026-08-11T14:20:44+03:00\">11\/08\/2026<\/time><\/span><\/div>\n<\/div>\n<\/div>\n<\/div>\n<div class=\"td-block-span12\">\n<div class=\"td_module_6 td_module_wrap td-animation-stack\">\n<div class=\"td-module-thumb\"><a href=\"https:\/\/r3media.ro\/vanzari-masini-electrice-explozie-danemarca\/\" rel=\"bookmark\" class=\"td-image-wrap \" title=\"V\u00e2nz\u0103rile de ma\u0219ini electrice au explodat \u00een Danemarca\"><img loading=\"lazy\" decoding=\"async\" class=\"entry-thumb\" src=\"https:\/\/r3media.ro\/wp-content\/uploads\/2026\/08\/vanzarile-de-masini-electrice-au-explodat-in-danemarca-100x70.jpg\" alt title=\"V\u00e2nz\u0103rile de ma\u0219ini electrice au explodat \u00een Danemarca\" width=\"100\" height=\"70\"><\/a><\/div>\n<div class=\"item-details\">\n<h3 class=\"entry-title td-module-title\"><a href=\"https:\/\/r3media.ro\/vanzari-masini-electrice-explozie-danemarca\/\" rel=\"bookmark\" title=\"V\u00e2nz\u0103rile de ma\u0219ini electrice au explodat \u00een Danemarca\">V\u00e2nz\u0103rile de ma\u0219ini electrice au explodat \u00een Danemarca<\/a><\/h3>\n<div class=\"td-module-meta-info\"><span class=\"td-post-date\"><time class=\"entry-date updated td-module-date\" datetime=\"2026-08-11T13:43:51+03:00\">11\/08\/2026<\/time><\/span><\/div>\n<\/div>\n<\/div>\n<\/div>\n<div class=\"td-block-span12\">\n<div class=\"td_module_6 td_module_wrap td-animation-stack\">\n<div class=\"td-module-thumb\"><a href=\"https:\/\/r3media.ro\/dr-pavel-chirila-distinctie-episcopia-caransebesului\/\" rel=\"bookmark\" class=\"td-image-wrap \" title=\"Dr. Pavel Chiril\u0103 a fost distins cu cea mai \u00eenalt\u0103 distinc\u021bie pentru mireni a Episcopiei Caransebe\u0219ului\"><img loading=\"lazy\" decoding=\"async\" class=\"entry-thumb\" src=\"https:\/\/r3media.ro\/wp-content\/uploads\/2026\/08\/pavel-chirila-episcopia-caransebesului-100x70.jpg\" alt title=\"Dr. Pavel Chiril\u0103 a fost distins cu cea mai \u00eenalt\u0103 distinc\u021bie pentru mireni a Episcopiei Caransebe\u0219ului\" width=\"100\" height=\"70\"><\/a><\/div>\n<div class=\"item-details\">\n<h3 class=\"entry-title td-module-title\"><a href=\"https:\/\/r3media.ro\/dr-pavel-chirila-distinctie-episcopia-caransebesului\/\" rel=\"bookmark\" title=\"Dr. Pavel Chiril\u0103 a fost distins cu cea mai \u00eenalt\u0103 distinc\u021bie pentru mireni a Episcopiei Caransebe\u0219ului\">Dr. Pavel Chiril\u0103 a fost distins cu cea mai \u00eenalt\u0103 distinc\u021bie&#8230;<\/a><\/h3>\n<div class=\"td-module-meta-info\"><span class=\"td-post-date\"><time class=\"entry-date updated td-module-date\" datetime=\"2026-08-11T12:20:48+03:00\">11\/08\/2026<\/time><\/span><\/div>\n<\/div>\n<\/div>\n<\/div>\n<div class=\"td-block-span12\">\n<div class=\"td_module_6 td_module_wrap td-animation-stack\">\n<div class=\"td-module-thumb\"><a href=\"https:\/\/r3media.ro\/romania-grupuri-carbune-turceni-craiova-securitate-energetica\/\" rel=\"bookmark\" class=\"td-image-wrap \" title=\"Rom\u00e2nia nu va \u00eenchide grupurile pe c\u0103rbune de la Turceni \u0219i Craiova la sf\u00e2r\u0219itul lunii, din cauza riscurilor la adresa securit\u0103\u021bii energetice\"><img loading=\"lazy\" decoding=\"async\" class=\"entry-thumb\" src=\"https:\/\/r3media.ro\/wp-content\/uploads\/2026\/08\/termocentrala-turceni-100x70.jpg\" alt title=\"Rom\u00e2nia nu va \u00eenchide grupurile pe c\u0103rbune de la Turceni \u0219i Craiova la sf\u00e2r\u0219itul lunii, din cauza riscurilor la adresa securit\u0103\u021bii energetice\" width=\"100\" height=\"70\"><\/a><\/div>\n<div class=\"item-details\">\n<h3 class=\"entry-title td-module-title\"><a href=\"https:\/\/r3media.ro\/romania-grupuri-carbune-turceni-craiova-securitate-energetica\/\" rel=\"bookmark\" title=\"Rom\u00e2nia nu va \u00eenchide grupurile pe c\u0103rbune de la Turceni \u0219i Craiova la sf\u00e2r\u0219itul lunii, din cauza riscurilor la adresa securit\u0103\u021bii energetice\">Rom\u00e2nia nu va \u00eenchide grupurile pe c\u0103rbune de la Turceni \u0219i&#8230;<\/a><\/h3>\n<div class=\"td-module-meta-info\"><span class=\"td-post-date\"><time class=\"entry-date updated td-module-date\" datetime=\"2026-08-11T11:14:29+03:00\">11\/08\/2026<\/time><\/span><\/div>\n<\/div>\n<\/div>\n<\/div>\n<\/div>\n<\/div>\n<aside class=\"td_block_template_1 widget widget_recent_comments\">\n<h4 class=\"block-title\"><span>INTR\u0102 \u00ceN DISCU\u021aIE!<\/span><\/h4>\n<ul id=\"recentcomments\">\n<li class=\"recentcomments\"><span class=\"comment-author-link\">E.T.<\/span> la <a href=\"https:\/\/r3media.ro\/papi-si-conclavuri-traditie-si-anticlericalism-in-cinema-cei-doi-papi-si-conclavul\/#comment-40374\">Papi \u0219i conclavuri, tradi\u021bie \u0219i anticlericalism \u00een cinema: Cei doi papi \u0219i Conclavul<\/a><\/li>\n<li class=\"recentcomments\"><span class=\"comment-author-link\">Cet\u0103\u021bean<\/span> la <a href=\"https:\/\/r3media.ro\/romania-grupuri-carbune-turceni-craiova-securitate-energetica\/#comment-40373\">Rom\u00e2nia nu va \u00eenchide grupurile pe c\u0103rbune de la Turceni \u0219i Craiova la sf\u00e2r\u0219itul lunii, din cauza riscurilor la adresa securit\u0103\u021bii energetice<\/a><\/li>\n<li class=\"recentcomments\"><span class=\"comment-author-link\">Cet\u0103\u021bean<\/span> la <a href=\"https:\/\/r3media.ro\/dr-pavel-chirila-distinctie-episcopia-caransebesului\/#comment-40372\">Dr. Pavel Chiril\u0103 a fost distins cu cea mai \u00eenalt\u0103 distinc\u021bie pentru mireni a Episcopiei Caransebe\u0219ului<\/a><\/li>\n<li class=\"recentcomments\"><span class=\"comment-author-link\">Nicu<\/span> la <a href=\"https:\/\/r3media.ro\/romania-grupuri-carbune-turceni-craiova-securitate-energetica\/#comment-40371\">Rom\u00e2nia nu va \u00eenchide grupurile pe c\u0103rbune de la Turceni \u0219i Craiova la sf\u00e2r\u0219itul lunii, din cauza riscurilor la adresa securit\u0103\u021bii energetice<\/a><\/li>\n<li class=\"recentcomments\"><span class=\"comment-author-link\">Nicu<\/span> la <a href=\"https:\/\/r3media.ro\/rapire-copii-romania-ambuanta-atacata-recea-cristur\/#comment-40370\">Chiar nu au fost r\u0103pi\u021bi copii \u00een Rom\u00e2nia? Ce se omite \u00een cazul \u201eAmbulan\u021ba atacat\u0103\u201d la Recea-Cristur<\/a><\/li>\n<li class=\"recentcomments\"><span class=\"comment-author-link\">Nicu<\/span> la <a href=\"https:\/\/r3media.ro\/presedintele-serbiei-razboiul-din-ucraina\/#comment-40369\">Pre\u0219edintele Serbiei nu crede c\u0103 r\u0103zboiul din Ucraina se termin\u0103 cur\u00e2nd: Cred c\u0103 ne afl\u0103m la \u00eenceputul unui r\u0103zboi mult, mult mai mare<\/a><\/li>\n<li class=\"recentcomments\"><span class=\"comment-author-link\">B<\/span> la <a href=\"https:\/\/r3media.ro\/papi-si-conclavuri-traditie-si-anticlericalism-in-cinema-cei-doi-papi-si-conclavul\/#comment-40368\">Papi \u0219i conclavuri, tradi\u021bie \u0219i anticlericalism \u00een cinema: Cei doi papi \u0219i Conclavul<\/a><\/li>\n<\/ul>\n<\/aside>\n<aside class=\"td_block_template_1 widget widget_search\">\n<h4 class=\"block-title\"><span>CAUT\u0102 \u0218I VEI G\u0102SI<\/span><\/h4>\n<\/aside>\n<\/div>\n<\/div>\n<\/div>\n<\/div>\n<\/div>\n<\/div>\n<\/div>\n<p><span class=\"td-page-meta\"><\/span><span class=\"td-page-meta\"><span class=\"td-page-meta\"><\/span><\/span><span class=\"td-page-meta\"><\/span><\/article>\n<\/p>\n<div class=\"td_block_wrap tdb_single_content tdi_18 td-pb-border-top td_block_template_1 td-post-content tagdiv-type\" data-td-block-uid=\"tdi_18\">\n<div class=\"tdb-block-inner td-fix-index\">\n<p><strong>Deputatul AUR Valeriu Munteanu, vicepre\u0219edinte al Alian\u021bei pentru Unirea Rom\u00e2nilor, \u00eei solicit\u0103 ministrului Mediului, Apelor \u0219i P\u0103durilor, Diana Buzoianu, s\u0103 explice public \u0219i pe baza datelor hidrologice afirma\u021bia potrivit c\u0103reia apa Dun\u0103rii \u201epleac\u0103 mult mai rapid din \u021bar\u0103\u201d \u0219i s\u0103 precizeze dac\u0103 Ministerul a verificat o posibil\u0103 leg\u0103tur\u0103 \u00eentre acest fenomen \u0219i lucr\u0103rile de dragare realizate de Ucraina pe bra\u021bul Chilia \u0219i canalul B\u00e2stroe.<\/strong><\/p>\n<p>\u201eDoamna ministru Diana Buzoianu ne spune, \u00eentr-un interviu pentru Libertatea, c\u0103 apa Dun\u0103rii \u201epleac\u0103 mai repede din \u021bar\u0103\u201d. Este o afirma\u021bie extrem de serioas\u0103, mai ales \u00een actualele condi\u021bii, c\u00e2nd nivelul Dun\u0103rii a sc\u0103zut alarmant, iar \u00een zona Cernavod\u0103 au ap\u0103rut probleme care pot afecta inclusiv alimentarea cu ap\u0103 necesar\u0103 func\u021bion\u0103rii Centralei Nuclearoelectrice.<\/p>\n<p>Dac\u0103 apa pleac\u0103 mai repede, \u00eentrebarea elementar\u0103 este: de ce, pe unde \u0219i din ce cauz\u0103?<\/p>\n<p>Ministerul Mediului are obliga\u021bia s\u0103 r\u0103spund\u0103 cu m\u0103sur\u0103tori \u0219i studii, nu cu explica\u021bii generale\u201d, <a href=\"https:\/\/partidulaur.ro\/valeriu-munteanu-deputat-aur-diana-buzoianu-spune-ca-apa-dunarii-pleaca-mai-repede-din-tara-a-verificat-ministerul-daca-dragarile-ucrainene-de-pe-chilia-bastroe-au-contribuit-la-a\/\" target=\"_blank\" rel=\"noopener\">afirm\u0103 d<\/a>eputatul AUR Valeriu Munteanu.<\/p>\n<p>Parlamentarul atrage aten\u021bia c\u0103 problema efectelor lucr\u0103rilor realizate de Ucraina pe bra\u021bul Chilia \u0219i canalul B\u00e2stroe asupra distribu\u021biei debitelor Dun\u0103rii nu este una nou\u0103 \u0219i nici nu poate fi expediat\u0103 drept specula\u021bie politic\u0103.<\/p>\n<p>Academia Rom\u00e2n\u0103 avertiza \u00eenc\u0103 din 6 martie 2023, \u00een punctul s\u0103u de vedere referitor la naviga\u021bia pe bra\u021bul Chilia, c\u0103, \u00een ipoteza realiz\u0103rii lucr\u0103rilor de dragaj p\u00e2n\u0103 la ad\u00e2ncimea de 8,23 metri pe ruta Vylkovo\u2013Ceatal Izmail, destinat\u0103 navelor maritime, pe o lungime de 95,445 km, \u201ereparti\u021bia debitelor pe bra\u021bele Deltei Dun\u0103rii va fi semnificativ modificat\u0103\u201d.<\/p>\n<p>\u201eAcesta este punctul esen\u021bial. Academia Rom\u00e2n\u0103 a avertizat explicit asupra posibilit\u0103\u021bii modific\u0103rii semnificative a reparti\u021biei debitelor. Ast\u0103zi, ministrul Mediului ne spune c\u0103 apa \u201epleac\u0103 mai repede din \u021bar\u0103\u201d. Nu afirm c\u0103 \u00eentre cele dou\u0103 exist\u0103 automat o rela\u021bie de cauzalitate. Tocmai de aceea cer Ministerului s\u0103 ne spun\u0103 dac\u0103 a verificat aceast\u0103 ipotez\u0103 \u0219i, mai ales, dac\u0103 o poate exclude pe baza unor m\u0103sur\u0103tori \u0219i model\u0103ri hidrodinamice actualizate.<\/p>\n<p>Rom\u00e2nii trebuie s\u0103 \u0219tie dac\u0103 drag\u0103rile \u0219i celelalte interven\u021bii asupra sistemului Chilia\u2013B\u00e2stroe au schimbat sau nu cantitatea de ap\u0103 preluat\u0103 de bra\u021bul Chilia \u0219i viteza cu care aceasta ajunge \u00een Marea Neagr\u0103\u201d, subliniaz\u0103 Valeriu Munteanu.<\/p>\n<p>\u00cen \u00eentrebarea parlamentar\u0103 adresat\u0103 ministrului Diana Buzoianu, deputatul AUR solicit\u0103 prezentarea distribu\u021biei actuale a debitului Dun\u0103rii la Ceatal Izmail \u00eentre bra\u021bele Chilia \u0219i Tulcea \u0219i, ulterior, \u00eentre Sulina \u0219i Sf\u00e2ntu Gheorghe, at\u00e2t \u00een metri cubi pe secund\u0103, c\u00e2t \u0219i procentual, precum \u0219i compararea acestor valori cu mediile multianuale \u0219i cu datele din anii 2017, 2023, 2024 \u0219i 2025.<\/p>\n<p>De asemenea, Ministerului Mediului i se solicit\u0103 s\u0103 precizeze dac\u0103 institu\u021biile rom\u00e2ne\u0219ti au constatat, dup\u0103 lucr\u0103rile de dragare efectuate de partea ucrainean\u0103, o modificare a ponderii debitului preluat de bra\u021bul Chilia \u0219i ce date de\u021bine Rom\u00e2nia privind ad\u00e2ncimea actual\u0103 a \u0219enalului navigabil B\u00e2stroe\u2013Chilia\/Vylkovo\u2013Ceatal Izmail.<\/p>\n<p>\u201eMai este o \u00eentrebare la care doamna Buzoianu trebuie s\u0103 r\u0103spund\u0103 f\u0103r\u0103 echivoc: c\u00e2nd spune c\u0103 apa \u201epleac\u0103 mult mai rapid din \u021bar\u0103\u201d, pe ce studii, m\u0103sur\u0103tori \u0219i model\u0103ri se bazeaz\u0103? Pe unde pleac\u0103 mai repede? \u0218i poate Ministerul Mediului s\u0103 exclud\u0103 \u0219tiin\u021bific faptul c\u0103 lucr\u0103rile de dragare de pe Chilia \u0219i B\u00e2stroe contribuie la aceast\u0103 situa\u021bie?<\/p>\n<p>Dac\u0103 Ministerul are studii care exclud aceast\u0103 ipotez\u0103, s\u0103 le fac\u0103 publice. Dac\u0103 nu le are, atunci avem o problem\u0103 \u0219i mai grav\u0103: \u00eenseamn\u0103 c\u0103 Rom\u00e2nia se confrunt\u0103 cu o situa\u021bie care poate avea implica\u021bii inclusiv asupra securit\u0103\u021bii energetice, f\u0103r\u0103 ca Ministerul Mediului s\u0103 poat\u0103 spune cu certitudine \u00een ce m\u0103sur\u0103 modific\u0103rile hidrotehnice produse \u00een aval influen\u021beaz\u0103 actuala distribu\u021bie a apelor Dun\u0103rii\u201d, declar\u0103 deputatul AUR.<\/p>\n<p>Valeriu Munteanu solicit\u0103 ca r\u0103spunsul Ministerului s\u0103 fie \u00eenso\u021bit de datele hidrologice, m\u0103sur\u0103torile independente, studiile \u0219i model\u0103rile tehnice pe baza c\u0103rora autorit\u0103\u021bile rom\u00e2ne evalueaz\u0103 situa\u021bia actual\u0103.<\/p>\n<p>\u201eNu putem administra Dun\u0103rea dup\u0103 impresii \u0219i declara\u021bii televizate. Dac\u0103 apa Rom\u00e2niei pleac\u0103 mai repede\u201d, ministrul Mediului trebuie s\u0103 ne spun\u0103 de ce. Iar dac\u0103 exist\u0103 m\u0103car posibilitatea ca interven\u021biile de pe Chilia\u2013B\u00e2stroe s\u0103 fi modificat distribu\u021bia debitelor, statul rom\u00e2n are obliga\u021bia s\u0103 afle adev\u0103rul \u0219i s\u0103 ac\u021bioneze \u00een consecin\u021b\u0103\u201d, conchide deputatul AUR Valeriu Munteanu.<\/p>\n<p><a href=\"https:\/\/go.fliplink.me\/view\/C266928E-45E2-4B9A-B920-361B001CF18A\" target=\"_blank\" rel=\"noopener\">Notificare privind transparen\u021ba<\/a><\/p>\n<div class=\"crp_related     crp-masonry\">\n<h2>\u00ceN CONTEXT<\/h2>\n<ul>\n<li><a href=\"https:\/\/r3media.ro\/parlament-aurel-munteanu-martir-erou\/\" class=\"crp_link post-119281\"><span class=\"crp_title\">Ini\u021biativa AUR, adoptat\u0103: Parlamentul l-a declarat pe protopopul Aurel Munteanu drept martir\u2026<\/span><\/a><\/li>\n<li><a href=\"https:\/\/r3media.ro\/dan-tanasa-nicusor-dan-reprimare-libertate-exprimare\/\" class=\"crp_link post-117132\"><span class=\"crp_title\">Dan Tanas\u0103 \u00eel acuz\u0103 pe Nicu\u0219or Dan c\u0103 a g\u0103zduit o conferin\u021b\u0103 dedicat\u0103 \u201ereprim\u0103rii liberei exprim\u0103ri\u201d<\/span><\/a><\/li>\n<li><a href=\"https:\/\/r3media.ro\/aur-masuri-imm-uri-prag-impozitare-250000-euro\/\" class=\"crp_link post-116829\"><span class=\"crp_title\">AUR propune trei modific\u0103ri legislative pentru IMM-uri: prag de impozitare la 250.000 de\u2026<\/span><\/a><\/li>\n<li><a href=\"https:\/\/r3media.ro\/mihail-neamtu-neeuropeana-imperiu-birocrati-bruxelles-inarmarea-germaniei\/\" class=\"crp_link post-118770\"><span class=\"crp_title\">EXCLUSIVITATE Mihail Neam\u021bu: Exist\u0103 o tendin\u021b\u0103 neeuropean\u0103 de a se crea un imperiu condus de\u2026<\/span><\/a><\/li>\n<li><a href=\"https:\/\/r3media.ro\/la-petrosani-consilierii-locali-aur-s-au-opus-majorarii-taxelor-locale-pentru-2026-cristian-catan-nu-legea-a-crescut-taxele-ci-votul-politic\/\" class=\"crp_link post-114626\"><span class=\"crp_title\">La Petro\u0219ani, consilierii locali AUR s-au opus major\u0103rii taxelor locale pentru 2026.\u2026<\/span><\/a><\/li>\n<li><a href=\"https:\/\/r3media.ro\/george-simion-reconfirmat-vicepresedinte-al-ecr\/\" class=\"crp_link post-118675\"><span class=\"crp_title\">George Simion, reconfirmat vicepre\u0219edinte al ECR<\/span><\/a><\/li>\n<li><a href=\"https:\/\/r3media.ro\/scutirea-de-impozit-terenuri-gospodarii-aur\/\" class=\"crp_link post-116761\"><span class=\"crp_title\">Scutirea de impozit pentru terenurile agricole lucrate de micii gospodari: propunerea\u2026<\/span><\/a><\/li>\n<li><a href=\"https:\/\/r3media.ro\/aur-propune-majorarea-plafonului-de-numerar-in-casierie-de-la-50-000-la-200-000-de-lei\/\" class=\"crp_link post-119220\"><span class=\"crp_title\">AUR propune majorarea plafonului de numerar \u00een casierie de la 50.000 la 200.000 de lei<\/span><\/a><\/li>\n<\/ul>\n<\/div>\n<\/div>\n<\/div>\n<p>[analyse_source url=&#8221;https:\/\/r3media.ro\/valeriu-munteanu-aur-diana-buzoianu-spune-ca-apa-dunarii-pleaca-mai-repede-din-tara-a-verificat-ministerul-daca-dragarile-ucrainene-de-pe-chilia-bastroe-au-contribuit-la-acest-fenomen\/&#8221;]<\/p>\n","protected":false},"excerpt":{"rendered":"<p>[analyse_image type=&#8221;featured&#8221; src=&#8221;https:\/\/r3media.ro\/wp-content\/uploads\/2026\/08\/Valeriu-Munteanu-e1786475912172.jpeghttps:\/\/r3media.ro\/wp-content\/uploads\/2026\/08\/Valeriu-Munteanu-e1786475912172.jpeg&#8221;] \u0218TIRIValeriu Munteanu (AUR): Diana Buzoianu spune c\u0103 apa Dun\u0103rii pleac\u0103 mai repede&#8230; \u0218TIRI Valeriu Munteanu (AUR): Diana Buzoianu spune c\u0103 apa Dun\u0103rii pleac\u0103 mai repede din \u021bar\u0103. A verificat Ministerul dac\u0103 drag\u0103rile ucrainene de pe Chilia\u2013B\u00e2stroe au contribuit la acest fenomen? Redac\u021bia 11\/08\/2026 Deputatul AUR Valeriu Munteanu, vicepre\u0219edinte al Alian\u021bei pentru Unirea [&hellip;]<\/p>\n","protected":false},"author":1,"featured_media":0,"comment_status":"open","ping_status":"","sticky":false,"template":"","format":"standard","meta":{"footnotes":""},"categories":[89],"tags":[226,93],"class_list":["post-2088668","post","type-post","status-publish","format-standard","hentry","category-romania","tag-crawlmanager","tag-r3media-ro"],"_links":{"self":[{"href":"https:\/\/analyse.optim.biz\/index.php?rest_route=\/wp\/v2\/posts\/2088668","targetHints":{"allow":["GET"]}}],"collection":[{"href":"https:\/\/analyse.optim.biz\/index.php?rest_route=\/wp\/v2\/posts"}],"about":[{"href":"https:\/\/analyse.optim.biz\/index.php?rest_route=\/wp\/v2\/types\/post"}],"author":[{"embeddable":true,"href":"https:\/\/analyse.optim.biz\/index.php?rest_route=\/wp\/v2\/users\/1"}],"replies":[{"embeddable":true,"href":"https:\/\/analyse.optim.biz\/index.php?rest_route=%2Fwp%2Fv2%2Fcomments&post=2088668"}],"version-history":[{"count":0,"href":"https:\/\/analyse.optim.biz\/index.php?rest_route=\/wp\/v2\/posts\/2088668\/revisions"}],"wp:attachment":[{"href":"https:\/\/analyse.optim.biz\/index.php?rest_route=%2Fwp%2Fv2%2Fmedia&parent=2088668"}],"wp:term":[{"taxonomy":"category","embeddable":true,"href":"https:\/\/analyse.optim.biz\/index.php?rest_route=%2Fwp%2Fv2%2Fcategories&post=2088668"},{"taxonomy":"post_tag","embeddable":true,"href":"https:\/\/analyse.optim.biz\/index.php?rest_route=%2Fwp%2Fv2%2Ftags&post=2088668"}],"curies":[{"name":"wp","href":"https:\/\/api.w.org\/{rel}","templated":true}]}}