{"id":2088657,"date":"2026-08-11T12:22:25","date_gmt":"2026-08-11T09:22:25","guid":{"rendered":"https:\/\/analyse.optim.biz\/?p=2088657"},"modified":"2026-08-11T12:22:25","modified_gmt":"2026-08-11T09:22:25","slug":"cj-buzau-aduce-oameni-din-ministere-ciolacu-mai-ales-de-la-dezvoltare-vor-sa-vina-buzoienii-vor-sa-se-intoarca-la-familie","status":"publish","type":"post","link":"https:\/\/analyse.optim.biz\/?p=2088657","title":{"rendered":"CJ Buz\u0103u aduce oameni din ministere. Ciolacu: \u201eMai ales de la Dezvoltare vor s\u0103 vin\u0103 buzoienii. Vor s\u0103 se \u00eentoarc\u0103 la familie\u201d"},"content":{"rendered":"<p>[analyse_image type=&#8221;featured&#8221; src=&#8221;https:\/\/www.observatorulbuzoian.ro\/wp-content\/uploads\/2026\/08\/Marcel-Ciolacu-CJ-Buzau-2.jpg&#8221;]<\/p>\n<div class=\"td-post-content tagdiv-type\">\n<p class=\"isSelectedEnd\">Consiliul Jude\u021bean Buz\u0103u \u00ee\u0219i \u00eent\u0103re\u0219te aparatul de specialitate cu func\u021bionari transfera\u021bi din administra\u021bia central\u0103, \u00een \u00eencercarea de a accelera proiectele de investi\u021bii care au acumulat \u00eent\u00e2rzieri.<\/p>\n<p class=\"isSelectedEnd\">Anun\u021bul a fost f\u0103cut mar\u021bi de pre\u0219edintele CJ Buz\u0103u, Marcel Ciolacu, care spune c\u0103 mai mul\u021bi buzoieni care lucreaz\u0103 \u00een ministere vor s\u0103 revin\u0103 acas\u0103.<\/p>\n<p class=\"isSelectedEnd\">Unul dintre cele mai importante posturi care ar putea fi ocupate \u00een perioada urm\u0103toare este cel de arhitect-\u0219ef al jude\u021bului.<\/p>\n<p class=\"isSelectedEnd\">\u201eSper s\u0103 avem \u0219i arhitect-\u0219ef, p\u00e2n\u0103 la sf\u00e2r\u0219itul acestei luni, printr-un transfer dintr-un minister\u201d, a declarat Ciolacu.<\/p>\n<p class=\"isSelectedEnd\">Transferul nu ar fi unul singular.<\/p>\n<p class=\"isSelectedEnd\">\u201eMai vin mai multe persoane din ministere prin transfer. (\u2026) Mai ales de la Dezvoltare vor s\u0103 vin\u0103 buzoienii. Vor s\u0103 se \u00eentoarc\u0103 la familie\u201d, a explicat pre\u0219edintele Consiliului Jude\u021bean.<\/p>\n<p class=\"isSelectedEnd\">Mi\u0219carea vine \u00een condi\u021biile \u00een care conducerea CJ \u00eencearc\u0103 s\u0103 recupereze \u00eent\u00e2rzierile \u00eenregistrate \u00een cazul unor proiecte, \u00een special cele de infrastructur\u0103.<\/p>\n<p class=\"isSelectedEnd\">Ciolacu a recunoscut c\u0103 este nemul\u021bumit de ritmul de lucru din anumite structuri ale institu\u021biei \u0219i consider\u0103 necesar\u0103 \u00eent\u0103rirea echipei.<\/p>\n<p class=\"isSelectedEnd\">\u201eTrebuie s\u0103 aducem un pic lucrurile la zi\u201d, a spus acesta.<\/p>\n<p class=\"isSelectedEnd\">Pe l\u00e2ng\u0103 transferurile din administra\u021bia central\u0103, CJ Buz\u0103u inten\u021bioneaz\u0103 s\u0103 organizeze concursuri pentru posturile care pot fi ocupate.<\/p>\n<p class=\"isSelectedEnd\">Schimb\u0103ri sunt preg\u0103tite \u0219i la Biblioteca Jude\u021bean\u0103 Buz\u0103u, unde postul de director va fi scos la concurs.<\/p>\n<p>\u201eLa bibliotec\u0103 o s\u0103 scoatem \u0219i postul de director la concurs\u201d, a anun\u021bat Marcel Ciolacu.<\/p>\n<\/div>\n<p>[analyse_source url=&#8221;https:\/\/www.observatorulbuzoian.ro\/cj-buzau-aduce-oameni-din-ministere-ciolacu-mai-ales-de-la-dezvoltare-vor-sa-vina-buzoienii-vor-sa-se-intoarca-la-familie\/&#8221;]<\/p>\n","protected":false},"excerpt":{"rendered":"<p>[analyse_image type=&#8221;featured&#8221; src=&#8221;https:\/\/www.observatorulbuzoian.ro\/wp-content\/uploads\/2026\/08\/Marcel-Ciolacu-CJ-Buzau-2.jpg&#8221;] Consiliul Jude\u021bean Buz\u0103u \u00ee\u0219i \u00eent\u0103re\u0219te aparatul de specialitate cu func\u021bionari transfera\u021bi din administra\u021bia central\u0103, \u00een \u00eencercarea de a accelera proiectele de investi\u021bii care au acumulat \u00eent\u00e2rzieri. Anun\u021bul a fost f\u0103cut mar\u021bi de pre\u0219edintele CJ Buz\u0103u, Marcel Ciolacu, care spune c\u0103 mai mul\u021bi buzoieni care lucreaz\u0103 \u00een ministere vor s\u0103 revin\u0103 acas\u0103. Unul [&hellip;]<\/p>\n","protected":false},"author":1,"featured_media":0,"comment_status":"open","ping_status":"","sticky":false,"template":"","format":"standard","meta":{"footnotes":""},"categories":[2],"tags":[226,82],"class_list":["post-2088657","post","type-post","status-publish","format-standard","hentry","category-politics","tag-crawlmanager","tag-observatorulbuzoian-ro"],"_links":{"self":[{"href":"https:\/\/analyse.optim.biz\/index.php?rest_route=\/wp\/v2\/posts\/2088657","targetHints":{"allow":["GET"]}}],"collection":[{"href":"https:\/\/analyse.optim.biz\/index.php?rest_route=\/wp\/v2\/posts"}],"about":[{"href":"https:\/\/analyse.optim.biz\/index.php?rest_route=\/wp\/v2\/types\/post"}],"author":[{"embeddable":true,"href":"https:\/\/analyse.optim.biz\/index.php?rest_route=\/wp\/v2\/users\/1"}],"replies":[{"embeddable":true,"href":"https:\/\/analyse.optim.biz\/index.php?rest_route=%2Fwp%2Fv2%2Fcomments&post=2088657"}],"version-history":[{"count":0,"href":"https:\/\/analyse.optim.biz\/index.php?rest_route=\/wp\/v2\/posts\/2088657\/revisions"}],"wp:attachment":[{"href":"https:\/\/analyse.optim.biz\/index.php?rest_route=%2Fwp%2Fv2%2Fmedia&parent=2088657"}],"wp:term":[{"taxonomy":"category","embeddable":true,"href":"https:\/\/analyse.optim.biz\/index.php?rest_route=%2Fwp%2Fv2%2Fcategories&post=2088657"},{"taxonomy":"post_tag","embeddable":true,"href":"https:\/\/analyse.optim.biz\/index.php?rest_route=%2Fwp%2Fv2%2Ftags&post=2088657"}],"curies":[{"name":"wp","href":"https:\/\/api.w.org\/{rel}","templated":true}]}}