{"id":2088655,"date":"2026-08-11T11:49:13","date_gmt":"2026-08-11T08:49:13","guid":{"rendered":"https:\/\/analyse.optim.biz\/?p=2088655"},"modified":"2026-08-11T11:49:13","modified_gmt":"2026-08-11T08:49:13","slug":"noapte-sub-perseide-la-biserica-dintr-o-piatra-omd-buzau-pune-la-dispozitie-doua-autocare-pentru-cei-care-vor-sa-vada-spectacolul-cerului","status":"publish","type":"post","link":"https:\/\/analyse.optim.biz\/?p=2088655","title":{"rendered":"Noapte sub Perseide, la Biserica dintr-o Piatr\u0103. OMD Buz\u0103u pune la dispozi\u021bie dou\u0103 autocare pentru cei care vor s\u0103 vad\u0103 spectacolul cerului"},"content":{"rendered":"<p>[analyse_image type=&#8221;featured&#8221; src=&#8221;https:\/\/www.observatorulbuzoian.ro\/wp-content\/uploads\/2026\/08\/Eveniment-Naeni-scaled.jpeg&#8221;]<\/p>\n<div class=\"td-post-content tagdiv-type\">\n<p class=\"isSelectedEnd\">Buzoienii sunt invita\u021bi s\u0103 petreac\u0103 noaptea de miercuri spre joi cu ochii a\u021binti\u021bi spre cer, \u00eentr-unul dintre locurile spectaculoase ale jude\u021bului. Organiza\u021bia de Management al Destina\u021biei Jude\u021bul Buz\u0103u, al\u0103turi de Consiliul Jude\u021bean Buz\u0103u, organizeaz\u0103, \u00een noaptea de <strong>12 spre 13 august 2026<\/strong>, o experien\u021b\u0103 dedicat\u0103 Perseidelor, una dintre cele mai cunoscute \u0219i spectaculoase ploi de meteori ale anului.<\/p>\n<p class=\"isSelectedEnd\">Locul ales pentru observa\u021biile astronomice este <strong>Biserica dintr-o Piatr\u0103 din N\u0103eni<\/strong>, pe Dealul Istri\u021ba, o zon\u0103 aflat\u0103 departe de luminile puternice ale ora\u0219elor \u0219i care ofer\u0103 condi\u021bii potrivite pentru observarea cerului nocturn.<\/p>\n<p class=\"isSelectedEnd\">Evenimentul are at\u00e2t o component\u0103 turistic\u0103, c\u00e2t \u0219i una educa\u021bional\u0103, organizatorii dorind s\u0103 ofere participan\u021bilor o modalitate diferit\u0103 de a descoperi jude\u021bul Buz\u0103u \u0219i patrimoniul natural \u0219i cultural al zonei.<\/p>\n<h2>Telescoape \u0219i ghizi locali pentru participan\u021bi<\/h2>\n<p class=\"isSelectedEnd\">Cei care vor ajunge la Biserica dintr-o Piatr\u0103 nu vor avea parte doar de c\u00e2teva ore petrecute privind cerul. Organizatorii vor pune la dispozi\u021bie <strong>telescoape<\/strong>, iar participan\u021bii vor fi \u00eenso\u021bi\u021bi de ghizi locali certifica\u021bi.<\/p>\n<p class=\"isSelectedEnd\">Ace\u0219tia vor oferi informa\u021bii despre zona N\u0103eni \u0219i Dealul Istri\u021ba, dar \u0219i despre ceea ce poate fi observat pe cer \u00een timpul nop\u021bii.<\/p>\n<p class=\"isSelectedEnd\">Programul include <strong>observarea Perseidelor \u0219i a cerului nocturn, observa\u021bii cu telescoapele \u0219i o prezentare turistic\u0103 a zonei<\/strong>.<\/p>\n<p class=\"isSelectedEnd\">Alegerea locului nu este \u00eent\u00e2mpl\u0103toare. Peisajele deschise de pe Dealul Istri\u021ba, distan\u021ba fa\u021b\u0103 de marile surse de lumin\u0103 artificial\u0103 \u0219i caracterul natural al zonei creeaz\u0103 condi\u021bii favorabile pentru observarea meteorilor.<\/p>\n<p class=\"isSelectedEnd\">Perseidele pot fi v\u0103zute \u00een fiecare var\u0103, iar perioada maximului de activitate este una dintre cele mai a\u0219teptate de pasiona\u021bii de astronomie. Fenomenul este cu at\u00e2t mai u\u0219or de urm\u0103rit cu c\u00e2t observatorul se afl\u0103 \u00eentr-o zon\u0103 cu cer \u00eentunecat \u0219i cu poluare luminoas\u0103 redus\u0103.<\/p>\n<h2>Dou\u0103 autocare gratuite din Buz\u0103u. Cum se fac \u00eenscrierile<\/h2>\n<p class=\"isSelectedEnd\">Pentru buzoienii care vor s\u0103 participe la eveniment, OMD Jude\u021bul Buz\u0103u pune la dispozi\u021bie <strong>dou\u0103 autocare, cu transport dus-\u00eentors din municipiul Buz\u0103u<\/strong>.<\/p>\n<p class=\"isSelectedEnd\"><strong>\u00censcrierea este obligatorie \u0219i se face prin e-mail, la adresa <\/strong><a href=\"mailto:omdjudetulbuzau@gmail.com\"><strong>omdjudetulbuzau@gmail.com<\/strong><\/a><strong>, p\u00e2n\u0103 la ocuparea locurilor disponibile.<\/strong><\/p>\n<p class=\"isSelectedEnd\">Autocarele vor pleca <strong>miercuri, 12 august, la ora 20:00, din fa\u021ba Consiliului Jude\u021bean Buz\u0103u<\/strong>.<\/p>\n<p class=\"isSelectedEnd\">\u00centoarcerea spre municipiul Buz\u0103u este programat\u0103 <strong>\u00een jurul orei 01:00<\/strong>, \u00een noaptea de 12 spre 13 august.<\/p>\n<p class=\"isSelectedEnd\">Organizatorii le recomand\u0103 participan\u021bilor s\u0103 \u021bin\u0103 cont c\u0103 vor petrece mai multe ore \u00een aer liber, pe timpul nop\u021bii, \u0219i s\u0103 vin\u0103 echipa\u021bi corespunz\u0103tor.<\/p>\n<p class=\"isSelectedEnd\">Sunt recomandate <strong>p\u0103turi sau scaune pliante, \u00eembr\u0103c\u0103minte c\u0103lduroas\u0103 \u0219i lanterne<\/strong>.<\/p>\n<h2>Buz\u0103ul \u00eencearc\u0103 \u0219i astroturismul<\/h2>\n<p class=\"isSelectedEnd\">Evenimentul de la N\u0103eni este g\u00e2ndit \u0219i ca un prim pas c\u0103tre dezvoltarea unei noi forme de promovare turistic\u0103 a jude\u021bului: <strong>astroturismul<\/strong>.<\/p>\n<p class=\"isSelectedEnd\">Este un segment aflat \u00een dezvoltare la nivel european \u0219i care valorific\u0103 tocmai destina\u021biile cu poluare luminoas\u0103 redus\u0103, cer \u00eentunecat \u0219i peisaje naturale care permit observarea \u00een condi\u021bii bune a fenomenelor astronomice.<\/p>\n<p class=\"isSelectedEnd\">Zona N\u0103eni \u0219i Dealul Istri\u021ba se \u00eencadreaz\u0103 \u00een acest profil, iar OMD Buz\u0103u \u00eencearc\u0103 astfel s\u0103 adauge o nou\u0103 component\u0103 ofertei turistice a jude\u021bului.<\/p>\n<p class=\"isSelectedEnd\">\u201ePrin acest eveniment, propunem o nou\u0103 modalitate de a descoperi jude\u021bul Buz\u0103u, printr-o experien\u021b\u0103 care aduce oamenii mai aproape de natur\u0103 \u0219i de patrimoniul s\u0103u cultural \u0219i natural\u201d, transmit reprezentan\u021bii OMD Jude\u021bul Buz\u0103u.<\/p>\n<h3>INFORMA\u021aII PENTRU PARTICIPAN\u021aI<\/h3>\n<p><strong>Data:<\/strong> noaptea de 12 spre 13 august 2026<br \/><strong>Locul:<\/strong> Biserica dintr-o Piatr\u0103 \u2013 N\u0103eni, jude\u021bul Buz\u0103u<br \/><strong>Plecare autocare:<\/strong> ora 20:00, din fa\u021ba Consiliului Jude\u021bean Buz\u0103u<br \/><strong>\u00centoarcere:<\/strong> \u00een jurul orei 01:00<br \/><strong>\u00censcrieri:<\/strong><a href=\"mailto:omdjudetulbuzau@gmail.com\">omdjudetulbuzau@gmail.com<\/a>, p\u00e2n\u0103 la ocuparea locurilor disponibile<br \/><strong>De luat cu voi:<\/strong> p\u0103turi\/scaune pliante, haine c\u0103lduroase \u0219i lanterne.<\/p>\n<\/div>\n<p>[analyse_source url=&#8221;https:\/\/www.observatorulbuzoian.ro\/noapte-sub-perseide-la-biserica-dintr-o-piatra-omd-buzau-pune-la-dispozitie-doua-autocare-pentru-cei-care-vor-sa-vada-spectacolul-cerului\/&#8221;]<\/p>\n","protected":false},"excerpt":{"rendered":"<p>[analyse_image type=&#8221;featured&#8221; src=&#8221;https:\/\/www.observatorulbuzoian.ro\/wp-content\/uploads\/2026\/08\/Eveniment-Naeni-scaled.jpeg&#8221;] Buzoienii sunt invita\u021bi s\u0103 petreac\u0103 noaptea de miercuri spre joi cu ochii a\u021binti\u021bi spre cer, \u00eentr-unul dintre locurile spectaculoase ale jude\u021bului. Organiza\u021bia de Management al Destina\u021biei Jude\u021bul Buz\u0103u, al\u0103turi de Consiliul Jude\u021bean Buz\u0103u, organizeaz\u0103, \u00een noaptea de 12 spre 13 august 2026, o experien\u021b\u0103 dedicat\u0103 Perseidelor, una dintre cele mai cunoscute \u0219i [&hellip;]<\/p>\n","protected":false},"author":1,"featured_media":0,"comment_status":"open","ping_status":"","sticky":false,"template":"","format":"standard","meta":{"footnotes":""},"categories":[2],"tags":[226,82],"class_list":["post-2088655","post","type-post","status-publish","format-standard","hentry","category-politics","tag-crawlmanager","tag-observatorulbuzoian-ro"],"_links":{"self":[{"href":"https:\/\/analyse.optim.biz\/index.php?rest_route=\/wp\/v2\/posts\/2088655","targetHints":{"allow":["GET"]}}],"collection":[{"href":"https:\/\/analyse.optim.biz\/index.php?rest_route=\/wp\/v2\/posts"}],"about":[{"href":"https:\/\/analyse.optim.biz\/index.php?rest_route=\/wp\/v2\/types\/post"}],"author":[{"embeddable":true,"href":"https:\/\/analyse.optim.biz\/index.php?rest_route=\/wp\/v2\/users\/1"}],"replies":[{"embeddable":true,"href":"https:\/\/analyse.optim.biz\/index.php?rest_route=%2Fwp%2Fv2%2Fcomments&post=2088655"}],"version-history":[{"count":0,"href":"https:\/\/analyse.optim.biz\/index.php?rest_route=\/wp\/v2\/posts\/2088655\/revisions"}],"wp:attachment":[{"href":"https:\/\/analyse.optim.biz\/index.php?rest_route=%2Fwp%2Fv2%2Fmedia&parent=2088655"}],"wp:term":[{"taxonomy":"category","embeddable":true,"href":"https:\/\/analyse.optim.biz\/index.php?rest_route=%2Fwp%2Fv2%2Fcategories&post=2088655"},{"taxonomy":"post_tag","embeddable":true,"href":"https:\/\/analyse.optim.biz\/index.php?rest_route=%2Fwp%2Fv2%2Ftags&post=2088655"}],"curies":[{"name":"wp","href":"https:\/\/api.w.org\/{rel}","templated":true}]}}