{"id":2088572,"date":"2026-08-04T00:00:00","date_gmt":"2026-08-03T21:00:00","guid":{"rendered":"https:\/\/analyse.optim.biz\/?p=2088572"},"modified":"2026-08-04T00:00:00","modified_gmt":"2026-08-03T21:00:00","slug":"biblioteca-de-vacanta-ajunge-in-crangul-petresti-biblioteca-judeteana-vrancea-deschide-o-filiala-in-aer-liber-pentru-copii-si-familii","status":"publish","type":"post","link":"https:\/\/analyse.optim.biz\/?p=2088572","title":{"rendered":"Biblioteca de Vacan\u021b\u0103 ajunge \u00een Cr\u00e2ngul Petre\u0219ti. Biblioteca Jude\u021bean\u0103 Vrancea deschide o filial\u0103 \u00een aer liber pentru copii \u0219i familii"},"content":{"rendered":"<p>[analyse_image type=&#8221;featured&#8221; src=&#8221;https:\/\/zdvi.cname.ro\/_\/biblioteca-de-vacanta-ajunge-in-crangul-petresti.-biblioteca-judeteana-vrancea-deschide-o-filiala-in-aer-liber-pentru-copii-si-familii\/mediaPool\/umDXc9R.jpeg&#8221;]<\/p>\n<div class=\"main-content detaliu-articol\"><a class=\"titlu-cat-list\" href=\"https:\/\/ziaruldevrancea.ro\/special\/educatie\">Educa\u021bie<\/a><\/p>\n<h1>Biblioteca de Vacan\u021b\u0103 ajunge \u00een Cr\u00e2ngul Petre\u0219ti. Biblioteca Jude\u021bean\u0103 Vrancea deschide o filial\u0103 \u00een aer liber pentru copii \u0219i familii<\/h1>\n<div class=\"date-articol clearfix\">\n<div class=\"distribuie-articol dropdown\">\n    Distribuie: \u00a0<br \/>\n    <em>|<\/em><\/div>\n<div class=\"autor-articol\"><a href=\"https:\/\/ziaruldevrancea.ro\/autor\/anca-vasiliu\/\"><img decoding=\"async\" class=\"img-circle\" src=\"https:\/\/zdvi.cname.ro\/50_50\/articleAuthor\/anca-vasiliu\/articleAuthor\/u3OxgX4.PNG\" alt><\/a><\/p>\n<h5><a href=\"https:\/\/ziaruldevrancea.ro\/autor\/anca-vasiliu\/\">Anca Vasiliu<\/a><\/h5>\n<div class=\"grup-spatiere\"><span class=\"cu-spatiere\"> 4 aug 2026<\/span><span class=\"cu-spatiere\">636 vizualiz\u0103ri<\/span><\/div>\n<\/div>\n<\/div>\n<div class=\"poza-mare\"><a href class=\"openGallery\"><img decoding=\"async\" class=\"img-responsive\" src=\"https:\/\/zdvi.cname.ro\/850_530\/biblioteca-de-vacanta-ajunge-in-crangul-petresti.-biblioteca-judeteana-vrancea-deschide-o-filiala-in-aer-liber-pentru-copii-si-familii\/article\/mediaPool\/umDXc9R.jpeg\" alt><\/a><\/div>\n<p>\u200b<strong>\u00cen fiecare joi \u0219i vineri din luna august, \u00eentre orele 17:00 \u0219i 20:00, vr\u00e2ncenii sunt invita\u021bi la Centrul de Informare din Cr\u00e2ngul Petre\u0219ti pentru lectur\u0103, ateliere creative, jocuri \u0219i activit\u0103\u021bi dedicate vacan\u021bei de var\u0103.<\/strong><\/p>\n<p><strong>Biblioteca de Vacan\u021b\u0103 ajunge \u00een Cr\u00e2ngul Petre\u0219ti. Biblioteca Jude\u021bean\u0103 Vrancea deschide o filial\u0103 \u00een aer liber pentru copii \u0219i familii<\/strong><\/p>\n<p>Biblioteca Jude\u021bean\u0103 \u201eDuiliu Zamfirescu\u201d Vrancea extinde \u00een aceast\u0103 var\u0103 activit\u0103\u021bile dedicate publicului \u0219i deschide o <strong>Filial\u0103 de Vacan\u021b\u0103<\/strong> \u00een Cr\u00e2ngul Petre\u0219ti, \u00een cadrul celei de-a XVIII-a edi\u021bii a programului \u201eBiblioteca de Vacan\u021b\u0103\u201d.<\/p>\n<p>Potrivit unui comunicat transmis mar\u021bi, 4 august 2026, redac\u021biei <em>Ziarului de Vrancea<\/em> de Compartimentul Rela\u021bii Publice al institu\u021biei, noul spa\u021biu \u00ee\u0219i propune s\u0103 ofere copiilor, tinerilor \u0219i familiilor o alternativ\u0103 de petrecere a timpului liber, \u00eentr-un cadru natural, prin activit\u0103\u021bi educative \u0219i recreative.<\/p>\n<p>Pe parcursul \u00eentregii luni august, <strong>\u00een fiecare joi \u0219i vineri, \u00eentre orele 17:00 \u0219i 20:00<\/strong>, la <strong>Centrul de Informare din Cr\u00e2ngul Petre\u0219ti<\/strong>, participan\u021bii vor putea lua parte la o gam\u0103 variat\u0103 de activit\u0103\u021bi.<\/p>\n<p>Programul include:<\/p>\n<ul>\n<li>lectur\u0103 \u00een aer liber;<\/li>\n<li>c\u0103r\u021bi care pot fi \u00eemprumutate pentru acas\u0103;<\/li>\n<li>ateliere de crea\u021bie \u0219i bricolaj;<\/li>\n<li>ateliere de pictur\u0103;<\/li>\n<li>jocuri \u0219i activit\u0103\u021bi \u00een limba englez\u0103 (\u201eEnglish Games\u201d);<\/li>\n<li>concursuri interactive precum <strong>\u201eMin\u021bi Iste\u021be\u201d<\/strong> \u0219i <strong>\u201eC\u0103r\u021bi Deschise\u201d<\/strong>;<\/li>\n<li>provoc\u0103ri, ghicitori \u0219i alte activit\u0103\u021bi dedicate copiilor \u0219i familiilor.<\/li>\n<\/ul>\n<p>Reprezentan\u021bii Bibliotecii Jude\u021bene arat\u0103 c\u0103 Filiala de Vacan\u021b\u0103 urm\u0103re\u0219te s\u0103 transforme lectura \u00eentr-o experien\u021b\u0103 accesibil\u0103 \u0219i atractiv\u0103, desf\u0103\u0219urat\u0103 \u00een aer liber, \u00een apropierea naturii. Ini\u021biativa face parte din programul estival al institu\u021biei \u0219i continu\u0103 tradi\u021bia \u201eBibliotecii de Vacan\u021b\u0103\u201d, organizat\u0103 anual \u00een jude\u021bul Vrancea.<\/p>\n<p>\u00cen mesajul transmis presei, managerul Bibliotecii Jude\u021bene \u201eDuiliu Zamfirescu\u201d Vrancea, <strong>Oana-Raluca Boian<\/strong>, invit\u0103 publicul s\u0103 participe la activit\u0103\u021bile preg\u0103tite \u00een Cr\u00e2ngul Petre\u0219ti, unde lectura, jocurile \u0219i atelierele creative vor completa programul de vacan\u021b\u0103 al copiilor.<\/p>\n<p>Prin aceast\u0103 ini\u021biativ\u0103, Biblioteca Jude\u021bean\u0103 \u00ee\u0219i propune s\u0103 aduc\u0103 mai aproape de comunitate serviciile sale culturale \u0219i educative, oferind un spa\u021biu \u00een care lectura \u0219i activit\u0103\u021bile interactive se \u00eembin\u0103 cu petrecerea timpului liber \u00een aer liber.<\/p>\n<p>Programul se desf\u0103\u0219oar\u0103 <strong>pe \u00eentreaga durat\u0103 a lunii august<\/strong>, iar participarea este destinat\u0103 copiilor, tinerilor \u0219i familiilor interesate de activit\u0103\u021bi recreative \u0219i educative.<\/p>\n<p><strong>Anca Vasiliu\u00a0<\/strong><\/p>\n<hr>\n<div class=\"bloc-widget widget-rosu\">\n<p>\u00cen lipsa unui acord scris din partea Ziarului de Vrancea, pute\u0163i prelua maxim 500 de caractere din acest articol dac\u0103 preciza\u0163i sursa \u015fi insera\u0163i vizibil link-ul articolului:\u00a0<span>#insertcurrentlinkhere<\/span><\/p>\n<\/div>\n<div class=\"extra-articol listing-anunturi\">\n<h6>Anun\u021buri <span class=\"text-primary\">ZdV<\/span> Premium<\/h6>\n<div class=\"row\">\n<div class=\"col-lg-4 col-md-6 bloc-egal\"><a class=\"card-anunt\" href=\"https:\/\/ziaruldevrancea.ro\/anunturi\/auto\/utilaje-camioane\/vand-combina-agricola\"><strong class=\"titlu\">Utilaje-Camioane<\/strong><span class=\"text-anunt\">V\u00e2nd combin\u0103 agricol\u0103 Claas Dominator 85&#8230;<\/span><span class=\"data-anunt\">11.08.2026  <\/span><\/a><\/div>\n<div class=\"col-lg-4 col-md-6 bloc-egal\"><a class=\"card-anunt\" href=\"https:\/\/ziaruldevrancea.ro\/anunturi\/altele\/aniversari\/un-secol-de-viata-pentru-emanoil-gaspar-fost-sef-de-post-in-comuna-bordesti-la-multi-ani-tata\"><strong class=\"titlu\">Anivers\u0103ri<\/strong><span class=\"text-anunt\">Aniversare deosebit\u0103 \u00een Vrancea | Emanoil&#8230;<\/span><span class=\"data-anunt\">12.08.2026  <\/span><\/a><\/div>\n<div class=\"col-lg-4 col-md-6 bloc-egal\"><a class=\"card-anunt\" href=\"https:\/\/ziaruldevrancea.ro\/anunturi\/angajari\/oferte-angajari\/diverse-anunt-72834\"><strong class=\"titlu\">Oferte<\/strong><span class=\"text-anunt\">Caut persoan\u0103 \u00eengrijire persoan\u0103&#8230;<\/span><span class=\"data-anunt\">12.08.2026 , Vrancea , Foc\u0219ani<\/span><\/a><\/div>\n<\/div>\n<\/div>\n<div class=\"extra-articol alte-articole\">\n<div class=\"row\">\n<div class=\"col-lg-6 bloc-egal\">\n<div class=\"card articol-listing\">\n<h6>\u00cen categoria <a href=\"https:\/\/ziaruldevrancea.ro\/special\/educatie\">Educa\u021bie<\/a><\/h6>\n<div class=\"grup-articol-listing\">\n<div class=\"cont-pils\"><a href=\"https:\/\/ziaruldevrancea.ro\/special\/educatie\/scoala-incepe-pe-7-septembrie-2026-si-in-vrancea.-calendarul-complet-al-anului-scolar-2026-2027-module-vacante-si-zile-libere\"><img decoding=\"async\" src=\"https:\/\/zdvi.cname.ro\/180_135\/special\/educatie\/scoala-incepe-pe-7-septembrie-2026-si-in-vrancea.-calendarul-complet-al-anului-scolar-2026-2027-module-vacante-si-zile-libere\/mediaPool\/ubU0IQ1.jpg\" class=\"img-responsive img-180\" alt><\/a><\/div>\n<h2><a class=\"link-titlu\" href=\"https:\/\/ziaruldevrancea.ro\/special\/educatie\/scoala-incepe-pe-7-septembrie-2026-si-in-vrancea.-calendarul-complet-al-anului-scolar-2026-2027-module-vacante-si-zile-libere\">\u0218coala \u00eencepe pe 7 septembrie 2026 \u0219i \u00een Vrancea. Calendarul complet al anului \u0219colar 2026-2027: module, vacan\u021be \u0219i zile libere<\/a><\/h2>\n<div class=\"date-post\"><a href=\"https:\/\/ziaruldevrancea.ro\/autor\/maria-bratu\">Maria BRATU<\/a>, 11 aug 2026  <\/div>\n<\/div>\n<div class=\"grup-articol-listing\">\n<div class=\"cont-pils\"><a href=\"https:\/\/ziaruldevrancea.ro\/special\/educatie\/astazi-despre-ion-barbu\"><img decoding=\"async\" src=\"https:\/\/zdvi.cname.ro\/180_135\/special\/educatie\/astazi-despre-ion-barbu\/mediaPool\/uKpkgLm.jpg\" class=\"img-responsive img-180\" alt><\/a><\/div>\n<h2><a class=\"link-titlu\" href=\"https:\/\/ziaruldevrancea.ro\/special\/educatie\/astazi-despre-ion-barbu\">Ast\u0103zi despre: matematicianul \u0219i poetul Ion Barbu &#8211; unul dintre cei mai importan\u021bi poe\u021bi rom\u00e2ni interbelici, reprezentant al modernismului literar rom\u00e2nesc. Ca matematician a fost membru titular al Academiei de \u0218tiin\u021be din Rom\u00e2nia<\/a><\/h2>\n<div class=\"date-post\"><a href=\"https:\/\/ziaruldevrancea.ro\/autor\/ziarul-de-vrancea\">Ziarul de Vrancea<\/a>, 11 aug 2026  <\/div>\n<\/div>\n<div class=\"grup-articol-listing\">\n<div class=\"cont-pils\"><a href=\"https:\/\/ziaruldevrancea.ro\/special\/educatie\/tineri-din-focsani-premiul-i-la-overthink-film-fest-bacau.-scurtmetrajul-social-media-castigator-la-categoria-liceu\"><img decoding=\"async\" src=\"https:\/\/zdvi.cname.ro\/180_135\/special\/educatie\/tineri-din-focsani-premiul-i-la-overthink-film-fest-bacau.-scurtmetrajul-social-media-castigator-la-categoria-liceu\/mediaPool\/up1cwzE.jpg\" class=\"img-responsive img-180\" alt><\/a><\/div>\n<h2><a class=\"link-titlu\" href=\"https:\/\/ziaruldevrancea.ro\/special\/educatie\/tineri-din-focsani-premiul-i-la-overthink-film-fest-bacau.-scurtmetrajul-social-media-castigator-la-categoria-liceu\">Tineri din Foc\u0219ani, Premiul I la Overthink Film Fest Bac\u0103u. Scurtmetrajul \u201eSocial Media\u201d, c\u00e2\u0219tig\u0103tor la categoria Liceu<\/a><\/h2>\n<div class=\"date-post\"><a href=\"https:\/\/ziaruldevrancea.ro\/autor\/maria-bratu\">Maria BRATU<\/a>, 10 aug 2026  <\/div>\n<\/div>\n<\/div>\n<\/div>\n<div class=\"col-lg-6 bloc-egal\">\n<div class=\"card articol-listing\">\n<h6>De acela\u0219i <a href=\"https:\/\/ziaruldevrancea.ro\/autor\/anca-vasiliu\/\">autor<\/a><\/h6>\n<div class=\"grup-articol-listing\">\n<div class=\"cont-pils\"><a href=\"https:\/\/ziaruldevrancea.ro\/promo\/brand-voice\/spitalul-municipal-adjud-prezinta-serviciile-compartimentului-de-hematologie\"><img decoding=\"async\" src=\"https:\/\/zdvi.cname.ro\/180_135\/promo\/brand-voice\/spitalul-municipal-adjud-prezinta-serviciile-compartimentului-de-hematologie\/mediaPool\/uAaXBuC.jpg\" class=\"img-responsive img-180\" alt><\/a><\/div>\n<h2><a class=\"link-titlu\" href=\"https:\/\/ziaruldevrancea.ro\/promo\/brand-voice\/spitalul-municipal-adjud-prezinta-serviciile-compartimentului-de-hematologie\">Spitalul Municipal Adjud prezint\u0103 serviciile Compartimentului de Hematologie<\/a><\/h2>\n<div class=\"date-post\"><a href=\"https:\/\/ziaruldevrancea.ro\/autor\/anca-vasiliu\">Anca Vasiliu<\/a>, 11 aug 2026  <\/div>\n<\/div>\n<div class=\"grup-articol-listing\">\n<div class=\"cont-pils\"><a href=\"https:\/\/ziaruldevrancea.ro\/actualitatea\/stiri-locale\/video-ce-spune-nelu-vlad-de-la-azur-despre-dn2l-lepsa-soveja.-celebrul-cantaret-a-ajuns-pe-spectaculosul-drum-din-muntii-vrancei\"><img decoding=\"async\" src=\"https:\/\/zdvi.cname.ro\/180_135\/actualitatea\/stiri-locale\/video-ce-spune-nelu-vlad-de-la-azur-despre-dn2l-lepsa-soveja.-celebrul-cantaret-a-ajuns-pe-spectaculosul-drum-din-muntii-vrancei\/mediaPool\/u8qhmOF.jpg\" class=\"img-responsive img-180\" alt><\/a><\/div>\n<h2><a class=\"link-titlu\" href=\"https:\/\/ziaruldevrancea.ro\/actualitatea\/stiri-locale\/video-ce-spune-nelu-vlad-de-la-azur-despre-dn2l-lepsa-soveja.-celebrul-cantaret-a-ajuns-pe-spectaculosul-drum-din-muntii-vrancei\">VIDEO | Ce spune Nelu Vlad de la Azur despre DN2L Lep\u0219a\u2013Soveja. Celebrul c\u00e2nt\u0103re\u021b a ajuns pe spectaculosul drum din Mun\u021bii Vrancei<\/a><\/h2>\n<div class=\"date-post\"><a href=\"https:\/\/ziaruldevrancea.ro\/autor\/anca-vasiliu\">Anca Vasiliu<\/a>, 10 aug 2026  <\/div>\n<\/div>\n<div class=\"grup-articol-listing\">\n<div class=\"cont-pils\"><a href=\"https:\/\/ziaruldevrancea.ro\/special\/social\/apel-umanitar-in-vrancea-crucea-rosie-intra-in-campania-pentru-anais-fetita-de-9-ani-din-nereju.-cum-poate-fi-ajutata\"><img decoding=\"async\" src=\"https:\/\/zdvi.cname.ro\/180_135\/special\/social\/apel-umanitar-in-vrancea-crucea-rosie-intra-in-campania-pentru-anais-fetita-de-9-ani-din-nereju.-cum-poate-fi-ajutata\/mediaPool\/uChpiIU.jpg\" class=\"img-responsive img-180\" alt><\/a><\/div>\n<h2><a class=\"link-titlu\" href=\"https:\/\/ziaruldevrancea.ro\/special\/social\/apel-umanitar-in-vrancea-crucea-rosie-intra-in-campania-pentru-anais-fetita-de-9-ani-din-nereju.-cum-poate-fi-ajutata\">Apel umanitar \u00een Vrancea | Crucea Ro\u0219ie intr\u0103 \u00een campania pentru Anais, feti\u021ba de 9 ani din Nereju. Cum poate fi ajutat\u0103<\/a><\/h2>\n<div class=\"date-post\"><a href=\"https:\/\/ziaruldevrancea.ro\/autor\/anca-vasiliu\">Anca Vasiliu<\/a>, 10 aug 2026  <\/div>\n<\/div>\n<\/div>\n<\/div>\n<\/div>\n<\/div>\n<div class=\"extra-articol listing-anunturi\">\n<h6>Anun\u021buri <span class=\"text-primary\">ZdV<\/span> Premium<\/h6>\n<div class=\"row\">\n<div class=\"col-lg-4 col-md-6 bloc-egal\"><a class=\"card-anunt\" href=\"https:\/\/ziaruldevrancea.ro\/anunturi\/inchirieri\/locuinte-oferte\/primesc-in-gazda-elevi-anunt-72832\"><strong class=\"titlu\">Locuin\u021be oferte<\/strong><span class=\"text-anunt\">Primesc \u00een gazd\u0103 elevi la cas\u0103-vil\u0103,&#8230;<\/span><span class=\"data-anunt\">07.08.2026  <\/span><\/a><\/div>\n<div class=\"col-lg-4 col-md-6 bloc-egal\"><a class=\"card-anunt\" href=\"https:\/\/ziaruldevrancea.ro\/anunturi\/altele\/matrimoniale\/Imi-caut-sufletul-pereche-anunt-72833\"><strong class=\"titlu\">Matrimoniale<\/strong><span class=\"text-anunt\">Domn serios caut doamn\u0103 serioas\u0103, v\u00e2rsta&#8230;<\/span><span class=\"data-anunt\">07.08.2026  <\/span><\/a><\/div>\n<div class=\"col-lg-4 col-md-6 bloc-egal\"><a class=\"card-anunt\" href=\"https:\/\/ziaruldevrancea.ro\/anunturi\/angajari\/oferte-angajari\/angajare-anunt-72830\"><strong class=\"titlu\">Oferte<\/strong><span class=\"text-anunt\">ECOSISTEM SRL cu sediul in localitatea Jorasti,&#8230;<\/span><span class=\"data-anunt\">05.08.2026  <\/span><\/a><\/div>\n<\/div>\n<\/div>\n<div class=\"bloc-widget widget-albastru\">\n    Ziarul de Vrancea \u00a0nu este responsabil juridic pentru con\u0163inutul textelor din comentariile de mai jos. Responsabilitatea pentru mesajele dumneavoastra v\u0103 revine \u00een exclusivitate.\n<\/div>\n<div class=\"comentarii-articol\" id=\"comentarii\">\n<h3>Comentarii: <span class=\"text-primary\">0<\/span><\/h3>\n<p><a href=\"https:\/\/ziaruldevrancea.ro\/special\/educatie\/biblioteca-de-vacanta-ajunge-in-crangul-petresti.-biblioteca-judeteana-vrancea-deschide-o-filiala-in-aer-liber-pentru-copii-si-familii\" class=\"btn btn-success btn-adauga-com\" data-toggle=\"modal\" data-parent=\"0\" data-target=\"#commentModal\">Adaug\u0103 comentariu<\/a><\/p>\n<div class=\"loadMask comments-mask\"><img decoding=\"async\" src=\"https:\/\/zdvs.cname.ro\/images\/loader_40.gif\"><\/div>\n<div class=\"comenteaza-jos\">Trebuie s\u0103 fii <a href=\"https:\/\/ziaruldevrancea.ro\/account\">autentificat<\/a> pentru a putea <a href=\"https:\/\/ziaruldevrancea.ro\/special\/educatie\/biblioteca-de-vacanta-ajunge-in-crangul-petresti.-biblioteca-judeteana-vrancea-deschide-o-filiala-in-aer-liber-pentru-copii-si-familii\" class data-toggle=\"modal\" data-parent=\"0\" data-target=\"#commentModal\">posta un comentariu<\/a>.<\/div>\n<\/div>\n<div class=\"modal fade\" id=\"commentModal\" role=\"dialog\" aria-labelledby=\"commentModalLabel\">\n<div class=\"modal-dialog modal-lg\" role=\"document\">\n<div class=\"modal-content\">\n<div class=\"modal-header\">\n<h3 class=\"modal-title\" id=\"commentModalLabel\">Comenteaz\u0103<\/h3>\n<\/div>\n<div class=\"modal-body\">\n<div class=\"tabel tabel-full\">\n<div class=\"celula\">\n              Trebuie s\u0103 fii <a href=\"https:\/\/ziaruldevrancea.ro\/account\">autentificat<\/a> pentru a putea posta un comentariu.\n            <\/div>\n<\/div>\n<\/div>\n<div class=\"modal-footer\">\n<div id=\"commentPending\" class=\"formPending pull-left\"><img decoding=\"async\" src=\"https:\/\/zdvs.cname.ro\/images\/loader_40.gif\"> In curs de procesare&#8230;<\/div>\n<p><a href=\"https:\/\/ziaruldevrancea.ro\/special\/educatie\/biblioteca-de-vacanta-ajunge-in-crangul-petresti.-biblioteca-judeteana-vrancea-deschide-o-filiala-in-aer-liber-pentru-copii-si-familii\" class=\"btn btn-default\" data-dismiss=\"modal\">Anuleaz\u0103<\/a><\/div>\n<\/div>\n<\/div>\n<\/div>\n<div class=\"modal fade\" id=\"commentReportModal\" role=\"dialog\" aria-labelledby=\"commentReportModalLabel\">\n<div class=\"modal-dialog modal-lg\" role=\"document\">\n<div class=\"modal-content\">\n<div class=\"modal-header\">\n<h3 class=\"modal-title\" id=\"commentReportModalLabel\">Raporteaza comentariu<\/h3>\n<\/div>\n<div class=\"modal-body\">\n<div class=\"tabel tabel-full\">\n<div class=\"celula\">\n              Trebuie s\u0103 fii <a href=\"https:\/\/ziaruldevrancea.ro\/account\">autentificat<\/a> pentru a putea raporta un comentariu.\n            <\/div>\n<\/div>\n<\/div>\n<div class=\"modal-footer\">\n<div id=\"commentReportPending\" class=\"formPending pull-left\"><img decoding=\"async\" src=\"https:\/\/zdvs.cname.ro\/images\/loader_40.gif\"> In curs de procesare&#8230;<\/div>\n<p><a href=\"https:\/\/ziaruldevrancea.ro\/special\/educatie\/biblioteca-de-vacanta-ajunge-in-crangul-petresti.-biblioteca-judeteana-vrancea-deschide-o-filiala-in-aer-liber-pentru-copii-si-familii\" class=\"btn btn-default\" data-dismiss=\"modal\">Anuleaz\u0103<\/a><\/div>\n<\/div>\n<\/div>\n<\/div>\n<div class=\"modal fade\" id=\"commentLikeModal\" role=\"dialog\" aria-labelledby=\"commentLikeModalLabel\">\n<div class=\"modal-dialog modal-lg\" role=\"document\">\n<div class=\"modal-content\">\n<div class=\"modal-header\">\n<h3 class=\"modal-title\" id=\"commentReportModalLabel\">Apreciaza comentariu<\/h3>\n<\/div>\n<div class=\"modal-body\">\n<div class=\"tabel tabel-full\">\n<div class=\"celula\">\n            Trebuie s\u0103 fii <a href=\"https:\/\/ziaruldevrancea.ro\/account\">autentificat<\/a> pentru a putea aprecia un comentariu.\n          <\/div>\n<\/div>\n<\/div>\n<div class=\"modal-footer\"><a href=\"https:\/\/ziaruldevrancea.ro\/special\/educatie\/biblioteca-de-vacanta-ajunge-in-crangul-petresti.-biblioteca-judeteana-vrancea-deschide-o-filiala-in-aer-liber-pentru-copii-si-familii\" class=\"btn btn-default\" data-dismiss=\"modal\">Anuleaz\u0103<\/a><\/div>\n<\/div>\n<\/div>\n<\/div>\n<div class=\"bloc-widget widget-rosu\"><span><small>Ziarul de Vrancea doreste ca acest site sa fie un spatiu al discutiilor civilizate, al comentariilor de bun simt. Din acest motiv, cei care posteaza comentarii la articole trebuie sa respecte urmatoarele reguli:<br \/>\n1. Sa se refere doar la articolul la care posteaza comentarii.<br \/>\n2. Sa foloseasca un limbaj civilizat, fara injurii, calomnii, comentarii antisemite, xenofobe sau rasiste.<br \/>\n3. Sunt interzise atacurile la adresa autorilor, daca acestea nu au legatura cu textul.<br \/>\n4. Username-ul sa nu fie nume de personalitati ale vietii publice sau parodieri ale acestora.<br \/>\nAutorul unui articol poate fi criticat pentru eventuale greseli, incoerenta, lipsa de documentare etc.<br \/>\nNerespectarea regulilor mentionate mai sus va duce la stergerea comentariilor, fara avertisment si fara explicatii.<br \/>\nAbaterile repetate vor avea drept consecinta interdictia accesului la aceasta facilitate a site-ului.<\/small><\/span><\/div>\n<\/div>\n<p>[analyse_source url=&#8221;https:\/\/ziaruldevrancea.ro\/special\/educatie\/biblioteca-de-vacanta-ajunge-in-crangul-petresti.-biblioteca-judeteana-vrancea-deschide-o-filiala-in-aer-liber-pentru-copii-si-familii&#8221;]<\/p>\n","protected":false},"excerpt":{"rendered":"<p>[analyse_image type=&#8221;featured&#8221; src=&#8221;https:\/\/zdvi.cname.ro\/_\/biblioteca-de-vacanta-ajunge-in-crangul-petresti.-biblioteca-judeteana-vrancea-deschide-o-filiala-in-aer-liber-pentru-copii-si-familii\/mediaPool\/umDXc9R.jpeg&#8221;] Educa\u021bie Biblioteca de Vacan\u021b\u0103 ajunge \u00een Cr\u00e2ngul Petre\u0219ti. Biblioteca Jude\u021bean\u0103 Vrancea deschide o filial\u0103 \u00een aer liber pentru copii \u0219i familii Distribuie: \u00a0 | Anca Vasiliu 4 aug 2026636 vizualiz\u0103ri \u200b\u00cen fiecare joi \u0219i vineri din luna august, \u00eentre orele 17:00 \u0219i 20:00, vr\u00e2ncenii sunt invita\u021bi la Centrul de Informare din Cr\u00e2ngul [&hellip;]<\/p>\n","protected":false},"author":1,"featured_media":0,"comment_status":"open","ping_status":"","sticky":false,"template":"","format":"standard","meta":{"footnotes":""},"categories":[89],"tags":[226,208],"class_list":["post-2088572","post","type-post","status-publish","format-standard","hentry","category-romania","tag-crawlmanager","tag-ziaruldevrancea-ro"],"_links":{"self":[{"href":"https:\/\/analyse.optim.biz\/index.php?rest_route=\/wp\/v2\/posts\/2088572","targetHints":{"allow":["GET"]}}],"collection":[{"href":"https:\/\/analyse.optim.biz\/index.php?rest_route=\/wp\/v2\/posts"}],"about":[{"href":"https:\/\/analyse.optim.biz\/index.php?rest_route=\/wp\/v2\/types\/post"}],"author":[{"embeddable":true,"href":"https:\/\/analyse.optim.biz\/index.php?rest_route=\/wp\/v2\/users\/1"}],"replies":[{"embeddable":true,"href":"https:\/\/analyse.optim.biz\/index.php?rest_route=%2Fwp%2Fv2%2Fcomments&post=2088572"}],"version-history":[{"count":0,"href":"https:\/\/analyse.optim.biz\/index.php?rest_route=\/wp\/v2\/posts\/2088572\/revisions"}],"wp:attachment":[{"href":"https:\/\/analyse.optim.biz\/index.php?rest_route=%2Fwp%2Fv2%2Fmedia&parent=2088572"}],"wp:term":[{"taxonomy":"category","embeddable":true,"href":"https:\/\/analyse.optim.biz\/index.php?rest_route=%2Fwp%2Fv2%2Fcategories&post=2088572"},{"taxonomy":"post_tag","embeddable":true,"href":"https:\/\/analyse.optim.biz\/index.php?rest_route=%2Fwp%2Fv2%2Ftags&post=2088572"}],"curies":[{"name":"wp","href":"https:\/\/api.w.org\/{rel}","templated":true}]}}