{"id":2088567,"date":"2026-07-28T00:00:00","date_gmt":"2026-07-27T21:00:00","guid":{"rendered":"https:\/\/analyse.optim.biz\/?p=2088567"},"modified":"2026-07-28T00:00:00","modified_gmt":"2026-07-27T21:00:00","slug":"infoeducatie-2026-incepe-la-focsani-consiliul-judetean-vrancea-ramane-partener-al-competitiei-nationale","status":"publish","type":"post","link":"https:\/\/analyse.optim.biz\/?p=2088567","title":{"rendered":"InfoEduca\u021bie 2026 \u00eencepe la Foc\u0219ani. Consiliul Jude\u021bean Vrancea r\u0103m\u00e2ne partener al competi\u021biei na\u021bionale"},"content":{"rendered":"<p>[analyse_image type=&#8221;featured&#8221; src=&#8221;https:\/\/zdvi.cname.ro\/_\/infoeducatie-2026-incepe-la-focsani.-consiliul-judetean-vrancea-ramane-partener-al-competitiei-nationale\/mediaPool\/uHLcanJ.jpeg&#8221;]<\/p>\n<div class=\"main-content detaliu-articol\"><a class=\"titlu-cat-list\" href=\"https:\/\/ziaruldevrancea.ro\/special\/educatie\">Educa\u021bie<\/a><\/p>\n<h1>InfoEduca\u021bie 2026 \u00eencepe la Foc\u0219ani. Consiliul Jude\u021bean Vrancea r\u0103m\u00e2ne partener al competi\u021biei na\u021bionale<\/h1>\n<div class=\"date-articol clearfix\">\n<div class=\"distribuie-articol dropdown\">\n    Distribuie: \u00a0<br \/>\n    <em>|<\/em><\/div>\n<div class=\"autor-articol\"><a href=\"https:\/\/ziaruldevrancea.ro\/autor\/maria-bratu\/\"><img decoding=\"async\" class=\"img-circle\" src=\"https:\/\/zdvi.cname.ro\/50_50\/articleAuthor\/maria-bratu\/articleAuthor\/urTSNay.PNG\" alt><\/a><\/p>\n<h5><a href=\"https:\/\/ziaruldevrancea.ro\/autor\/maria-bratu\/\">Maria BRATU<\/a><\/h5>\n<div class=\"grup-spatiere\"><span class=\"cu-spatiere\">28 iul 2026<\/span><span class=\"cu-spatiere\">824 vizualiz\u0103ri<\/span><\/div>\n<\/div>\n<\/div>\n<div class=\"poza-mare\"><a href class=\"openGallery\"><img decoding=\"async\" class=\"img-responsive\" src=\"https:\/\/zdvi.cname.ro\/850_530\/infoeducatie-2026-incepe-la-focsani.-consiliul-judetean-vrancea-ramane-partener-al-competitiei-nationale\/article\/mediaPool\/uHLcanJ.jpeg\" alt><\/a><\/div>\n<p><strong>\u00a0Peste 300 de elevi \u0219i profesori din \u00eentreaga \u021bar\u0103 particip\u0103, \u00een perioada 28\u201331 iulie, la cea de-a XXXIII-a edi\u021bie a Olimpiadei Na\u021bionale de Inova\u021bie \u0219i Creativitate Digital\u0103 \u201eInfoEduca\u021bie\u201d, eveniment organizat la Colegiul Na\u021bional \u201eUnirea\u201d, cu sprijinul tradi\u021bional al Consiliului Jude\u021bean Vrancea<\/strong><\/p>\n<p><strong>Vrancea g\u0103zduie\u0219te din nou una dintre cele mai importante competi\u021bii na\u021bionale dedicate tehnologiei \u0219i creativit\u0103\u021bii digitale<\/strong><\/p>\n<p>Jude\u021bul Vrancea va g\u0103zdui, \u00een perioada <strong>28\u201331 iulie 2026<\/strong>, etapa na\u021bional\u0103 a <strong>Olimpiadei Na\u021bionale de Inova\u021bie \u0219i Creativitate Digital\u0103 \u201eInfoEduca\u021bie\u201d<\/strong>, competi\u021bie care ajunge \u00een acest an la cea de-a <strong>XXXIII-a edi\u021bie<\/strong>. Evenimentul se va desf\u0103\u0219ura la <strong>Colegiul Na\u021bional \u201eUnirea\u201d din Foc\u0219ani<\/strong>, reunind peste <strong>300 de elevi \u0219i profesori<\/strong> din \u00eentreaga \u021bar\u0103.<\/p>\n<p>Potrivit unui comunicat transmis luni, 27 iulie, de Biroul de Pres\u0103 al Consiliului Jude\u021bean Vrancea, competi\u021bia, \u00eenfiin\u021bat\u0103 \u00een jude\u021bul Vrancea \u00een anul <strong>1994<\/strong>, continu\u0103 s\u0103 reprezinte un punct de referin\u021b\u0103 pentru elevii pasiona\u021bi de programare, inteligen\u021b\u0103 artificial\u0103, robotic\u0103 \u0219i dezvoltarea de solu\u021bii digitale inovatoare.<\/p>\n<p><strong>Deschiderea oficial\u0103 are loc mar\u021bi, la Colegiul Na\u021bional \u201eUnirea\u201d<\/strong><\/p>\n<p>Festivitatea de deschidere este programat\u0103 <strong>mar\u021bi, 28 iulie, de la ora 18:30<\/strong>, \u00een sala de festivit\u0103\u021bi a Colegiului Na\u021bional \u201eUnirea\u201d din Foc\u0219ani.<\/p>\n<p>Pe parcursul competi\u021biei, participan\u021bii \u00ee\u0219i vor prezenta proiectele \u00een mai multe domenii, printre care:<\/p>\n<ul>\n<li>aplica\u021bii web;<\/li>\n<li>robotic\u0103;<\/li>\n<li>multimedia;<\/li>\n<li>software educa\u021bional;<\/li>\n<li>aplica\u021bii utilitare.<\/li>\n<\/ul>\n<p>Organizatorii arat\u0103 c\u0103 lucr\u0103rile \u00eenscrise reflect\u0103 preocuparea elevilor pentru utilizarea tehnologiilor moderne \u0219i dezvoltarea unor solu\u021bii digitale aplicabile \u00een diverse domenii.<\/p>\n<p><strong>Programul include \u0219i promovarea jude\u021bului Vrancea<\/strong><\/p>\n<p>Pe l\u00e2ng\u0103 probele competi\u021biei, participan\u021bii vor lua parte \u0219i la activit\u0103\u021bi de promovare a patrimoniului \u0219i mediului economic local.<\/p>\n<p>Astfel, joi, concuren\u021bii \u0219i profesorii coordonatori vor vizita <strong>Mausoleul Eroilor de la M\u0103r\u0103\u0219e\u0219ti<\/strong>, precum \u0219i companiile vr\u00e2ncene <strong>Micromet<\/strong> \u0219i <strong>Electric SRL<\/strong>, unde vor avea ocazia s\u0103 vad\u0103 exemple de antreprenoriat \u0219i aplica\u021bii ale inteligen\u021bei artificiale utilizate \u00een industrie.<\/p>\n<p>\u00cen aceea\u0219i zi, de la ora <strong>15:00<\/strong>, la <strong>Muzeul Viei \u0219i Vinului<\/strong>, studen\u021bi ai Universit\u0103\u021bii de Vest din Timi\u0219oara vor realiza o demonstra\u021bie practic\u0103 cu drone.<\/p>\n<p><strong>Festivitatea de premiere, vineri 31 iulie<\/strong><\/p>\n<p>Competi\u021bia se va \u00eencheia <strong>vineri, 31 iulie<\/strong>, c\u00e2nd, \u00eencep\u00e2nd cu ora <strong>15:00<\/strong>, va avea loc festivitatea de premiere \u00een sala de festivit\u0103\u021bi a Colegiului Na\u021bional \u201eUnirea\u201d.<\/p>\n<p><strong>Consiliul Jude\u021bean Vrancea r\u0103m\u00e2ne partener al competi\u021biei<\/strong><\/p>\n<p>Consiliul Jude\u021bean Vrancea este partener tradi\u021bional al Olimpiadei \u201eInfoEduca\u021bie\u201d, sprijinind anual desf\u0103\u0219urarea evenimentului \u0219i participarea elevilor vr\u00e2nceni califica\u021bi la etapa na\u021bional\u0103.<\/p>\n<p>\u00cen comunicatul transmis presei, pre\u0219edintele Consiliului Jude\u021bean Vrancea, <strong>Nicu\u0219or Halici<\/strong>, afirm\u0103 c\u0103 investi\u021bia \u00een educa\u021bie \u0219i dezvoltarea competen\u021belor digitale reprezint\u0103 o direc\u021bie important\u0103 pentru viitor, subliniind totodat\u0103 rolul pe care competi\u021bia \u00eel are \u00een promovarea jude\u021bului \u0219i \u00een sus\u021binerea tinerilor pasiona\u021bi de tehnologie.<\/p>\n<p>Olimpiada Na\u021bional\u0103 de Inova\u021bie \u0219i Creativitate Digital\u0103 <strong>\u201eInfoEduca\u021bie\u201d<\/strong> este organizat\u0103 de <strong>Ministerul Educa\u021biei \u0219i Cercet\u0103rii<\/strong>, prin <strong>Inspectoratul \u0218colar Jude\u021bean Vrancea<\/strong>, \u00een parteneriat cu <strong>Consiliul Jude\u021bean Vrancea<\/strong>, <strong>Colegiul Na\u021bional \u201eUnirea\u201d<\/strong>, <strong>Colegiul Tehnic \u201eGheorghe Asachi\u201d<\/strong> \u0219i <strong>Uniunea Profesorilor de Informatic\u0103 din Rom\u00e2nia<\/strong>.<\/p>\n<p><strong>Maria Bratu\u00a0<\/strong><\/p>\n<p><strong>Citi\u021bi \u0219i con\u021binutul integral al comunicatului de pres\u0103\u00a0f\u0103cut public, luni 27 iulie 2026 ora 15:39, de Biroul de pres\u0103 al Consiliului Jude\u021bean Vrancea \u00een leg\u0103tur\u0103 cu acest articol <\/strong><\/p>\n<p><strong><img decoding=\"async\" alt src=\"https:\/\/zdvi.cname.ro\/_\/mediaPool-file\/mediaPool\/u6SYthv.jpg\"><\/strong><\/p>\n<p><strong><img decoding=\"async\" alt src=\"https:\/\/zdvi.cname.ro\/_\/mediaPool-file\/mediaPool\/uj0Dtje.jpg\"><\/strong><\/p>\n<hr>\n<div class=\"bloc-widget widget-rosu\">\n<p>\u00cen lipsa unui acord scris din partea Ziarului de Vrancea, pute\u0163i prelua maxim 500 de caractere din acest articol dac\u0103 preciza\u0163i sursa \u015fi insera\u0163i vizibil link-ul articolului:\u00a0<span>#insertcurrentlinkhere<\/span><\/p>\n<\/div>\n<div class=\"extra-articol listing-anunturi\">\n<h6>Anun\u021buri <span class=\"text-primary\">ZdV<\/span> Premium<\/h6>\n<div class=\"row\">\n<div class=\"col-lg-4 col-md-6 bloc-egal\"><a class=\"card-anunt\" href=\"https:\/\/ziaruldevrancea.ro\/anunturi\/auto\/utilaje-camioane\/vand-combina-agricola\"><strong class=\"titlu\">Utilaje-Camioane<\/strong><span class=\"text-anunt\">V\u00e2nd combin\u0103 agricol\u0103 Claas Dominator 85&#8230;<\/span><span class=\"data-anunt\">11.08.2026  <\/span><\/a><\/div>\n<div class=\"col-lg-4 col-md-6 bloc-egal\"><a class=\"card-anunt\" href=\"https:\/\/ziaruldevrancea.ro\/anunturi\/altele\/aniversari\/un-secol-de-viata-pentru-emanoil-gaspar-fost-sef-de-post-in-comuna-bordesti-la-multi-ani-tata\"><strong class=\"titlu\">Anivers\u0103ri<\/strong><span class=\"text-anunt\">Aniversare deosebit\u0103 \u00een Vrancea | Emanoil&#8230;<\/span><span class=\"data-anunt\">12.08.2026  <\/span><\/a><\/div>\n<div class=\"col-lg-4 col-md-6 bloc-egal\"><a class=\"card-anunt\" href=\"https:\/\/ziaruldevrancea.ro\/anunturi\/angajari\/oferte-angajari\/diverse-anunt-72834\"><strong class=\"titlu\">Oferte<\/strong><span class=\"text-anunt\">Caut persoan\u0103 \u00eengrijire persoan\u0103&#8230;<\/span><span class=\"data-anunt\">12.08.2026 , Vrancea , Foc\u0219ani<\/span><\/a><\/div>\n<\/div>\n<\/div>\n<div class=\"extra-articol alte-articole\">\n<div class=\"row\">\n<div class=\"col-lg-6 bloc-egal\">\n<div class=\"card articol-listing\">\n<h6>\u00cen categoria <a href=\"https:\/\/ziaruldevrancea.ro\/special\/educatie\">Educa\u021bie<\/a><\/h6>\n<div class=\"grup-articol-listing\">\n<div class=\"cont-pils\"><a href=\"https:\/\/ziaruldevrancea.ro\/special\/educatie\/scoala-incepe-pe-7-septembrie-2026-si-in-vrancea.-calendarul-complet-al-anului-scolar-2026-2027-module-vacante-si-zile-libere\"><img decoding=\"async\" src=\"https:\/\/zdvi.cname.ro\/180_135\/special\/educatie\/scoala-incepe-pe-7-septembrie-2026-si-in-vrancea.-calendarul-complet-al-anului-scolar-2026-2027-module-vacante-si-zile-libere\/mediaPool\/ubU0IQ1.jpg\" class=\"img-responsive img-180\" alt><\/a><\/div>\n<h2><a class=\"link-titlu\" href=\"https:\/\/ziaruldevrancea.ro\/special\/educatie\/scoala-incepe-pe-7-septembrie-2026-si-in-vrancea.-calendarul-complet-al-anului-scolar-2026-2027-module-vacante-si-zile-libere\">\u0218coala \u00eencepe pe 7 septembrie 2026 \u0219i \u00een Vrancea. Calendarul complet al anului \u0219colar 2026-2027: module, vacan\u021be \u0219i zile libere<\/a><\/h2>\n<div class=\"date-post\"><a href=\"https:\/\/ziaruldevrancea.ro\/autor\/maria-bratu\">Maria BRATU<\/a>, 11 aug 2026  <\/div>\n<\/div>\n<div class=\"grup-articol-listing\">\n<div class=\"cont-pils\"><a href=\"https:\/\/ziaruldevrancea.ro\/special\/educatie\/astazi-despre-ion-barbu\"><img decoding=\"async\" src=\"https:\/\/zdvi.cname.ro\/180_135\/special\/educatie\/astazi-despre-ion-barbu\/mediaPool\/uKpkgLm.jpg\" class=\"img-responsive img-180\" alt><\/a><\/div>\n<h2><a class=\"link-titlu\" href=\"https:\/\/ziaruldevrancea.ro\/special\/educatie\/astazi-despre-ion-barbu\">Ast\u0103zi despre: matematicianul \u0219i poetul Ion Barbu &#8211; unul dintre cei mai importan\u021bi poe\u021bi rom\u00e2ni interbelici, reprezentant al modernismului literar rom\u00e2nesc. Ca matematician a fost membru titular al Academiei de \u0218tiin\u021be din Rom\u00e2nia<\/a><\/h2>\n<div class=\"date-post\"><a href=\"https:\/\/ziaruldevrancea.ro\/autor\/ziarul-de-vrancea\">Ziarul de Vrancea<\/a>, 11 aug 2026  <\/div>\n<\/div>\n<div class=\"grup-articol-listing\">\n<div class=\"cont-pils\"><a href=\"https:\/\/ziaruldevrancea.ro\/special\/educatie\/tineri-din-focsani-premiul-i-la-overthink-film-fest-bacau.-scurtmetrajul-social-media-castigator-la-categoria-liceu\"><img decoding=\"async\" src=\"https:\/\/zdvi.cname.ro\/180_135\/special\/educatie\/tineri-din-focsani-premiul-i-la-overthink-film-fest-bacau.-scurtmetrajul-social-media-castigator-la-categoria-liceu\/mediaPool\/up1cwzE.jpg\" class=\"img-responsive img-180\" alt><\/a><\/div>\n<h2><a class=\"link-titlu\" href=\"https:\/\/ziaruldevrancea.ro\/special\/educatie\/tineri-din-focsani-premiul-i-la-overthink-film-fest-bacau.-scurtmetrajul-social-media-castigator-la-categoria-liceu\">Tineri din Foc\u0219ani, Premiul I la Overthink Film Fest Bac\u0103u. Scurtmetrajul \u201eSocial Media\u201d, c\u00e2\u0219tig\u0103tor la categoria Liceu<\/a><\/h2>\n<div class=\"date-post\"><a href=\"https:\/\/ziaruldevrancea.ro\/autor\/maria-bratu\">Maria BRATU<\/a>, 10 aug 2026  <\/div>\n<\/div>\n<\/div>\n<\/div>\n<div class=\"col-lg-6 bloc-egal\">\n<div class=\"card articol-listing\">\n<h6>De acela\u0219i <a href=\"https:\/\/ziaruldevrancea.ro\/autor\/maria-bratu\/\">autor<\/a><\/h6>\n<div class=\"grup-articol-listing\">\n<div class=\"cont-pils\"><a href=\"https:\/\/ziaruldevrancea.ro\/special\/educatie\/de-la-o-clasa-din-focsani-la-circa-6.000-de-elevi-pe-editie.-carmen-ion-povesteste-cum-s-a-nascut-boovie\"><img decoding=\"async\" src=\"https:\/\/zdvi.cname.ro\/180_135\/special\/educatie\/de-la-o-clasa-din-focsani-la-circa-6.000-de-elevi-pe-editie.-carmen-ion-povesteste-cum-s-a-nascut-boovie\/mediaPool\/u8kMEug.jpeg\" class=\"img-responsive img-180\" alt><\/a><\/div>\n<h2><a class=\"link-titlu\" href=\"https:\/\/ziaruldevrancea.ro\/special\/educatie\/de-la-o-clasa-din-focsani-la-circa-6.000-de-elevi-pe-editie.-carmen-ion-povesteste-cum-s-a-nascut-boovie\">De la o clas\u0103 din Foc\u0219ani la circa 6.000 de elevi pe edi\u021bie. Carmen Ion poveste\u0219te cum s-a n\u0103scut Boovie<\/a><\/h2>\n<div class=\"date-post\"><a href=\"https:\/\/ziaruldevrancea.ro\/autor\/maria-bratu\">Maria BRATU<\/a>,  9 aug 2026  <\/div>\n<\/div>\n<div class=\"grup-articol-listing\">\n<div class=\"cont-pils\"><a href=\"https:\/\/ziaruldevrancea.ro\/special\/educatie\/video-aicitizens-focsani-bilant-dupa-sezonul-decode-performante-mondiale-si-peste-260-de-elevi-implicati-in-proiecte-stem-in-vrancea\"><img decoding=\"async\" src=\"https:\/\/zdvi.cname.ro\/180_135\/special\/educatie\/video-aicitizens-focsani-bilant-dupa-sezonul-decode-performante-mondiale-si-peste-260-de-elevi-implicati-in-proiecte-stem-in-vrancea\/mediaPool\/uMP23Jh.jpg\" class=\"img-responsive img-180\" alt><\/a><\/div>\n<h2><a class=\"link-titlu\" href=\"https:\/\/ziaruldevrancea.ro\/special\/educatie\/video-aicitizens-focsani-bilant-dupa-sezonul-decode-performante-mondiale-si-peste-260-de-elevi-implicati-in-proiecte-stem-in-vrancea\">VIDEO | AICitizens Foc\u0219ani, bilan\u021b dup\u0103 sezonul DECODE: performan\u021be mondiale \u0219i peste 260 de elevi implica\u021bi \u00een proiecte STEM \u00een Vrancea<\/a><\/h2>\n<div class=\"date-post\"><a href=\"https:\/\/ziaruldevrancea.ro\/autor\/maria-bratu\">Maria BRATU<\/a>,  9 aug 2026  <\/div>\n<\/div>\n<div class=\"grup-articol-listing\">\n<div class=\"cont-pils\"><a href=\"https:\/\/ziaruldevrancea.ro\/special\/educatie\/-bacalaureat-2026-in-vrancea-566-de-candidati-intra-de-luni-in-sesiunea-de-vara-toamna\"><img decoding=\"async\" src=\"https:\/\/zdvi.cname.ro\/180_135\/special\/educatie\/-bacalaureat-2026-in-vrancea-566-de-candidati-intra-de-luni-in-sesiunea-de-vara-toamna\/mediaPool\/ugLDQqr.jpg\" class=\"img-responsive img-180\" alt><\/a><\/div>\n<h2><a class=\"link-titlu\" href=\"https:\/\/ziaruldevrancea.ro\/special\/educatie\/-bacalaureat-2026-in-vrancea-566-de-candidati-intra-de-luni-in-sesiunea-de-vara-toamna\">\u00a0Bacalaureat 2026 \u00een Vrancea: 566 de candida\u021bi intr\u0103 de luni \u00een sesiunea de var\u0103-toamn\u0103<\/a><\/h2>\n<div class=\"date-post\"><a href=\"https:\/\/ziaruldevrancea.ro\/autor\/maria-bratu\">Maria BRATU<\/a>,  7 aug 2026  <\/div>\n<\/div>\n<\/div>\n<\/div>\n<\/div>\n<\/div>\n<div class=\"extra-articol listing-anunturi\">\n<h6>Anun\u021buri <span class=\"text-primary\">ZdV<\/span> Premium<\/h6>\n<div class=\"row\">\n<div class=\"col-lg-4 col-md-6 bloc-egal\"><a class=\"card-anunt\" href=\"https:\/\/ziaruldevrancea.ro\/anunturi\/inchirieri\/locuinte-oferte\/primesc-in-gazda-elevi-anunt-72832\"><strong class=\"titlu\">Locuin\u021be oferte<\/strong><span class=\"text-anunt\">Primesc \u00een gazd\u0103 elevi la cas\u0103-vil\u0103,&#8230;<\/span><span class=\"data-anunt\">07.08.2026  <\/span><\/a><\/div>\n<div class=\"col-lg-4 col-md-6 bloc-egal\"><a class=\"card-anunt\" href=\"https:\/\/ziaruldevrancea.ro\/anunturi\/altele\/matrimoniale\/Imi-caut-sufletul-pereche-anunt-72833\"><strong class=\"titlu\">Matrimoniale<\/strong><span class=\"text-anunt\">Domn serios caut doamn\u0103 serioas\u0103, v\u00e2rsta&#8230;<\/span><span class=\"data-anunt\">07.08.2026  <\/span><\/a><\/div>\n<div class=\"col-lg-4 col-md-6 bloc-egal\"><a class=\"card-anunt\" href=\"https:\/\/ziaruldevrancea.ro\/anunturi\/angajari\/oferte-angajari\/angajare-anunt-72830\"><strong class=\"titlu\">Oferte<\/strong><span class=\"text-anunt\">ECOSISTEM SRL cu sediul in localitatea Jorasti,&#8230;<\/span><span class=\"data-anunt\">05.08.2026  <\/span><\/a><\/div>\n<\/div>\n<\/div>\n<div class=\"bloc-widget widget-albastru\">\n    Ziarul de Vrancea \u00a0nu este responsabil juridic pentru con\u0163inutul textelor din comentariile de mai jos. Responsabilitatea pentru mesajele dumneavoastra v\u0103 revine \u00een exclusivitate.\n<\/div>\n<div class=\"comentarii-articol\" id=\"comentarii\">\n<h3>Comentarii: <span class=\"text-primary\">0<\/span><\/h3>\n<p><a href=\"https:\/\/ziaruldevrancea.ro\/special\/educatie\/infoeducatie-2026-incepe-la-focsani.-consiliul-judetean-vrancea-ramane-partener-al-competitiei-nationale\" class=\"btn btn-success btn-adauga-com\" data-toggle=\"modal\" data-parent=\"0\" data-target=\"#commentModal\">Adaug\u0103 comentariu<\/a><\/p>\n<div class=\"loadMask comments-mask\"><img decoding=\"async\" src=\"https:\/\/zdvs.cname.ro\/images\/loader_40.gif\"><\/div>\n<div class=\"comenteaza-jos\">Trebuie s\u0103 fii <a href=\"https:\/\/ziaruldevrancea.ro\/account\">autentificat<\/a> pentru a putea <a href=\"https:\/\/ziaruldevrancea.ro\/special\/educatie\/infoeducatie-2026-incepe-la-focsani.-consiliul-judetean-vrancea-ramane-partener-al-competitiei-nationale\" class data-toggle=\"modal\" data-parent=\"0\" data-target=\"#commentModal\">posta un comentariu<\/a>.<\/div>\n<\/div>\n<div class=\"modal fade\" id=\"commentModal\" role=\"dialog\" aria-labelledby=\"commentModalLabel\">\n<div class=\"modal-dialog modal-lg\" role=\"document\">\n<div class=\"modal-content\">\n<div class=\"modal-header\">\n<h3 class=\"modal-title\" id=\"commentModalLabel\">Comenteaz\u0103<\/h3>\n<\/div>\n<div class=\"modal-body\">\n<div class=\"tabel tabel-full\">\n<div class=\"celula\">\n              Trebuie s\u0103 fii <a href=\"https:\/\/ziaruldevrancea.ro\/account\">autentificat<\/a> pentru a putea posta un comentariu.\n            <\/div>\n<\/div>\n<\/div>\n<div class=\"modal-footer\">\n<div id=\"commentPending\" class=\"formPending pull-left\"><img decoding=\"async\" src=\"https:\/\/zdvs.cname.ro\/images\/loader_40.gif\"> In curs de procesare&#8230;<\/div>\n<p><a href=\"https:\/\/ziaruldevrancea.ro\/special\/educatie\/infoeducatie-2026-incepe-la-focsani.-consiliul-judetean-vrancea-ramane-partener-al-competitiei-nationale\" class=\"btn btn-default\" data-dismiss=\"modal\">Anuleaz\u0103<\/a><\/div>\n<\/div>\n<\/div>\n<\/div>\n<div class=\"modal fade\" id=\"commentReportModal\" role=\"dialog\" aria-labelledby=\"commentReportModalLabel\">\n<div class=\"modal-dialog modal-lg\" role=\"document\">\n<div class=\"modal-content\">\n<div class=\"modal-header\">\n<h3 class=\"modal-title\" id=\"commentReportModalLabel\">Raporteaza comentariu<\/h3>\n<\/div>\n<div class=\"modal-body\">\n<div class=\"tabel tabel-full\">\n<div class=\"celula\">\n              Trebuie s\u0103 fii <a href=\"https:\/\/ziaruldevrancea.ro\/account\">autentificat<\/a> pentru a putea raporta un comentariu.\n            <\/div>\n<\/div>\n<\/div>\n<div class=\"modal-footer\">\n<div id=\"commentReportPending\" class=\"formPending pull-left\"><img decoding=\"async\" src=\"https:\/\/zdvs.cname.ro\/images\/loader_40.gif\"> In curs de procesare&#8230;<\/div>\n<p><a href=\"https:\/\/ziaruldevrancea.ro\/special\/educatie\/infoeducatie-2026-incepe-la-focsani.-consiliul-judetean-vrancea-ramane-partener-al-competitiei-nationale\" class=\"btn btn-default\" data-dismiss=\"modal\">Anuleaz\u0103<\/a><\/div>\n<\/div>\n<\/div>\n<\/div>\n<div class=\"modal fade\" id=\"commentLikeModal\" role=\"dialog\" aria-labelledby=\"commentLikeModalLabel\">\n<div class=\"modal-dialog modal-lg\" role=\"document\">\n<div class=\"modal-content\">\n<div class=\"modal-header\">\n<h3 class=\"modal-title\" id=\"commentReportModalLabel\">Apreciaza comentariu<\/h3>\n<\/div>\n<div class=\"modal-body\">\n<div class=\"tabel tabel-full\">\n<div class=\"celula\">\n            Trebuie s\u0103 fii <a href=\"https:\/\/ziaruldevrancea.ro\/account\">autentificat<\/a> pentru a putea aprecia un comentariu.\n          <\/div>\n<\/div>\n<\/div>\n<div class=\"modal-footer\"><a href=\"https:\/\/ziaruldevrancea.ro\/special\/educatie\/infoeducatie-2026-incepe-la-focsani.-consiliul-judetean-vrancea-ramane-partener-al-competitiei-nationale\" class=\"btn btn-default\" data-dismiss=\"modal\">Anuleaz\u0103<\/a><\/div>\n<\/div>\n<\/div>\n<\/div>\n<div class=\"bloc-widget widget-rosu\"><span><small>Ziarul de Vrancea doreste ca acest site sa fie un spatiu al discutiilor civilizate, al comentariilor de bun simt. Din acest motiv, cei care posteaza comentarii la articole trebuie sa respecte urmatoarele reguli:<br \/>\n1. Sa se refere doar la articolul la care posteaza comentarii.<br \/>\n2. Sa foloseasca un limbaj civilizat, fara injurii, calomnii, comentarii antisemite, xenofobe sau rasiste.<br \/>\n3. Sunt interzise atacurile la adresa autorilor, daca acestea nu au legatura cu textul.<br \/>\n4. Username-ul sa nu fie nume de personalitati ale vietii publice sau parodieri ale acestora.<br \/>\nAutorul unui articol poate fi criticat pentru eventuale greseli, incoerenta, lipsa de documentare etc.<br \/>\nNerespectarea regulilor mentionate mai sus va duce la stergerea comentariilor, fara avertisment si fara explicatii.<br \/>\nAbaterile repetate vor avea drept consecinta interdictia accesului la aceasta facilitate a site-ului.<\/small><\/span><\/div>\n<\/div>\n<p>[analyse_source url=&#8221;https:\/\/ziaruldevrancea.ro\/special\/educatie\/infoeducatie-2026-incepe-la-focsani.-consiliul-judetean-vrancea-ramane-partener-al-competitiei-nationale&#8221;]<\/p>\n","protected":false},"excerpt":{"rendered":"<p>[analyse_image type=&#8221;featured&#8221; src=&#8221;https:\/\/zdvi.cname.ro\/_\/infoeducatie-2026-incepe-la-focsani.-consiliul-judetean-vrancea-ramane-partener-al-competitiei-nationale\/mediaPool\/uHLcanJ.jpeg&#8221;] Educa\u021bie InfoEduca\u021bie 2026 \u00eencepe la Foc\u0219ani. Consiliul Jude\u021bean Vrancea r\u0103m\u00e2ne partener al competi\u021biei na\u021bionale Distribuie: \u00a0 | Maria BRATU 28 iul 2026824 vizualiz\u0103ri \u00a0Peste 300 de elevi \u0219i profesori din \u00eentreaga \u021bar\u0103 particip\u0103, \u00een perioada 28\u201331 iulie, la cea de-a XXXIII-a edi\u021bie a Olimpiadei Na\u021bionale de Inova\u021bie \u0219i Creativitate Digital\u0103 \u201eInfoEduca\u021bie\u201d, eveniment [&hellip;]<\/p>\n","protected":false},"author":1,"featured_media":0,"comment_status":"open","ping_status":"","sticky":false,"template":"","format":"standard","meta":{"footnotes":""},"categories":[89],"tags":[226,208],"class_list":["post-2088567","post","type-post","status-publish","format-standard","hentry","category-romania","tag-crawlmanager","tag-ziaruldevrancea-ro"],"_links":{"self":[{"href":"https:\/\/analyse.optim.biz\/index.php?rest_route=\/wp\/v2\/posts\/2088567","targetHints":{"allow":["GET"]}}],"collection":[{"href":"https:\/\/analyse.optim.biz\/index.php?rest_route=\/wp\/v2\/posts"}],"about":[{"href":"https:\/\/analyse.optim.biz\/index.php?rest_route=\/wp\/v2\/types\/post"}],"author":[{"embeddable":true,"href":"https:\/\/analyse.optim.biz\/index.php?rest_route=\/wp\/v2\/users\/1"}],"replies":[{"embeddable":true,"href":"https:\/\/analyse.optim.biz\/index.php?rest_route=%2Fwp%2Fv2%2Fcomments&post=2088567"}],"version-history":[{"count":0,"href":"https:\/\/analyse.optim.biz\/index.php?rest_route=\/wp\/v2\/posts\/2088567\/revisions"}],"wp:attachment":[{"href":"https:\/\/analyse.optim.biz\/index.php?rest_route=%2Fwp%2Fv2%2Fmedia&parent=2088567"}],"wp:term":[{"taxonomy":"category","embeddable":true,"href":"https:\/\/analyse.optim.biz\/index.php?rest_route=%2Fwp%2Fv2%2Fcategories&post=2088567"},{"taxonomy":"post_tag","embeddable":true,"href":"https:\/\/analyse.optim.biz\/index.php?rest_route=%2Fwp%2Fv2%2Ftags&post=2088567"}],"curies":[{"name":"wp","href":"https:\/\/api.w.org\/{rel}","templated":true}]}}