{"id":2088561,"date":"2026-07-27T00:00:00","date_gmt":"2026-07-26T21:00:00","guid":{"rendered":"https:\/\/analyse.optim.biz\/?p=2088561"},"modified":"2026-07-27T00:00:00","modified_gmt":"2026-07-26T21:00:00","slug":"elevii-colegiului-national-unirea-focsani-dublu-premiati-la-boovie-2026","status":"publish","type":"post","link":"https:\/\/analyse.optim.biz\/?p=2088561","title":{"rendered":"Elevii Colegiului Na\u021bional \u201eUnirea\u201d Foc\u0219ani, dublu premia\u021bi la Boovie 2026"},"content":{"rendered":"<p>[analyse_image type=&#8221;featured&#8221; src=&#8221;https:\/\/zdvi.cname.ro\/_\/elevii-colegiului-national-unirea-focsani-dublu-premiati-la-boovie-2026\/mediaPool\/ut1PwJv.jpeg&#8221;]<\/p>\n<div class=\"main-content detaliu-articol\"><a class=\"titlu-cat-list\" href=\"https:\/\/ziaruldevrancea.ro\/special\/educatie\">Educa\u021bie<\/a><\/p>\n<h1>Elevii Colegiului Na\u021bional \u201eUnirea\u201d Foc\u0219ani, dublu premia\u021bi la Boovie 2026<\/h1>\n<div class=\"date-articol clearfix\">\n<div class=\"distribuie-articol dropdown\">\n    Distribuie: \u00a0<br \/>\n    <em>|<\/em><\/div>\n<div class=\"autor-articol\"><a href=\"https:\/\/ziaruldevrancea.ro\/autor\/maria-bratu\/\"><img decoding=\"async\" class=\"img-circle\" src=\"https:\/\/zdvi.cname.ro\/50_50\/articleAuthor\/maria-bratu\/articleAuthor\/urTSNay.PNG\" alt><\/a><\/p>\n<h5><a href=\"https:\/\/ziaruldevrancea.ro\/autor\/maria-bratu\/\">Maria BRATU<\/a><\/h5>\n<div class=\"grup-spatiere\"><span class=\"cu-spatiere\">27 iul 2026<\/span><span class=\"cu-spatiere\">1730 vizualiz\u0103ri<\/span><\/div>\n<\/div>\n<\/div>\n<div class=\"poza-mare\">\n<div class=\"poza-mare galerie-detaliu\">\n<div id=\"carousel-poza-mare\" class=\"carousel slide carusel-poza\" data-ride=\"carousel\" data-interval=\"0\">\n<div class=\"carousel-inner\" role=\"listbox\">\n<div class=\"item imagine-carusel active\"><a href class=\"openGallery\"><img decoding=\"async\" class=\"img-responsive\" src=\"https:\/\/zdvi.cname.ro\/850_530\/elevii-colegiului-national-unirea-focsani-dublu-premiati-la-boovie-2026\/article\/mediaPool\/ut1PwJv.jpeg\" alt><\/a><\/div>\n<div class=\"item imagine-carusel \"><a href class=\"openGallery\"><img decoding=\"async\" class=\"img-responsive\" src=\"https:\/\/zdvi.cname.ro\/850_530\/elevii-colegiului-national-unirea-focsani-dublu-premiati-la-boovie-2026\/article\/mediaPool\/uqA2Czu.jpeg\" alt><\/a><\/div>\n<\/div>\n<\/div>\n<div id=\"carousel-poze-mici\" class=\"carousel slide carusel-mici\" data-ride=\"carousel\" data-interval=\"0\">\n<div class=\"carousel-inner\" role=\"listbox\">\n<div class=\"item active\">\n<ul class=\"navigare-carusel-imagini\">\n<li data-target=\"#carousel-poza-mare\" data-slide-to=\"0\"><img decoding=\"async\" class=\"img-responsive\" src=\"https:\/\/zdvi.cname.ro\/_90\/elevii-colegiului-national-unirea-focsani-dublu-premiati-la-boovie-2026\/article\/mediaPool\/ut1PwJv.jpeg\" alt><\/li>\n<li data-target=\"#carousel-poza-mare\" data-slide-to=\"1\"><img decoding=\"async\" class=\"img-responsive\" src=\"https:\/\/zdvi.cname.ro\/_90\/elevii-colegiului-national-unirea-focsani-dublu-premiati-la-boovie-2026\/article\/mediaPool\/uqA2Czu.jpeg\" alt><\/li>\n<\/ul>\n<\/div>\n<\/div>\n<\/div>\n<\/div>\n<\/div>\n<p><strong>Dou\u0103 distinc\u021bii ob\u021binute la cel mai important festival de film educa\u021bional din Rom\u00e2nia.<\/strong><\/p>\n<p><strong>Vrancea continu\u0103 s\u0103 se remarce la festivalul n\u0103scut la Foc\u0219ani: o echip\u0103 a Colegiului Na\u021bional \u201eUnirea\u201d a c\u00e2\u0219tigat Premiul al III-lea \u0219i o Men\u021biune la edi\u021bia 2026 a Festivalului Interna\u021bional de Book-Trailere Boovie<\/strong><\/p>\n<p>O nou\u0103 performan\u021b\u0103 pentru \u00eenv\u0103\u021b\u0103m\u00e2ntul vr\u00e2ncean la Festivalul Interna\u021bional de Book-Trailere <strong>Boovie 2026<\/strong>, proiect educa\u021bional ini\u021biat la Foc\u0219ani \u0219i devenit unul dintre cele mai importante evenimente dedicate lecturii \u0219i educa\u021biei prin film din Rom\u00e2nia. Echipa <strong>Colegiului Na\u021bional \u201eUnirea\u201d Foc\u0219ani<\/strong> a fost recompensat\u0103 cu <strong>Premiul al III-lea<\/strong> \u0219i o <strong>Men\u021biune<\/strong>, confirm\u00e2nd nivelul ridicat al creativit\u0103\u021bii \u0219i implic\u0103rii elevilor \u00een competi\u021bie.<\/p>\n<p>Potrivit unei inform\u0103ri de pres\u0103 \u00eenso\u021bite de fotografii, transmis\u0103 redac\u021biei <strong>Ziarului de Vrancea<\/strong> duminic\u0103, 26 iulie 2026, la ora 12:07, echipa format\u0103 din \u0219apte elevi ai Colegiului Na\u021bional \u201eUnirea\u201d Foc\u0219ani a ob\u021binut <strong>Premiul al III-lea<\/strong> pentru un book-trailer realizat dup\u0103 volumul <strong>\u201eDemen\u021ba digital\u0103\u201d<\/strong>, semnat de neurologul \u0219i cercet\u0103torul german <strong>Manfred Spitzer<\/strong>.<\/p>\n<p>Echipa este alc\u0103tuit\u0103 din <strong>Burdu\u0219a Tudor, P\u0103ltinu\u0219 Luca, Vucmanovici Vlad, Lazarin Melinda, Coman Andrei, Barbu Matteo \u0219i Cazan Mihaela<\/strong>, iar coordonarea proiectului a fost asigurat\u0103 de <strong>profesorul Ana-Maria Rusu<\/strong>.<\/p>\n<p>\u00cen cadrul produc\u021biei premiate, <strong>Burdu\u0219a Tudor<\/strong> a coordonat regia \u0219i montajul, <strong>P\u0103ltinu\u0219 Luca<\/strong> s-a ocupat de scenografie, <strong>Vucmanovici Vlad<\/strong> a interpretat rolul principal, iar <strong>Lazarin Melinda<\/strong> a dat via\u021b\u0103 personajului secundar.<\/p>\n<p><strong>O a doua distinc\u021bie \u00een aceea\u0219i edi\u021bie a festivalului<\/strong><\/p>\n<p>Rezultatul echipei din Foc\u0219ani a fost completat de o <strong>Men\u021biune<\/strong> acordat\u0103 pentru un al doilea book-trailer realizat dup\u0103 un alt volum \u00eenscris \u00een competi\u021bie.<\/p>\n<p>Astfel, <strong>Burdu\u0219a Tudor, P\u0103ltinu\u0219 Luca, Vucmanovici Vlad, Coman Andrei \u0219i Barbu Matteo<\/strong> au devenit <strong>dublu premia\u021bi<\/strong> la edi\u021bia din acest an a Festivalului Boovie, ob\u021bin\u00e2nd dou\u0103 distinc\u021bii \u00een cadrul aceleia\u0219i competi\u021bii.<\/p>\n<p>Performan\u021ba eviden\u021biaz\u0103 munca desf\u0103\u0219urat\u0103 pe parcursul mai multor luni, \u00een care elevii au parcurs toate etapele realiz\u0103rii unei produc\u021bii cinematografice: analizarea c\u0103r\u021bii, scrierea scenariului, filmarea, interpretarea rolurilor \u0219i montajul final.<\/p>\n<p><strong>Boovie, festivalul pornit din Vrancea \u0219i ajuns reper na\u021bional<\/strong><\/p>\n<p>Rezultatul echipei Colegiului Na\u021bional \u201eUnirea\u201d vine \u00eentr-un context special pentru jude\u021bul Vrancea. A\u0219a cum <strong>Ziarul de Vrancea<\/strong> informa \u00eenaintea deschiderii edi\u021biei din acest an, <strong>Boovie<\/strong> este un proiect educa\u021bional n\u0103scut la Foc\u0219ani, organizat de <strong>Asocia\u021bia Grow Up Project<\/strong> \u0219i <strong>Colegiul Na\u021bional Pedagogic \u201eSpiru Haret\u201d Foc\u0219ani<\/strong>, \u00een parteneriat cu <strong>Inspectoratul \u0218colar Jude\u021bean Vrancea<\/strong>.<\/p>\n<p>Edi\u021bia 2026, desf\u0103\u0219urat\u0103 \u00eentre <strong>23 \u0219i 26 iulie<\/strong> la Bucure\u0219ti, a reunit peste <strong>5.700 de participan\u021bi<\/strong> \u0219i aproape <strong>500 de echipe finaliste<\/strong>, confirm\u00e2nd amploarea pe care festivalul a dob\u00e2ndit-o la nivel na\u021bional.<\/p>\n<p>\u00cen cadrul Boovie, elevii transform\u0103 c\u0103r\u021bile \u00een scurtmetraje de tip <strong>book-trailer<\/strong>, dezvolt\u00e2nd competen\u021be de lectur\u0103 critic\u0103, scenaristic\u0103, actorie, filmare, montaj video, lucru \u00een echip\u0103 \u0219i comunicare.<\/p>\n<p><strong>Apreciere \u0219i din partea gazdelor edi\u021biei din acest an<\/strong><\/p>\n<p>Importan\u021ba festivalului a fost remarcat\u0103 \u0219i de primarul municipiului Bucure\u0219ti, <strong>Ciprian Ciucu<\/strong>, care, \u00eentr-o postare publicat\u0103 pe 25 iulie, a descris Boovie drept \u201euna dintre cele mai bune idei de festival\u201d dedicate educa\u021biei nonformale.<\/p>\n<p>Acesta a subliniat c\u0103 proiectul \u00eei ajut\u0103 pe elevi s\u0103 \u00ee\u0219i dezvolte competen\u021be esen\u021biale pentru societatea actual\u0103, de la g\u00e2ndire critic\u0103 \u0219i creativitate p\u00e2n\u0103 la leadership, colaborare, competen\u021be digitale \u0219i educa\u021bie media.<\/p>\n<p>Rezultatele ob\u021binute de elevii Colegiului Na\u021bional \u201eUnirea\u201d Foc\u0219ani confirm\u0103 \u00eenc\u0103 o dat\u0103 c\u0103 jude\u021bul Vrancea r\u0103m\u00e2ne prezent nu doar \u00een organizarea unuia dintre cele mai importante proiecte educa\u021bionale din Rom\u00e2nia, ci \u0219i pe lista laurea\u021bilor competi\u021biei.<\/p>\n<p><strong>Maria Bratu\u00a0<\/strong><\/p>\n<p><strong>Citi\u021bi \u00een continuare con\u021binutul integral al inform\u0103rii de pres\u0103 transmis\u0103 redac\u021biei cotidianului nostru duminic\u0103 26 iulie 2026 ora 12:07 \u00een leg\u0103tur\u0103 cu acest articol<\/strong><\/p>\n<p><strong>Informare de pres\u0103:<\/strong><\/p>\n<div>\u201e\u00a0<strong><em>Echipa Colegiului Na\u021bional \u201eUnirea\u201d Foc\u0219ani, dublu premiat\u0103 la Boovie 2026, cel mai important festival de film educa\u021bional din Rom\u00e2nia<\/em><\/strong><\/div>\n<div><em>Echipa Colegiului Na\u021bional \u201eUnirea\u201d Foc\u0219ani, format\u0103 din \u0219apte elevi, a ob\u021binut Premiul al III-lea la Festivalul Interna\u021bional de Book-Trailere Boovie 2026, cu un trailer realizat dup\u0103 volumul \u201cDemen\u021ba digital\u0103\u201d de Manfred Spitzer.Membrii echipei sunt: Burdu\u0219a Tudor, P\u0103ltinu\u0219 Luca, Vucmanovici Vlad, Lazarin Melinda, Coman Andrei, Barbu Matteo \u0219i Cazan Mihaela. Echipa a fost coordonat\u0103 de profesorul Ana-Maria Rusu.\u00cen cadrul proiectului, Burdu\u0219a Tudor a coordonat regia \u0219i montajul, P\u0103ltinu\u0219 Luca s-a ocupat de scenografie, Vucmanovici Vlad a interpretat rolul principal, iar Lazarin Melinda a interpretat rolul secundar.Succesul echipei a fost completat de o a doua distinc\u021bie ob\u021binut\u0103 \u00een cadrul festivalului: Men\u021biune pentru un alt book-trailer, realizat dup\u0103 un alt volum din competi\u021bie.Astfel, Burdu\u0219a Tudor, P\u0103ltinu\u0219 Luca, Vucmanovici Vlad, Coman Andrei \u0219i Barbu Matteo au devenit dublu premia\u021bi la edi\u021bia Boovie 2026, ob\u021bin\u00e2nd dou\u0103 distinc\u021bii \u00een cadrul aceluia\u0219i festival.Festivalul Boovie este cel mai important festival de film educa\u021bional din Rom\u00e2nia, reunind anual sute de echipe de elevi care transform\u0103 c\u0103r\u021bile \u00een scurtmetraje \u0219i \u00ee\u0219i prezint\u0103 crea\u021biile \u00een fa\u021ba unui juriu de specialitateRezultatele confirm\u0103 implicarea, creativitatea \u0219i munca de echip\u0103 depuse pe parcursul preg\u0103tirii celor dou\u0103 proiecte video.\u201d\u00a0<\/em><\/div>\n<p><strong>Citi\u021bi \u0219i:<a href=\"https:\/\/www.ziaruldevrancea.ro\/promo\/evenimente-speciale\/boovie-2026-festivalul-nascut-in-vrancea-care-reuneste-peste-5.700-de-participanti-incepe-astazi-la-bucuresti\" target=\"_blank\">Boovie 2026, festivalul n\u0103scut \u00een Vrancea care reune\u0219te peste 5.700 de participan\u021bi \u00eencepe ast\u0103zi la Bucure\u0219ti<\/a><\/strong><\/p>\n<hr>\n<div class=\"bloc-widget widget-rosu\">\n<p>\u00cen lipsa unui acord scris din partea Ziarului de Vrancea, pute\u0163i prelua maxim 500 de caractere din acest articol dac\u0103 preciza\u0163i sursa \u015fi insera\u0163i vizibil link-ul articolului:\u00a0<span>#insertcurrentlinkhere<\/span><\/p>\n<\/div>\n<div class=\"extra-articol listing-anunturi\">\n<h6>Anun\u021buri <span class=\"text-primary\">ZdV<\/span> Premium<\/h6>\n<div class=\"row\">\n<div class=\"col-lg-4 col-md-6 bloc-egal\"><a class=\"card-anunt\" href=\"https:\/\/ziaruldevrancea.ro\/anunturi\/auto\/utilaje-camioane\/vand-combina-agricola\"><strong class=\"titlu\">Utilaje-Camioane<\/strong><span class=\"text-anunt\">V\u00e2nd combin\u0103 agricol\u0103 Claas Dominator 85&#8230;<\/span><span class=\"data-anunt\">11.08.2026  <\/span><\/a><\/div>\n<div class=\"col-lg-4 col-md-6 bloc-egal\"><a class=\"card-anunt\" href=\"https:\/\/ziaruldevrancea.ro\/anunturi\/altele\/aniversari\/un-secol-de-viata-pentru-emanoil-gaspar-fost-sef-de-post-in-comuna-bordesti-la-multi-ani-tata\"><strong class=\"titlu\">Anivers\u0103ri<\/strong><span class=\"text-anunt\">Aniversare deosebit\u0103 \u00een Vrancea | Emanoil&#8230;<\/span><span class=\"data-anunt\">12.08.2026  <\/span><\/a><\/div>\n<div class=\"col-lg-4 col-md-6 bloc-egal\"><a class=\"card-anunt\" href=\"https:\/\/ziaruldevrancea.ro\/anunturi\/angajari\/oferte-angajari\/diverse-anunt-72834\"><strong class=\"titlu\">Oferte<\/strong><span class=\"text-anunt\">Caut persoan\u0103 \u00eengrijire persoan\u0103&#8230;<\/span><span class=\"data-anunt\">12.08.2026 , Vrancea , Foc\u0219ani<\/span><\/a><\/div>\n<\/div>\n<\/div>\n<div class=\"extra-articol alte-articole\">\n<div class=\"row\">\n<div class=\"col-lg-6 bloc-egal\">\n<div class=\"card articol-listing\">\n<h6>\u00cen categoria <a href=\"https:\/\/ziaruldevrancea.ro\/special\/educatie\">Educa\u021bie<\/a><\/h6>\n<div class=\"grup-articol-listing\">\n<div class=\"cont-pils\"><a href=\"https:\/\/ziaruldevrancea.ro\/special\/educatie\/scoala-incepe-pe-7-septembrie-2026-si-in-vrancea.-calendarul-complet-al-anului-scolar-2026-2027-module-vacante-si-zile-libere\"><img decoding=\"async\" src=\"https:\/\/zdvi.cname.ro\/180_135\/special\/educatie\/scoala-incepe-pe-7-septembrie-2026-si-in-vrancea.-calendarul-complet-al-anului-scolar-2026-2027-module-vacante-si-zile-libere\/mediaPool\/ubU0IQ1.jpg\" class=\"img-responsive img-180\" alt><\/a><\/div>\n<h2><a class=\"link-titlu\" href=\"https:\/\/ziaruldevrancea.ro\/special\/educatie\/scoala-incepe-pe-7-septembrie-2026-si-in-vrancea.-calendarul-complet-al-anului-scolar-2026-2027-module-vacante-si-zile-libere\">\u0218coala \u00eencepe pe 7 septembrie 2026 \u0219i \u00een Vrancea. Calendarul complet al anului \u0219colar 2026-2027: module, vacan\u021be \u0219i zile libere<\/a><\/h2>\n<div class=\"date-post\"><a href=\"https:\/\/ziaruldevrancea.ro\/autor\/maria-bratu\">Maria BRATU<\/a>, 11 aug 2026  <\/div>\n<\/div>\n<div class=\"grup-articol-listing\">\n<div class=\"cont-pils\"><a href=\"https:\/\/ziaruldevrancea.ro\/special\/educatie\/astazi-despre-ion-barbu\"><img decoding=\"async\" src=\"https:\/\/zdvi.cname.ro\/180_135\/special\/educatie\/astazi-despre-ion-barbu\/mediaPool\/uKpkgLm.jpg\" class=\"img-responsive img-180\" alt><\/a><\/div>\n<h2><a class=\"link-titlu\" href=\"https:\/\/ziaruldevrancea.ro\/special\/educatie\/astazi-despre-ion-barbu\">Ast\u0103zi despre: matematicianul \u0219i poetul Ion Barbu &#8211; unul dintre cei mai importan\u021bi poe\u021bi rom\u00e2ni interbelici, reprezentant al modernismului literar rom\u00e2nesc. Ca matematician a fost membru titular al Academiei de \u0218tiin\u021be din Rom\u00e2nia<\/a><\/h2>\n<div class=\"date-post\"><a href=\"https:\/\/ziaruldevrancea.ro\/autor\/ziarul-de-vrancea\">Ziarul de Vrancea<\/a>, 11 aug 2026  <\/div>\n<\/div>\n<div class=\"grup-articol-listing\">\n<div class=\"cont-pils\"><a href=\"https:\/\/ziaruldevrancea.ro\/special\/educatie\/tineri-din-focsani-premiul-i-la-overthink-film-fest-bacau.-scurtmetrajul-social-media-castigator-la-categoria-liceu\"><img decoding=\"async\" src=\"https:\/\/zdvi.cname.ro\/180_135\/special\/educatie\/tineri-din-focsani-premiul-i-la-overthink-film-fest-bacau.-scurtmetrajul-social-media-castigator-la-categoria-liceu\/mediaPool\/up1cwzE.jpg\" class=\"img-responsive img-180\" alt><\/a><\/div>\n<h2><a class=\"link-titlu\" href=\"https:\/\/ziaruldevrancea.ro\/special\/educatie\/tineri-din-focsani-premiul-i-la-overthink-film-fest-bacau.-scurtmetrajul-social-media-castigator-la-categoria-liceu\">Tineri din Foc\u0219ani, Premiul I la Overthink Film Fest Bac\u0103u. Scurtmetrajul \u201eSocial Media\u201d, c\u00e2\u0219tig\u0103tor la categoria Liceu<\/a><\/h2>\n<div class=\"date-post\"><a href=\"https:\/\/ziaruldevrancea.ro\/autor\/maria-bratu\">Maria BRATU<\/a>, 10 aug 2026  <\/div>\n<\/div>\n<\/div>\n<\/div>\n<div class=\"col-lg-6 bloc-egal\">\n<div class=\"card articol-listing\">\n<h6>De acela\u0219i <a href=\"https:\/\/ziaruldevrancea.ro\/autor\/maria-bratu\/\">autor<\/a><\/h6>\n<div class=\"grup-articol-listing\">\n<div class=\"cont-pils\"><a href=\"https:\/\/ziaruldevrancea.ro\/special\/educatie\/de-la-o-clasa-din-focsani-la-circa-6.000-de-elevi-pe-editie.-carmen-ion-povesteste-cum-s-a-nascut-boovie\"><img decoding=\"async\" src=\"https:\/\/zdvi.cname.ro\/180_135\/special\/educatie\/de-la-o-clasa-din-focsani-la-circa-6.000-de-elevi-pe-editie.-carmen-ion-povesteste-cum-s-a-nascut-boovie\/mediaPool\/u8kMEug.jpeg\" class=\"img-responsive img-180\" alt><\/a><\/div>\n<h2><a class=\"link-titlu\" href=\"https:\/\/ziaruldevrancea.ro\/special\/educatie\/de-la-o-clasa-din-focsani-la-circa-6.000-de-elevi-pe-editie.-carmen-ion-povesteste-cum-s-a-nascut-boovie\">De la o clas\u0103 din Foc\u0219ani la circa 6.000 de elevi pe edi\u021bie. Carmen Ion poveste\u0219te cum s-a n\u0103scut Boovie<\/a><\/h2>\n<div class=\"date-post\"><a href=\"https:\/\/ziaruldevrancea.ro\/autor\/maria-bratu\">Maria BRATU<\/a>,  9 aug 2026  <\/div>\n<\/div>\n<div class=\"grup-articol-listing\">\n<div class=\"cont-pils\"><a href=\"https:\/\/ziaruldevrancea.ro\/special\/educatie\/video-aicitizens-focsani-bilant-dupa-sezonul-decode-performante-mondiale-si-peste-260-de-elevi-implicati-in-proiecte-stem-in-vrancea\"><img decoding=\"async\" src=\"https:\/\/zdvi.cname.ro\/180_135\/special\/educatie\/video-aicitizens-focsani-bilant-dupa-sezonul-decode-performante-mondiale-si-peste-260-de-elevi-implicati-in-proiecte-stem-in-vrancea\/mediaPool\/uMP23Jh.jpg\" class=\"img-responsive img-180\" alt><\/a><\/div>\n<h2><a class=\"link-titlu\" href=\"https:\/\/ziaruldevrancea.ro\/special\/educatie\/video-aicitizens-focsani-bilant-dupa-sezonul-decode-performante-mondiale-si-peste-260-de-elevi-implicati-in-proiecte-stem-in-vrancea\">VIDEO | AICitizens Foc\u0219ani, bilan\u021b dup\u0103 sezonul DECODE: performan\u021be mondiale \u0219i peste 260 de elevi implica\u021bi \u00een proiecte STEM \u00een Vrancea<\/a><\/h2>\n<div class=\"date-post\"><a href=\"https:\/\/ziaruldevrancea.ro\/autor\/maria-bratu\">Maria BRATU<\/a>,  9 aug 2026  <\/div>\n<\/div>\n<div class=\"grup-articol-listing\">\n<div class=\"cont-pils\"><a href=\"https:\/\/ziaruldevrancea.ro\/special\/educatie\/-bacalaureat-2026-in-vrancea-566-de-candidati-intra-de-luni-in-sesiunea-de-vara-toamna\"><img decoding=\"async\" src=\"https:\/\/zdvi.cname.ro\/180_135\/special\/educatie\/-bacalaureat-2026-in-vrancea-566-de-candidati-intra-de-luni-in-sesiunea-de-vara-toamna\/mediaPool\/ugLDQqr.jpg\" class=\"img-responsive img-180\" alt><\/a><\/div>\n<h2><a class=\"link-titlu\" href=\"https:\/\/ziaruldevrancea.ro\/special\/educatie\/-bacalaureat-2026-in-vrancea-566-de-candidati-intra-de-luni-in-sesiunea-de-vara-toamna\">\u00a0Bacalaureat 2026 \u00een Vrancea: 566 de candida\u021bi intr\u0103 de luni \u00een sesiunea de var\u0103-toamn\u0103<\/a><\/h2>\n<div class=\"date-post\"><a href=\"https:\/\/ziaruldevrancea.ro\/autor\/maria-bratu\">Maria BRATU<\/a>,  7 aug 2026  <\/div>\n<\/div>\n<\/div>\n<\/div>\n<\/div>\n<\/div>\n<div class=\"extra-articol listing-anunturi\">\n<h6>Anun\u021buri <span class=\"text-primary\">ZdV<\/span> Premium<\/h6>\n<div class=\"row\">\n<div class=\"col-lg-4 col-md-6 bloc-egal\"><a class=\"card-anunt\" href=\"https:\/\/ziaruldevrancea.ro\/anunturi\/inchirieri\/locuinte-oferte\/primesc-in-gazda-elevi-anunt-72832\"><strong class=\"titlu\">Locuin\u021be oferte<\/strong><span class=\"text-anunt\">Primesc \u00een gazd\u0103 elevi la cas\u0103-vil\u0103,&#8230;<\/span><span class=\"data-anunt\">07.08.2026  <\/span><\/a><\/div>\n<div class=\"col-lg-4 col-md-6 bloc-egal\"><a class=\"card-anunt\" href=\"https:\/\/ziaruldevrancea.ro\/anunturi\/altele\/matrimoniale\/Imi-caut-sufletul-pereche-anunt-72833\"><strong class=\"titlu\">Matrimoniale<\/strong><span class=\"text-anunt\">Domn serios caut doamn\u0103 serioas\u0103, v\u00e2rsta&#8230;<\/span><span class=\"data-anunt\">07.08.2026  <\/span><\/a><\/div>\n<div class=\"col-lg-4 col-md-6 bloc-egal\"><a class=\"card-anunt\" href=\"https:\/\/ziaruldevrancea.ro\/anunturi\/angajari\/oferte-angajari\/angajare-anunt-72830\"><strong class=\"titlu\">Oferte<\/strong><span class=\"text-anunt\">ECOSISTEM SRL cu sediul in localitatea Jorasti,&#8230;<\/span><span class=\"data-anunt\">05.08.2026  <\/span><\/a><\/div>\n<\/div>\n<\/div>\n<div class=\"bloc-widget widget-albastru\">\n    Ziarul de Vrancea \u00a0nu este responsabil juridic pentru con\u0163inutul textelor din comentariile de mai jos. Responsabilitatea pentru mesajele dumneavoastra v\u0103 revine \u00een exclusivitate.\n<\/div>\n<div class=\"comentarii-articol\" id=\"comentarii\">\n<h3>Comentarii: <span class=\"text-primary\">0<\/span><\/h3>\n<p><a href=\"https:\/\/ziaruldevrancea.ro\/special\/educatie\/elevii-colegiului-national-unirea-focsani-dublu-premiati-la-boovie-2026\" class=\"btn btn-success btn-adauga-com\" data-toggle=\"modal\" data-parent=\"0\" data-target=\"#commentModal\">Adaug\u0103 comentariu<\/a><\/p>\n<div class=\"loadMask comments-mask\"><img decoding=\"async\" src=\"https:\/\/zdvs.cname.ro\/images\/loader_40.gif\"><\/div>\n<div class=\"comenteaza-jos\">Trebuie s\u0103 fii <a href=\"https:\/\/ziaruldevrancea.ro\/account\">autentificat<\/a> pentru a putea <a href=\"https:\/\/ziaruldevrancea.ro\/special\/educatie\/elevii-colegiului-national-unirea-focsani-dublu-premiati-la-boovie-2026\" class data-toggle=\"modal\" data-parent=\"0\" data-target=\"#commentModal\">posta un comentariu<\/a>.<\/div>\n<\/div>\n<div class=\"modal fade\" id=\"commentModal\" role=\"dialog\" aria-labelledby=\"commentModalLabel\">\n<div class=\"modal-dialog modal-lg\" role=\"document\">\n<div class=\"modal-content\">\n<div class=\"modal-header\">\n<h3 class=\"modal-title\" id=\"commentModalLabel\">Comenteaz\u0103<\/h3>\n<\/div>\n<div class=\"modal-body\">\n<div class=\"tabel tabel-full\">\n<div class=\"celula\">\n              Trebuie s\u0103 fii <a href=\"https:\/\/ziaruldevrancea.ro\/account\">autentificat<\/a> pentru a putea posta un comentariu.\n            <\/div>\n<\/div>\n<\/div>\n<div class=\"modal-footer\">\n<div id=\"commentPending\" class=\"formPending pull-left\"><img decoding=\"async\" src=\"https:\/\/zdvs.cname.ro\/images\/loader_40.gif\"> In curs de procesare&#8230;<\/div>\n<p><a href=\"https:\/\/ziaruldevrancea.ro\/special\/educatie\/elevii-colegiului-national-unirea-focsani-dublu-premiati-la-boovie-2026\" class=\"btn btn-default\" data-dismiss=\"modal\">Anuleaz\u0103<\/a><\/div>\n<\/div>\n<\/div>\n<\/div>\n<div class=\"modal fade\" id=\"commentReportModal\" role=\"dialog\" aria-labelledby=\"commentReportModalLabel\">\n<div class=\"modal-dialog modal-lg\" role=\"document\">\n<div class=\"modal-content\">\n<div class=\"modal-header\">\n<h3 class=\"modal-title\" id=\"commentReportModalLabel\">Raporteaza comentariu<\/h3>\n<\/div>\n<div class=\"modal-body\">\n<div class=\"tabel tabel-full\">\n<div class=\"celula\">\n              Trebuie s\u0103 fii <a href=\"https:\/\/ziaruldevrancea.ro\/account\">autentificat<\/a> pentru a putea raporta un comentariu.\n            <\/div>\n<\/div>\n<\/div>\n<div class=\"modal-footer\">\n<div id=\"commentReportPending\" class=\"formPending pull-left\"><img decoding=\"async\" src=\"https:\/\/zdvs.cname.ro\/images\/loader_40.gif\"> In curs de procesare&#8230;<\/div>\n<p><a href=\"https:\/\/ziaruldevrancea.ro\/special\/educatie\/elevii-colegiului-national-unirea-focsani-dublu-premiati-la-boovie-2026\" class=\"btn btn-default\" data-dismiss=\"modal\">Anuleaz\u0103<\/a><\/div>\n<\/div>\n<\/div>\n<\/div>\n<div class=\"modal fade\" id=\"commentLikeModal\" role=\"dialog\" aria-labelledby=\"commentLikeModalLabel\">\n<div class=\"modal-dialog modal-lg\" role=\"document\">\n<div class=\"modal-content\">\n<div class=\"modal-header\">\n<h3 class=\"modal-title\" id=\"commentReportModalLabel\">Apreciaza comentariu<\/h3>\n<\/div>\n<div class=\"modal-body\">\n<div class=\"tabel tabel-full\">\n<div class=\"celula\">\n            Trebuie s\u0103 fii <a href=\"https:\/\/ziaruldevrancea.ro\/account\">autentificat<\/a> pentru a putea aprecia un comentariu.\n          <\/div>\n<\/div>\n<\/div>\n<div class=\"modal-footer\"><a href=\"https:\/\/ziaruldevrancea.ro\/special\/educatie\/elevii-colegiului-national-unirea-focsani-dublu-premiati-la-boovie-2026\" class=\"btn btn-default\" data-dismiss=\"modal\">Anuleaz\u0103<\/a><\/div>\n<\/div>\n<\/div>\n<\/div>\n<div class=\"bloc-widget widget-rosu\"><span><small>Ziarul de Vrancea doreste ca acest site sa fie un spatiu al discutiilor civilizate, al comentariilor de bun simt. Din acest motiv, cei care posteaza comentarii la articole trebuie sa respecte urmatoarele reguli:<br \/>\n1. Sa se refere doar la articolul la care posteaza comentarii.<br \/>\n2. Sa foloseasca un limbaj civilizat, fara injurii, calomnii, comentarii antisemite, xenofobe sau rasiste.<br \/>\n3. Sunt interzise atacurile la adresa autorilor, daca acestea nu au legatura cu textul.<br \/>\n4. Username-ul sa nu fie nume de personalitati ale vietii publice sau parodieri ale acestora.<br \/>\nAutorul unui articol poate fi criticat pentru eventuale greseli, incoerenta, lipsa de documentare etc.<br \/>\nNerespectarea regulilor mentionate mai sus va duce la stergerea comentariilor, fara avertisment si fara explicatii.<br \/>\nAbaterile repetate vor avea drept consecinta interdictia accesului la aceasta facilitate a site-ului.<\/small><\/span><\/div>\n<\/div>\n<p>[analyse_source url=&#8221;https:\/\/ziaruldevrancea.ro\/special\/educatie\/elevii-colegiului-national-unirea-focsani-dublu-premiati-la-boovie-2026&#8243;]<\/p>\n","protected":false},"excerpt":{"rendered":"<p>[analyse_image type=&#8221;featured&#8221; src=&#8221;https:\/\/zdvi.cname.ro\/_\/elevii-colegiului-national-unirea-focsani-dublu-premiati-la-boovie-2026\/mediaPool\/ut1PwJv.jpeg&#8221;] Educa\u021bie Elevii Colegiului Na\u021bional \u201eUnirea\u201d Foc\u0219ani, dublu premia\u021bi la Boovie 2026 Distribuie: \u00a0 | Maria BRATU 27 iul 20261730 vizualiz\u0103ri Dou\u0103 distinc\u021bii ob\u021binute la cel mai important festival de film educa\u021bional din Rom\u00e2nia. Vrancea continu\u0103 s\u0103 se remarce la festivalul n\u0103scut la Foc\u0219ani: o echip\u0103 a Colegiului Na\u021bional \u201eUnirea\u201d a c\u00e2\u0219tigat Premiul [&hellip;]<\/p>\n","protected":false},"author":1,"featured_media":0,"comment_status":"open","ping_status":"","sticky":false,"template":"","format":"standard","meta":{"footnotes":""},"categories":[89],"tags":[226,208],"class_list":["post-2088561","post","type-post","status-publish","format-standard","hentry","category-romania","tag-crawlmanager","tag-ziaruldevrancea-ro"],"_links":{"self":[{"href":"https:\/\/analyse.optim.biz\/index.php?rest_route=\/wp\/v2\/posts\/2088561","targetHints":{"allow":["GET"]}}],"collection":[{"href":"https:\/\/analyse.optim.biz\/index.php?rest_route=\/wp\/v2\/posts"}],"about":[{"href":"https:\/\/analyse.optim.biz\/index.php?rest_route=\/wp\/v2\/types\/post"}],"author":[{"embeddable":true,"href":"https:\/\/analyse.optim.biz\/index.php?rest_route=\/wp\/v2\/users\/1"}],"replies":[{"embeddable":true,"href":"https:\/\/analyse.optim.biz\/index.php?rest_route=%2Fwp%2Fv2%2Fcomments&post=2088561"}],"version-history":[{"count":0,"href":"https:\/\/analyse.optim.biz\/index.php?rest_route=\/wp\/v2\/posts\/2088561\/revisions"}],"wp:attachment":[{"href":"https:\/\/analyse.optim.biz\/index.php?rest_route=%2Fwp%2Fv2%2Fmedia&parent=2088561"}],"wp:term":[{"taxonomy":"category","embeddable":true,"href":"https:\/\/analyse.optim.biz\/index.php?rest_route=%2Fwp%2Fv2%2Fcategories&post=2088561"},{"taxonomy":"post_tag","embeddable":true,"href":"https:\/\/analyse.optim.biz\/index.php?rest_route=%2Fwp%2Fv2%2Ftags&post=2088561"}],"curies":[{"name":"wp","href":"https:\/\/api.w.org\/{rel}","templated":true}]}}