{"id":2088541,"date":"2026-08-11T13:41:03","date_gmt":"2026-08-11T10:41:03","guid":{"rendered":"https:\/\/analyse.optim.biz\/?p=2088541"},"modified":"2026-08-11T13:41:03","modified_gmt":"2026-08-11T10:41:03","slug":"peste-600-000-de-euro-pentru-utilitati-intr-o-zona-agricola-din-sanandrei-de-ce-aici-si-de-ce-acum","status":"publish","type":"post","link":"https:\/\/analyse.optim.biz\/?p=2088541","title":{"rendered":"Peste 600.000 de euro pentru utilit\u0103\u021bi \u00eentr-o zon\u0103 agricol\u0103 din S\u00e2nandrei. \u201eDe ce aici \u0219i de ce acum?\u201d,"},"content":{"rendered":"<p>[analyse_image type=&#8221;featured&#8221; src=&#8221;https:\/\/orasul-timisoara.ro\/wp-content\/uploads\/2026\/08\/gherman-sanandrei.jpg&#8221;]<\/p>\n<article id=\"post-40207\" class=\"td-post-template-7 post-40207 post type-post status-publish format-standard has-post-thumbnail category-administratie category-featured category-investitii-in-timisoara category-politic category-stiri-timisoara tag-aur tag-bani-publici tag-carani tag-claudiu-coman tag-consiliul-local-sanandrei tag-dezvoltare-urbana-2 tag-iluminat-public tag-investitii-publice tag-liviu-gherman tag-primaria-sanandrei-2 tag-sanandrei-2 tag-sanandrei-timis tag-timis-2 tag-utilitati td-container-wrap\">\n<div class=\"td-full-screen-header-image-wrap\">\n<div class=\"td-container td-post-header\">\n<div class=\"td-crumb-container\">\n<div class=\"entry-crumbs\"><span><a title=\"Vede\u021bi toate articolele \u00een Administra\u021bie local\u0103\" class=\"entry-crumb\" href=\"https:\/\/orasul-timisoara.ro\/local-category\/administratie\/\">Administra\u021bie local\u0103<\/a><\/span><span class=\"td-bred-no-url-last\">Peste 600.000 de euro pentru utilit\u0103\u021bi \u00eentr-o zon\u0103 agricol\u0103 din S\u00e2nandrei. \u201eDe&#8230;<\/span><\/div>\n<\/div>\n<div class=\"td-post-header-holder\">\n<div class=\"td-parallax-header\">\n<header class=\"td-post-title\">\n<ul class=\"td-category\">\n<li class=\"entry-category\"><a href=\"https:\/\/orasul-timisoara.ro\/local-category\/administratie\/\">Administra\u021bie local\u0103<\/a><\/li>\n<li class=\"entry-category\"><a href=\"https:\/\/orasul-timisoara.ro\/local-category\/investitii-in-timisoara\/\">Investitii in Timisoara<\/a><\/li>\n<li class=\"entry-category\"><a href=\"https:\/\/orasul-timisoara.ro\/local-category\/politic\/\">Politic<\/a><\/li>\n<li class=\"entry-category\"><a href=\"https:\/\/orasul-timisoara.ro\/local-category\/stiri-timisoara\/\">\u0218tiri Locale<\/a><\/li>\n<\/ul>\n<h1 class=\"entry-title\">Peste 600.000 de euro pentru utilit\u0103\u021bi \u00eentr-o zon\u0103 agricol\u0103 din S\u00e2nandrei. \u201eDe ce aici \u0219i de ce acum?\u201d, \u00eentreab\u0103 un consilier local<\/h1>\n<div class=\"td-module-meta-info\">\n<div class=\"td-post-author-name\">\n<div class=\"td-author-by\">De c\u0103tre<\/div>\n<p><a href=\"https:\/\/orasul-timisoara.ro\/author\/timisoara\/\">redactia<\/a><\/p>\n<div class=\"td-author-line\"> &#8211; <\/div>\n<\/div>\n<p><span class=\"td-post-date\"><time class=\"entry-date updated td-module-date\" datetime=\"2026-08-11T16:41:03+03:00\">11\/08\/2026<\/time><\/span><\/div>\n<\/header>\n<\/div>\n<\/div>\n<\/div>\n<div id=\"td-full-screen-header-image\" class=\"td-image-gradient-style7\"><img decoding=\"async\" class=\"td-backstretch\" src=\"https:\/\/orasul-timisoara.ro\/wp-content\/uploads\/2026\/08\/gherman-sanandrei.jpg\"><\/div>\n<\/div>\n<div class=\"td-container\">\n<div class=\"td-pb-row\">\n<div class=\"td-pb-span8 td-main-content\" role=\"main\">\n<div class=\"td-ss-main-content\">\n<div class=\"td-post-sharing-top\">\n<div class=\"td-post-sharing-classic\"><iframe title=\"topFacebookLike\" frameborder src=\"https:\/\/www.facebook.com\/plugins\/like.php?href=https:\/\/orasul-timisoara.ro\/local-40207\/&amp;layout=button_count&amp;show_faces=false&amp;width=105&amp;action=like&amp;colorscheme=light&amp;height=21\"><\/iframe><\/div>\n<div id=\"td_social_sharing_article_top\" class=\"td-post-sharing td-ps-bg td-ps-notext td-post-sharing-style1 \">\n<div class=\"td-post-sharing-visible\"><a class=\"td-social-sharing-button td-social-sharing-button-js td-social-network td-social-facebook\" href=\"https:\/\/www.facebook.com\/sharer.php?u=https%3A%2F%2Forasul-timisoara.ro%2Flocal-40207%2F\" title=\"Facebook\"><\/p>\n<div class=\"td-social-but-text\">Facebook<\/div>\n<p><\/a><a class=\"td-social-sharing-button td-social-sharing-button-js td-social-network td-social-twitter\" href=\"https:\/\/twitter.com\/intent\/tweet?text=Peste+600.000+de+euro+pentru+utilit%C4%83%C8%9Bi+%C3%AEntr-o+zon%C4%83+agricol%C4%83+din+S%C3%A2nandrei.+%E2%80%9EDe+ce+aici+%C8%99i+de+ce+acum%3F%E2%80%9D%2C+%C3%AEntreab%C4%83+un+consilier+local&amp;url=https%3A%2F%2Forasul-timisoara.ro%2Flocal-40207%2F&amp;via=orasultm\" title=\"Twitter\"><\/p>\n<div class=\"td-social-but-text\">Twitter<\/div>\n<p><\/a><a class=\"td-social-sharing-button td-social-sharing-button-js td-social-network td-social-whatsapp\" href=\"https:\/\/api.whatsapp.com\/send?text=Peste+600.000+de+euro+pentru+utilit%C4%83%C8%9Bi+%C3%AEntr-o+zon%C4%83+agricol%C4%83+din+S%C3%A2nandrei.+%E2%80%9EDe+ce+aici+%C8%99i+de+ce+acum%3F%E2%80%9D%2C+%C3%AEntreab%C4%83+un+consilier+local%20%0A%0A%20https:\/\/orasul-timisoara.ro\/local-40207\/\" title=\"WhatsApp\"><\/p>\n<div class=\"td-social-but-text\">WhatsApp<\/div>\n<p><\/a><a class=\"td-social-sharing-button td-social-sharing-button-js td-social-network td-social-linkedin\" href=\"https:\/\/www.linkedin.com\/shareArticle?mini=true&amp;url=https:\/\/orasul-timisoara.ro\/local-40207\/&amp;title=Peste+600.000+de+euro+pentru+utilit%C4%83%C8%9Bi+%C3%AEntr-o+zon%C4%83+agricol%C4%83+din+S%C3%A2nandrei.+%E2%80%9EDe+ce+aici+%C8%99i+de+ce+acum%3F%E2%80%9D%2C+%C3%AEntreab%C4%83+un+consilier+local\" title=\"Linkedin\"><\/p>\n<div class=\"td-social-but-text\">Linkedin<\/div>\n<p><\/a><a class=\"td-social-sharing-button td-social-sharing-button-js td-social-network td-social-reddit\" href=\"https:\/\/reddit.com\/submit?url=https:\/\/orasul-timisoara.ro\/local-40207\/&amp;title=Peste+600.000+de+euro+pentru+utilit%C4%83%C8%9Bi+%C3%AEntr-o+zon%C4%83+agricol%C4%83+din+S%C3%A2nandrei.+%E2%80%9EDe+ce+aici+%C8%99i+de+ce+acum%3F%E2%80%9D%2C+%C3%AEntreab%C4%83+un+consilier+local\" title=\"ReddIt\"><\/p>\n<div class=\"td-social-but-text\">ReddIt<\/div>\n<p><\/a><a class=\"td-social-sharing-button td-social-sharing-button-js td-social-network td-social-mail\" href=\"mailto:?subject=Peste%20600.000%20de%20euro%20pentru%20utilit%C4%83%C8%9Bi%20%C3%AEntr-o%20zon%C4%83%20agricol%C4%83%20din%20S%C3%A2nandrei.%20%E2%80%9EDe%20ce%20aici%20%C8%99i%20de%20ce%20acum?%E2%80%9D,%20%C3%AEntreab%C4%83%20un%20consilier%20local&amp;body=https:\/\/orasul-timisoara.ro\/local-40207\/\" title=\"Email\"><\/p>\n<div class=\"td-social-but-text\">Email<\/div>\n<p><\/a><a class=\"td-social-sharing-button td-social-sharing-button-js td-social-network td-social-print\" href=\"https:\/\/orasul-timisoara.ro\/local-40207\/\" title=\"Imprimare\"><\/p>\n<div class=\"td-social-but-text\">Imprimare<\/div>\n<p><\/a><\/div>\n<\/div>\n<\/div>\n<div class=\"td-post-content tagdiv-type\">\n<p class=\"wp-block-paragraph\">Prim\u0103ria S\u00e2nandrei este criticat\u0103 pentru investi\u021biile preg\u0103tite \u00eentr-o zon\u0103 aflat\u0103 la ie\u0219irea din localitate spre Carani, unde, potrivit consilierului local Liviu Gherman, \u00een prezent predomin\u0103 terenurile agricole. Acesta sus\u021bine c\u0103 administra\u021bia condus\u0103 de primarul Claudiu Coman preg\u0103te\u0219te cheltuieli de peste 600.000 de euro pentru extinderea utilit\u0103\u021bilor \u00een aceast\u0103 zon\u0103 \u0219i pune sub semnul \u00eentreb\u0103rii oportunitatea investi\u021biei.<\/p>\n<p class=\"wp-block-paragraph\">Gherman afirm\u0103 c\u0103, \u00eenaintea extinderii utilit\u0103\u021bilor, \u00een aceea\u0219i zon\u0103 a fost extins iluminatul public, iar o parte dintre panourile solare instalate acolo au fost afectate de furtuna recent\u0103. Consilierul local sus\u021bine c\u0103 investi\u021biile sunt f\u0103cute \u00eentr-o zon\u0103 care nu ar reprezenta \u00een acest moment o prioritate pentru dezvoltarea comunei \u0219i cere explica\u021bii publice cu privire la beneficiarii reali ai lucr\u0103rilor.<\/p>\n<h2 class=\"wp-block-heading\">Consilierul local contest\u0103 priorit\u0103\u021bile Prim\u0103riei S\u00e2nandrei<\/h2>\n<p class=\"wp-block-paragraph\">Liviu Gherman sus\u021bine c\u0103 administra\u021bia local\u0103 din S\u00e2nandrei direc\u021bioneaz\u0103 bani publici c\u0103tre o zon\u0103 \u00een care dezvoltarea urban\u0103 nu ar fi justificat\u0103 de situa\u021bia actual\u0103 din teren.<\/p>\n<p class=\"wp-block-paragraph\">Potrivit acestuia, \u00een zona de la ie\u0219irea din S\u00e2nandrei spre Carani se afl\u0103 \u00een principal terenuri agricole, \u00eens\u0103 municipalitatea preg\u0103te\u0219te extinderea infrastructurii de utilit\u0103\u021bi. Consilierul local consider\u0103 c\u0103 \u00eenaintea unor asemenea investi\u021bii ar trebui explicat de ce aceast\u0103 zon\u0103 a devenit prioritar\u0103 \u0219i ce criterii au stat la baza deciziei.<\/p>\n<p class=\"wp-block-paragraph\">Critica sa vizeaz\u0103 \u00een primul r\u00e2nd modul \u00een care sunt stabilite priorit\u0103\u021bile pentru folosirea banilor publici, nu ideea de dezvoltare a comunei.<\/p>\n<p class=\"wp-block-paragraph\">\u201eNu sunt \u00eempotriva dezvolt\u0103rii comunei! Dar c\u00e2nd vorbim despre bani publici avem dreptul s\u0103 \u0219tim cine beneficiaz\u0103 \u0219i de ce anumite investi\u021bii devin prioritare!\u201d, transmite Gherman.<\/p>\n<h2 class=\"wp-block-heading\">Peste 600.000 de euro pentru extinderea utilit\u0103\u021bilor<\/h2>\n<p class=\"wp-block-paragraph\">Potrivit informa\u021biilor prezentate de consilierul local, \u00een aceea\u0219i zon\u0103 sunt preg\u0103tite investi\u021bii de peste 600.000 de euro pentru extinderea utilit\u0103\u021bilor.<\/p>\n<p class=\"wp-block-paragraph\">Gherman nu precizeaz\u0103 \u00een postarea sa valoarea exact\u0103 a fiec\u0103rei lucr\u0103ri \u0219i nici sursa concret\u0103 a finan\u021b\u0103rii, \u00eens\u0103 sus\u021bine c\u0103 investi\u021bia ar urma s\u0103 fie realizat\u0103 din bani publici.<\/p>\n<p class=\"wp-block-paragraph\">Problema ridicat\u0103 de acesta este legat\u0103 de oportunitatea extinderii infrastructurii \u00eentr-un areal \u00een care, \u00een prezent, exist\u0103 \u00een principal terenuri agricole. \u00cen opinia consilierului, administra\u021bia ar trebui s\u0103 explice de ce sunt alocate sume importante aici, \u00een condi\u021biile \u00een care exist\u0103 \u0219i alte zone ale comunei \u00een care infrastructura ar necesita interven\u021bii.<\/p>\n<h2 class=\"wp-block-heading\">Iluminatul public a fost deja extins \u00een zon\u0103<\/h2>\n<p class=\"wp-block-paragraph\">Investi\u021bia \u00een utilit\u0103\u021bi nu ar fi prima interven\u021bie a administra\u021biei locale \u00een aceast\u0103 zon\u0103.<\/p>\n<p class=\"wp-block-paragraph\">Liviu Gherman afirm\u0103 c\u0103 iluminatul public a fost deja extins pe drumul de la ie\u0219irea din S\u00e2nandrei spre Carani. Consilierul estimeaz\u0103, pe baza informa\u021biilor pe care spune c\u0103 le de\u021bine, c\u0103 fiecare st\u00e2lp ar fi costat aproximativ 1.000 de euro.<\/p>\n<p class=\"wp-block-paragraph\">Aceste informa\u021bii nu sunt \u00eenso\u021bite \u00een postarea sa de documente privind valoarea exact\u0103 a lucr\u0103rii sau costul individual al st\u00e2lpilor, astfel c\u0103 cifrele prezentate de consilier reprezint\u0103, \u00een acest moment, afirma\u021bii care necesit\u0103 verificare.<\/p>\n<h2 class=\"wp-block-heading\">Panourile solare, afectate de furtun\u0103<\/h2>\n<p class=\"wp-block-paragraph\">Critica lui Liviu Gherman este \u00eenso\u021bit\u0103 de un videoclip realizat \u00een zon\u0103, \u00een care sunt prezentate panouri solare afectate de furtuna recent\u0103.<\/p>\n<p class=\"wp-block-paragraph\">Consilierul afirm\u0103 c\u0103 o parte dintre acestea au fost dobor\u00e2te de v\u00e2nt. Imaginile sunt folosite de acesta pentru a pune sub semnul \u00eentreb\u0103rii modul \u00een care au fost realizate \u0219i \u00eentre\u021binute investi\u021biile din zon\u0103.<\/p>\n<p class=\"wp-block-paragraph\">Faptul c\u0103 panourile au fost afectate de furtun\u0103 nu demonstreaz\u0103 \u00eens\u0103, \u00een sine, existen\u021ba unei probleme privind investi\u021bia sau modul \u00een care aceasta a fost realizat\u0103. Pentru stabilirea cauzelor ar fi necesare informa\u021bii tehnice privind instala\u021bia, intensitatea fenomenului meteorologic \u0219i eventualele lucr\u0103ri de remediere.<\/p>\n<h2 class=\"wp-block-heading\">\u00centreb\u0103ri despre terenurile din zona investi\u021biei<\/h2>\n<p class=\"wp-block-paragraph\">Un alt aspect ridicat de consilierul local prive\u0219te propriet\u0103\u021bile din zona \u00een care urmeaz\u0103 s\u0103 fie extinse utilit\u0103\u021bile.<\/p>\n<p class=\"wp-block-paragraph\">Gherman afirm\u0103 c\u0103 exist\u0103 informa\u021bii potrivit c\u0103rora anumite terenuri ar fi fost cump\u0103rate prin persoane interpuse. El nu prezint\u0103 \u00een mesajul public documente care s\u0103 confirme aceste acuza\u021bii \u0219i nici nu indic\u0103 proprietarii sau tranzac\u021biile la care face referire.<\/p>\n<p class=\"wp-block-paragraph\">Tocmai de aceea, afirma\u021bia trebuie privit\u0103 ca o acuza\u021bie formulat\u0103 de un ales local \u0219i nu ca un fapt dovedit. Consilierul cere \u00eens\u0103 administra\u021biei locale s\u0103 explice cine va beneficia \u00een final de investi\u021biile publice realizate \u00een zon\u0103.<\/p>\n<h2 class=\"wp-block-heading\">\u201eDe ce aici, de ce acum \u0219i cine va beneficia?\u201d<\/h2>\n<p class=\"wp-block-paragraph\">\u00centrebarea central\u0103 lansat\u0103 de Liviu Gherman vizeaz\u0103 oportunitatea \u0219i beneficiarii investi\u021biei.<\/p>\n<p class=\"wp-block-paragraph\">\u201eDe ce aici, de ce acum \u0219i cine va beneficia \u00een final de aceste investi\u021bii?\u201d, \u00eentreab\u0103 consilierul local \u00een mesajul transmis public.<\/p>\n<p class=\"wp-block-paragraph\">\u00cen cazul investi\u021biilor finan\u021bate din bani publici, stabilirea priorit\u0103\u021bilor \u0219i justificarea economic\u0103 a lucr\u0103rilor reprezint\u0103 elemente care pot fi analizate prin documentele administrative, proiectele aprobate \u0219i hot\u0103r\u00e2rile Consiliului Local.<\/p>\n<p class=\"wp-block-paragraph\">Gherman sus\u021bine c\u0103 aceste explica\u021bii sunt cu at\u00e2t mai importante cu c\u00e2t investi\u021bia este una consistent\u0103 raportat la dimensiunea unei comune.<\/p>\n<h2 class=\"wp-block-heading\">Investi\u021biile trebuie aprobate \u0219i de Consiliul Local<\/h2>\n<p class=\"wp-block-paragraph\">Potrivit consilierului local, proiectele de acest tip au nevoie \u0219i de voturile Consiliului Local S\u00e2nandrei.<\/p>\n<p class=\"wp-block-paragraph\">Gherman face referire \u0219i la actuala majoritate din Consiliul Local, despre care afirm\u0103 c\u0103 s-a format inclusiv cu sprijinul unor consilieri ale\u0219i pe lista AUR. El subliniaz\u0103 c\u0103 unul dintre ace\u0219tia ocup\u0103 \u00een prezent func\u021bia de viceprimar.<\/p>\n<p class=\"wp-block-paragraph\">Afirma\u021bia introduce \u0219i o dimensiune politic\u0103 \u00een disputa privind investi\u021biile. Consilierul sugereaz\u0103 c\u0103 modul \u00een care majoritatea local\u0103 voteaz\u0103 proiectele administra\u021biei este relevant pentru direc\u021bia \u00een care sunt cheltui\u021bi banii comunei.<\/p>\n<h2 class=\"wp-block-heading\">Critica lui Gherman vizeaz\u0103 modul \u00een care este f\u0103cut\u0103 dezvoltarea comunei<\/h2>\n<p class=\"wp-block-paragraph\">Consilierul local insist\u0103 c\u0103 nu contest\u0103 necesitatea dezvolt\u0103rii S\u00e2nandreiului. Critica sa este \u00eendreptat\u0103 c\u0103tre ceea ce consider\u0103 a fi o ordine discutabil\u0103 a priorit\u0103\u021bilor.<\/p>\n<p class=\"wp-block-paragraph\">\u00cen esen\u021b\u0103, Gherman sus\u021bine c\u0103 administra\u021bia local\u0103 investe\u0219te \u00een infrastructur\u0103 \u00eentr-o zon\u0103 \u00een care dezvoltarea urban\u0103 este \u00eenc\u0103 limitat\u0103, \u00een timp ce alte zone \u00een care exist\u0103 deja locuin\u021be \u0219i necesit\u0103\u021bi concrete de infrastructur\u0103 ar avea nevoie de investi\u021bii publice.<\/p>\n<p class=\"wp-block-paragraph\">Este o acuza\u021bie politic\u0103 ce poate fi verificat\u0103 prin compararea proiectelor de investi\u021bii aprobate de Consiliul Local, a zonelor \u00een care sunt programate lucr\u0103ri \u0219i a documenta\u021biilor care au stat la baza acestora.<\/p>\n<h2 class=\"wp-block-heading\">Cine beneficiaz\u0103 de infrastructura pl\u0103tit\u0103 din bani publici?<\/h2>\n<p class=\"wp-block-paragraph\">\u00centrebarea privind beneficiarii investi\u021biilor este una dintre cele mai sensibile din mesajul consilierului local.<\/p>\n<p class=\"wp-block-paragraph\">Construirea sau extinderea unor re\u021bele publice poate reprezenta o investi\u021bie legitim\u0103 atunci c\u00e2nd exist\u0103 o strategie de dezvoltare urban\u0103, c\u00e2nd terenurile urmeaz\u0103 s\u0103 fie dezvoltate conform documenta\u021biilor aprobate \u0219i c\u00e2nd investi\u021bia este justificat\u0103 din punct de vedere economic \u0219i administrativ.<\/p>\n<p class=\"wp-block-paragraph\">\u00cen acela\u0219i timp, atunci c\u00e2nd infrastructura este extins\u0103 \u00eentr-o zon\u0103 cu pu\u021bine construc\u021bii sau cu predominan\u021ba terenurilor agricole, administra\u021bia poate fi \u00eentrebat\u0103 \u00een mod legitim care este perspectiva de dezvoltare a zonei, care sunt beneficiile pentru comunitate \u0219i care este justificarea prioritiz\u0103rii lucr\u0103rii.<\/p>\n<h2 class=\"wp-block-heading\">Prim\u0103ria S\u00e2nandrei trebuie s\u0103 explice investi\u021bia<\/h2>\n<p class=\"wp-block-paragraph\">Mesajul lui Liviu Gherman pune, astfel, presiune asupra administra\u021biei conduse de Claudiu Coman pentru a prezenta public documentele \u0219i argumentele care au stat la baza investi\u021biilor anun\u021bate.<\/p>\n<p class=\"wp-block-paragraph\">Din informa\u021biile furnizate de consilier nu rezult\u0103 \u00eens\u0103 dovezi c\u0103 lucr\u0103rile ar fi fost realizate \u201ecu dedica\u021bie\u201d sau c\u0103 anumite persoane ar urma s\u0103 beneficieze ilegal de investi\u021bii. Acestea sunt suspiciuni \u0219i acuza\u021bii politice care, pentru a fi transformate \u00een fapte, ar necesita dovezi \u0219i verific\u0103ri.<\/p>\n<p class=\"wp-block-paragraph\">R\u0103m\u00e2ne \u00eens\u0103 \u00eentrebarea privind oportunitatea cheltuirii a peste 600.000 de euro pentru extinderea utilit\u0103\u021bilor \u00eentr-o zon\u0103 \u00een care, potrivit consilierului, predomin\u0103 \u00een prezent terenurile agricole. \u00centr-o comun\u0103 aflat\u0103 \u00een plin\u0103 dezvoltare, modul \u00een care administra\u021bia \u00ee\u0219i stabile\u0219te priorit\u0103\u021bile \u0219i justific\u0103 investi\u021biile reprezint\u0103 un subiect care merit\u0103 explicat public.<\/p>\n<p class=\"wp-block-paragraph\">Gherman \u00ee\u0219i asum\u0103 afirma\u021biile \u0219i spune c\u0103 timpul va ar\u0103ta dac\u0103 suspiciunile sale au fost sau nu \u00eentemeiate. P\u00e2n\u0103 atunci, documentele privind investi\u021biile, hot\u0103r\u00e2rile Consiliului Local \u0219i explica\u021biile administra\u021biei S\u00e2nandrei sunt cele care pot clarifica dac\u0103 proiectele r\u0103spund unei strategii publice de dezvoltare sau dac\u0103 exist\u0103 alte interese \u00een spatele prioritiz\u0103rii acestei zone.<\/p>\n<\/div>\n<footer>\n<div class=\"td-post-source-tags\">\n<ul class=\"td-tags td-post-small-box clearfix\">\n<li><span>ETICHETE<\/span><\/li>\n<li><a href=\"https:\/\/orasul-timisoara.ro\/local-tag\/aur\/\">aur<\/a><\/li>\n<li><a href=\"https:\/\/orasul-timisoara.ro\/local-tag\/bani-publici\/\">bani publici<\/a><\/li>\n<li><a href=\"https:\/\/orasul-timisoara.ro\/local-tag\/carani\/\">Carani<\/a><\/li>\n<li><a href=\"https:\/\/orasul-timisoara.ro\/local-tag\/claudiu-coman\/\">claudiu coman<\/a><\/li>\n<li><a href=\"https:\/\/orasul-timisoara.ro\/local-tag\/consiliul-local-sanandrei\/\">Consiliul Local S\u00e2nandrei<\/a><\/li>\n<li><a href=\"https:\/\/orasul-timisoara.ro\/local-tag\/dezvoltare-urbana-2\/\">dezvoltare urban\u0103<\/a><\/li>\n<li><a href=\"https:\/\/orasul-timisoara.ro\/local-tag\/iluminat-public\/\">iluminat public<\/a><\/li>\n<li><a href=\"https:\/\/orasul-timisoara.ro\/local-tag\/investitii-publice\/\">investi\u021bii publice<\/a><\/li>\n<li><a href=\"https:\/\/orasul-timisoara.ro\/local-tag\/liviu-gherman\/\">liviu gherman<\/a><\/li>\n<li><a href=\"https:\/\/orasul-timisoara.ro\/local-tag\/primaria-sanandrei-2\/\">prim\u0103ria S\u00e2nandrei<\/a><\/li>\n<li><a href=\"https:\/\/orasul-timisoara.ro\/local-tag\/sanandrei-2\/\">S\u00e2nandrei<\/a><\/li>\n<li><a href=\"https:\/\/orasul-timisoara.ro\/local-tag\/sanandrei-timis\/\">S\u00e2nandrei Timi\u0219<\/a><\/li>\n<li><a href=\"https:\/\/orasul-timisoara.ro\/local-tag\/timis-2\/\">timi\u0219<\/a><\/li>\n<li><a href=\"https:\/\/orasul-timisoara.ro\/local-tag\/utilitati\/\">utilit\u0103\u021bi<\/a><\/li>\n<\/ul>\n<\/div>\n<div class=\"td-post-sharing-bottom\">\n<div class=\"td-post-sharing-classic\"><iframe title=\"bottomFacebookLike\" frameborder src=\"https:\/\/www.facebook.com\/plugins\/like.php?href=https:\/\/orasul-timisoara.ro\/local-40207\/&amp;layout=button_count&amp;show_faces=false&amp;width=105&amp;action=like&amp;colorscheme=light&amp;height=21\"><\/iframe><\/div>\n<div id=\"td_social_sharing_article_bottom\" class=\"td-post-sharing td-ps-bg td-ps-notext td-post-sharing-style1 \">\n<div class=\"td-post-sharing-visible\"><a class=\"td-social-sharing-button td-social-sharing-button-js td-social-network td-social-facebook\" href=\"https:\/\/www.facebook.com\/sharer.php?u=https%3A%2F%2Forasul-timisoara.ro%2Flocal-40207%2F\" title=\"Facebook\"><\/p>\n<div class=\"td-social-but-text\">Facebook<\/div>\n<p><\/a><a class=\"td-social-sharing-button td-social-sharing-button-js td-social-network td-social-twitter\" href=\"https:\/\/twitter.com\/intent\/tweet?text=Peste+600.000+de+euro+pentru+utilit%C4%83%C8%9Bi+%C3%AEntr-o+zon%C4%83+agricol%C4%83+din+S%C3%A2nandrei.+%E2%80%9EDe+ce+aici+%C8%99i+de+ce+acum%3F%E2%80%9D%2C+%C3%AEntreab%C4%83+un+consilier+local&amp;url=https%3A%2F%2Forasul-timisoara.ro%2Flocal-40207%2F&amp;via=orasultm\" title=\"Twitter\"><\/p>\n<div class=\"td-social-but-text\">Twitter<\/div>\n<p><\/a><a class=\"td-social-sharing-button td-social-sharing-button-js td-social-network td-social-whatsapp\" href=\"https:\/\/api.whatsapp.com\/send?text=Peste+600.000+de+euro+pentru+utilit%C4%83%C8%9Bi+%C3%AEntr-o+zon%C4%83+agricol%C4%83+din+S%C3%A2nandrei.+%E2%80%9EDe+ce+aici+%C8%99i+de+ce+acum%3F%E2%80%9D%2C+%C3%AEntreab%C4%83+un+consilier+local%20%0A%0A%20https:\/\/orasul-timisoara.ro\/local-40207\/\" title=\"WhatsApp\"><\/p>\n<div class=\"td-social-but-text\">WhatsApp<\/div>\n<p><\/a><a class=\"td-social-sharing-button td-social-sharing-button-js td-social-network td-social-linkedin\" href=\"https:\/\/www.linkedin.com\/shareArticle?mini=true&amp;url=https:\/\/orasul-timisoara.ro\/local-40207\/&amp;title=Peste+600.000+de+euro+pentru+utilit%C4%83%C8%9Bi+%C3%AEntr-o+zon%C4%83+agricol%C4%83+din+S%C3%A2nandrei.+%E2%80%9EDe+ce+aici+%C8%99i+de+ce+acum%3F%E2%80%9D%2C+%C3%AEntreab%C4%83+un+consilier+local\" title=\"Linkedin\"><\/p>\n<div class=\"td-social-but-text\">Linkedin<\/div>\n<p><\/a><a class=\"td-social-sharing-button td-social-sharing-button-js td-social-network td-social-reddit\" href=\"https:\/\/reddit.com\/submit?url=https:\/\/orasul-timisoara.ro\/local-40207\/&amp;title=Peste+600.000+de+euro+pentru+utilit%C4%83%C8%9Bi+%C3%AEntr-o+zon%C4%83+agricol%C4%83+din+S%C3%A2nandrei.+%E2%80%9EDe+ce+aici+%C8%99i+de+ce+acum%3F%E2%80%9D%2C+%C3%AEntreab%C4%83+un+consilier+local\" title=\"ReddIt\"><\/p>\n<div class=\"td-social-but-text\">ReddIt<\/div>\n<p><\/a><a class=\"td-social-sharing-button td-social-sharing-button-js td-social-network td-social-mail\" href=\"mailto:?subject=Peste%20600.000%20de%20euro%20pentru%20utilit%C4%83%C8%9Bi%20%C3%AEntr-o%20zon%C4%83%20agricol%C4%83%20din%20S%C3%A2nandrei.%20%E2%80%9EDe%20ce%20aici%20%C8%99i%20de%20ce%20acum?%E2%80%9D,%20%C3%AEntreab%C4%83%20un%20consilier%20local&amp;body=https:\/\/orasul-timisoara.ro\/local-40207\/\" title=\"Email\"><\/p>\n<div class=\"td-social-but-text\">Email<\/div>\n<p><\/a><a class=\"td-social-sharing-button td-social-sharing-button-js td-social-network td-social-print\" href=\"https:\/\/orasul-timisoara.ro\/local-40207\/\" title=\"Imprimare\"><\/p>\n<div class=\"td-social-but-text\">Imprimare<\/div>\n<p><\/a><\/div>\n<\/div>\n<\/div>\n<div class=\"td-block-row td-post-next-prev\">\n<div class=\"td-block-span6 td-post-prev-post\">\n<div class=\"td-post-next-prev-content\"><span>Articolul precedent<\/span><a href=\"https:\/\/orasul-timisoara.ro\/local-40205\/\">Aquatim opre\u0219te apa \u00een patru localit\u0103\u021bi din Timi\u0219. Programul lucr\u0103rilor<\/a><\/div>\n<\/div>\n<\/div>\n<div class=\"td-author-name vcard author\"><span class=\"fn\"><a href=\"https:\/\/orasul-timisoara.ro\/author\/timisoara\/\">redactia<\/a><\/span><\/div>\n<p><span class=\"td-page-meta\"><\/span><span class=\"td-page-meta\"><span class=\"td-page-meta\"><\/span><\/span><span class=\"td-page-meta\"><\/span><\/footer>\n<div class=\"td_block_wrap td_block_related_posts tdi_3 td_with_ajax_pagination td-pb-border-top td_block_template_8\" data-td-block-uid=\"tdi_3\">\n<h4 class=\"td-related-title td-block-title\"><a id=\"tdi_4\" class=\"td-related-left td-cur-simple-item\" data-td_filter_value data-td_block_id=\"tdi_3\" href=\"https:\/\/orasul-timisoara.ro\/local-40207\/\">ARTICOLE SIMILARE<\/a><a id=\"tdi_5\" class=\"td-related-right\" data-td_filter_value=\"td_related_more_from_author\" data-td_block_id=\"tdi_3\" href=\"https:\/\/orasul-timisoara.ro\/local-40207\/\">DE LA ACELA\u0218I AUTOR<\/a><\/h4>\n<div id=\"tdi_3\" class=\"td_block_inner\">\n<div class=\"td-related-row\">\n<div class=\"td-related-span4\">\n<div class=\"td_module_related_posts td-animation-stack td_mod_related_posts\">\n<div class=\"td-module-image\">\n<div class=\"td-module-thumb\"><a href=\"https:\/\/orasul-timisoara.ro\/local-40159\/\" rel=\"bookmark\" class=\"td-image-wrap \" title=\"Rom\u00e2nia, campioan\u0103 la medalii la Mondialele U19 de canotaj de la Plovdiv\"><img loading=\"lazy\" decoding=\"async\" class=\"entry-thumb\" src=\"https:\/\/orasul-timisoara.ro\/wp-content\/uploads\/2026\/08\/canotaj-campioni-436x300.jpg\" alt title=\"Rom\u00e2nia, campioan\u0103 la medalii la Mondialele U19 de canotaj de la Plovdiv\" width=\"218\" height=\"150\"><\/a><\/div>\n<\/div>\n<div class=\"item-details\">\n<h3 class=\"entry-title td-module-title\"><a href=\"https:\/\/orasul-timisoara.ro\/local-40159\/\" rel=\"bookmark\" title=\"Rom\u00e2nia, campioan\u0103 la medalii la Mondialele U19 de canotaj de la Plovdiv\">Rom\u00e2nia, campioan\u0103 la medalii la Mondialele U19 de canotaj de la Plovdiv<\/a><\/h3>\n<\/div>\n<\/div>\n<\/div>\n<div class=\"td-related-span4\">\n<div class=\"td_module_related_posts td-animation-stack td_mod_related_posts\">\n<div class=\"td-module-image\">\n<div class=\"td-module-thumb\"><a href=\"https:\/\/orasul-timisoara.ro\/local-40076\/\" rel=\"bookmark\" class=\"td-image-wrap \" title=\"Liviu Gherman acuz\u0103 o campanie de denigrare dup\u0103 procesul c\u00e2\u0219tigat \u00eempotriva Prim\u0103riei S\u00e2nandrei \u0219i public\u0103 documente: \u201eAm c\u00e2\u0219tigat \u00een instan\u021b\u0103, dar autorit\u0103\u021bile refuz\u0103 s\u0103 restituie sumele\u201d\"><img loading=\"lazy\" decoding=\"async\" class=\"entry-thumb\" src=\"https:\/\/orasul-timisoara.ro\/wp-content\/uploads\/2026\/08\/liviu-ghrerman-biaren-timisoara-436x300.jpg\" alt title=\"Liviu Gherman acuz\u0103 o campanie de denigrare dup\u0103 procesul c\u00e2\u0219tigat \u00eempotriva Prim\u0103riei S\u00e2nandrei \u0219i public\u0103 documente: \u201eAm c\u00e2\u0219tigat \u00een instan\u021b\u0103, dar autorit\u0103\u021bile refuz\u0103 s\u0103 restituie sumele\u201d\" width=\"218\" height=\"150\"><\/a><\/div>\n<\/div>\n<div class=\"item-details\">\n<h3 class=\"entry-title td-module-title\"><a href=\"https:\/\/orasul-timisoara.ro\/local-40076\/\" rel=\"bookmark\" title=\"Liviu Gherman acuz\u0103 o campanie de denigrare dup\u0103 procesul c\u00e2\u0219tigat \u00eempotriva Prim\u0103riei S\u00e2nandrei \u0219i public\u0103 documente: \u201eAm c\u00e2\u0219tigat \u00een instan\u021b\u0103, dar autorit\u0103\u021bile refuz\u0103 s\u0103 restituie sumele\u201d\">Liviu Gherman acuz\u0103 o campanie de denigrare dup\u0103 procesul c\u00e2\u0219tigat \u00eempotriva Prim\u0103riei S\u00e2nandrei \u0219i public\u0103 documente: \u201eAm c\u00e2\u0219tigat \u00een instan\u021b\u0103, dar autorit\u0103\u021bile refuz\u0103 s\u0103&#8230;<\/a><\/h3>\n<\/div>\n<\/div>\n<\/div>\n<div class=\"td-related-span4\">\n<div class=\"td_module_related_posts td-animation-stack td_mod_related_posts\">\n<div class=\"td-module-image\">\n<div class=\"td-module-thumb\"><a href=\"https:\/\/orasul-timisoara.ro\/local-39566\/\" rel=\"bookmark\" class=\"td-image-wrap \" title=\"Sondaj politic: PNL reduce diferen\u021ba fa\u021b\u0103 de AUR, PSD este indicat drept principal responsabil pentru criz\u0103\"><img loading=\"lazy\" decoding=\"async\" class=\"entry-thumb\" src=\"https:\/\/orasul-timisoara.ro\/wp-content\/uploads\/2025\/07\/dominic-fritz-ilie-bolojan-436x300.jpg\" alt title=\"Sondaj politic: PNL reduce diferen\u021ba fa\u021b\u0103 de AUR, PSD este indicat drept principal responsabil pentru criz\u0103\" width=\"218\" height=\"150\"><\/a><\/div>\n<\/div>\n<div class=\"item-details\">\n<h3 class=\"entry-title td-module-title\"><a href=\"https:\/\/orasul-timisoara.ro\/local-39566\/\" rel=\"bookmark\" title=\"Sondaj politic: PNL reduce diferen\u021ba fa\u021b\u0103 de AUR, PSD este indicat drept principal responsabil pentru criz\u0103\">Sondaj politic: PNL reduce diferen\u021ba fa\u021b\u0103 de AUR, PSD este indicat drept principal responsabil pentru criz\u0103<\/a><\/h3>\n<\/div>\n<\/div>\n<\/div>\n<\/div>\n<\/div>\n<\/div>\n<div class=\"comments\" id=\"comments\">\n<div id=\"respond\" class=\"comment-respond\">\n<h3 id=\"reply-title\" class=\"comment-reply-title\">L\u0102SA\u021aI UN MESAJ<\/h3>\n<div class=\"comment-form-input-wrap td-form-comment\">\n<div class=\"td-warning-comment\">V\u0103 rug\u0103m s\u0103 introduce\u021bi comentariul dvs.!<\/div>\n<\/div>\n<div class=\"comment-form-input-wrap td-form-author\">\n<div class=\"td-warning-author\">Introduce\u021bi aici numele dvs.<\/div>\n<\/div>\n<div class=\"comment-form-input-wrap td-form-email\">\n<div class=\"td-warning-email-error\">A\u021bi introdus o adres\u0103 de e-mail incorect\u0103!<\/div>\n<div class=\"td-warning-email\">V\u0103 rug\u0103m s\u0103 introduce\u021bi adresa dvs. de e-mail aici<\/div>\n<\/div>\n<\/div>\n<p class=\"akismet_comment_form_privacy_notice\">Acest site folose\u0219te Akismet pentru a reduce spamul. <a href=\"https:\/\/akismet.com\/privacy\/\" target=\"_blank\" rel=\"nofollow noopener\">Afl\u0103 cum sunt procesate datele comentariilor tale<\/a>.<\/p>\n<\/div>\n<\/div>\n<\/div>\n<div class=\"td-pb-span4 td-main-sidebar\" role=\"complementary\">\n<div class=\"td-ss-main-sidebar\">\n<aside id=\"block-4\" class=\"td_block_template_8 widget block-4 widget_block widget_media_image\">\n<figure class=\"wp-block-image size-full\"><img loading=\"lazy\" decoding=\"async\" width=\"336\" height=\"280\" src=\"https:\/\/orasul-timisoara.ro\/wp-content\/uploads\/2024\/11\/ReTIM-Abonamentul-Verde-Google-Ads-336x280px.gif\" alt class=\"wp-image-29257\"><\/figure>\n<\/aside>\n<div class=\"td_block_wrap td_block_social_counter td_block_widget tdi_6 td-social-style5 td-social-boxed td-pb-border-top td_block_template_8\">\n<div class=\"td-block-title-wrap\">\n<h4 class=\"td-block-title\"><span>Urm\u0103re\u0219te-ne pe Social Media<\/span><\/h4>\n<\/div>\n<div class=\"td-social-list\">\n<div class=\"td_social_type td-pb-margin-side td_social_facebook\">\n<div class=\"td-social-box\"><span class=\"td_social_info td_social_info_counter\">344,595<\/span><span class=\"td_social_info td_social_info_name\">Fani<\/span><span class=\"td_social_button\"><a href=\"https:\/\/www.facebook.com\/247timisoara\" target=\"_blank\" rel=\"nofollow\">\u00cemi place<\/a><\/span><\/div>\n<\/div>\n<div class=\"td_social_type td-pb-margin-side td_social_instagram\">\n<div class=\"td-social-box\"><span class=\"td_social_info td_social_info_counter\">4,416<\/span><span class=\"td_social_info td_social_info_name\">Cititori<\/span><span class=\"td_social_button\"><a href=\"https:\/\/instagram.com\/orasultimisoararo\/\" target=\"_blank\" rel=\"nofollow\">Conecta\u021bi-v\u0103<\/a><\/span><\/div>\n<\/div>\n<div class=\"td_social_type td-pb-margin-side td_social_rss\">\n<div class=\"td-social-box\"><span class=\"td_social_info td_social_info_counter\">12,506<\/span><span class=\"td_social_info td_social_info_name\">Cititori<\/span><span class=\"td_social_button\"><a href=\"https:\/\/orasul-timisoara.ro\/feed\/\" target=\"_blank\" rel=\"nofollow\">Conecta\u021bi-v\u0103<\/a><\/span><\/div>\n<\/div>\n<div class=\"td_social_type td-pb-margin-side td_social_tiktok\">\n<div class=\"td-social-box\"><span class=\"td_social_info td_social_info_counter\">1,500<\/span><span class=\"td_social_info td_social_info_name\">Cititori<\/span><span class=\"td_social_button\"><a href=\"https:\/\/www.tiktok.com\/@orasultimisoara\" target=\"_blank\" rel=\"nofollow\">Conecta\u021bi-v\u0103<\/a><\/span><\/div>\n<\/div>\n<div class=\"td_social_type td-pb-margin-side td_social_twitter\">\n<div class=\"td-social-box\"><span class=\"td_social_info td_social_info_counter\">1,595<\/span><span class=\"td_social_info td_social_info_name\">Cititori<\/span><span class=\"td_social_button\"><a href=\"https:\/\/twitter.com\/orasultm\" target=\"_blank\" rel=\"nofollow\">Conecta\u021bi-v\u0103<\/a><\/span><\/div>\n<\/div>\n<div class=\"td_social_type td-pb-margin-side td_social_youtube\">\n<div class=\"td-social-box\"><span class=\"td_social_info td_social_info_counter\">3,506<\/span><span class=\"td_social_info td_social_info_name\">Abona\u021bi<\/span><span class=\"td_social_button\"><a href=\"https:\/\/www.youtube.com\/channel\/UCQNsQvs2XCSIm1Z-AHRturw?sub_confirmation=1\" target=\"_blank\" rel=\"nofollow\">Abona\u021bi-v\u0103<\/a><\/span><\/div>\n<\/div>\n<\/div>\n<\/div>\n<aside id=\"text-7\" class=\"td_block_template_8 widget text-7 widget_text\">\n<h4 class=\"td-block-title\"><span>C\u0103ut\u0103ri populare pe OTM<\/span><\/h4>\n<div class=\"textwidget\"><a href=\"https:\/\/orasul-timisoara.ro\/?s=timisoara\"><span>Timisoara<\/span><\/a><a href=\"https:\/\/orasul-timisoara.ro\/?s=calin+dobra\"><span>Calin Dobra<\/span><\/a><a href=\"https:\/\/orasul-timisoara.ro\/?s=primaria+timisoara\"><span>Primaria Timisoara<\/span><\/a><a href=\"https:\/\/orasul-timisoara.ro\/?s=dominic+fritz\"><span>Dominic Fritz<\/span><\/a><a href=\"https:\/\/orasul-timisoara.ro\/?s=nicolae+robu\"><span>Nicolae Robu<\/span><\/a><a href=\"https:\/\/orasul-timisoara.ro\/?s=consiliul+local+timisoara\">Consiliul Local Timisoara<\/a><a href=\"https:\/\/orasul-timisoara.ro\/?s=consiliul+judetean+timis\"><span>Consiliul Judetean Timis<\/span><\/a><a href=\"https:\/\/orasul-timisoara.ro\/?s=cjt\"><span>CJT<\/span><\/a><a href=\"https:\/\/orasul-timisoara.ro\/?s=Alfred+Simonis\"><span>Alfred Simonis<\/span><\/a><a href=\"https:\/\/orasul-timisoara.ro\/?s=PNL\"><span>PNL<\/span><\/a><a href=\"https:\/\/orasul-timisoara.ro\/?s=coronavirus\"><span>coronavirus<\/span><\/a><a href=\"https:\/\/orasul-timisoara.ro\/?s=teatru+timisoara\">teatru Timisoara<\/a><a href=\"https:\/\/orasul-timisoara.ro\/?s=restaurante\"><span>restaurante Timisoara<\/span><\/a><a href=\"https:\/\/orasul-timisoara.ro\/?s=diskoteka\"><span>Diskoteka<\/span><\/a><a href=\"https:\/\/orasul-timisoara.ro\/?s=iulius+town\"><span>Iulius Town<\/span><\/a><a href=\"https:\/\/orasul-timisoara.ro\/?s=iulius+mall\"><span>Iulius Mall<\/span><\/a><a href=\"https:\/\/orasul-timisoara.ro\/?s=stpt\"><span>STPT<\/span><\/a><a href=\"https:\/\/orasul-timisoara.ro\/?s=alin+nica\"><span>Alin Nica<\/span><\/a><a href=\"https:\/\/orasul-timisoara.ro\/?s=psd\"><span>PSD<\/span><\/a><a href=\"https:\/\/orasul-timisoara.ro\/?s=aeroport\"><span>Aeroportul International Timisoara<\/span><\/a><a href=\"https:\/\/orasul-timisoara.ro\/?s=babes\"><span>Spitalul Victor Babes Timisoara<\/span><\/a><a href=\"https:\/\/orasul-timisoara.ro\/?s=poli\"><span>Poli Timi\u0219oara<\/span><\/a><a href=\"https:\/\/orasul-timisoara.ro\/?s=carantina\"><span>carantina<\/span><\/a><a href=\"https:\/\/orasul-timisoara.ro\/?s=aquatim\"><span>Aquatim<\/span><\/a><a href=\"https:\/\/orasul-timisoara.ro\/local-category\/stiri-timisoara\/\"><span>Stiri Timisoara<\/span><\/a><a href=\"https:\/\/orasul-timisoara.ro\/local-category\/investitii-in-timisoara\/\"><span>Investi\u021bii in Timi\u0219oara<\/span><\/a><a href=\"https:\/\/orasul-timisoara.ro\/local-9463\/\"><span>shaorma<\/span><\/a><a href=\"https:\/\/orasul-timisoara.ro\/?s=trafic\"><span>trafic rutier<\/span><\/a><a href=\"https:\/\/orasul-timisoara.ro\/?s=politia\"><span>politia locala timisoara<\/span><\/a><a href=\"https:\/\/orasul-timisoara.ro\/?s=roxana\"><span>Roxana Iliescu<\/span><\/a><a href=\"https:\/\/orasul-timisoara.ro\/?s=colterm\"><span>Colterm<\/span><\/a><a href=\"https:\/\/orasul-timisoara.ro\/?s=latcau\"><span>Ruben La\u021bc\u0103u<\/span><\/a><a href=\"https:\/\/orasul-timisoara.ro\/?s=timis\"><span>\u0218tiri din Timi\u0219<\/span><\/a><a href=\"https:\/\/orasul-timisoara.ro\/?s=spital\"><span>Spitale din Timi\u0219oara<\/span><\/a><a href=\"https:\/\/orasul-timisoara.ro\/?s=tabara\"><span>Cosmin Tab\u0103r\u0103<\/span><\/a><\/div>\n<\/aside>\n<aside id=\"rss-2\" class=\"td_block_template_8 widget rss-2 widget_rss\">\n<h4 class=\"td-block-title\"><span><a class=\"rsswidget rss-widget-feed\" href=\"https:\/\/fashionfridays.ro\/feed\"><img decoding=\"async\" class=\"rss-widget-icon\" width=\"14\" height=\"14\" src=\"https:\/\/orasul-timisoara.ro\/wp-includes\/images\/rss.png\" alt=\"RSS\" loading=\"lazy\"><\/a><a class=\"rsswidget rss-widget-title\" href=\"https:\/\/fashionfridays.ro\/\">Fashion Fridays<\/a><\/span><\/h4>\n<ul>\n<li><a class=\"rsswidget\" href=\"https:\/\/fashionfridays.ro\/romania-devine-a-29-a-piata-vogue-o-noua-era-pentru-industria-locala-de-moda\/\">Rom\u00e2nia devine a 29-a pia\u021b\u0103 Vogue: o nou\u0103 er\u0103 pentru industria local\u0103 de mod\u0103<\/a>\n<div class=\"rssSummary\">Revista Vogue \u00ee\u0219i extinde prezen\u021ba global\u0103 \u0219i va fi lansat\u0103 oficial \u00een Rom\u00e2nia \u00een prim\u0103vara anului 2027, marc\u00e2nd intrarea pe cea de-a 29-a pia\u021b\u0103 interna\u021bional\u0103. Proiectul este realizat \u00een parteneriat cu AEMME Publishing, o companie media recent \u00eenfiin\u021bat\u0103, care va publica edi\u021bia local\u0103 sub licen\u021b\u0103. Noua edi\u021bie, Vogue Rom\u00e2nia, \u00ee\u0219i propune s\u0103 combine autoritatea global\u0103 [\u2026]<\/div>\n<\/li>\n<\/ul>\n<\/aside>\n<aside id=\"rss-4\" class=\"td_block_template_8 widget rss-4 widget_rss\">\n<h4 class=\"td-block-title\"><span><a class=\"rsswidget rss-widget-feed\" href=\"https:\/\/emasini.ro\/feed\"><img decoding=\"async\" class=\"rss-widget-icon\" width=\"14\" height=\"14\" src=\"https:\/\/orasul-timisoara.ro\/wp-includes\/images\/rss.png\" alt=\"RSS\" loading=\"lazy\"><\/a><a class=\"rsswidget rss-widget-title\" href=\"https:\/\/emasini.ro\/\">eMasini<\/a><\/span><\/h4>\n<ul>\n<li><a class=\"rsswidget\" href=\"https:\/\/emasini.ro\/bmw-testeaza-noul-i4-convertible-primul-cabrio-electric-accesibil-al-marcii\/\">BMW testeaz\u0103 noul i4 Convertible, primul cabrio electric accesibil al m\u0103rcii<\/a>\n<div class=\"rssSummary\">BMW accelereaz\u0103 dezvoltarea noii genera\u021bii de modele electrice bazate pe platforma Neue Klasse, iar unul dintre cele mai interesante proiecte aflate \u00een teste este viitorul BMW i4 Convertible. Prototipul camuflat a fost surprins pe \u0219osele, confirm\u00e2nd c\u0103 produc\u0103torul german preg\u0103te\u0219te o decapotabil\u0103 electric\u0103 destinat\u0103 unui segment \u00een care oferta este, \u00een prezent, extrem de limitat\u0103. [\u2026]<\/div>\n<\/li>\n<\/ul>\n<\/aside>\n<\/div>\n<\/div>\n<\/div>\n<\/div>\n<\/article>\n<div class=\"td-post-content tagdiv-type\">\n<p class=\"wp-block-paragraph\">Prim\u0103ria S\u00e2nandrei este criticat\u0103 pentru investi\u021biile preg\u0103tite \u00eentr-o zon\u0103 aflat\u0103 la ie\u0219irea din localitate spre Carani, unde, potrivit consilierului local Liviu Gherman, \u00een prezent predomin\u0103 terenurile agricole. Acesta sus\u021bine c\u0103 administra\u021bia condus\u0103 de primarul Claudiu Coman preg\u0103te\u0219te cheltuieli de peste 600.000 de euro pentru extinderea utilit\u0103\u021bilor \u00een aceast\u0103 zon\u0103 \u0219i pune sub semnul \u00eentreb\u0103rii oportunitatea investi\u021biei.<\/p>\n<p class=\"wp-block-paragraph\">Gherman afirm\u0103 c\u0103, \u00eenaintea extinderii utilit\u0103\u021bilor, \u00een aceea\u0219i zon\u0103 a fost extins iluminatul public, iar o parte dintre panourile solare instalate acolo au fost afectate de furtuna recent\u0103. Consilierul local sus\u021bine c\u0103 investi\u021biile sunt f\u0103cute \u00eentr-o zon\u0103 care nu ar reprezenta \u00een acest moment o prioritate pentru dezvoltarea comunei \u0219i cere explica\u021bii publice cu privire la beneficiarii reali ai lucr\u0103rilor.<\/p>\n<h2 class=\"wp-block-heading\">Consilierul local contest\u0103 priorit\u0103\u021bile Prim\u0103riei S\u00e2nandrei<\/h2>\n<p class=\"wp-block-paragraph\">Liviu Gherman sus\u021bine c\u0103 administra\u021bia local\u0103 din S\u00e2nandrei direc\u021bioneaz\u0103 bani publici c\u0103tre o zon\u0103 \u00een care dezvoltarea urban\u0103 nu ar fi justificat\u0103 de situa\u021bia actual\u0103 din teren.<\/p>\n<p class=\"wp-block-paragraph\">Potrivit acestuia, \u00een zona de la ie\u0219irea din S\u00e2nandrei spre Carani se afl\u0103 \u00een principal terenuri agricole, \u00eens\u0103 municipalitatea preg\u0103te\u0219te extinderea infrastructurii de utilit\u0103\u021bi. Consilierul local consider\u0103 c\u0103 \u00eenaintea unor asemenea investi\u021bii ar trebui explicat de ce aceast\u0103 zon\u0103 a devenit prioritar\u0103 \u0219i ce criterii au stat la baza deciziei.<\/p>\n<p class=\"wp-block-paragraph\">Critica sa vizeaz\u0103 \u00een primul r\u00e2nd modul \u00een care sunt stabilite priorit\u0103\u021bile pentru folosirea banilor publici, nu ideea de dezvoltare a comunei.<\/p>\n<p class=\"wp-block-paragraph\">\u201eNu sunt \u00eempotriva dezvolt\u0103rii comunei! Dar c\u00e2nd vorbim despre bani publici avem dreptul s\u0103 \u0219tim cine beneficiaz\u0103 \u0219i de ce anumite investi\u021bii devin prioritare!\u201d, transmite Gherman.<\/p>\n<h2 class=\"wp-block-heading\">Peste 600.000 de euro pentru extinderea utilit\u0103\u021bilor<\/h2>\n<p class=\"wp-block-paragraph\">Potrivit informa\u021biilor prezentate de consilierul local, \u00een aceea\u0219i zon\u0103 sunt preg\u0103tite investi\u021bii de peste 600.000 de euro pentru extinderea utilit\u0103\u021bilor.<\/p>\n<p class=\"wp-block-paragraph\">Gherman nu precizeaz\u0103 \u00een postarea sa valoarea exact\u0103 a fiec\u0103rei lucr\u0103ri \u0219i nici sursa concret\u0103 a finan\u021b\u0103rii, \u00eens\u0103 sus\u021bine c\u0103 investi\u021bia ar urma s\u0103 fie realizat\u0103 din bani publici.<\/p>\n<p class=\"wp-block-paragraph\">Problema ridicat\u0103 de acesta este legat\u0103 de oportunitatea extinderii infrastructurii \u00eentr-un areal \u00een care, \u00een prezent, exist\u0103 \u00een principal terenuri agricole. \u00cen opinia consilierului, administra\u021bia ar trebui s\u0103 explice de ce sunt alocate sume importante aici, \u00een condi\u021biile \u00een care exist\u0103 \u0219i alte zone ale comunei \u00een care infrastructura ar necesita interven\u021bii.<\/p>\n<h2 class=\"wp-block-heading\">Iluminatul public a fost deja extins \u00een zon\u0103<\/h2>\n<p class=\"wp-block-paragraph\">Investi\u021bia \u00een utilit\u0103\u021bi nu ar fi prima interven\u021bie a administra\u021biei locale \u00een aceast\u0103 zon\u0103.<\/p>\n<p class=\"wp-block-paragraph\">Liviu Gherman afirm\u0103 c\u0103 iluminatul public a fost deja extins pe drumul de la ie\u0219irea din S\u00e2nandrei spre Carani. Consilierul estimeaz\u0103, pe baza informa\u021biilor pe care spune c\u0103 le de\u021bine, c\u0103 fiecare st\u00e2lp ar fi costat aproximativ 1.000 de euro.<\/p>\n<p class=\"wp-block-paragraph\">Aceste informa\u021bii nu sunt \u00eenso\u021bite \u00een postarea sa de documente privind valoarea exact\u0103 a lucr\u0103rii sau costul individual al st\u00e2lpilor, astfel c\u0103 cifrele prezentate de consilier reprezint\u0103, \u00een acest moment, afirma\u021bii care necesit\u0103 verificare.<\/p>\n<h2 class=\"wp-block-heading\">Panourile solare, afectate de furtun\u0103<\/h2>\n<p class=\"wp-block-paragraph\">Critica lui Liviu Gherman este \u00eenso\u021bit\u0103 de un videoclip realizat \u00een zon\u0103, \u00een care sunt prezentate panouri solare afectate de furtuna recent\u0103.<\/p>\n<p class=\"wp-block-paragraph\">Consilierul afirm\u0103 c\u0103 o parte dintre acestea au fost dobor\u00e2te de v\u00e2nt. Imaginile sunt folosite de acesta pentru a pune sub semnul \u00eentreb\u0103rii modul \u00een care au fost realizate \u0219i \u00eentre\u021binute investi\u021biile din zon\u0103.<\/p>\n<p class=\"wp-block-paragraph\">Faptul c\u0103 panourile au fost afectate de furtun\u0103 nu demonstreaz\u0103 \u00eens\u0103, \u00een sine, existen\u021ba unei probleme privind investi\u021bia sau modul \u00een care aceasta a fost realizat\u0103. Pentru stabilirea cauzelor ar fi necesare informa\u021bii tehnice privind instala\u021bia, intensitatea fenomenului meteorologic \u0219i eventualele lucr\u0103ri de remediere.<\/p>\n<h2 class=\"wp-block-heading\">\u00centreb\u0103ri despre terenurile din zona investi\u021biei<\/h2>\n<p class=\"wp-block-paragraph\">Un alt aspect ridicat de consilierul local prive\u0219te propriet\u0103\u021bile din zona \u00een care urmeaz\u0103 s\u0103 fie extinse utilit\u0103\u021bile.<\/p>\n<p class=\"wp-block-paragraph\">Gherman afirm\u0103 c\u0103 exist\u0103 informa\u021bii potrivit c\u0103rora anumite terenuri ar fi fost cump\u0103rate prin persoane interpuse. El nu prezint\u0103 \u00een mesajul public documente care s\u0103 confirme aceste acuza\u021bii \u0219i nici nu indic\u0103 proprietarii sau tranzac\u021biile la care face referire.<\/p>\n<p class=\"wp-block-paragraph\">Tocmai de aceea, afirma\u021bia trebuie privit\u0103 ca o acuza\u021bie formulat\u0103 de un ales local \u0219i nu ca un fapt dovedit. Consilierul cere \u00eens\u0103 administra\u021biei locale s\u0103 explice cine va beneficia \u00een final de investi\u021biile publice realizate \u00een zon\u0103.<\/p>\n<h2 class=\"wp-block-heading\">\u201eDe ce aici, de ce acum \u0219i cine va beneficia?\u201d<\/h2>\n<p class=\"wp-block-paragraph\">\u00centrebarea central\u0103 lansat\u0103 de Liviu Gherman vizeaz\u0103 oportunitatea \u0219i beneficiarii investi\u021biei.<\/p>\n<p class=\"wp-block-paragraph\">\u201eDe ce aici, de ce acum \u0219i cine va beneficia \u00een final de aceste investi\u021bii?\u201d, \u00eentreab\u0103 consilierul local \u00een mesajul transmis public.<\/p>\n<p class=\"wp-block-paragraph\">\u00cen cazul investi\u021biilor finan\u021bate din bani publici, stabilirea priorit\u0103\u021bilor \u0219i justificarea economic\u0103 a lucr\u0103rilor reprezint\u0103 elemente care pot fi analizate prin documentele administrative, proiectele aprobate \u0219i hot\u0103r\u00e2rile Consiliului Local.<\/p>\n<p class=\"wp-block-paragraph\">Gherman sus\u021bine c\u0103 aceste explica\u021bii sunt cu at\u00e2t mai importante cu c\u00e2t investi\u021bia este una consistent\u0103 raportat la dimensiunea unei comune.<\/p>\n<h2 class=\"wp-block-heading\">Investi\u021biile trebuie aprobate \u0219i de Consiliul Local<\/h2>\n<p class=\"wp-block-paragraph\">Potrivit consilierului local, proiectele de acest tip au nevoie \u0219i de voturile Consiliului Local S\u00e2nandrei.<\/p>\n<p class=\"wp-block-paragraph\">Gherman face referire \u0219i la actuala majoritate din Consiliul Local, despre care afirm\u0103 c\u0103 s-a format inclusiv cu sprijinul unor consilieri ale\u0219i pe lista AUR. El subliniaz\u0103 c\u0103 unul dintre ace\u0219tia ocup\u0103 \u00een prezent func\u021bia de viceprimar.<\/p>\n<p class=\"wp-block-paragraph\">Afirma\u021bia introduce \u0219i o dimensiune politic\u0103 \u00een disputa privind investi\u021biile. Consilierul sugereaz\u0103 c\u0103 modul \u00een care majoritatea local\u0103 voteaz\u0103 proiectele administra\u021biei este relevant pentru direc\u021bia \u00een care sunt cheltui\u021bi banii comunei.<\/p>\n<h2 class=\"wp-block-heading\">Critica lui Gherman vizeaz\u0103 modul \u00een care este f\u0103cut\u0103 dezvoltarea comunei<\/h2>\n<p class=\"wp-block-paragraph\">Consilierul local insist\u0103 c\u0103 nu contest\u0103 necesitatea dezvolt\u0103rii S\u00e2nandreiului. Critica sa este \u00eendreptat\u0103 c\u0103tre ceea ce consider\u0103 a fi o ordine discutabil\u0103 a priorit\u0103\u021bilor.<\/p>\n<p class=\"wp-block-paragraph\">\u00cen esen\u021b\u0103, Gherman sus\u021bine c\u0103 administra\u021bia local\u0103 investe\u0219te \u00een infrastructur\u0103 \u00eentr-o zon\u0103 \u00een care dezvoltarea urban\u0103 este \u00eenc\u0103 limitat\u0103, \u00een timp ce alte zone \u00een care exist\u0103 deja locuin\u021be \u0219i necesit\u0103\u021bi concrete de infrastructur\u0103 ar avea nevoie de investi\u021bii publice.<\/p>\n<p class=\"wp-block-paragraph\">Este o acuza\u021bie politic\u0103 ce poate fi verificat\u0103 prin compararea proiectelor de investi\u021bii aprobate de Consiliul Local, a zonelor \u00een care sunt programate lucr\u0103ri \u0219i a documenta\u021biilor care au stat la baza acestora.<\/p>\n<h2 class=\"wp-block-heading\">Cine beneficiaz\u0103 de infrastructura pl\u0103tit\u0103 din bani publici?<\/h2>\n<p class=\"wp-block-paragraph\">\u00centrebarea privind beneficiarii investi\u021biilor este una dintre cele mai sensibile din mesajul consilierului local.<\/p>\n<p class=\"wp-block-paragraph\">Construirea sau extinderea unor re\u021bele publice poate reprezenta o investi\u021bie legitim\u0103 atunci c\u00e2nd exist\u0103 o strategie de dezvoltare urban\u0103, c\u00e2nd terenurile urmeaz\u0103 s\u0103 fie dezvoltate conform documenta\u021biilor aprobate \u0219i c\u00e2nd investi\u021bia este justificat\u0103 din punct de vedere economic \u0219i administrativ.<\/p>\n<p class=\"wp-block-paragraph\">\u00cen acela\u0219i timp, atunci c\u00e2nd infrastructura este extins\u0103 \u00eentr-o zon\u0103 cu pu\u021bine construc\u021bii sau cu predominan\u021ba terenurilor agricole, administra\u021bia poate fi \u00eentrebat\u0103 \u00een mod legitim care este perspectiva de dezvoltare a zonei, care sunt beneficiile pentru comunitate \u0219i care este justificarea prioritiz\u0103rii lucr\u0103rii.<\/p>\n<h2 class=\"wp-block-heading\">Prim\u0103ria S\u00e2nandrei trebuie s\u0103 explice investi\u021bia<\/h2>\n<p class=\"wp-block-paragraph\">Mesajul lui Liviu Gherman pune, astfel, presiune asupra administra\u021biei conduse de Claudiu Coman pentru a prezenta public documentele \u0219i argumentele care au stat la baza investi\u021biilor anun\u021bate.<\/p>\n<p class=\"wp-block-paragraph\">Din informa\u021biile furnizate de consilier nu rezult\u0103 \u00eens\u0103 dovezi c\u0103 lucr\u0103rile ar fi fost realizate \u201ecu dedica\u021bie\u201d sau c\u0103 anumite persoane ar urma s\u0103 beneficieze ilegal de investi\u021bii. Acestea sunt suspiciuni \u0219i acuza\u021bii politice care, pentru a fi transformate \u00een fapte, ar necesita dovezi \u0219i verific\u0103ri.<\/p>\n<p class=\"wp-block-paragraph\">R\u0103m\u00e2ne \u00eens\u0103 \u00eentrebarea privind oportunitatea cheltuirii a peste 600.000 de euro pentru extinderea utilit\u0103\u021bilor \u00eentr-o zon\u0103 \u00een care, potrivit consilierului, predomin\u0103 \u00een prezent terenurile agricole. \u00centr-o comun\u0103 aflat\u0103 \u00een plin\u0103 dezvoltare, modul \u00een care administra\u021bia \u00ee\u0219i stabile\u0219te priorit\u0103\u021bile \u0219i justific\u0103 investi\u021biile reprezint\u0103 un subiect care merit\u0103 explicat public.<\/p>\n<p class=\"wp-block-paragraph\">Gherman \u00ee\u0219i asum\u0103 afirma\u021biile \u0219i spune c\u0103 timpul va ar\u0103ta dac\u0103 suspiciunile sale au fost sau nu \u00eentemeiate. P\u00e2n\u0103 atunci, documentele privind investi\u021biile, hot\u0103r\u00e2rile Consiliului Local \u0219i explica\u021biile administra\u021biei S\u00e2nandrei sunt cele care pot clarifica dac\u0103 proiectele r\u0103spund unei strategii publice de dezvoltare sau dac\u0103 exist\u0103 alte interese \u00een spatele prioritiz\u0103rii acestei zone.<\/p>\n<\/div>\n<p>[analyse_source url=&#8221;https:\/\/orasul-timisoara.ro\/local-40207\/&#8221;]<\/p>\n","protected":false},"excerpt":{"rendered":"<p>[analyse_image type=&#8221;featured&#8221; src=&#8221;https:\/\/orasul-timisoara.ro\/wp-content\/uploads\/2026\/08\/gherman-sanandrei.jpg&#8221;] Administra\u021bie local\u0103Peste 600.000 de euro pentru utilit\u0103\u021bi \u00eentr-o zon\u0103 agricol\u0103 din S\u00e2nandrei. \u201eDe&#8230; Administra\u021bie local\u0103 Investitii in Timisoara Politic \u0218tiri Locale Peste 600.000 de euro pentru utilit\u0103\u021bi \u00eentr-o zon\u0103 agricol\u0103 din S\u00e2nandrei. \u201eDe ce aici \u0219i de ce acum?\u201d, \u00eentreab\u0103 un consilier local De c\u0103tre redactia &#8211; 11\/08\/2026 Facebook Twitter WhatsApp Linkedin [&hellip;]<\/p>\n","protected":false},"author":1,"featured_media":0,"comment_status":"open","ping_status":"","sticky":false,"template":"","format":"standard","meta":{"footnotes":""},"categories":[89],"tags":[226,189],"class_list":["post-2088541","post","type-post","status-publish","format-standard","hentry","category-romania","tag-crawlmanager","tag-orasul-timisoara-ro"],"_links":{"self":[{"href":"https:\/\/analyse.optim.biz\/index.php?rest_route=\/wp\/v2\/posts\/2088541","targetHints":{"allow":["GET"]}}],"collection":[{"href":"https:\/\/analyse.optim.biz\/index.php?rest_route=\/wp\/v2\/posts"}],"about":[{"href":"https:\/\/analyse.optim.biz\/index.php?rest_route=\/wp\/v2\/types\/post"}],"author":[{"embeddable":true,"href":"https:\/\/analyse.optim.biz\/index.php?rest_route=\/wp\/v2\/users\/1"}],"replies":[{"embeddable":true,"href":"https:\/\/analyse.optim.biz\/index.php?rest_route=%2Fwp%2Fv2%2Fcomments&post=2088541"}],"version-history":[{"count":0,"href":"https:\/\/analyse.optim.biz\/index.php?rest_route=\/wp\/v2\/posts\/2088541\/revisions"}],"wp:attachment":[{"href":"https:\/\/analyse.optim.biz\/index.php?rest_route=%2Fwp%2Fv2%2Fmedia&parent=2088541"}],"wp:term":[{"taxonomy":"category","embeddable":true,"href":"https:\/\/analyse.optim.biz\/index.php?rest_route=%2Fwp%2Fv2%2Fcategories&post=2088541"},{"taxonomy":"post_tag","embeddable":true,"href":"https:\/\/analyse.optim.biz\/index.php?rest_route=%2Fwp%2Fv2%2Ftags&post=2088541"}],"curies":[{"name":"wp","href":"https:\/\/api.w.org\/{rel}","templated":true}]}}