{"id":2088539,"date":"2026-08-11T13:00:06","date_gmt":"2026-08-11T10:00:06","guid":{"rendered":"https:\/\/analyse.optim.biz\/?p=2088539"},"modified":"2026-08-11T13:00:06","modified_gmt":"2026-08-11T10:00:06","slug":"cj-timis-pregateste-construirea-unei-cladiri-iconice-in-centrul-timisoarei-investitie-de-40-milioane-de","status":"publish","type":"post","link":"https:\/\/analyse.optim.biz\/?p=2088539","title":{"rendered":"CJ Timi\u0219 preg\u0103te\u0219te construirea unei \u201ecl\u0103diri iconice\u201d \u00een centrul Timi\u0219oarei. Investi\u021bie de 40 milioane de"},"content":{"rendered":"<p>[analyse_image type=&#8221;featured&#8221; src=&#8221;https:\/\/orasul-timisoara.ro\/wp-content\/uploads\/2026\/08\/parcare-centru-tm.jpg&#8221;]<\/p>\n<article id=\"post-40199\" class=\"td-post-template-7 post-40199 post type-post status-publish format-standard has-post-thumbnail category-administratie category-featured category-investitii-in-timisoara category-stiri-timisoara tag-alfred-simonis tag-arhitectura-2 tag-centru-multifunctional-timisoara tag-consiliul-judetean-timis-2 tag-cultura-2 tag-fonduri-europene tag-investitii-timis-2 tag-materna tag-parcare-supraetajata-2 tag-proiectare tag-sala-de-concerte tag-timisoara-2 tag-zona-zero-timisoara td-container-wrap\">\n<div class=\"td-full-screen-header-image-wrap\">\n<div class=\"td-container td-post-header\">\n<div class=\"td-crumb-container\">\n<div class=\"entry-crumbs\"><span><a title=\"Vede\u021bi toate articolele \u00een Administra\u021bie local\u0103\" class=\"entry-crumb\" href=\"https:\/\/orasul-timisoara.ro\/local-category\/administratie\/\">Administra\u021bie local\u0103<\/a><\/span><span class=\"td-bred-no-url-last\">CJ Timi\u0219 preg\u0103te\u0219te construirea unei \u201ecl\u0103diri iconice\u201d \u00een centrul Timi\u0219oarei. Investi\u021bie de&#8230;<\/span><\/div>\n<\/div>\n<div class=\"td-post-header-holder\">\n<div class=\"td-parallax-header\">\n<header class=\"td-post-title\">\n<ul class=\"td-category\">\n<li class=\"entry-category\"><a href=\"https:\/\/orasul-timisoara.ro\/local-category\/administratie\/\">Administra\u021bie local\u0103<\/a><\/li>\n<li class=\"entry-category\"><a href=\"https:\/\/orasul-timisoara.ro\/local-category\/investitii-in-timisoara\/\">Investitii in Timisoara<\/a><\/li>\n<li class=\"entry-category\"><a href=\"https:\/\/orasul-timisoara.ro\/local-category\/stiri-timisoara\/\">\u0218tiri Locale<\/a><\/li>\n<\/ul>\n<h1 class=\"entry-title\">CJ Timi\u0219 preg\u0103te\u0219te construirea unei \u201ecl\u0103diri iconice\u201d \u00een centrul Timi\u0219oarei. Investi\u021bie de 40 milioane de euro<\/h1>\n<div class=\"td-module-meta-info\">\n<div class=\"td-post-author-name\">\n<div class=\"td-author-by\">De c\u0103tre<\/div>\n<p><a href=\"https:\/\/orasul-timisoara.ro\/author\/timisoara\/\">redactia<\/a><\/p>\n<div class=\"td-author-line\"> &#8211; <\/div>\n<\/div>\n<p><span class=\"td-post-date\"><time class=\"entry-date updated td-module-date\" datetime=\"2026-08-11T16:00:06+03:00\">11\/08\/2026<\/time><\/span><\/div>\n<\/header>\n<\/div>\n<\/div>\n<\/div>\n<div id=\"td-full-screen-header-image\" class=\"td-image-gradient-style7\"><img decoding=\"async\" class=\"td-backstretch\" src=\"https:\/\/orasul-timisoara.ro\/wp-content\/uploads\/2026\/08\/parcare-centru-tm.jpg\"><\/div>\n<\/div>\n<div class=\"td-container\">\n<div class=\"td-pb-row\">\n<div class=\"td-pb-span8 td-main-content\" role=\"main\">\n<div class=\"td-ss-main-content\">\n<div class=\"td-post-sharing-top\">\n<div class=\"td-post-sharing-classic\"><iframe title=\"topFacebookLike\" frameborder src=\"https:\/\/www.facebook.com\/plugins\/like.php?href=https:\/\/orasul-timisoara.ro\/local-40199\/&amp;layout=button_count&amp;show_faces=false&amp;width=105&amp;action=like&amp;colorscheme=light&amp;height=21\"><\/iframe><\/div>\n<div id=\"td_social_sharing_article_top\" class=\"td-post-sharing td-ps-bg td-ps-notext td-post-sharing-style1 \">\n<div class=\"td-post-sharing-visible\"><a class=\"td-social-sharing-button td-social-sharing-button-js td-social-network td-social-facebook\" href=\"https:\/\/www.facebook.com\/sharer.php?u=https%3A%2F%2Forasul-timisoara.ro%2Flocal-40199%2F\" title=\"Facebook\"><\/p>\n<div class=\"td-social-but-text\">Facebook<\/div>\n<p><\/a><a class=\"td-social-sharing-button td-social-sharing-button-js td-social-network td-social-twitter\" href=\"https:\/\/twitter.com\/intent\/tweet?text=CJ+Timi%C8%99+preg%C4%83te%C8%99te+construirea+unei+%E2%80%9Ecl%C4%83diri+iconice%E2%80%9D+%C3%AEn+centrul+Timi%C8%99oarei.+Investi%C8%9Bie+de+40+milioane+de+euro&amp;url=https%3A%2F%2Forasul-timisoara.ro%2Flocal-40199%2F&amp;via=orasultm\" title=\"Twitter\"><\/p>\n<div class=\"td-social-but-text\">Twitter<\/div>\n<p><\/a><a class=\"td-social-sharing-button td-social-sharing-button-js td-social-network td-social-whatsapp\" href=\"https:\/\/api.whatsapp.com\/send?text=CJ+Timi%C8%99+preg%C4%83te%C8%99te+construirea+unei+%E2%80%9Ecl%C4%83diri+iconice%E2%80%9D+%C3%AEn+centrul+Timi%C8%99oarei.+Investi%C8%9Bie+de+40+milioane+de+euro%20%0A%0A%20https:\/\/orasul-timisoara.ro\/local-40199\/\" title=\"WhatsApp\"><\/p>\n<div class=\"td-social-but-text\">WhatsApp<\/div>\n<p><\/a><a class=\"td-social-sharing-button td-social-sharing-button-js td-social-network td-social-linkedin\" href=\"https:\/\/www.linkedin.com\/shareArticle?mini=true&amp;url=https:\/\/orasul-timisoara.ro\/local-40199\/&amp;title=CJ+Timi%C8%99+preg%C4%83te%C8%99te+construirea+unei+%E2%80%9Ecl%C4%83diri+iconice%E2%80%9D+%C3%AEn+centrul+Timi%C8%99oarei.+Investi%C8%9Bie+de+40+milioane+de+euro\" title=\"Linkedin\"><\/p>\n<div class=\"td-social-but-text\">Linkedin<\/div>\n<p><\/a><a class=\"td-social-sharing-button td-social-sharing-button-js td-social-network td-social-reddit\" href=\"https:\/\/reddit.com\/submit?url=https:\/\/orasul-timisoara.ro\/local-40199\/&amp;title=CJ+Timi%C8%99+preg%C4%83te%C8%99te+construirea+unei+%E2%80%9Ecl%C4%83diri+iconice%E2%80%9D+%C3%AEn+centrul+Timi%C8%99oarei.+Investi%C8%9Bie+de+40+milioane+de+euro\" title=\"ReddIt\"><\/p>\n<div class=\"td-social-but-text\">ReddIt<\/div>\n<p><\/a><a class=\"td-social-sharing-button td-social-sharing-button-js td-social-network td-social-mail\" href=\"mailto:?subject=CJ%20Timi%C8%99%20preg%C4%83te%C8%99te%20construirea%20unei%20%E2%80%9Ecl%C4%83diri%20iconice%E2%80%9D%20%C3%AEn%20centrul%20Timi%C8%99oarei.%20Investi%C8%9Bie%20de%2040%20milioane%20de%20euro&amp;body=https:\/\/orasul-timisoara.ro\/local-40199\/\" title=\"Email\"><\/p>\n<div class=\"td-social-but-text\">Email<\/div>\n<p><\/a><a class=\"td-social-sharing-button td-social-sharing-button-js td-social-network td-social-print\" href=\"https:\/\/orasul-timisoara.ro\/local-40199\/\" title=\"Imprimare\"><\/p>\n<div class=\"td-social-but-text\">Imprimare<\/div>\n<p><\/a><\/div>\n<\/div>\n<\/div>\n<div class=\"td-post-content tagdiv-type\">\n<p class=\"wp-block-paragraph\">CJ Timi\u0219 preg\u0103te\u0219te un centru multifunc\u021bional \u00een centrul Timi\u0219oarei, dup\u0103 15 ani de promisiuni pentru o parcare<\/p>\n<p class=\"wp-block-paragraph\">Consiliul Jude\u021bean Timi\u0219 a lansat licita\u021bia pentru proiectarea unui centru multifunc\u021bional \u00een zona zero a Timi\u0219oarei, pe terenul unde func\u021bioneaz\u0103 \u00een prezent parcarea institu\u021biei. Proiectul propus de administra\u021bia condus\u0103 de Alfred Simonis include o sal\u0103 de concerte cu minimum 1.000 de locuri, s\u0103li multifunc\u021bionale, spa\u021bii expozi\u021bionale, o galerie comercial\u0103 \u0219i o parcare supraetajat\u0103 cu aproximativ 200 de locuri.<\/p>\n<p class=\"wp-block-paragraph\">Amplasamentul are \u00eens\u0103 o istorie de aproximativ 15 ani de proiecte \u0219i promisiuni privind construirea unei parc\u0103ri supraetajate. At\u00e2t C\u0103lin Dobra, pre\u0219edinte al CJ Timi\u0219 \u00eentre 2016 \u0219i 2020, c\u00e2t \u0219i Alin Nica, care a condus administra\u021bia jude\u021bean\u0103 \u00eentre 2020 \u0219i 2024, au sus\u021binut construirea unei parc\u0103ri pe terenul din centrul ora\u0219ului. Acum, actuala administra\u021bie schimb\u0103 direc\u021bia \u0219i propune aici o cl\u0103dire multifunc\u021bional\u0103 estimat\u0103 la 35\u201340 de milioane de euro.<\/p>\n<h2 class=\"wp-block-heading\">De la parcarea promis\u0103 ani la r\u00e2nd la un centru multifunc\u021bional<\/h2>\n<p class=\"wp-block-paragraph\">Terenul aflat \u00een proprietatea Consiliului Jude\u021bean Timi\u0219 nu a fost valorificat p\u00e2n\u0103 acum prin construirea unei investi\u021bii permanente. \u00cen ultimii ani, amplasamentul a r\u0103mas folosit ca parcare public\u0103 cu plat\u0103, administrat\u0103 de Consiliul Jude\u021bean.<\/p>\n<p class=\"wp-block-paragraph\">Ideea unei parc\u0103ri supraetajate a fost prezentat\u0103 succesiv de administra\u021biile jude\u021bene anterioare, \u00eens\u0103 proiectele nu au ajuns la realizarea construc\u021biei. Acum, Alfred Simonis propune ca terenul s\u0103 primeasc\u0103 o destina\u021bie mult mai complex\u0103, cu func\u021biuni culturale, comerciale \u0219i de parcare.<\/p>\n<h2 class=\"wp-block-heading\">C\u0103lin Dobra a propus o parcare supraetajat\u0103 pe acest teren<\/h2>\n<p class=\"wp-block-paragraph\">\u00cen timpul mandatului lui C\u0103lin Dobra, Consiliul Jude\u021bean Timi\u0219 a anun\u021bat inten\u021bia de a construi o parcare supraetajat\u0103 pe amplasamentul din centrul ora\u0219ului.<\/p>\n<p class=\"wp-block-paragraph\">Proiectul prevedea o construc\u021bie cu mai multe niveluri \u0219i sute de locuri de parcare, \u00een condi\u021biile \u00een care zona central\u0103 a Timi\u0219oarei avea deja o presiune ridicat\u0103 asupra locurilor disponibile.<\/p>\n<p class=\"wp-block-paragraph\">Planul nu a fost \u00eens\u0103 concretizat, iar terenul a continuat s\u0103 fie utilizat ca parcare la nivelul solului.<\/p>\n<h2 class=\"wp-block-heading\">Alin Nica a reluat proiectul parc\u0103rii<\/h2>\n<p class=\"wp-block-paragraph\">Ideea a fost preluat\u0103 \u0219i de administra\u021bia condus\u0103 de Alin Nica. \u00cen timpul mandatului s\u0103u au fost prezentate noi variante pentru transformarea parc\u0103rii existente \u00eentr-o parcare supraetajat\u0103, inclusiv proiecte care prevedeau c\u00e2teva sute de locuri.<\/p>\n<p class=\"wp-block-paragraph\">\u0218i aceast\u0103 variant\u0103 a r\u0103mas \u00eens\u0103 la nivelul etapelor preg\u0103titoare \u0219i al demersurilor administrative. Terenul nu a ajuns s\u0103 fie ocupat de construc\u021bia pentru care fusese anun\u021bat proiectul.<\/p>\n<p class=\"wp-block-paragraph\">Dup\u0103 aproximativ 15 ani \u00een care parcarea supraetajat\u0103 a fost una dintre solu\u021biile vehiculate pentru acest amplasament, actuala administra\u021bie jude\u021bean\u0103 propune acum o investi\u021bie diferit\u0103.<\/p>\n<h2 class=\"wp-block-heading\">Terenul este folosit \u00een prezent ca parcare public\u0103<\/h2>\n<p class=\"wp-block-paragraph\">\u00cen momentul de fa\u021b\u0103, amplasamentul este utilizat ca parcare public\u0103 cu plat\u0103. Este o zon\u0103 important\u0103 pentru \u0219oferii care ajung \u00een centrul Timi\u0219oarei, unde g\u0103sirea unui loc disponibil este dificil\u0103, \u00een special \u00een timpul zilei.<\/p>\n<p class=\"wp-block-paragraph\">Problema deficitului de parc\u0103ri \u00een zona central\u0103 este una cunoscut\u0103. Locurile disponibile sunt limitate \u0219i sunt ocupate frecvent, astfel c\u0103 orice transformare a unui amplasament folosit \u00een prezent pentru parcare poate avea efecte directe asupra accesului auto \u00een centrul ora\u0219ului.<\/p>\n<p class=\"wp-block-paragraph\">Proiectul CJ Timi\u0219 p\u0103streaz\u0103 componenta de parcare, dar o reduce la aproximativ 200 de locuri \u0219i o integreaz\u0103 \u00eentr-un ansamblu mult mai amplu.<\/p>\n<h2 class=\"wp-block-heading\">O cl\u0103dire de 35\u201340 de milioane de euro<\/h2>\n<p class=\"wp-block-paragraph\">Noul proiect are o valoare estimat\u0103 \u00eentre 35 \u0219i 40 de milioane de euro. Finan\u021barea ar urma s\u0103 fie asigurat\u0103 din fonduri europene \u0219i din bugetul Consiliului Jude\u021bean Timi\u0219.<\/p>\n<p class=\"wp-block-paragraph\">Prima etap\u0103 este reprezentat\u0103 de proiectare. Licita\u021bia pentru alegerea proiectantului a fost lansat\u0103, iar ofertele ar urma s\u0103 fie deschise la 1 octombrie.<\/p>\n<p class=\"wp-block-paragraph\">Dac\u0103 procedura nu va fi contestat\u0103, contractul de proiectare ar putea fi semnat \u00een luna decembrie. Proiectantul va avea apoi la dispozi\u021bie opt luni pentru elaborarea documenta\u021biei.<\/p>\n<h2 class=\"wp-block-heading\">Sala de concerte va avea cel pu\u021bin 1.000 de locuri<\/h2>\n<p class=\"wp-block-paragraph\">Componenta central\u0103 a proiectului este o sal\u0103 principal\u0103 de concerte cu o capacitate de minimum 1.000 de locuri.<\/p>\n<p class=\"wp-block-paragraph\">Potrivit lui Alfred Simonis, aceasta ar urma s\u0103 fie proiectat\u0103 la standarde interna\u021bionale de acustic\u0103 natural\u0103. \u00cen cadrul ansamblului sunt prev\u0103zute \u0219i alte s\u0103li multifunc\u021bionale, precum \u0219i spa\u021bii expozi\u021bionale.<\/p>\n<p class=\"wp-block-paragraph\">Prin aceste func\u021biuni, CJ Timi\u0219 inten\u021bioneaz\u0103 s\u0103 creeze un nou spa\u021biu pentru evenimente culturale \u0219i alte manifest\u0103ri care necesit\u0103 infrastructur\u0103 de mari dimensiuni.<\/p>\n<h2 class=\"wp-block-heading\">Noul centru va fi la mai pu\u021bin de 50 de metri de Timi\u0219oara Convention Center<\/h2>\n<p class=\"wp-block-paragraph\">Una dintre particularit\u0103\u021bile proiectului este amplasarea sa \u00een imediata apropiere a unui centru de evenimente deja existent.<\/p>\n<p class=\"wp-block-paragraph\">La mai pu\u021bin de 50 de metri de viitoarea cl\u0103dire se afl\u0103 Timi\u0219oara Convention Center, parte a Hotel Timi\u0219oara \u0219i a grupului Bega Group. Centrul g\u0103zduie\u0219te deja evenimente, conferin\u021be \u0219i manifest\u0103ri care necesit\u0103 spa\u021bii specializate.<\/p>\n<p class=\"wp-block-paragraph\">\u00cen aceste condi\u021bii, noul centru multifunc\u021bional al Consiliului Jude\u021bean Timi\u0219 ar urma s\u0103 intre direct \u00een competi\u021bie pentru o parte dintre evenimentele organizate \u00een ora\u0219. Diferen\u021ba ar fi c\u0103 proiectul administra\u021biei jude\u021bene ar combina func\u021biunile de evenimente \u0219i cultur\u0103 cu spa\u021bii expozi\u021bionale, comerciale \u0219i o parcare public\u0103.<\/p>\n<h2 class=\"wp-block-heading\">Galerie comercial\u0103 cu libr\u0103rii, galerii de art\u0103 \u0219i restaurante<\/h2>\n<p class=\"wp-block-paragraph\">Proiectul propus de CJ Timi\u0219 nu se limiteaz\u0103 la func\u021biunile culturale.<\/p>\n<p class=\"wp-block-paragraph\">La parter \u0219i mezanin sunt prev\u0103zute spa\u021bii comerciale, iar conceptul prezentat de administra\u021bia jude\u021bean\u0103 include libr\u0103rii, galerii de art\u0103, magazine de design, cafenele \u0219i restaurante tematice.<\/p>\n<p class=\"wp-block-paragraph\">Astfel, viitorul ansamblu ar urma s\u0103 func\u021bioneze nu doar \u00een timpul evenimentelor, ci \u0219i ca un spa\u021biu accesibil publicului pe parcursul zilei.<\/p>\n<h2 class=\"wp-block-heading\">Aproximativ 200 de locuri de parcare<\/h2>\n<p class=\"wp-block-paragraph\">Parcarea nu dispare din noul proiect, \u00eens\u0103 devine una dintre componentele ansamblului. CJ Timi\u0219 estimeaz\u0103 c\u0103 aceasta va avea aproximativ 200 de locuri.<\/p>\n<p class=\"wp-block-paragraph\">Prin compara\u021bie cu proiectele de parcare supraetajat\u0103 vehiculate \u00een mandatele anterioare, noua propunere acord\u0103 o pondere mai mare func\u021biunilor culturale \u0219i comerciale.<\/p>\n<p class=\"wp-block-paragraph\">Pentru centrul Timi\u0219oarei, problema r\u0103m\u00e2ne \u00eens\u0103 aceea\u0219i: necesarul de locuri de parcare este mult mai mare dec\u00e2t oferta disponibil\u0103, iar actualul teren al CJ Timi\u0219 este deja utilizat pentru acest scop.<\/p>\n<h2 class=\"wp-block-heading\">CJ Timi\u0219 vrea o cl\u0103dire \u201eiconic\u0103\u201d pentru Timi\u0219oara<\/h2>\n<p class=\"wp-block-paragraph\">Alfred Simonis spune c\u0103 viitoarea construc\u021bie ar trebui s\u0103 aib\u0103 o arhitectur\u0103 impresionant\u0103 \u0219i s\u0103 devin\u0103 unul dintre reperele ora\u0219ului.<\/p>\n<p class=\"wp-block-paragraph\">\u00cen contextul \u00een care amplasamentul este \u00eenconjurat de cl\u0103diri istorice importante, pre\u0219edintele CJ Timi\u0219 sus\u021bine c\u0103 la licita\u021bia pentru proiectare ar trebui s\u0103 participe echipe conduse de arhitec\u021bi recunoscu\u021bi interna\u021bional.<\/p>\n<p class=\"wp-block-paragraph\">\u201eNe dorim ca la licita\u021bie s\u0103 participe echipe de proiectare conduse de arhitec\u021bi recunoscu\u021bi interna\u021bional\u201d, a transmis Alfred Simonis.<\/p>\n<h2 class=\"wp-block-heading\">O investi\u021bie nou\u0103 \u00eentr-o zon\u0103 cu infrastructur\u0103 cultural\u0103 deja existent\u0103<\/h2>\n<p class=\"wp-block-paragraph\">Prin proiectul propus, Consiliul Jude\u021bean Timi\u0219 inten\u021bioneaz\u0103 s\u0103 dezvolte o nou\u0103 infrastructur\u0103 cultural\u0103 chiar \u00een centrul ora\u0219ului, \u00eentr-o zon\u0103 \u00een care func\u021bioneaz\u0103 deja spa\u021bii pentru evenimente \u0219i conferin\u021be.<\/p>\n<p class=\"wp-block-paragraph\">Apropierea de Timi\u0219oara Convention Center face ca viitorul centru s\u0103 intre \u00eentr-un sector \u00een care exist\u0103 deja un operator privat cu infrastructur\u0103 dedicat\u0103 evenimentelor. \u00cen acela\u0219i timp, administra\u021bia jude\u021bean\u0103 sus\u021bine c\u0103 obiectivul s\u0103u este unul mai larg \u0219i c\u0103 noua cl\u0103dire ar trebui s\u0103 devin\u0103 inclusiv un reper arhitectural \u0219i cultural.<\/p>\n<h2 class=\"wp-block-heading\">Dup\u0103 ani de promisiuni, proiectul intr\u0103 \u00een etapa de proiectare<\/h2>\n<p class=\"wp-block-paragraph\">Terenul Consiliului Jude\u021bean Timi\u0219 din zona central\u0103 a trecut, de-a lungul anilor, prin mai multe planuri de dezvoltare. Parcarea supraetajat\u0103 sus\u021binut\u0103 de administra\u021biile conduse de C\u0103lin Dobra \u0219i Alin Nica nu a fost construit\u0103, iar amplasamentul a continuat s\u0103 func\u021bioneze ca parcare public\u0103.<\/p>\n<p class=\"wp-block-paragraph\">Actualul proiect schimb\u0103 fundamental destina\u021bia propus\u0103 pentru teren. Alfred Simonis vrea aici o cl\u0103dire multifunc\u021bional\u0103 cu o sal\u0103 de concerte de cel pu\u021bin 1.000 de locuri, spa\u021bii culturale \u0219i comerciale \u0219i aproximativ 200 de locuri de parcare.<\/p>\n<p class=\"wp-block-paragraph\">Deocamdat\u0103, investi\u021bia se afl\u0103 la \u00eenceputul procedurii. Urm\u0103torul moment important va fi 1 octombrie, c\u00e2nd sunt programate ofertele pentru proiectare. Dac\u0103 procedura nu va fi contestat\u0103, contractul ar putea fi semnat \u00een decembrie, iar proiectarea ar trebui finalizat\u0103 \u00een opt luni.<\/p>\n<\/div>\n<footer>\n<div class=\"td-post-source-tags\">\n<ul class=\"td-tags td-post-small-box clearfix\">\n<li><span>ETICHETE<\/span><\/li>\n<li><a href=\"https:\/\/orasul-timisoara.ro\/local-tag\/alfred-simonis\/\">alfred simonis<\/a><\/li>\n<li><a href=\"https:\/\/orasul-timisoara.ro\/local-tag\/arhitectura-2\/\">arhitectur\u0103<\/a><\/li>\n<li><a href=\"https:\/\/orasul-timisoara.ro\/local-tag\/centru-multifunctional-timisoara\/\">centru multifunc\u021bional Timi\u0219oara<\/a><\/li>\n<li><a href=\"https:\/\/orasul-timisoara.ro\/local-tag\/consiliul-judetean-timis-2\/\">Consiliul Jude\u021bean Timi\u0219<\/a><\/li>\n<li><a href=\"https:\/\/orasul-timisoara.ro\/local-tag\/cultura-2\/\">Cultur\u0103<\/a><\/li>\n<li><a href=\"https:\/\/orasul-timisoara.ro\/local-tag\/fonduri-europene\/\">fonduri europene<\/a><\/li>\n<li><a href=\"https:\/\/orasul-timisoara.ro\/local-tag\/investitii-timis-2\/\">investi\u021bii Timi\u0219<\/a><\/li>\n<li><a href=\"https:\/\/orasul-timisoara.ro\/local-tag\/materna\/\">Materna<\/a><\/li>\n<li><a href=\"https:\/\/orasul-timisoara.ro\/local-tag\/parcare-supraetajata-2\/\">parcare supraetajat\u0103<\/a><\/li>\n<li><a href=\"https:\/\/orasul-timisoara.ro\/local-tag\/proiectare\/\">proiectare<\/a><\/li>\n<li><a href=\"https:\/\/orasul-timisoara.ro\/local-tag\/sala-de-concerte\/\">sal\u0103 de concerte<\/a><\/li>\n<li><a href=\"https:\/\/orasul-timisoara.ro\/local-tag\/timisoara-2\/\">timi\u0219oara<\/a><\/li>\n<li><a href=\"https:\/\/orasul-timisoara.ro\/local-tag\/zona-zero-timisoara\/\">zona zero Timi\u0219oara<\/a><\/li>\n<\/ul>\n<\/div>\n<div class=\"td-post-sharing-bottom\">\n<div class=\"td-post-sharing-classic\"><iframe title=\"bottomFacebookLike\" frameborder src=\"https:\/\/www.facebook.com\/plugins\/like.php?href=https:\/\/orasul-timisoara.ro\/local-40199\/&amp;layout=button_count&amp;show_faces=false&amp;width=105&amp;action=like&amp;colorscheme=light&amp;height=21\"><\/iframe><\/div>\n<div id=\"td_social_sharing_article_bottom\" class=\"td-post-sharing td-ps-bg td-ps-notext td-post-sharing-style1 \">\n<div class=\"td-post-sharing-visible\"><a class=\"td-social-sharing-button td-social-sharing-button-js td-social-network td-social-facebook\" href=\"https:\/\/www.facebook.com\/sharer.php?u=https%3A%2F%2Forasul-timisoara.ro%2Flocal-40199%2F\" title=\"Facebook\"><\/p>\n<div class=\"td-social-but-text\">Facebook<\/div>\n<p><\/a><a class=\"td-social-sharing-button td-social-sharing-button-js td-social-network td-social-twitter\" href=\"https:\/\/twitter.com\/intent\/tweet?text=CJ+Timi%C8%99+preg%C4%83te%C8%99te+construirea+unei+%E2%80%9Ecl%C4%83diri+iconice%E2%80%9D+%C3%AEn+centrul+Timi%C8%99oarei.+Investi%C8%9Bie+de+40+milioane+de+euro&amp;url=https%3A%2F%2Forasul-timisoara.ro%2Flocal-40199%2F&amp;via=orasultm\" title=\"Twitter\"><\/p>\n<div class=\"td-social-but-text\">Twitter<\/div>\n<p><\/a><a class=\"td-social-sharing-button td-social-sharing-button-js td-social-network td-social-whatsapp\" href=\"https:\/\/api.whatsapp.com\/send?text=CJ+Timi%C8%99+preg%C4%83te%C8%99te+construirea+unei+%E2%80%9Ecl%C4%83diri+iconice%E2%80%9D+%C3%AEn+centrul+Timi%C8%99oarei.+Investi%C8%9Bie+de+40+milioane+de+euro%20%0A%0A%20https:\/\/orasul-timisoara.ro\/local-40199\/\" title=\"WhatsApp\"><\/p>\n<div class=\"td-social-but-text\">WhatsApp<\/div>\n<p><\/a><a class=\"td-social-sharing-button td-social-sharing-button-js td-social-network td-social-linkedin\" href=\"https:\/\/www.linkedin.com\/shareArticle?mini=true&amp;url=https:\/\/orasul-timisoara.ro\/local-40199\/&amp;title=CJ+Timi%C8%99+preg%C4%83te%C8%99te+construirea+unei+%E2%80%9Ecl%C4%83diri+iconice%E2%80%9D+%C3%AEn+centrul+Timi%C8%99oarei.+Investi%C8%9Bie+de+40+milioane+de+euro\" title=\"Linkedin\"><\/p>\n<div class=\"td-social-but-text\">Linkedin<\/div>\n<p><\/a><a class=\"td-social-sharing-button td-social-sharing-button-js td-social-network td-social-reddit\" href=\"https:\/\/reddit.com\/submit?url=https:\/\/orasul-timisoara.ro\/local-40199\/&amp;title=CJ+Timi%C8%99+preg%C4%83te%C8%99te+construirea+unei+%E2%80%9Ecl%C4%83diri+iconice%E2%80%9D+%C3%AEn+centrul+Timi%C8%99oarei.+Investi%C8%9Bie+de+40+milioane+de+euro\" title=\"ReddIt\"><\/p>\n<div class=\"td-social-but-text\">ReddIt<\/div>\n<p><\/a><a class=\"td-social-sharing-button td-social-sharing-button-js td-social-network td-social-mail\" href=\"mailto:?subject=CJ%20Timi%C8%99%20preg%C4%83te%C8%99te%20construirea%20unei%20%E2%80%9Ecl%C4%83diri%20iconice%E2%80%9D%20%C3%AEn%20centrul%20Timi%C8%99oarei.%20Investi%C8%9Bie%20de%2040%20milioane%20de%20euro&amp;body=https:\/\/orasul-timisoara.ro\/local-40199\/\" title=\"Email\"><\/p>\n<div class=\"td-social-but-text\">Email<\/div>\n<p><\/a><a class=\"td-social-sharing-button td-social-sharing-button-js td-social-network td-social-print\" href=\"https:\/\/orasul-timisoara.ro\/local-40199\/\" title=\"Imprimare\"><\/p>\n<div class=\"td-social-but-text\">Imprimare<\/div>\n<p><\/a><\/div>\n<\/div>\n<\/div>\n<div class=\"td-block-row td-post-next-prev\">\n<div class=\"td-block-span6 td-post-prev-post\">\n<div class=\"td-post-next-prev-content\"><span>Articolul precedent<\/span><a href=\"https:\/\/orasul-timisoara.ro\/local-40176\/\">\u0218antierul Centurii Timi\u0219oara Vest a ajuns la 13%. Lucr\u0103rile avanseaz\u0103 pe mai multe fronturi (foto)<\/a><\/div>\n<\/div>\n<div class=\"td-block-span6 td-post-next-post\">\n<div class=\"td-post-next-prev-content\"><span>Articolul urm\u0103tor<\/span><a href=\"https:\/\/orasul-timisoara.ro\/local-40205\/\">Aquatim opre\u0219te apa \u00een patru localit\u0103\u021bi din Timi\u0219. Programul lucr\u0103rilor<\/a><\/div>\n<\/div>\n<\/div>\n<div class=\"td-author-name vcard author\"><span class=\"fn\"><a href=\"https:\/\/orasul-timisoara.ro\/author\/timisoara\/\">redactia<\/a><\/span><\/div>\n<p><span class=\"td-page-meta\"><\/span><span class=\"td-page-meta\"><span class=\"td-page-meta\"><\/span><\/span><span class=\"td-page-meta\"><\/span><\/footer>\n<div class=\"td_block_wrap td_block_related_posts tdi_3 td_with_ajax_pagination td-pb-border-top td_block_template_8\" data-td-block-uid=\"tdi_3\">\n<h4 class=\"td-related-title td-block-title\"><a id=\"tdi_4\" class=\"td-related-left td-cur-simple-item\" data-td_filter_value data-td_block_id=\"tdi_3\" href=\"https:\/\/orasul-timisoara.ro\/local-40199\/\">ARTICOLE SIMILARE<\/a><a id=\"tdi_5\" class=\"td-related-right\" data-td_filter_value=\"td_related_more_from_author\" data-td_block_id=\"tdi_3\" href=\"https:\/\/orasul-timisoara.ro\/local-40199\/\">DE LA ACELA\u0218I AUTOR<\/a><\/h4>\n<div id=\"tdi_3\" class=\"td_block_inner\">\n<div class=\"td-related-row\">\n<div class=\"td-related-span4\">\n<div class=\"td_module_related_posts td-animation-stack td_mod_related_posts\">\n<div class=\"td-module-image\">\n<div class=\"td-module-thumb\"><a href=\"https:\/\/orasul-timisoara.ro\/local-40144\/\" rel=\"bookmark\" class=\"td-image-wrap \" title=\"Youth Summer Fest 2026 aduce art\u0103 \u0219i muzic\u0103 la Casa Tineretului din Timi\u0219oara\"><img loading=\"lazy\" decoding=\"async\" class=\"entry-thumb\" src=\"https:\/\/orasul-timisoara.ro\/wp-content\/uploads\/2026\/08\/MXM_4683-436x300.jpg\" alt title=\"Youth Summer Fest 2026 aduce art\u0103 \u0219i muzic\u0103 la Casa Tineretului din Timi\u0219oara\" width=\"218\" height=\"150\"><\/a><\/div>\n<\/div>\n<div class=\"item-details\">\n<h3 class=\"entry-title td-module-title\"><a href=\"https:\/\/orasul-timisoara.ro\/local-40144\/\" rel=\"bookmark\" title=\"Youth Summer Fest 2026 aduce art\u0103 \u0219i muzic\u0103 la Casa Tineretului din Timi\u0219oara\">Youth Summer Fest 2026 aduce art\u0103 \u0219i muzic\u0103 la Casa Tineretului din Timi\u0219oara<\/a><\/h3>\n<\/div>\n<\/div>\n<\/div>\n<div class=\"td-related-span4\">\n<div class=\"td_module_related_posts td-animation-stack td_mod_related_posts\">\n<div class=\"td-module-image\">\n<div class=\"td-module-thumb\"><a href=\"https:\/\/orasul-timisoara.ro\/local-40056\/\" rel=\"bookmark\" class=\"td-image-wrap \" title=\"Ziua Timi\u0219oarei a ajuns \u0219i \u00een Penitenciar. Atelier de caricatur\u0103 \u0219i expozi\u021bie la ferma din Kuncz (foto)\"><img loading=\"lazy\" decoding=\"async\" class=\"entry-thumb\" src=\"https:\/\/orasul-timisoara.ro\/wp-content\/uploads\/2026\/08\/ziuw-tm-penitenciar-2026-6-436x300.jpg\" alt title=\"Ziua Timi\u0219oarei a ajuns \u0219i \u00een Penitenciar. Atelier de caricatur\u0103 \u0219i expozi\u021bie la ferma din Kuncz (foto)\" width=\"218\" height=\"150\"><\/a><\/div>\n<\/div>\n<div class=\"item-details\">\n<h3 class=\"entry-title td-module-title\"><a href=\"https:\/\/orasul-timisoara.ro\/local-40056\/\" rel=\"bookmark\" title=\"Ziua Timi\u0219oarei a ajuns \u0219i \u00een Penitenciar. Atelier de caricatur\u0103 \u0219i expozi\u021bie la ferma din Kuncz (foto)\">Ziua Timi\u0219oarei a ajuns \u0219i \u00een Penitenciar. Atelier de caricatur\u0103 \u0219i expozi\u021bie la ferma din Kuncz (foto)<\/a><\/h3>\n<\/div>\n<\/div>\n<\/div>\n<div class=\"td-related-span4\">\n<div class=\"td_module_related_posts td-animation-stack td_mod_related_posts\">\n<div class=\"td-module-image\">\n<div class=\"td-module-thumb\"><a href=\"https:\/\/orasul-timisoara.ro\/local-40003\/\" rel=\"bookmark\" class=\"td-image-wrap \" title=\"Contractul de finan\u021bare pentru Institutul Regional de Oncologie Timi\u0219oara a fost semnat\"><img loading=\"lazy\" decoding=\"async\" class=\"entry-thumb\" src=\"https:\/\/orasul-timisoara.ro\/wp-content\/uploads\/2026\/08\/Institutul-Regional-de-Oncologie-Timisoara.-3-436x300.jpg\" alt title=\"Contractul de finan\u021bare pentru Institutul Regional de Oncologie Timi\u0219oara a fost semnat\" width=\"218\" height=\"150\"><\/a><\/div>\n<\/div>\n<div class=\"item-details\">\n<h3 class=\"entry-title td-module-title\"><a href=\"https:\/\/orasul-timisoara.ro\/local-40003\/\" rel=\"bookmark\" title=\"Contractul de finan\u021bare pentru Institutul Regional de Oncologie Timi\u0219oara a fost semnat\">Contractul de finan\u021bare pentru Institutul Regional de Oncologie Timi\u0219oara a fost semnat<\/a><\/h3>\n<\/div>\n<\/div>\n<\/div>\n<\/div>\n<\/div>\n<\/div>\n<div class=\"comments\" id=\"comments\">\n<div id=\"respond\" class=\"comment-respond\">\n<h3 id=\"reply-title\" class=\"comment-reply-title\">L\u0102SA\u021aI UN MESAJ<\/h3>\n<div class=\"comment-form-input-wrap td-form-comment\">\n<div class=\"td-warning-comment\">V\u0103 rug\u0103m s\u0103 introduce\u021bi comentariul dvs.!<\/div>\n<\/div>\n<div class=\"comment-form-input-wrap td-form-author\">\n<div class=\"td-warning-author\">Introduce\u021bi aici numele dvs.<\/div>\n<\/div>\n<div class=\"comment-form-input-wrap td-form-email\">\n<div class=\"td-warning-email-error\">A\u021bi introdus o adres\u0103 de e-mail incorect\u0103!<\/div>\n<div class=\"td-warning-email\">V\u0103 rug\u0103m s\u0103 introduce\u021bi adresa dvs. de e-mail aici<\/div>\n<\/div>\n<\/div>\n<p class=\"akismet_comment_form_privacy_notice\">Acest site folose\u0219te Akismet pentru a reduce spamul. <a href=\"https:\/\/akismet.com\/privacy\/\" target=\"_blank\" rel=\"nofollow noopener\">Afl\u0103 cum sunt procesate datele comentariilor tale<\/a>.<\/p>\n<\/div>\n<\/div>\n<\/div>\n<div class=\"td-pb-span4 td-main-sidebar\" role=\"complementary\">\n<div class=\"td-ss-main-sidebar\">\n<aside id=\"block-4\" class=\"td_block_template_8 widget block-4 widget_block widget_media_image\">\n<figure class=\"wp-block-image size-full\"><img loading=\"lazy\" decoding=\"async\" width=\"336\" height=\"280\" src=\"https:\/\/orasul-timisoara.ro\/wp-content\/uploads\/2024\/11\/ReTIM-Abonamentul-Verde-Google-Ads-336x280px.gif\" alt class=\"wp-image-29257\"><\/figure>\n<\/aside>\n<div class=\"td_block_wrap td_block_social_counter td_block_widget tdi_6 td-social-style5 td-social-boxed td-pb-border-top td_block_template_8\">\n<div class=\"td-block-title-wrap\">\n<h4 class=\"td-block-title\"><span>Urm\u0103re\u0219te-ne pe Social Media<\/span><\/h4>\n<\/div>\n<div class=\"td-social-list\">\n<div class=\"td_social_type td-pb-margin-side td_social_facebook\">\n<div class=\"td-social-box\"><span class=\"td_social_info td_social_info_counter\">344,595<\/span><span class=\"td_social_info td_social_info_name\">Fani<\/span><span class=\"td_social_button\"><a href=\"https:\/\/www.facebook.com\/247timisoara\" target=\"_blank\" rel=\"nofollow\">\u00cemi place<\/a><\/span><\/div>\n<\/div>\n<div class=\"td_social_type td-pb-margin-side td_social_instagram\">\n<div class=\"td-social-box\"><span class=\"td_social_info td_social_info_counter\">4,416<\/span><span class=\"td_social_info td_social_info_name\">Cititori<\/span><span class=\"td_social_button\"><a href=\"https:\/\/instagram.com\/orasultimisoararo\/\" target=\"_blank\" rel=\"nofollow\">Conecta\u021bi-v\u0103<\/a><\/span><\/div>\n<\/div>\n<div class=\"td_social_type td-pb-margin-side td_social_rss\">\n<div class=\"td-social-box\"><span class=\"td_social_info td_social_info_counter\">12,506<\/span><span class=\"td_social_info td_social_info_name\">Cititori<\/span><span class=\"td_social_button\"><a href=\"https:\/\/orasul-timisoara.ro\/feed\/\" target=\"_blank\" rel=\"nofollow\">Conecta\u021bi-v\u0103<\/a><\/span><\/div>\n<\/div>\n<div class=\"td_social_type td-pb-margin-side td_social_tiktok\">\n<div class=\"td-social-box\"><span class=\"td_social_info td_social_info_counter\">1,500<\/span><span class=\"td_social_info td_social_info_name\">Cititori<\/span><span class=\"td_social_button\"><a href=\"https:\/\/www.tiktok.com\/@orasultimisoara\" target=\"_blank\" rel=\"nofollow\">Conecta\u021bi-v\u0103<\/a><\/span><\/div>\n<\/div>\n<div class=\"td_social_type td-pb-margin-side td_social_twitter\">\n<div class=\"td-social-box\"><span class=\"td_social_info td_social_info_counter\">1,595<\/span><span class=\"td_social_info td_social_info_name\">Cititori<\/span><span class=\"td_social_button\"><a href=\"https:\/\/twitter.com\/orasultm\" target=\"_blank\" rel=\"nofollow\">Conecta\u021bi-v\u0103<\/a><\/span><\/div>\n<\/div>\n<div class=\"td_social_type td-pb-margin-side td_social_youtube\">\n<div class=\"td-social-box\"><span class=\"td_social_info td_social_info_counter\">3,506<\/span><span class=\"td_social_info td_social_info_name\">Abona\u021bi<\/span><span class=\"td_social_button\"><a href=\"https:\/\/www.youtube.com\/channel\/UCQNsQvs2XCSIm1Z-AHRturw?sub_confirmation=1\" target=\"_blank\" rel=\"nofollow\">Abona\u021bi-v\u0103<\/a><\/span><\/div>\n<\/div>\n<\/div>\n<\/div>\n<aside id=\"text-7\" class=\"td_block_template_8 widget text-7 widget_text\">\n<h4 class=\"td-block-title\"><span>C\u0103ut\u0103ri populare pe OTM<\/span><\/h4>\n<div class=\"textwidget\"><a href=\"https:\/\/orasul-timisoara.ro\/?s=timisoara\"><span>Timisoara<\/span><\/a><a href=\"https:\/\/orasul-timisoara.ro\/?s=calin+dobra\"><span>Calin Dobra<\/span><\/a><a href=\"https:\/\/orasul-timisoara.ro\/?s=primaria+timisoara\"><span>Primaria Timisoara<\/span><\/a><a href=\"https:\/\/orasul-timisoara.ro\/?s=dominic+fritz\"><span>Dominic Fritz<\/span><\/a><a href=\"https:\/\/orasul-timisoara.ro\/?s=nicolae+robu\"><span>Nicolae Robu<\/span><\/a><a href=\"https:\/\/orasul-timisoara.ro\/?s=consiliul+local+timisoara\">Consiliul Local Timisoara<\/a><a href=\"https:\/\/orasul-timisoara.ro\/?s=consiliul+judetean+timis\"><span>Consiliul Judetean Timis<\/span><\/a><a href=\"https:\/\/orasul-timisoara.ro\/?s=cjt\"><span>CJT<\/span><\/a><a href=\"https:\/\/orasul-timisoara.ro\/?s=Alfred+Simonis\"><span>Alfred Simonis<\/span><\/a><a href=\"https:\/\/orasul-timisoara.ro\/?s=PNL\"><span>PNL<\/span><\/a><a href=\"https:\/\/orasul-timisoara.ro\/?s=coronavirus\"><span>coronavirus<\/span><\/a><a href=\"https:\/\/orasul-timisoara.ro\/?s=teatru+timisoara\">teatru Timisoara<\/a><a href=\"https:\/\/orasul-timisoara.ro\/?s=restaurante\"><span>restaurante Timisoara<\/span><\/a><a href=\"https:\/\/orasul-timisoara.ro\/?s=diskoteka\"><span>Diskoteka<\/span><\/a><a href=\"https:\/\/orasul-timisoara.ro\/?s=iulius+town\"><span>Iulius Town<\/span><\/a><a href=\"https:\/\/orasul-timisoara.ro\/?s=iulius+mall\"><span>Iulius Mall<\/span><\/a><a href=\"https:\/\/orasul-timisoara.ro\/?s=stpt\"><span>STPT<\/span><\/a><a href=\"https:\/\/orasul-timisoara.ro\/?s=alin+nica\"><span>Alin Nica<\/span><\/a><a href=\"https:\/\/orasul-timisoara.ro\/?s=psd\"><span>PSD<\/span><\/a><a href=\"https:\/\/orasul-timisoara.ro\/?s=aeroport\"><span>Aeroportul International Timisoara<\/span><\/a><a href=\"https:\/\/orasul-timisoara.ro\/?s=babes\"><span>Spitalul Victor Babes Timisoara<\/span><\/a><a href=\"https:\/\/orasul-timisoara.ro\/?s=poli\"><span>Poli Timi\u0219oara<\/span><\/a><a href=\"https:\/\/orasul-timisoara.ro\/?s=carantina\"><span>carantina<\/span><\/a><a href=\"https:\/\/orasul-timisoara.ro\/?s=aquatim\"><span>Aquatim<\/span><\/a><a href=\"https:\/\/orasul-timisoara.ro\/local-category\/stiri-timisoara\/\"><span>Stiri Timisoara<\/span><\/a><a href=\"https:\/\/orasul-timisoara.ro\/local-category\/investitii-in-timisoara\/\"><span>Investi\u021bii in Timi\u0219oara<\/span><\/a><a href=\"https:\/\/orasul-timisoara.ro\/local-9463\/\"><span>shaorma<\/span><\/a><a href=\"https:\/\/orasul-timisoara.ro\/?s=trafic\"><span>trafic rutier<\/span><\/a><a href=\"https:\/\/orasul-timisoara.ro\/?s=politia\"><span>politia locala timisoara<\/span><\/a><a href=\"https:\/\/orasul-timisoara.ro\/?s=roxana\"><span>Roxana Iliescu<\/span><\/a><a href=\"https:\/\/orasul-timisoara.ro\/?s=colterm\"><span>Colterm<\/span><\/a><a href=\"https:\/\/orasul-timisoara.ro\/?s=latcau\"><span>Ruben La\u021bc\u0103u<\/span><\/a><a href=\"https:\/\/orasul-timisoara.ro\/?s=timis\"><span>\u0218tiri din Timi\u0219<\/span><\/a><a href=\"https:\/\/orasul-timisoara.ro\/?s=spital\"><span>Spitale din Timi\u0219oara<\/span><\/a><a href=\"https:\/\/orasul-timisoara.ro\/?s=tabara\"><span>Cosmin Tab\u0103r\u0103<\/span><\/a><\/div>\n<\/aside>\n<aside id=\"rss-2\" class=\"td_block_template_8 widget rss-2 widget_rss\">\n<h4 class=\"td-block-title\"><span><a class=\"rsswidget rss-widget-feed\" href=\"https:\/\/fashionfridays.ro\/feed\"><img decoding=\"async\" class=\"rss-widget-icon\" width=\"14\" height=\"14\" src=\"https:\/\/orasul-timisoara.ro\/wp-includes\/images\/rss.png\" alt=\"RSS\" loading=\"lazy\"><\/a><a class=\"rsswidget rss-widget-title\" href=\"https:\/\/fashionfridays.ro\/\">Fashion Fridays<\/a><\/span><\/h4>\n<ul>\n<li><a class=\"rsswidget\" href=\"https:\/\/fashionfridays.ro\/romania-devine-a-29-a-piata-vogue-o-noua-era-pentru-industria-locala-de-moda\/\">Rom\u00e2nia devine a 29-a pia\u021b\u0103 Vogue: o nou\u0103 er\u0103 pentru industria local\u0103 de mod\u0103<\/a>\n<div class=\"rssSummary\">Revista Vogue \u00ee\u0219i extinde prezen\u021ba global\u0103 \u0219i va fi lansat\u0103 oficial \u00een Rom\u00e2nia \u00een prim\u0103vara anului 2027, marc\u00e2nd intrarea pe cea de-a 29-a pia\u021b\u0103 interna\u021bional\u0103. Proiectul este realizat \u00een parteneriat cu AEMME Publishing, o companie media recent \u00eenfiin\u021bat\u0103, care va publica edi\u021bia local\u0103 sub licen\u021b\u0103. Noua edi\u021bie, Vogue Rom\u00e2nia, \u00ee\u0219i propune s\u0103 combine autoritatea global\u0103 [\u2026]<\/div>\n<\/li>\n<\/ul>\n<\/aside>\n<aside id=\"rss-4\" class=\"td_block_template_8 widget rss-4 widget_rss\">\n<h4 class=\"td-block-title\"><span><a class=\"rsswidget rss-widget-feed\" href=\"https:\/\/emasini.ro\/feed\"><img decoding=\"async\" class=\"rss-widget-icon\" width=\"14\" height=\"14\" src=\"https:\/\/orasul-timisoara.ro\/wp-includes\/images\/rss.png\" alt=\"RSS\" loading=\"lazy\"><\/a><a class=\"rsswidget rss-widget-title\" href=\"https:\/\/emasini.ro\/\">eMasini<\/a><\/span><\/h4>\n<ul>\n<li><a class=\"rsswidget\" href=\"https:\/\/emasini.ro\/bmw-testeaza-noul-i4-convertible-primul-cabrio-electric-accesibil-al-marcii\/\">BMW testeaz\u0103 noul i4 Convertible, primul cabrio electric accesibil al m\u0103rcii<\/a>\n<div class=\"rssSummary\">BMW accelereaz\u0103 dezvoltarea noii genera\u021bii de modele electrice bazate pe platforma Neue Klasse, iar unul dintre cele mai interesante proiecte aflate \u00een teste este viitorul BMW i4 Convertible. Prototipul camuflat a fost surprins pe \u0219osele, confirm\u00e2nd c\u0103 produc\u0103torul german preg\u0103te\u0219te o decapotabil\u0103 electric\u0103 destinat\u0103 unui segment \u00een care oferta este, \u00een prezent, extrem de limitat\u0103. [\u2026]<\/div>\n<\/li>\n<\/ul>\n<\/aside>\n<\/div>\n<\/div>\n<\/div>\n<\/div>\n<\/article>\n<div class=\"td-post-content tagdiv-type\">\n<p class=\"wp-block-paragraph\">CJ Timi\u0219 preg\u0103te\u0219te un centru multifunc\u021bional \u00een centrul Timi\u0219oarei, dup\u0103 15 ani de promisiuni pentru o parcare<\/p>\n<p class=\"wp-block-paragraph\">Consiliul Jude\u021bean Timi\u0219 a lansat licita\u021bia pentru proiectarea unui centru multifunc\u021bional \u00een zona zero a Timi\u0219oarei, pe terenul unde func\u021bioneaz\u0103 \u00een prezent parcarea institu\u021biei. Proiectul propus de administra\u021bia condus\u0103 de Alfred Simonis include o sal\u0103 de concerte cu minimum 1.000 de locuri, s\u0103li multifunc\u021bionale, spa\u021bii expozi\u021bionale, o galerie comercial\u0103 \u0219i o parcare supraetajat\u0103 cu aproximativ 200 de locuri.<\/p>\n<p class=\"wp-block-paragraph\">Amplasamentul are \u00eens\u0103 o istorie de aproximativ 15 ani de proiecte \u0219i promisiuni privind construirea unei parc\u0103ri supraetajate. At\u00e2t C\u0103lin Dobra, pre\u0219edinte al CJ Timi\u0219 \u00eentre 2016 \u0219i 2020, c\u00e2t \u0219i Alin Nica, care a condus administra\u021bia jude\u021bean\u0103 \u00eentre 2020 \u0219i 2024, au sus\u021binut construirea unei parc\u0103ri pe terenul din centrul ora\u0219ului. Acum, actuala administra\u021bie schimb\u0103 direc\u021bia \u0219i propune aici o cl\u0103dire multifunc\u021bional\u0103 estimat\u0103 la 35\u201340 de milioane de euro.<\/p>\n<h2 class=\"wp-block-heading\">De la parcarea promis\u0103 ani la r\u00e2nd la un centru multifunc\u021bional<\/h2>\n<p class=\"wp-block-paragraph\">Terenul aflat \u00een proprietatea Consiliului Jude\u021bean Timi\u0219 nu a fost valorificat p\u00e2n\u0103 acum prin construirea unei investi\u021bii permanente. \u00cen ultimii ani, amplasamentul a r\u0103mas folosit ca parcare public\u0103 cu plat\u0103, administrat\u0103 de Consiliul Jude\u021bean.<\/p>\n<p class=\"wp-block-paragraph\">Ideea unei parc\u0103ri supraetajate a fost prezentat\u0103 succesiv de administra\u021biile jude\u021bene anterioare, \u00eens\u0103 proiectele nu au ajuns la realizarea construc\u021biei. Acum, Alfred Simonis propune ca terenul s\u0103 primeasc\u0103 o destina\u021bie mult mai complex\u0103, cu func\u021biuni culturale, comerciale \u0219i de parcare.<\/p>\n<h2 class=\"wp-block-heading\">C\u0103lin Dobra a propus o parcare supraetajat\u0103 pe acest teren<\/h2>\n<p class=\"wp-block-paragraph\">\u00cen timpul mandatului lui C\u0103lin Dobra, Consiliul Jude\u021bean Timi\u0219 a anun\u021bat inten\u021bia de a construi o parcare supraetajat\u0103 pe amplasamentul din centrul ora\u0219ului.<\/p>\n<p class=\"wp-block-paragraph\">Proiectul prevedea o construc\u021bie cu mai multe niveluri \u0219i sute de locuri de parcare, \u00een condi\u021biile \u00een care zona central\u0103 a Timi\u0219oarei avea deja o presiune ridicat\u0103 asupra locurilor disponibile.<\/p>\n<p class=\"wp-block-paragraph\">Planul nu a fost \u00eens\u0103 concretizat, iar terenul a continuat s\u0103 fie utilizat ca parcare la nivelul solului.<\/p>\n<h2 class=\"wp-block-heading\">Alin Nica a reluat proiectul parc\u0103rii<\/h2>\n<p class=\"wp-block-paragraph\">Ideea a fost preluat\u0103 \u0219i de administra\u021bia condus\u0103 de Alin Nica. \u00cen timpul mandatului s\u0103u au fost prezentate noi variante pentru transformarea parc\u0103rii existente \u00eentr-o parcare supraetajat\u0103, inclusiv proiecte care prevedeau c\u00e2teva sute de locuri.<\/p>\n<p class=\"wp-block-paragraph\">\u0218i aceast\u0103 variant\u0103 a r\u0103mas \u00eens\u0103 la nivelul etapelor preg\u0103titoare \u0219i al demersurilor administrative. Terenul nu a ajuns s\u0103 fie ocupat de construc\u021bia pentru care fusese anun\u021bat proiectul.<\/p>\n<p class=\"wp-block-paragraph\">Dup\u0103 aproximativ 15 ani \u00een care parcarea supraetajat\u0103 a fost una dintre solu\u021biile vehiculate pentru acest amplasament, actuala administra\u021bie jude\u021bean\u0103 propune acum o investi\u021bie diferit\u0103.<\/p>\n<h2 class=\"wp-block-heading\">Terenul este folosit \u00een prezent ca parcare public\u0103<\/h2>\n<p class=\"wp-block-paragraph\">\u00cen momentul de fa\u021b\u0103, amplasamentul este utilizat ca parcare public\u0103 cu plat\u0103. Este o zon\u0103 important\u0103 pentru \u0219oferii care ajung \u00een centrul Timi\u0219oarei, unde g\u0103sirea unui loc disponibil este dificil\u0103, \u00een special \u00een timpul zilei.<\/p>\n<p class=\"wp-block-paragraph\">Problema deficitului de parc\u0103ri \u00een zona central\u0103 este una cunoscut\u0103. Locurile disponibile sunt limitate \u0219i sunt ocupate frecvent, astfel c\u0103 orice transformare a unui amplasament folosit \u00een prezent pentru parcare poate avea efecte directe asupra accesului auto \u00een centrul ora\u0219ului.<\/p>\n<p class=\"wp-block-paragraph\">Proiectul CJ Timi\u0219 p\u0103streaz\u0103 componenta de parcare, dar o reduce la aproximativ 200 de locuri \u0219i o integreaz\u0103 \u00eentr-un ansamblu mult mai amplu.<\/p>\n<h2 class=\"wp-block-heading\">O cl\u0103dire de 35\u201340 de milioane de euro<\/h2>\n<p class=\"wp-block-paragraph\">Noul proiect are o valoare estimat\u0103 \u00eentre 35 \u0219i 40 de milioane de euro. Finan\u021barea ar urma s\u0103 fie asigurat\u0103 din fonduri europene \u0219i din bugetul Consiliului Jude\u021bean Timi\u0219.<\/p>\n<p class=\"wp-block-paragraph\">Prima etap\u0103 este reprezentat\u0103 de proiectare. Licita\u021bia pentru alegerea proiectantului a fost lansat\u0103, iar ofertele ar urma s\u0103 fie deschise la 1 octombrie.<\/p>\n<p class=\"wp-block-paragraph\">Dac\u0103 procedura nu va fi contestat\u0103, contractul de proiectare ar putea fi semnat \u00een luna decembrie. Proiectantul va avea apoi la dispozi\u021bie opt luni pentru elaborarea documenta\u021biei.<\/p>\n<h2 class=\"wp-block-heading\">Sala de concerte va avea cel pu\u021bin 1.000 de locuri<\/h2>\n<p class=\"wp-block-paragraph\">Componenta central\u0103 a proiectului este o sal\u0103 principal\u0103 de concerte cu o capacitate de minimum 1.000 de locuri.<\/p>\n<p class=\"wp-block-paragraph\">Potrivit lui Alfred Simonis, aceasta ar urma s\u0103 fie proiectat\u0103 la standarde interna\u021bionale de acustic\u0103 natural\u0103. \u00cen cadrul ansamblului sunt prev\u0103zute \u0219i alte s\u0103li multifunc\u021bionale, precum \u0219i spa\u021bii expozi\u021bionale.<\/p>\n<p class=\"wp-block-paragraph\">Prin aceste func\u021biuni, CJ Timi\u0219 inten\u021bioneaz\u0103 s\u0103 creeze un nou spa\u021biu pentru evenimente culturale \u0219i alte manifest\u0103ri care necesit\u0103 infrastructur\u0103 de mari dimensiuni.<\/p>\n<h2 class=\"wp-block-heading\">Noul centru va fi la mai pu\u021bin de 50 de metri de Timi\u0219oara Convention Center<\/h2>\n<p class=\"wp-block-paragraph\">Una dintre particularit\u0103\u021bile proiectului este amplasarea sa \u00een imediata apropiere a unui centru de evenimente deja existent.<\/p>\n<p class=\"wp-block-paragraph\">La mai pu\u021bin de 50 de metri de viitoarea cl\u0103dire se afl\u0103 Timi\u0219oara Convention Center, parte a Hotel Timi\u0219oara \u0219i a grupului Bega Group. Centrul g\u0103zduie\u0219te deja evenimente, conferin\u021be \u0219i manifest\u0103ri care necesit\u0103 spa\u021bii specializate.<\/p>\n<p class=\"wp-block-paragraph\">\u00cen aceste condi\u021bii, noul centru multifunc\u021bional al Consiliului Jude\u021bean Timi\u0219 ar urma s\u0103 intre direct \u00een competi\u021bie pentru o parte dintre evenimentele organizate \u00een ora\u0219. Diferen\u021ba ar fi c\u0103 proiectul administra\u021biei jude\u021bene ar combina func\u021biunile de evenimente \u0219i cultur\u0103 cu spa\u021bii expozi\u021bionale, comerciale \u0219i o parcare public\u0103.<\/p>\n<h2 class=\"wp-block-heading\">Galerie comercial\u0103 cu libr\u0103rii, galerii de art\u0103 \u0219i restaurante<\/h2>\n<p class=\"wp-block-paragraph\">Proiectul propus de CJ Timi\u0219 nu se limiteaz\u0103 la func\u021biunile culturale.<\/p>\n<p class=\"wp-block-paragraph\">La parter \u0219i mezanin sunt prev\u0103zute spa\u021bii comerciale, iar conceptul prezentat de administra\u021bia jude\u021bean\u0103 include libr\u0103rii, galerii de art\u0103, magazine de design, cafenele \u0219i restaurante tematice.<\/p>\n<p class=\"wp-block-paragraph\">Astfel, viitorul ansamblu ar urma s\u0103 func\u021bioneze nu doar \u00een timpul evenimentelor, ci \u0219i ca un spa\u021biu accesibil publicului pe parcursul zilei.<\/p>\n<h2 class=\"wp-block-heading\">Aproximativ 200 de locuri de parcare<\/h2>\n<p class=\"wp-block-paragraph\">Parcarea nu dispare din noul proiect, \u00eens\u0103 devine una dintre componentele ansamblului. CJ Timi\u0219 estimeaz\u0103 c\u0103 aceasta va avea aproximativ 200 de locuri.<\/p>\n<p class=\"wp-block-paragraph\">Prin compara\u021bie cu proiectele de parcare supraetajat\u0103 vehiculate \u00een mandatele anterioare, noua propunere acord\u0103 o pondere mai mare func\u021biunilor culturale \u0219i comerciale.<\/p>\n<p class=\"wp-block-paragraph\">Pentru centrul Timi\u0219oarei, problema r\u0103m\u00e2ne \u00eens\u0103 aceea\u0219i: necesarul de locuri de parcare este mult mai mare dec\u00e2t oferta disponibil\u0103, iar actualul teren al CJ Timi\u0219 este deja utilizat pentru acest scop.<\/p>\n<h2 class=\"wp-block-heading\">CJ Timi\u0219 vrea o cl\u0103dire \u201eiconic\u0103\u201d pentru Timi\u0219oara<\/h2>\n<p class=\"wp-block-paragraph\">Alfred Simonis spune c\u0103 viitoarea construc\u021bie ar trebui s\u0103 aib\u0103 o arhitectur\u0103 impresionant\u0103 \u0219i s\u0103 devin\u0103 unul dintre reperele ora\u0219ului.<\/p>\n<p class=\"wp-block-paragraph\">\u00cen contextul \u00een care amplasamentul este \u00eenconjurat de cl\u0103diri istorice importante, pre\u0219edintele CJ Timi\u0219 sus\u021bine c\u0103 la licita\u021bia pentru proiectare ar trebui s\u0103 participe echipe conduse de arhitec\u021bi recunoscu\u021bi interna\u021bional.<\/p>\n<p class=\"wp-block-paragraph\">\u201eNe dorim ca la licita\u021bie s\u0103 participe echipe de proiectare conduse de arhitec\u021bi recunoscu\u021bi interna\u021bional\u201d, a transmis Alfred Simonis.<\/p>\n<h2 class=\"wp-block-heading\">O investi\u021bie nou\u0103 \u00eentr-o zon\u0103 cu infrastructur\u0103 cultural\u0103 deja existent\u0103<\/h2>\n<p class=\"wp-block-paragraph\">Prin proiectul propus, Consiliul Jude\u021bean Timi\u0219 inten\u021bioneaz\u0103 s\u0103 dezvolte o nou\u0103 infrastructur\u0103 cultural\u0103 chiar \u00een centrul ora\u0219ului, \u00eentr-o zon\u0103 \u00een care func\u021bioneaz\u0103 deja spa\u021bii pentru evenimente \u0219i conferin\u021be.<\/p>\n<p class=\"wp-block-paragraph\">Apropierea de Timi\u0219oara Convention Center face ca viitorul centru s\u0103 intre \u00eentr-un sector \u00een care exist\u0103 deja un operator privat cu infrastructur\u0103 dedicat\u0103 evenimentelor. \u00cen acela\u0219i timp, administra\u021bia jude\u021bean\u0103 sus\u021bine c\u0103 obiectivul s\u0103u este unul mai larg \u0219i c\u0103 noua cl\u0103dire ar trebui s\u0103 devin\u0103 inclusiv un reper arhitectural \u0219i cultural.<\/p>\n<h2 class=\"wp-block-heading\">Dup\u0103 ani de promisiuni, proiectul intr\u0103 \u00een etapa de proiectare<\/h2>\n<p class=\"wp-block-paragraph\">Terenul Consiliului Jude\u021bean Timi\u0219 din zona central\u0103 a trecut, de-a lungul anilor, prin mai multe planuri de dezvoltare. Parcarea supraetajat\u0103 sus\u021binut\u0103 de administra\u021biile conduse de C\u0103lin Dobra \u0219i Alin Nica nu a fost construit\u0103, iar amplasamentul a continuat s\u0103 func\u021bioneze ca parcare public\u0103.<\/p>\n<p class=\"wp-block-paragraph\">Actualul proiect schimb\u0103 fundamental destina\u021bia propus\u0103 pentru teren. Alfred Simonis vrea aici o cl\u0103dire multifunc\u021bional\u0103 cu o sal\u0103 de concerte de cel pu\u021bin 1.000 de locuri, spa\u021bii culturale \u0219i comerciale \u0219i aproximativ 200 de locuri de parcare.<\/p>\n<p class=\"wp-block-paragraph\">Deocamdat\u0103, investi\u021bia se afl\u0103 la \u00eenceputul procedurii. Urm\u0103torul moment important va fi 1 octombrie, c\u00e2nd sunt programate ofertele pentru proiectare. Dac\u0103 procedura nu va fi contestat\u0103, contractul ar putea fi semnat \u00een decembrie, iar proiectarea ar trebui finalizat\u0103 \u00een opt luni.<\/p>\n<\/div>\n<p>[analyse_source url=&#8221;https:\/\/orasul-timisoara.ro\/local-40199\/&#8221;]<\/p>\n","protected":false},"excerpt":{"rendered":"<p>[analyse_image type=&#8221;featured&#8221; src=&#8221;https:\/\/orasul-timisoara.ro\/wp-content\/uploads\/2026\/08\/parcare-centru-tm.jpg&#8221;] Administra\u021bie local\u0103CJ Timi\u0219 preg\u0103te\u0219te construirea unei \u201ecl\u0103diri iconice\u201d \u00een centrul Timi\u0219oarei. Investi\u021bie de&#8230; Administra\u021bie local\u0103 Investitii in Timisoara \u0218tiri Locale CJ Timi\u0219 preg\u0103te\u0219te construirea unei \u201ecl\u0103diri iconice\u201d \u00een centrul Timi\u0219oarei. Investi\u021bie de 40 milioane de euro De c\u0103tre redactia &#8211; 11\/08\/2026 Facebook Twitter WhatsApp Linkedin ReddIt Email Imprimare CJ Timi\u0219 preg\u0103te\u0219te un [&hellip;]<\/p>\n","protected":false},"author":1,"featured_media":0,"comment_status":"open","ping_status":"","sticky":false,"template":"","format":"standard","meta":{"footnotes":""},"categories":[89],"tags":[226,189],"class_list":["post-2088539","post","type-post","status-publish","format-standard","hentry","category-romania","tag-crawlmanager","tag-orasul-timisoara-ro"],"_links":{"self":[{"href":"https:\/\/analyse.optim.biz\/index.php?rest_route=\/wp\/v2\/posts\/2088539","targetHints":{"allow":["GET"]}}],"collection":[{"href":"https:\/\/analyse.optim.biz\/index.php?rest_route=\/wp\/v2\/posts"}],"about":[{"href":"https:\/\/analyse.optim.biz\/index.php?rest_route=\/wp\/v2\/types\/post"}],"author":[{"embeddable":true,"href":"https:\/\/analyse.optim.biz\/index.php?rest_route=\/wp\/v2\/users\/1"}],"replies":[{"embeddable":true,"href":"https:\/\/analyse.optim.biz\/index.php?rest_route=%2Fwp%2Fv2%2Fcomments&post=2088539"}],"version-history":[{"count":0,"href":"https:\/\/analyse.optim.biz\/index.php?rest_route=\/wp\/v2\/posts\/2088539\/revisions"}],"wp:attachment":[{"href":"https:\/\/analyse.optim.biz\/index.php?rest_route=%2Fwp%2Fv2%2Fmedia&parent=2088539"}],"wp:term":[{"taxonomy":"category","embeddable":true,"href":"https:\/\/analyse.optim.biz\/index.php?rest_route=%2Fwp%2Fv2%2Fcategories&post=2088539"},{"taxonomy":"post_tag","embeddable":true,"href":"https:\/\/analyse.optim.biz\/index.php?rest_route=%2Fwp%2Fv2%2Ftags&post=2088539"}],"curies":[{"name":"wp","href":"https:\/\/api.w.org\/{rel}","templated":true}]}}