{"id":2088537,"date":"2026-08-11T20:05:28","date_gmt":"2026-08-11T17:05:28","guid":{"rendered":"https:\/\/analyse.optim.biz\/?p=2088537"},"modified":"2026-08-11T20:05:28","modified_gmt":"2026-08-11T17:05:28","slug":"foto-clinica-de-hematologie-a-spitalului-municipal-se-muta-spatiu-nou-mai-bine-adaptat-nevoilor-pacientilor","status":"publish","type":"post","link":"https:\/\/analyse.optim.biz\/?p=2088537","title":{"rendered":"FOTO. Clinica de Hematologie a Spitalului Municipal se mut\u0103. Spa\u021biu nou, mai bine adaptat nevoilor pacien\u021bilor"},"content":{"rendered":"<p>[analyse_image type=&#8221;featured&#8221; src=&#8221;https:\/\/www.tion.ro\/wp-content\/uploads\/2026\/08\/+otf\/1200&#215;630\/ei8cLP+8aYhDJpvU3Ebcy05PVF9WRVJZX1NFQ7NCTMeS9W+uadmpxJpVrAk6A0x7xJcq54b+TPEWyuu7e__Jd4wwR0uH8__n47fM1dc9hxbb__UuECx4BL9jvVySA0=\/6478380FBIMG1786478304014.jpg&#8221;]<\/p>\n<article id=\"post-2332386\" class>\n<div class=\"entry-content clearfix\">\n<div class=\"enewsArticleContent\">\n<p>Clinica de Hematologie a Spitalului Municipal Timi\u0219oara se mut \u2013 at\u00e2t cu sec\u021bia de intern\u0103ri, c\u00e2t \u0219i cu ambulatorul \u2013 se mut\u0103 pe strada Daliei nr. 17, \u00een Clinica de Dermatologie.<\/p>\n<p>Aici, Hematologia va ocupa etajele II \u0219i III ale cl\u0103dirii, unde va dispune de 55 de paturi pentru spitalizare continu\u0103 \u0219i 4 paturi pentru spitalizare de zi, \u00een saloanele cu c\u00e2te dou\u0103, trei sau patru paturi \u0219i grupuri sanitare proprii. Tot aici, pacien\u021bii vor avea cabinete pentru proceduri \u0219i tratamente, s\u0103li pentru personalul medical, cabinet de psihologie \u0219i cabinet pentru cercetare.<\/p>\n<blockquote>\n<p>\u201eLa Spitalul Municipal, ne orient\u0103m \u00een a\u0219a fel \u00eenc\u00e2t binele pacientului s\u0103 fie \u00een centrul fiec\u0103rei decizii. De aceea, continu\u0103m s\u0103 investim \u00een condi\u021bii mai bune de \u00eengrijire \u0219i \u00een spa\u021bii care s\u0103 corespund\u0103 nevoilor pacien\u021bilor \u0219i echipelor medicale.<\/p>\n<p>Mutarea Clinicii de Hematologie \u00eentr-o cl\u0103dire nou\u0103 \u2013 un lucru pe care ni l-am dorit de mult timp \u2013 reprezint\u0103 un pas important \u00een acest demers \u0219i ne bucur\u0103m c\u0103 putem oferi pacien\u021bilor hematologici, fragili, un spa\u021biu mai bine adaptat perioadelor de tratament \u0219i internare\u201d, declar\u0103 prof. dr. Stela Iurciuc, managerul Spitalului Clinic Municipal de Urgen\u021b\u0103 Timi\u0219oara.<\/p>\n<\/blockquote>\n<p>Bine\u00een\u021beles, pe strada Daliei nr. 17, la parter \u0219i la etajul I va func\u021biona \u00een continuare Clinica de Dermatologie, iar la ultimul etaj \u2013 Laboratorul de Analize Medicale. P\u00e2n\u0103 acum, Hematologia func\u021biona \u00een centrul ora\u0219ului, la \u201eClinicile Noi\u201d.<\/p>\n<div class=\"enews_gallery_holder\">\n<div class=\"ml-gallery\"><a href=\"https:\/\/www.tion.ro\/galeria\/clinica-de-dermatologie-strada-daliei\/\" class=\"ml-gallery-link\"><img loading=\"lazy\" decoding=\"async\" class=\"tpftrK lazyload ml-gallery-cover\" src=\"https:\/\/www.tion.ro\/wp-content\/plugins\/endless-core\/images\/1x1.png\" width=\"155\" height=\"100\" data-src=\"https:\/\/www.tion.ro\/wp-content\/uploads\/2026\/08\/6478377FBIMG1786478309826.jpg\" data-srcset=\"https:\/\/www.tion.ro\/wp-content\/uploads\/2026\/08\/+otf\/839x538\/EnIdwtwmYMnG7Bzgc30oFE5PVF9WRVJZX1NFQ34CQjRbERFR2FkZZ1pcQzNJhHA+JblQGnsmcMm+r37hSf60cAvur0z9pRqAclHhljMd7zWbdUFvJeCRV1vSMSw=\/6478377FBIMG1786478309826.jpg 839w,https:\/\/www.tion.ro\/wp-content\/uploads\/2026\/08\/+otf\/100w\/0LWRYyM64s__OtaXJDEMU7E5PVF9WRVJZX1NFQ34CQjRbERFR2FkZZ1pcQzNJhHA+JblQGTJ3fomO32agEKTuaADnpkz9pRqAdVKsljNv7jSadEBuJOGQVlrTMC0=\/6478377FBIMG1786478309826.jpg 100w\" data-sizes=\"auto\"><\/p>\n<p class=\"wp-caption-text-gallery\">Clinica de Dermatologie \u2013 strada Daliei<\/p>\n<p><\/a><\/div>\n<\/div>\n<p>foto: Facebook\/Spitalul Clinic Municipal de Urgenta Timisoara<\/p>\n<div class=\"fbShareLikeTwitterAndEmailContainer\">\n<div class=\"wrapper\">\n<div class=\"email\">\n<div id=\"mailto-pop\" class=\"pop-form pop-form-mailto\">\n<div class=\"pop-form-header\">\n<h4>Trimite articolul<\/h4>\n<p><a class=\"pop-form-close\">X<\/a><\/div>\n<\/div>\n<\/div>\n<\/div>\n<\/div>\n<div class=\"tagsContainer\">\n<div class=\"tagsLabel\">Taguri:<\/div>\n<div class=\"tags\">\n<div class=\"tag\"><a href=\"https:\/\/www.tion.ro\/cimke\/clinica-de-dermatologie\" rel=\"tag\"><span class=\"link\">clinica de dermatologie<\/span><span class=\"separator\">,<\/span><\/a><\/div>\n<div class=\"tag\"><a href=\"https:\/\/www.tion.ro\/cimke\/clinica-de-hematologie\" rel=\"tag\"><span class=\"link\">clinica de hematologie<\/span><span class=\"separator\">,<\/span><\/a><\/div>\n<div class=\"tag\"><a href=\"https:\/\/www.tion.ro\/cimke\/spitalul-municipal-timisoara\" rel=\"tag\"><span class=\"link\">spitalul municipal timisoara<\/span><span class=\"separator\">,<\/span><\/a><\/div>\n<div class=\"tag\"><a href=\"https:\/\/www.tion.ro\/cimke\/strada-daliei\" rel=\"tag\"><span class=\"link\">strada daliei<\/span><\/a><\/div>\n<\/div>\n<\/div>\n<div class=\"comments\">\n<div class=\"top\">\n<div class=\"commentsNumber\"><span class=\"number\">0<\/span><span class=\"text\">Comentarii<\/span><\/div>\n<\/div>\n<div class=\"center\">\n<div id=\"respond\" class=\"comment-respond\">\n<h3 id=\"reply-title\" class=\"comment-reply-title\"><small><a rel=\"nofollow\" id=\"cancel-comment-reply-link\" href=\"https:\/\/www.tion.ro\/stirile-judetului-timis\/clinica-de-hematologie-de-la-municipal-se-muta-in-complexul-studentesc-va-imparti-cladirea-de-pe-daliei-cu-dermatologia-2332386\/#respond\">Cancel reply<\/a><\/small><\/h3>\n<p class=\"comment-notes\"><span id=\"email-notes\">Your email address will not be published.<\/span><span class=\"required-field-message\">Required fields are marked <span class=\"required\">*<\/span><\/span><\/p>\n<p class=\"commentFormComment\"><span id=\"commentFormCount\"><br \/>\n                            inca<br \/>\n                            <span id=\"countCommentText\">1000<\/span><br \/>\n                            caractere ramase<br \/>\n                        <\/span><\/p>\n<\/div>\n<\/div>\n<div class=\"bottom\">\n<p class=\"forumDisclaimerHuRo\">\n            Citi\u021bi principiile noastre de moderare <a href=\"https:\/\/www.tion.ro\/reguli-postare-comentarii\/\" target=\"_blank\">aici<\/a>!\n        <\/p>\n<\/div>\n<\/div>\n<\/div>\n<\/div>\n<\/article>\n<div class=\"entry-content clearfix\">\n<div class=\"enewsArticleContent\">\n<p>Clinica de Hematologie a Spitalului Municipal Timi\u0219oara se mut \u2013 at\u00e2t cu sec\u021bia de intern\u0103ri, c\u00e2t \u0219i cu ambulatorul \u2013 se mut\u0103 pe strada Daliei nr. 17, \u00een Clinica de Dermatologie.<\/p>\n<p>Aici, Hematologia va ocupa etajele II \u0219i III ale cl\u0103dirii, unde va dispune de 55 de paturi pentru spitalizare continu\u0103 \u0219i 4 paturi pentru spitalizare de zi, \u00een saloanele cu c\u00e2te dou\u0103, trei sau patru paturi \u0219i grupuri sanitare proprii. Tot aici, pacien\u021bii vor avea cabinete pentru proceduri \u0219i tratamente, s\u0103li pentru personalul medical, cabinet de psihologie \u0219i cabinet pentru cercetare.<\/p>\n<blockquote>\n<p>\u201eLa Spitalul Municipal, ne orient\u0103m \u00een a\u0219a fel \u00eenc\u00e2t binele pacientului s\u0103 fie \u00een centrul fiec\u0103rei decizii. De aceea, continu\u0103m s\u0103 investim \u00een condi\u021bii mai bune de \u00eengrijire \u0219i \u00een spa\u021bii care s\u0103 corespund\u0103 nevoilor pacien\u021bilor \u0219i echipelor medicale.<\/p>\n<p>Mutarea Clinicii de Hematologie \u00eentr-o cl\u0103dire nou\u0103 \u2013 un lucru pe care ni l-am dorit de mult timp \u2013 reprezint\u0103 un pas important \u00een acest demers \u0219i ne bucur\u0103m c\u0103 putem oferi pacien\u021bilor hematologici, fragili, un spa\u021biu mai bine adaptat perioadelor de tratament \u0219i internare\u201d, declar\u0103 prof. dr. Stela Iurciuc, managerul Spitalului Clinic Municipal de Urgen\u021b\u0103 Timi\u0219oara.<\/p>\n<\/blockquote>\n<p>Bine\u00een\u021beles, pe strada Daliei nr. 17, la parter \u0219i la etajul I va func\u021biona \u00een continuare Clinica de Dermatologie, iar la ultimul etaj \u2013 Laboratorul de Analize Medicale. P\u00e2n\u0103 acum, Hematologia func\u021biona \u00een centrul ora\u0219ului, la \u201eClinicile Noi\u201d.<\/p>\n<div class=\"enews_gallery_holder\">\n<div class=\"ml-gallery\"><a href=\"https:\/\/www.tion.ro\/galeria\/clinica-de-dermatologie-strada-daliei\/\" class=\"ml-gallery-link\"><img loading=\"lazy\" decoding=\"async\" class=\"tpftrK lazyload ml-gallery-cover\" src=\"https:\/\/www.tion.ro\/wp-content\/plugins\/endless-core\/images\/1x1.png\" width=\"155\" height=\"100\" data-src=\"https:\/\/www.tion.ro\/wp-content\/uploads\/2026\/08\/6478377FBIMG1786478309826.jpg\" data-srcset=\"https:\/\/www.tion.ro\/wp-content\/uploads\/2026\/08\/+otf\/839x538\/EnIdwtwmYMnG7Bzgc30oFE5PVF9WRVJZX1NFQ34CQjRbERFR2FkZZ1pcQzNJhHA+JblQGnsmcMm+r37hSf60cAvur0z9pRqAclHhljMd7zWbdUFvJeCRV1vSMSw=\/6478377FBIMG1786478309826.jpg 839w,https:\/\/www.tion.ro\/wp-content\/uploads\/2026\/08\/+otf\/100w\/0LWRYyM64s__OtaXJDEMU7E5PVF9WRVJZX1NFQ34CQjRbERFR2FkZZ1pcQzNJhHA+JblQGTJ3fomO32agEKTuaADnpkz9pRqAdVKsljNv7jSadEBuJOGQVlrTMC0=\/6478377FBIMG1786478309826.jpg 100w\" data-sizes=\"auto\"><\/p>\n<p class=\"wp-caption-text-gallery\">Clinica de Dermatologie \u2013 strada Daliei<\/p>\n<p><\/a><\/div>\n<\/div>\n<p>foto: Facebook\/Spitalul Clinic Municipal de Urgenta Timisoara<\/p>\n<div class=\"fbShareLikeTwitterAndEmailContainer\">\n<div class=\"wrapper\">\n<div class=\"email\">\n<div id=\"mailto-pop\" class=\"pop-form pop-form-mailto\">\n<div class=\"pop-form-header\">\n<h4>Trimite articolul<\/h4>\n<p><a class=\"pop-form-close\">X<\/a><\/div>\n<\/div>\n<\/div>\n<\/div>\n<\/div>\n<div class=\"tagsContainer\">\n<div class=\"tagsLabel\">Taguri:<\/div>\n<div class=\"tags\">\n<div class=\"tag\"><a href=\"https:\/\/www.tion.ro\/cimke\/clinica-de-dermatologie\" rel=\"tag\"><span class=\"link\">clinica de dermatologie<\/span><span class=\"separator\">,<\/span><\/a><\/div>\n<div class=\"tag\"><a href=\"https:\/\/www.tion.ro\/cimke\/clinica-de-hematologie\" rel=\"tag\"><span class=\"link\">clinica de hematologie<\/span><span class=\"separator\">,<\/span><\/a><\/div>\n<div class=\"tag\"><a href=\"https:\/\/www.tion.ro\/cimke\/spitalul-municipal-timisoara\" rel=\"tag\"><span class=\"link\">spitalul municipal timisoara<\/span><span class=\"separator\">,<\/span><\/a><\/div>\n<div class=\"tag\"><a href=\"https:\/\/www.tion.ro\/cimke\/strada-daliei\" rel=\"tag\"><span class=\"link\">strada daliei<\/span><\/a><\/div>\n<\/div>\n<\/div>\n<div class=\"comments\">\n<div class=\"top\">\n<div class=\"commentsNumber\"><span class=\"number\">0<\/span><span class=\"text\">Comentarii<\/span><\/div>\n<\/div>\n<div class=\"center\">\n<div id=\"respond\" class=\"comment-respond\">\n<h3 id=\"reply-title\" class=\"comment-reply-title\"><small><a rel=\"nofollow\" id=\"cancel-comment-reply-link\" href=\"https:\/\/www.tion.ro\/stirile-judetului-timis\/clinica-de-hematologie-de-la-municipal-se-muta-in-complexul-studentesc-va-imparti-cladirea-de-pe-daliei-cu-dermatologia-2332386\/#respond\">Cancel reply<\/a><\/small><\/h3>\n<p class=\"comment-notes\"><span id=\"email-notes\">Your email address will not be published.<\/span><span class=\"required-field-message\">Required fields are marked <span class=\"required\">*<\/span><\/span><\/p>\n<p class=\"commentFormComment\"><span id=\"commentFormCount\"><br \/>\n                            inca<br \/>\n                            <span id=\"countCommentText\">1000<\/span><br \/>\n                            caractere ramase<br \/>\n                        <\/span><\/p>\n<\/div>\n<\/div>\n<div class=\"bottom\">\n<p class=\"forumDisclaimerHuRo\">\n            Citi\u021bi principiile noastre de moderare <a href=\"https:\/\/www.tion.ro\/reguli-postare-comentarii\/\" target=\"_blank\">aici<\/a>!\n        <\/p>\n<\/div>\n<\/div>\n<\/div>\n<\/div>\n<p>[analyse_source url=&#8221;https:\/\/www.tion.ro\/stirile-judetului-timis\/clinica-de-hematologie-de-la-municipal-se-muta-in-complexul-studentesc-va-imparti-cladirea-de-pe-daliei-cu-dermatologia-2332386\/&#8221;]<\/p>\n","protected":false},"excerpt":{"rendered":"<p>[analyse_image type=&#8221;featured&#8221; src=&#8221;https:\/\/www.tion.ro\/wp-content\/uploads\/2026\/08\/+otf\/1200&#215;630\/ei8cLP+8aYhDJpvU3Ebcy05PVF9WRVJZX1NFQ7NCTMeS9W+uadmpxJpVrAk6A0x7xJcq54b+TPEWyuu7e__Jd4wwR0uH8__n47fM1dc9hxbb__UuECx4BL9jvVySA0=\/6478380FBIMG1786478304014.jpg&#8221;] Clinica de Hematologie a Spitalului Municipal Timi\u0219oara se mut \u2013 at\u00e2t cu sec\u021bia de intern\u0103ri, c\u00e2t \u0219i cu ambulatorul \u2013 se mut\u0103 pe strada Daliei nr. 17, \u00een Clinica de Dermatologie. Aici, Hematologia va ocupa etajele II \u0219i III ale cl\u0103dirii, unde va dispune de 55 de paturi pentru spitalizare continu\u0103 \u0219i [&hellip;]<\/p>\n","protected":false},"author":1,"featured_media":0,"comment_status":"open","ping_status":"","sticky":false,"template":"","format":"standard","meta":{"footnotes":""},"categories":[89],"tags":[226,191],"class_list":["post-2088537","post","type-post","status-publish","format-standard","hentry","category-romania","tag-crawlmanager","tag-tion-ro"],"_links":{"self":[{"href":"https:\/\/analyse.optim.biz\/index.php?rest_route=\/wp\/v2\/posts\/2088537","targetHints":{"allow":["GET"]}}],"collection":[{"href":"https:\/\/analyse.optim.biz\/index.php?rest_route=\/wp\/v2\/posts"}],"about":[{"href":"https:\/\/analyse.optim.biz\/index.php?rest_route=\/wp\/v2\/types\/post"}],"author":[{"embeddable":true,"href":"https:\/\/analyse.optim.biz\/index.php?rest_route=\/wp\/v2\/users\/1"}],"replies":[{"embeddable":true,"href":"https:\/\/analyse.optim.biz\/index.php?rest_route=%2Fwp%2Fv2%2Fcomments&post=2088537"}],"version-history":[{"count":0,"href":"https:\/\/analyse.optim.biz\/index.php?rest_route=\/wp\/v2\/posts\/2088537\/revisions"}],"wp:attachment":[{"href":"https:\/\/analyse.optim.biz\/index.php?rest_route=%2Fwp%2Fv2%2Fmedia&parent=2088537"}],"wp:term":[{"taxonomy":"category","embeddable":true,"href":"https:\/\/analyse.optim.biz\/index.php?rest_route=%2Fwp%2Fv2%2Fcategories&post=2088537"},{"taxonomy":"post_tag","embeddable":true,"href":"https:\/\/analyse.optim.biz\/index.php?rest_route=%2Fwp%2Fv2%2Ftags&post=2088537"}],"curies":[{"name":"wp","href":"https:\/\/api.w.org\/{rel}","templated":true}]}}