{"id":2088520,"date":"2026-08-11T18:38:31","date_gmt":"2026-08-11T15:38:31","guid":{"rendered":"https:\/\/analyse.optim.biz\/?p=2088520"},"modified":"2026-08-11T18:38:31","modified_gmt":"2026-08-11T15:38:31","slug":"buzoieni-din-ministere-se-intorc-in-administratia-judeteana-marcel-ciolacu-anunta-transferuri-si-schimbari-la-cj-buzau","status":"publish","type":"post","link":"https:\/\/analyse.optim.biz\/?p=2088520","title":{"rendered":"Buzoieni din ministere se \u00eentorc \u00een administra\u021bia jude\u021bean\u0103! Marcel Ciolacu anun\u021b\u0103 transferuri \u0219i schimb\u0103ri la CJ Buz\u0103u"},"content":{"rendered":"<p>[analyse_image type=&#8221;featured&#8221; src=&#8221;https:\/\/gazetabuzoiana.ro\/wp-content\/uploads\/2026\/02\/ciolacu.jpg&#8221;]<\/p>\n<div class=\"entry-content entry clearfix\">\n<p class=\"wp-block-paragraph\">Consiliul Jude\u021bean Buz\u0103u \u00ee\u0219i preg\u0103te\u0219te o consolidare a aparatului de specialitate prin aducerea unor func\u021bionari din administra\u021bia central\u0103. Pre\u0219edintele CJ Buz\u0103u, Marcel Ciolacu, spune c\u0103 mai mul\u021bi buzoieni care lucreaz\u0103 \u00een ministere vor s\u0103 revin\u0103 \u00een jude\u021b, iar unul dintre posturile pentru care este preg\u0103tit deja un transfer este cel de arhitect-\u0219ef.<\/p>\n<p class=\"wp-block-paragraph\">Pre\u0219edintele Ciolacu sus\u021bine c\u0103 primele schimb\u0103ri ar putea ap\u0103rea chiar \u00een aceast\u0103 lun\u0103.<\/p>\n<p class=\"wp-block-paragraph\"><strong><mark class=\"has-inline-color has-vivid-red-color\">\u201eSper s\u0103 avem \u0219i arhitect-\u0219ef, p\u00e2n\u0103 la sf\u00e2r\u0219itul acestei luni, printr-un transfer dintr-un minister. Mai vin mai multe persoane din ministere prin transfer. Mai ales de la Dezvoltare vor s\u0103 vin\u0103 buzoienii. Vor s\u0103 se \u00eentoarc\u0103 la familie\u201d<\/mark><\/strong>, a declarat pre\u0219edintele Consiliului Jude\u021bean Buz\u0103u.<\/p>\n<p class=\"wp-block-paragraph\">Potrivit lui Ciolacu, administra\u021bia jude\u021bean\u0103 discut\u0103 aducerea mai multor oameni care lucreaz\u0103 \u00een prezent \u00een structurile centrale ale statului.<\/p>\n<p class=\"wp-block-paragraph\">Venirea unor noi func\u021bionari este legat\u0103 \u0219i de necesitatea de a recupera \u00eent\u00e2rzierile existente \u00een activitatea Consiliului Jude\u021bean, \u00een special \u00een zona proiectelor de investi\u021bii.<\/p>\n<p class=\"wp-block-paragraph\">Pre\u0219edintele CJ Buz\u0103u admite c\u0103 \u00een anumite structuri ritmul de lucru nu este cel dorit \u0219i c\u0103 este nevoie de o echip\u0103 mai puternic\u0103 pentru ca proiectele s\u0103 avanseze.<\/p>\n<p class=\"wp-block-paragraph\"><mark class=\"has-inline-color has-vivid-red-color\"><strong>\u201eTrebuie s\u0103 aducem un pic lucrurile la zi\u201d<\/strong><\/mark>, a spus Marcel Ciolacu, referindu-se la activitatea administra\u021biei jude\u021bene.<\/p>\n<p class=\"wp-block-paragraph\">\u00cen paralel cu transferurile din ministere, Consiliul Jude\u021bean va apela \u0219i la concursuri pentru ocuparea unor func\u021bii. Un exemplu este Biblioteca Jude\u021bean\u0103 Buz\u0103u, unde conducerea CJ preg\u0103te\u0219te scoaterea la concurs a postului de director.<\/p>\n<p class=\"wp-block-paragraph\"><strong><mark class=\"has-inline-color has-vivid-red-color\">\u201eLa bibliotec\u0103 o s\u0103 scoatem \u0219i postul de director la concurs\u201d<\/mark><\/strong>, a anun\u021bat Ciolacu.<\/p>\n<p class=\"wp-block-paragraph\">Astfel, \u00een perioada urm\u0103toare, CJ Buz\u0103u va \u00eencerca s\u0103-\u0219i completeze echipa at\u00e2t prin transferul unor func\u021bionari din administra\u021bia central\u0103, c\u00e2t \u0219i prin concursuri pentru posturile care trebuie ocupate.<\/p>\n<p class=\"wp-block-paragraph\">Pentru administra\u021bia jude\u021bean\u0103, scopul este ca noii oameni s\u0103 contribuie la recuperarea \u00eent\u00e2rzierilor \u0219i la accelerarea proiectelor aflate \u00een derulare.<\/p>\n<div class=\"post-bottom-meta post-bottom-tags post-tags-modern\">\n<div class=\"post-bottom-meta-title\"> Etichete<\/div>\n<p><span class=\"tagcloud\"><a href=\"https:\/\/gazetabuzoiana.ro\/tag\/administratie-judeteana\/\" rel=\"tag\">administra\u021bie jude\u021bean\u0103<\/a><a href=\"https:\/\/gazetabuzoiana.ro\/tag\/administratie-publica\/\" rel=\"tag\">administra\u021bie public\u0103<\/a><a href=\"https:\/\/gazetabuzoiana.ro\/tag\/arhitect-sef-buzau\/\" rel=\"tag\">arhitect-\u0219ef Buz\u0103u<\/a><a href=\"https:\/\/gazetabuzoiana.ro\/tag\/biblioteca-judeteana-buzau\/\" rel=\"tag\">Biblioteca Jude\u021bean\u0103 Buz\u0103u<\/a><a href=\"https:\/\/gazetabuzoiana.ro\/tag\/buzau-2\/\" rel=\"tag\">Buz\u0103u<\/a><a href=\"https:\/\/gazetabuzoiana.ro\/tag\/cj-buzau-2\/\" rel=\"tag\">CJ Buz\u0103u<\/a><a href=\"https:\/\/gazetabuzoiana.ro\/tag\/consiliul-judetean-buzau\/\" rel=\"tag\">Consiliul Jude\u021bean Buz\u0103u<\/a><a href=\"https:\/\/gazetabuzoiana.ro\/tag\/functionari-publici\/\" rel=\"tag\">func\u021bionari publici<\/a><a href=\"https:\/\/gazetabuzoiana.ro\/tag\/marcel-ciolacu\/\" rel=\"tag\">marcel ciolacu<\/a><a href=\"https:\/\/gazetabuzoiana.ro\/tag\/ministerul-dezvoltarii-2\/\" rel=\"tag\">Ministerul Dezvolt\u0103rii<\/a><a href=\"https:\/\/gazetabuzoiana.ro\/tag\/transferuri\/\" rel=\"tag\">transferuri<\/a><\/span><\/div>\n<\/div>\n<p>[analyse_source url=&#8221;https:\/\/gazetabuzoiana.ro\/2026\/08\/11\/buzoieni-din-ministere-se-intorc-in-administratia-judeteana-marcel-ciolacu-anunta-transferuri-si-schimbari-la-cj-buzau\/&#8221;]<\/p>\n","protected":false},"excerpt":{"rendered":"<p>[analyse_image type=&#8221;featured&#8221; src=&#8221;https:\/\/gazetabuzoiana.ro\/wp-content\/uploads\/2026\/02\/ciolacu.jpg&#8221;] Consiliul Jude\u021bean Buz\u0103u \u00ee\u0219i preg\u0103te\u0219te o consolidare a aparatului de specialitate prin aducerea unor func\u021bionari din administra\u021bia central\u0103. Pre\u0219edintele CJ Buz\u0103u, Marcel Ciolacu, spune c\u0103 mai mul\u021bi buzoieni care lucreaz\u0103 \u00een ministere vor s\u0103 revin\u0103 \u00een jude\u021b, iar unul dintre posturile pentru care este preg\u0103tit deja un transfer este cel de arhitect-\u0219ef. [&hellip;]<\/p>\n","protected":false},"author":1,"featured_media":0,"comment_status":"open","ping_status":"","sticky":false,"template":"","format":"standard","meta":{"footnotes":""},"categories":[2],"tags":[226,38],"class_list":["post-2088520","post","type-post","status-publish","format-standard","hentry","category-politics","tag-crawlmanager","tag-gazetabuzoiana-ro"],"_links":{"self":[{"href":"https:\/\/analyse.optim.biz\/index.php?rest_route=\/wp\/v2\/posts\/2088520","targetHints":{"allow":["GET"]}}],"collection":[{"href":"https:\/\/analyse.optim.biz\/index.php?rest_route=\/wp\/v2\/posts"}],"about":[{"href":"https:\/\/analyse.optim.biz\/index.php?rest_route=\/wp\/v2\/types\/post"}],"author":[{"embeddable":true,"href":"https:\/\/analyse.optim.biz\/index.php?rest_route=\/wp\/v2\/users\/1"}],"replies":[{"embeddable":true,"href":"https:\/\/analyse.optim.biz\/index.php?rest_route=%2Fwp%2Fv2%2Fcomments&post=2088520"}],"version-history":[{"count":0,"href":"https:\/\/analyse.optim.biz\/index.php?rest_route=\/wp\/v2\/posts\/2088520\/revisions"}],"wp:attachment":[{"href":"https:\/\/analyse.optim.biz\/index.php?rest_route=%2Fwp%2Fv2%2Fmedia&parent=2088520"}],"wp:term":[{"taxonomy":"category","embeddable":true,"href":"https:\/\/analyse.optim.biz\/index.php?rest_route=%2Fwp%2Fv2%2Fcategories&post=2088520"},{"taxonomy":"post_tag","embeddable":true,"href":"https:\/\/analyse.optim.biz\/index.php?rest_route=%2Fwp%2Fv2%2Ftags&post=2088520"}],"curies":[{"name":"wp","href":"https:\/\/api.w.org\/{rel}","templated":true}]}}