{"id":2088513,"date":"2026-08-11T16:04:39","date_gmt":"2026-08-11T13:04:39","guid":{"rendered":"https:\/\/analyse.optim.biz\/?p=2088513"},"modified":"2026-08-11T16:04:39","modified_gmt":"2026-08-11T13:04:39","slug":"perseidele-pot-fi-vazute-la-naeni-doua-autocare-pentru-buzoienii-care-vor-sa-urmareasca-ploaia-de-stele","status":"publish","type":"post","link":"https:\/\/analyse.optim.biz\/?p=2088513","title":{"rendered":"Perseidele pot fi v\u0103zute la N\u0103eni. Dou\u0103 autocare pentru buzoienii care vor s\u0103 urm\u0103reasc\u0103 \u201eploaia de stele\u201d"},"content":{"rendered":"<p>[analyse_image type=&#8221;featured&#8221; src=&#8221;https:\/\/gazetabuzoiana.ro\/wp-content\/uploads\/2026\/08\/perseide-2026-1000&#215;600-1.webp&#8221;]<\/p>\n<div class=\"entry-content entry clearfix\">\n<p class=\"wp-block-paragraph\">Buzoienii care vor s\u0103 vad\u0103 Perseidele departe de luminile ora\u0219ului au la dispozi\u021bie, \u00een noaptea de 12 spre 13 august, o deplasare organizat\u0103 la N\u0103eni, \u00een zona Bisericii dintr-o Piatr\u0103. <\/p>\n<p class=\"wp-block-paragraph\">Consiliul Jude\u021bean Buz\u0103u \u0219i Organiza\u021bia de Management al Destina\u021biei Jude\u021bul Buz\u0103u organizeaz\u0103 o ie\u0219ire dedicat\u0103 observ\u0103rii curentului de meteori, \u00eentr-o zon\u0103 \u00een care poluarea luminoas\u0103 este redus\u0103.<\/p>\n<p class=\"wp-block-paragraph\">Participan\u021bii vor putea urm\u0103ri cerul de pe Dealul Istri\u021ba, iar la fa\u021ba locului vor fi prezen\u021bi ghizi locali \u0219i vor fi puse la dispozi\u021bie telescoape pentru observarea fenomenului astronomic.<\/p>\n<p class=\"wp-block-paragraph\">Pentru cei care vor s\u0103 participe, OMD Jude\u021bul Buz\u0103u pune la dispozi\u021bie dou\u0103 autocare cu transport dus-\u00eentors. Plecarea este programat\u0103 la ora 20:00, din fa\u021ba Consiliului Jude\u021bean Buz\u0103u, iar revenirea este prev\u0103zut\u0103 aproximativ cinci ore mai t\u00e2rziu.<\/p>\n<p class=\"wp-block-paragraph\">\u00censcrierile se fac la adresa de e-mail <a href=\"mailto:omdjudetulbuzau@gmail.com\">omdjudetulbuzau@gmail.com<\/a>, \u00een limita locurilor disponibile.<\/p>\n<p class=\"wp-block-paragraph\">Organizatorii le recomand\u0103 celor care merg la N\u0103eni s\u0103 aib\u0103 la ei p\u0103turi sau scaune pliante, haine mai groase \u0219i lanterne, \u00eentruc\u00e2t observa\u021biile se vor face \u00een aer liber, pe timpul nop\u021bii.<\/p>\n<p class=\"wp-block-paragraph\">Perseidele sunt active \u00een fiecare var\u0103, iar \u00een 2026 perioada de maxim este \u00een jurul nop\u021bii de 12 spre 13 august. \u00cen acest an, condi\u021biile sunt favorabile pentru observa\u021bii, deoarece Luna Nou\u0103 nu va lumina cerul \u0219i nu va estompa meteorii mai pu\u021bin str\u0103lucitori.<\/p>\n<p class=\"wp-block-paragraph\">Pentru observarea fenomenului nu este nevoie de echipamente speciale. Cele mai bune condi\u021bii sunt \u00eentr-un loc \u00eentunecat, departe de luminile ora\u0219elor, iar meteorii pot fi v\u0103zu\u021bi cu ochiul liber.<\/p>\n<p class=\"wp-block-paragraph\">Perseidele sunt particule provenite de la cometa 109P\/Swift-Tuttle care intr\u0103 \u00een atmosfera P\u0103m\u00e2ntului cu vitez\u0103 foarte mare \u0219i se \u00eenc\u0103lzesc, produc\u00e2nd d\u00e2rele luminoase cunoscute popular drept \u201estele c\u0103z\u0103toare\u201d.<\/p>\n<figure class=\"wp-block-image size-large\"><img loading=\"lazy\" decoding=\"async\" width=\"576\" height=\"1024\" src=\"https:\/\/gazetabuzoiana.ro\/wp-content\/uploads\/2026\/08\/cj-576x1024.jpeg\" alt class=\"wp-image-22042\"><\/figure>\n<div class=\"post-bottom-meta post-bottom-tags post-tags-modern\">\n<div class=\"post-bottom-meta-title\"> Etichete<\/div>\n<p><span class=\"tagcloud\"><a href=\"https:\/\/gazetabuzoiana.ro\/tag\/biserica-dintr-o-piatra\/\" rel=\"tag\">Biserica dintr-o Piatr\u0103<\/a><a href=\"https:\/\/gazetabuzoiana.ro\/tag\/buzau-2\/\" rel=\"tag\">Buz\u0103u<\/a><a href=\"https:\/\/gazetabuzoiana.ro\/tag\/consiliul-judetean-buzau\/\" rel=\"tag\">Consiliul Jude\u021bean Buz\u0103u<\/a><a href=\"https:\/\/gazetabuzoiana.ro\/tag\/dealul-istrita\/\" rel=\"tag\">Dealul Istri\u021ba<\/a><a href=\"https:\/\/gazetabuzoiana.ro\/tag\/fenomene-astronomice\/\" rel=\"tag\">fenomene astronomice<\/a><a href=\"https:\/\/gazetabuzoiana.ro\/tag\/naeni\/\" rel=\"tag\">N\u0103eni<\/a><a href=\"https:\/\/gazetabuzoiana.ro\/tag\/observatii-astronomice\/\" rel=\"tag\">observa\u021bii astronomice<\/a><a href=\"https:\/\/gazetabuzoiana.ro\/tag\/omd-buzau\/\" rel=\"tag\">OMD Buz\u0103u<\/a><a href=\"https:\/\/gazetabuzoiana.ro\/tag\/perseide\/\" rel=\"tag\">Perseide<\/a><a href=\"https:\/\/gazetabuzoiana.ro\/tag\/perseidele-2026\/\" rel=\"tag\">Perseidele 2026<\/a><a href=\"https:\/\/gazetabuzoiana.ro\/tag\/ploaie-de-meteori\/\" rel=\"tag\">ploaie de meteori<\/a><a href=\"https:\/\/gazetabuzoiana.ro\/tag\/stele-cazatoare\/\" rel=\"tag\">stele c\u0103z\u0103toare<\/a><a href=\"https:\/\/gazetabuzoiana.ro\/tag\/turism-buzau-2\/\" rel=\"tag\">turism Buz\u0103u<\/a><\/span><\/div>\n<\/div>\n<p>[analyse_source url=&#8221;https:\/\/gazetabuzoiana.ro\/2026\/08\/11\/perseidele-pot-fi-vazute-la-naeni-doua-autocare-pentru-buzoienii-care-vor-sa-urmareasca-ploaia-de-stele\/&#8221;]<\/p>\n","protected":false},"excerpt":{"rendered":"<p>[analyse_image type=&#8221;featured&#8221; src=&#8221;https:\/\/gazetabuzoiana.ro\/wp-content\/uploads\/2026\/08\/perseide-2026-1000&#215;600-1.webp&#8221;] Buzoienii care vor s\u0103 vad\u0103 Perseidele departe de luminile ora\u0219ului au la dispozi\u021bie, \u00een noaptea de 12 spre 13 august, o deplasare organizat\u0103 la N\u0103eni, \u00een zona Bisericii dintr-o Piatr\u0103. Consiliul Jude\u021bean Buz\u0103u \u0219i Organiza\u021bia de Management al Destina\u021biei Jude\u021bul Buz\u0103u organizeaz\u0103 o ie\u0219ire dedicat\u0103 observ\u0103rii curentului de meteori, \u00eentr-o zon\u0103 \u00een [&hellip;]<\/p>\n","protected":false},"author":1,"featured_media":0,"comment_status":"open","ping_status":"","sticky":false,"template":"","format":"standard","meta":{"footnotes":""},"categories":[2],"tags":[226,38],"class_list":["post-2088513","post","type-post","status-publish","format-standard","hentry","category-politics","tag-crawlmanager","tag-gazetabuzoiana-ro"],"_links":{"self":[{"href":"https:\/\/analyse.optim.biz\/index.php?rest_route=\/wp\/v2\/posts\/2088513","targetHints":{"allow":["GET"]}}],"collection":[{"href":"https:\/\/analyse.optim.biz\/index.php?rest_route=\/wp\/v2\/posts"}],"about":[{"href":"https:\/\/analyse.optim.biz\/index.php?rest_route=\/wp\/v2\/types\/post"}],"author":[{"embeddable":true,"href":"https:\/\/analyse.optim.biz\/index.php?rest_route=\/wp\/v2\/users\/1"}],"replies":[{"embeddable":true,"href":"https:\/\/analyse.optim.biz\/index.php?rest_route=%2Fwp%2Fv2%2Fcomments&post=2088513"}],"version-history":[{"count":0,"href":"https:\/\/analyse.optim.biz\/index.php?rest_route=\/wp\/v2\/posts\/2088513\/revisions"}],"wp:attachment":[{"href":"https:\/\/analyse.optim.biz\/index.php?rest_route=%2Fwp%2Fv2%2Fmedia&parent=2088513"}],"wp:term":[{"taxonomy":"category","embeddable":true,"href":"https:\/\/analyse.optim.biz\/index.php?rest_route=%2Fwp%2Fv2%2Fcategories&post=2088513"},{"taxonomy":"post_tag","embeddable":true,"href":"https:\/\/analyse.optim.biz\/index.php?rest_route=%2Fwp%2Fv2%2Ftags&post=2088513"}],"curies":[{"name":"wp","href":"https:\/\/api.w.org\/{rel}","templated":true}]}}