{"id":2088510,"date":"2026-08-11T14:44:51","date_gmt":"2026-08-11T11:44:51","guid":{"rendered":"https:\/\/analyse.optim.biz\/?p=2088510"},"modified":"2026-08-11T14:44:51","modified_gmt":"2026-08-11T11:44:51","slug":"doua-primarii-din-buzau-se-pregatesc-sa-dea-in-judecata-ministerul-educatiei-pentru-proiectele-pnrr-de-educatie-timpurie","status":"publish","type":"post","link":"https:\/\/analyse.optim.biz\/?p=2088510","title":{"rendered":"Dou\u0103 prim\u0103rii din Buz\u0103u se preg\u0103tesc s\u0103 dea \u00een judecat\u0103 Ministerul Educa\u021biei pentru proiectele PNRR de educa\u021bie timpurie"},"content":{"rendered":"<p>[analyse_image type=&#8221;featured&#8221; src=&#8221;https:\/\/gazetabuzoiana.ro\/wp-content\/uploads\/2026\/08\/PNRR-1.jpg&#8221;]<\/p>\n<div class=\"entry-content entry clearfix\">\n<p class=\"wp-block-paragraph\"><strong>Scor\u021boasa \u0219i C\u0103ne\u0219ti sunt cele dou\u0103 comune care contest\u0103 modul \u00een care le-au fost \u00eenchise proiectele, \u00een timp ce, la nivel na\u021bional, zeci de contracte PNRR din Educa\u021bie au fost denun\u021bate unilateral.<\/strong><\/p>\n<p class=\"wp-block-paragraph\">Ambele prim\u0103rii buzoiene se preg\u0103tesc acum s\u0103 ac\u021bioneze \u00een instan\u021b\u0103 Ministerul Educa\u021biei \u00een leg\u0103tur\u0103 cu proiectele PNRR destinate dezvolt\u0103rii serviciilor de educa\u021bie timpurie complementare.<\/p>\n<p class=\"wp-block-paragraph\">Este vorba despre <em>Componenta 15 \u2013 Educa\u021bie, Investi\u021bia 2<\/em> din PNRR, prin care urmau s\u0103 fie create \u0219i dotate servicii pentru copiii din comunit\u0103\u021bile \u00een care accesul la educa\u021bie timpurie este mai dificil.<\/p>\n<h1 class=\"wp-block-heading\">Scor\u021boasa: \u201eServiciul era func\u021bional 100%\u201d<\/h1>\n<p class=\"wp-block-paragraph\">Proiectul Scor\u021boasei este <em>P63 \u2013 \u201eDezvoltarea unui serviciu de educa\u021bie timpurie complementar \u00een comuna Scor\u021boasa, jude\u021bul Buz\u0103u\u201d.<\/em><\/p>\n<p class=\"wp-block-paragraph\">Primarul Vasile S\u0103cuiu sus\u021bine c\u0103 activit\u0103\u021bile asumate prin contract au fost derulate conform graficului, c\u0103 serviciul era func\u021bional 100%, iar proiectul avea un grad de implementare de peste 40% atunci c\u00e2nd Ministerul Educa\u021biei a decis denun\u021barea unilateral\u0103 a contractului.<\/p>\n<p class=\"wp-block-paragraph\"><em>\u201eDenun\u021barea unilateral\u0103 s-a f\u0103cut, \u00een afara prevederilor contractuale, f\u0103r\u0103 o ac\u021biune prealabil\u0103 de solicitare de clarific\u0103ri\u201d,<\/em> sus\u021bine primarul.<\/p>\n<p class=\"wp-block-paragraph\">S\u0103cuiu spune c\u0103 Prim\u0103ria a cerut Ministerului s\u0103 revin\u0103 asupra deciziei, \u00eens\u0103 solicit\u0103rile au fost respinse. \u00cen aceste condi\u021bii, administra\u021bia local\u0103 a decis s\u0103 mearg\u0103 \u00een instan\u021b\u0103 pentru clarificarea responsabilit\u0103\u021bilor \u0219i recuperarea sumelor reprezent\u00e2nd cheltuieli autorizate \u00een cadrul proiectului.<\/p>\n<div class=\"wp-block-image\">\n<figure class=\"alignright size-full is-resized\"><img loading=\"lazy\" decoding=\"async\" width=\"400\" height=\"266\" src=\"https:\/\/gazetabuzoiana.ro\/wp-content\/uploads\/2026\/08\/sacuiu-o-treime.jpg\" alt class=\"wp-image-22035\"><\/figure>\n<\/div>\n<p class=\"wp-block-paragraph\"><strong><mark class=\"has-inline-color has-vivid-red-color\">\u201eCu privire la situa\u021bia proiectului PNRR, Componenta 15 \u2013 Educa\u021bie, Reforma 2, Cod proiect P63, \u00abDezvoltarea unui serviciu de educa\u021bie timpurie complementar \u00een comuna Scor\u021boasa, jude\u021bul Buz\u0103u\u00bb, men\u021bion\u0103m faptul c\u0103 ac\u021biunile de implementare a activit\u0103\u021bilor asumate at\u00e2t prin cerea de finan\u021bare c\u00e2t \u0219i prin contractul de finan\u021bare s-au derulat conform graficului de activit\u0103\u021bi. Denun\u021barea unilateral\u0103 s-a f\u0103cut, in afara prevederilor contractuale, f\u0103r\u0103 o ac\u021biune prealabil\u0103 de solicitare de clarific\u0103ri, chiar dac\u0103 serviciul era func\u021bional 100% \u0219i era implementat \u00eentr-un procent de peste 40%.<br \/>Av\u00e2nd \u00een vedere situa\u021bia creat\u0103 de MEC, care a respins toate solicit\u0103rile noastre de revenire asupra deciziei de denun\u021bare unilateral\u0103 \u0219i \u00een lipsa unei solu\u021bion\u0103ri care s\u0103 permit\u0103 continuarea \u00een condi\u021biile contractuale, prev\u0103zute ini\u021bial, am decis, \u00eempreun\u0103 cu celelalte UAT-uri aflate \u00een aceea\u0219i situa\u021bie, s\u0103 apel\u0103m la instan\u021ba de judecat\u0103. Prin acest demers juridic comun urm\u0103rim clarificarea responsabilit\u0103\u021bilor \u0219i recuperarea tuturor sumelor reprezent\u00e2nd cheltuieli autorizate \u00een cadrul proiectului.<br \/>\u00cen acela\u0219i timp, consider c\u0103 este important ca toate p\u0103r\u021bile implicate \u00een acest demers, s\u0103 se ab\u021bin\u0103 la a face afirma\u021bii sau s\u0103 se trag\u0103 concluzii, \u00eenainte ca instan\u021ba s\u0103 se pronun\u021be, respect\u00e2nd astfel procedurile legale de comunicare \u00een aceast\u0103 situa\u021bie.\u201d<\/mark><\/strong>, a transmis primarul S\u0103cuiu pentru <em>Gazeta Buzoian\u0103.<\/em><\/p>\n<h1 class=\"wp-block-heading\">\u0218i C\u0103ne\u0219ti merge \u00een instan\u021b\u0103<\/h1>\n<p class=\"wp-block-paragraph\">Un demers similar este anun\u021bat de Prim\u0103ria C\u0103ne\u0219ti, care are proiectul <em>P51 \u2013 \u201eDezvoltarea unui serviciu de educa\u021bie timpurie complementar \u00een comuna C\u0103ne\u0219ti, jude\u021bul Buz\u0103u\u201d.<\/em><\/p>\n<p class=\"wp-block-paragraph\">Proiectul este confirmat de documentele oficiale, iar administra\u021bia local\u0103 a f\u0103cut pa\u0219i pentru \u00eenfiin\u021barea serviciului. Primarul Marin Stoica spune c\u0103 Prim\u0103ria C\u0103ne\u0219ti se va al\u0103tura demersului juridic al comunei Scor\u021boasa \u00eempotriva Ministerului Educa\u021biei.<\/p>\n<p class=\"wp-block-paragraph\">Cele dou\u0103 administra\u021bii locale din Buz\u0103u vor contesta \u00eempreun\u0103 modul \u00een care Ministerul a procedat cu proiectele lor PNRR.<\/p>\n<div class=\"wp-block-image\">\n<figure class=\"alignright size-full\"><img decoding=\"async\" loading=\"lazy\" width=\"634\" height=\"433\" src=\"https:\/\/gazetabuzoiana.ro\/wp-content\/uploads\/2026\/08\/Marian_Stoica_Canesti_50pct.png\" alt class=\"wp-image-22034\"><\/figure>\n<\/div>\n<p class=\"wp-block-paragraph\"><mark class=\"has-inline-color has-vivid-red-color\"><b>\u201eVom merge \u00een instan\u021b\u0103 \u00eempreun\u0103 cu Prim\u0103ria Scor\u021boasa pentru c\u0103 nu consider\u0103m c\u0103 aceast\u0103 situa\u021bie a fost provocat\u0103 de noi. Am respectat ceea ce ne-a revenit \u00een cadrul proiectului \u0219i avem documente care arat\u0103 ce am f\u0103cut. Nu vrem s\u0103 judec\u0103m noi cine are dreptate. Vom pune toate actele la dispozi\u021bia instan\u021bei. Noi am primit \u0219i notificare pentru prima tran\u0219\u0103 de plat\u0103, pe care nu am primit-o. Nu suntem doar noi \u00een situa\u021bia asta, mai sunt Scor\u021boasa<\/b><\/mark><strong><mark class=\"has-inline-color has-vivid-red-color\">\u0219i alte dou\u0103 prim\u0103rii, iar \u00een \u021bar\u0103 sunt mai multe prim\u0103rii \u00een aceast\u0103 situa\u021bie\u201d<\/mark><\/strong>, a transmis la r\u00e2ndul s\u0103u primarul comunei C\u0103ne\u0219ti.<\/p>\n<h1 class=\"wp-block-heading\">Ce \u00eenseamn\u0103, de fapt, \u201edenun\u021barea unilateral\u0103\u201d<\/h1>\n<p class=\"wp-block-paragraph\">Termenul poate l\u0103sa impresia c\u0103 primarul sau prim\u0103ria au renun\u021bat de bun\u0103voie la proiect \u0219i la finan\u021bare. \u00cen aceast\u0103 situa\u021bie, lucrurile nu stau a\u0219a.<\/p>\n<p class=\"wp-block-paragraph\">Denun\u021barea unilateral\u0103 este mecanismul prin care contractul este \u00eenchis \u00een baza m\u0103surilor adoptate de Guvern pentru proiectele PNRR care, potrivit evalu\u0103rii Ministerului, nu mai puteau continua \u00een termenele impuse.<\/p>\n<p class=\"wp-block-paragraph\">Pentru proiectele vizate, Ministerul a invocat, \u00eentre altele, \u201e<em>neini\u021bierea procedurilor de achizi\u021bie necesare pentru achizi\u021bia, dotarea \u0219i amenajarea a minimum dou\u0103 s\u0103li<\/em>\u201e, dar prin aceast\u0103 formulare \u00een niciun caz nu trebuie s\u0103 se \u00een\u021beleag\u0103 c\u0103 primarul comunei a abandonat proiectul sau c\u0103 nu a f\u0103cut nimic.<\/p>\n<p class=\"wp-block-paragraph\">Dac\u0103 o prim\u0103rie nu \u0219i-a respectat obliga\u021biile, nu a f\u0103cut achizi\u021biile sau a dep\u0103\u0219it termenele, situa\u021bia este clar\u0103. Dar Scor\u021boasa sus\u021bine c\u0103 proiectul era deja \u00een desf\u0103\u0219urare \u0219i serviciul func\u021biona atunci c\u00e2nd Ministerul a decis \u00eenchiderea contractului.<\/p>\n<p class=\"wp-block-paragraph\">Ministerul a decis \u00eenchiderea contractelor, dar asta nu stabile\u0219te automat \u0219i cine a gre\u0219it. Scor\u021boasa \u0219i C\u0103ne\u0219ti contest\u0103 deciziile \u0219i vor ca instan\u021ba s\u0103 stabileasc\u0103 dac\u0103 au fost respectate regulile \u0219i cine este responsabil pentru oprirea proiectelor.<\/p>\n<h1 class=\"wp-block-heading\">Regulile s-au schimbat dup\u0103 ce proiectele au fost deja contractate<\/h1>\n<p class=\"wp-block-paragraph\">Un aspect foarte important, care trebuie precizat aici este acela c\u0103, pe timpul derul\u0103rii proiectelor PNRR pentru educa\u021bie timpurie s-au schimbat regulile \u00een timpul implement\u0103rii.<\/p>\n<p class=\"wp-block-paragraph\">Cele 98 de proiecte au fost contractate \u00een 2023, pe baza regulilor valabile atunci. \u00cen decembrie 2024, Guvernul a aprobat \u00eens\u0103 <em>HG 1.563\/2024<\/em>, prin care a fost introdus\u0103 o nou\u0103 metodologie pentru serviciile de educa\u021bie timpurie complementare. Vechea metodologie, aprobat\u0103 prin HG 1.604\/2022, a fost abrogat\u0103.<\/p>\n<p class=\"wp-block-paragraph\">Noua metodologie a venit cu reguli privind organizarea serviciilor, grupele de copii, programul de func\u021bionare, personalul, \u00eenscrierea copiilor \u0219i planul de \u0219colarizare.<\/p>\n<p class=\"wp-block-paragraph\">Un exemplu concret este chiar municipiul Buz\u0103u. Prim\u0103ria semnase contractul pentru proiectul<em> \u201eLudoteca\u201d<\/em> \u00een octombrie 2023. Dup\u0103 schimbarea metodologiei, Inspectoratul \u0218colar Jude\u021bean Buz\u0103u i-a cerut, \u00een decembrie 2024, documente pentru \u00eenfiin\u021barea serviciului, respectiv  hot\u0103r\u00e2rea CLM Buz\u0103u, planul de \u0219colarizare, num\u0103rul de copii \u0219i grupe, programul zilnic \u0219i date despre personal. \u00cen ianuarie 2025,CLM  a aprobat \u00eenfiin\u021barea serviciilor.<\/p>\n<p class=\"wp-block-paragraph\">Cu alte cuvinte, proiectul fusese semnat \u00een 2023, dar \u00een perioada de implementare a trebuit s\u0103 \u021bin\u0103 cont de un cadru nou.<\/p>\n<p class=\"wp-block-paragraph\">Iar \u00een martie 2025, Ministerul Educa\u021biei a emis <em>Instruc\u021biunea nr. 10<\/em>, referitoare la implementarea proiectelor PNRR pentru dezvoltarea serviciilor de educa\u021bie timpurie complementare \u0219i la opera\u021bionalizarea acestora.<\/p>\n<p class=\"wp-block-paragraph\">\u00cen aceea\u0219i perioad\u0103, mai multe prim\u0103rii din \u021bar\u0103 au reclamat Ministerului Educa\u021biei c\u0103 cerin\u021bele \u0219i documentele solicitate \u00een cadrul proiectelor se schimbau frecvent \u0219i c\u0103 nu existau \u00eentotdeauna instruc\u021biuni clare \u0219i unitare. Unele dintre administra\u021biile locale au cerut inclusiv reanalizarea situa\u021biilor \u00een care proiectele fuseser\u0103 suspendate sau denun\u021bate.<\/p>\n<h1 class=\"wp-block-heading\">14 proiecte au fost oprite la nivel na\u021bional<\/h1>\n<p class=\"wp-block-paragraph\">\u00cen septembrie 2025, Ministerul Educa\u021biei a prezentat situa\u021bia celor 98 de proiecte. 73 au fost l\u0103sate s\u0103 continue, iar 14 contracte au fost denun\u021bate unilateral, valoarea acestora fiind de peste 19,25 milioane de lei.<\/p>\n<p class=\"wp-block-paragraph\">Explica\u021bia Ministerului pentru cele 14 proiecte a fost c\u0103 beneficiarii nu ini\u021biaser\u0103 procedurile de achizi\u021bie pentru cump\u0103rarea, dotarea \u0219i amenajarea a cel pu\u021bin dou\u0103 s\u0103li, astfel \u00eenc\u00e2t proiectele s\u0103 poat\u0103 fi finalizate \u00een termenul PNRR.<\/p>\n<p class=\"wp-block-paragraph\">\u00cen cazul Scor\u021boasei, \u00eens\u0103, primarul S\u0103cuiu spune c\u0103 lucrurile au stat altfel. Potrivit acestuia, proiectul era realizat \u00een propor\u021bie de peste 40%, iar serviciul de educa\u021bie timpurie func\u021biona 100%.<\/p>\n<p class=\"wp-block-paragraph\">Primarul Vasile S\u0103cuiu spune c\u0103 proiectul era \u00een lucru \u0219i serviciul func\u021biona \u0219i totu\u0219i ministerul a decis \u00eenchiderea contractului. Iar \u00een privin\u021ba motivelor concrete ale deciziei \u0219i obliga\u021biile pe care Prim\u0103ria nu le-ar fi \u00eendeplinit, r\u0103spunsul se afl\u0103 \u00een contractul semnat \u00een 2023, \u00een actele emise ulterior, \u00een rapoartele de progres, \u00een documentele de achizi\u021bie \u0219i \u00een coresponden\u021ba dintre Prim\u0103rie \u0219i Minister.<\/p>\n<p class=\"wp-block-paragraph\">Scor\u021boasa \u0219i C\u0103ne\u0219ti vor s\u0103 conteste \u00een instan\u021b\u0103 deciziile Ministerului. \u00cen dosar vor ajunge contractele, actele emise pe parcursul proiectelor, rapoartele \u0219i coresponden\u021ba dintre prim\u0103rii \u0219i minister. Din ele se va putea vedea ce reguli aveau cele dou\u0103 prim\u0103rii \u00een 2023, ce s-a modificat ulterior \u0219i ce prevederi au stat la baza opririi finan\u021b\u0103rii.<\/p>\n<p class=\"wp-block-paragraph\"><em><strong>Gazeta Buzoian\u0103 va reveni cu aceste documente \u0219i cu o compara\u021bie \u00eentre condi\u021biile prev\u0103zute la \u00eenceputul proiectelor \u0219i cele aplicate ulterior.<\/strong><\/em><\/p>\n<div class=\"post-bottom-meta post-bottom-tags post-tags-modern\">\n<div class=\"post-bottom-meta-title\"> Etichete<\/div>\n<p><span class=\"tagcloud\"><a href=\"https:\/\/gazetabuzoiana.ro\/tag\/administratie-locala\/\" rel=\"tag\">administra\u021bie local\u0103<\/a><a href=\"https:\/\/gazetabuzoiana.ro\/tag\/buzau-2\/\" rel=\"tag\">Buz\u0103u<\/a><a href=\"https:\/\/gazetabuzoiana.ro\/tag\/canesti\/\" rel=\"tag\">C\u0103ne\u0219ti<\/a><a href=\"https:\/\/gazetabuzoiana.ro\/tag\/denuntare-unilaterala\/\" rel=\"tag\">denun\u021bare unilateral\u0103<\/a><a href=\"https:\/\/gazetabuzoiana.ro\/tag\/educatie-timpurie\/\" rel=\"tag\">educa\u021bie timpurie<\/a><a href=\"https:\/\/gazetabuzoiana.ro\/tag\/finantare-pnrr\/\" rel=\"tag\">finan\u021bare PNRR<\/a><a href=\"https:\/\/gazetabuzoiana.ro\/tag\/fonduri-europene\/\" rel=\"tag\">fonduri europene<\/a><a href=\"https:\/\/gazetabuzoiana.ro\/tag\/instanta-2\/\" rel=\"tag\">instan\u021b\u0103<\/a><a href=\"https:\/\/gazetabuzoiana.ro\/tag\/marian-stoica\/\" rel=\"tag\">Marian Stoica<\/a><a href=\"https:\/\/gazetabuzoiana.ro\/tag\/masa-calda-2\/\" rel=\"tag\">mas\u0103 cald\u0103<\/a><a href=\"https:\/\/gazetabuzoiana.ro\/tag\/ministerul-educatiei\/\" rel=\"tag\">Ministerul Educa\u021biei<\/a><a href=\"https:\/\/gazetabuzoiana.ro\/tag\/pnrr\/\" rel=\"tag\">PNRR<\/a><a href=\"https:\/\/gazetabuzoiana.ro\/tag\/primaria-canesti\/\" rel=\"tag\">Prim\u0103ria C\u0103ne\u0219ti<\/a><a href=\"https:\/\/gazetabuzoiana.ro\/tag\/primaria-scortoasa\/\" rel=\"tag\">Prim\u0103ria Scor\u021boasa<\/a><a href=\"https:\/\/gazetabuzoiana.ro\/tag\/primarii-buzau\/\" rel=\"tag\">prim\u0103rii Buz\u0103u<\/a><a href=\"https:\/\/gazetabuzoiana.ro\/tag\/proces-ministerul-educatiei\/\" rel=\"tag\">proces Ministerul Educa\u021biei<\/a><a href=\"https:\/\/gazetabuzoiana.ro\/tag\/proiecte-educatie\/\" rel=\"tag\">proiecte educa\u021bie<\/a><a href=\"https:\/\/gazetabuzoiana.ro\/tag\/proiecte-pnrr\/\" rel=\"tag\">proiecte PNRR<\/a><a href=\"https:\/\/gazetabuzoiana.ro\/tag\/sacuiu-vasile\/\" rel=\"tag\">S\u0103cuiu Vasile<\/a><a href=\"https:\/\/gazetabuzoiana.ro\/tag\/scortoasa-2\/\" rel=\"tag\">Scor\u021boasa<\/a><a href=\"https:\/\/gazetabuzoiana.ro\/tag\/servicii-educatie-timpurie\/\" rel=\"tag\">servicii educa\u021bie timpurie<\/a><\/span><\/div>\n<\/div>\n<p>[analyse_source url=&#8221;https:\/\/gazetabuzoiana.ro\/2026\/08\/11\/doua-primarii-din-buzau-se-pregatesc-sa-dea-in-judecata-ministerul-educatiei-pentru-proiectele-pnrr-de-educatie-timpurie\/&#8221;]<\/p>\n","protected":false},"excerpt":{"rendered":"<p>[analyse_image type=&#8221;featured&#8221; src=&#8221;https:\/\/gazetabuzoiana.ro\/wp-content\/uploads\/2026\/08\/PNRR-1.jpg&#8221;] Scor\u021boasa \u0219i C\u0103ne\u0219ti sunt cele dou\u0103 comune care contest\u0103 modul \u00een care le-au fost \u00eenchise proiectele, \u00een timp ce, la nivel na\u021bional, zeci de contracte PNRR din Educa\u021bie au fost denun\u021bate unilateral. Ambele prim\u0103rii buzoiene se preg\u0103tesc acum s\u0103 ac\u021bioneze \u00een instan\u021b\u0103 Ministerul Educa\u021biei \u00een leg\u0103tur\u0103 cu proiectele PNRR destinate dezvolt\u0103rii serviciilor [&hellip;]<\/p>\n","protected":false},"author":1,"featured_media":0,"comment_status":"open","ping_status":"","sticky":false,"template":"","format":"standard","meta":{"footnotes":""},"categories":[2],"tags":[226,38],"class_list":["post-2088510","post","type-post","status-publish","format-standard","hentry","category-politics","tag-crawlmanager","tag-gazetabuzoiana-ro"],"_links":{"self":[{"href":"https:\/\/analyse.optim.biz\/index.php?rest_route=\/wp\/v2\/posts\/2088510","targetHints":{"allow":["GET"]}}],"collection":[{"href":"https:\/\/analyse.optim.biz\/index.php?rest_route=\/wp\/v2\/posts"}],"about":[{"href":"https:\/\/analyse.optim.biz\/index.php?rest_route=\/wp\/v2\/types\/post"}],"author":[{"embeddable":true,"href":"https:\/\/analyse.optim.biz\/index.php?rest_route=\/wp\/v2\/users\/1"}],"replies":[{"embeddable":true,"href":"https:\/\/analyse.optim.biz\/index.php?rest_route=%2Fwp%2Fv2%2Fcomments&post=2088510"}],"version-history":[{"count":0,"href":"https:\/\/analyse.optim.biz\/index.php?rest_route=\/wp\/v2\/posts\/2088510\/revisions"}],"wp:attachment":[{"href":"https:\/\/analyse.optim.biz\/index.php?rest_route=%2Fwp%2Fv2%2Fmedia&parent=2088510"}],"wp:term":[{"taxonomy":"category","embeddable":true,"href":"https:\/\/analyse.optim.biz\/index.php?rest_route=%2Fwp%2Fv2%2Fcategories&post=2088510"},{"taxonomy":"post_tag","embeddable":true,"href":"https:\/\/analyse.optim.biz\/index.php?rest_route=%2Fwp%2Fv2%2Ftags&post=2088510"}],"curies":[{"name":"wp","href":"https:\/\/api.w.org\/{rel}","templated":true}]}}