{"id":2088501,"date":"2026-08-10T17:41:13","date_gmt":"2026-08-10T14:41:13","guid":{"rendered":"https:\/\/analyse.optim.biz\/?p=2088501"},"modified":"2026-08-10T17:41:13","modified_gmt":"2026-08-10T14:41:13","slug":"dj-102c-inchis-temporar-spre-buda-craciunesti-se-toarna-asfalt-iar-traficul-este-deviat","status":"publish","type":"post","link":"https:\/\/analyse.optim.biz\/?p=2088501","title":{"rendered":"DJ 102C, \u00eenchis temporar spre Buda Cr\u0103ciune\u0219ti. Se toarn\u0103 asfalt, iar traficul este deviat"},"content":{"rendered":"<p>[analyse_image type=&#8221;featured&#8221; src=&#8221;https:\/\/gazetabuzoiana.ro\/wp-content\/uploads\/2026\/08\/drumul-asfaltat.webp&#8221;]<\/p>\n<div class=\"entry-content entry clearfix\">\n<p class=\"wp-block-paragraph\">Drumul jude\u021bean DJ 102C, pe ruta c\u0103tre Buda Cr\u0103ciune\u0219ti, este \u00eenchis temporar circula\u021biei, \u00eencep\u00e2nd de luni, 10 august, pentru lucr\u0103ri de asfaltare.<\/p>\n<p class=\"wp-block-paragraph\">Prim\u0103ria Cisl\u0103u anun\u021b\u0103 c\u0103 restric\u021bia este necesar\u0103 pentru turnarea stratului de asfalt \u0219i pentru ca lucr\u0103rile s\u0103 poat\u0103 fi executate \u00een condi\u021bii de siguran\u021b\u0103. Potrivit autorit\u0103\u021bilor locale, circula\u021bia va r\u0103m\u00e2ne \u00eenchis\u0103 p\u00e2n\u0103 miercuri, 12 august, inclusiv.<\/p>\n<p class=\"wp-block-paragraph\">Pe durata lucr\u0103rilor, autovehiculele nu vor putea circula pe sectorul afectat, iar \u0219oferii sunt sf\u0103tui\u021bi s\u0103 respecte semnalizarea temporar\u0103 \u0219i s\u0103 foloseasc\u0103 ruta alternativ\u0103.<\/p>\n<p class=\"wp-block-paragraph\">Varianta recomandat\u0103 pentru \u0219oferi este DN10 (Gura B\u00e2scii) \u2013 DJ102B (Zeletin) \u2013 DJ100M \u2013 DJ102M \u2013 DJ102C (Buda Cr\u0103ciune\u0219ti).<\/p>\n<p class=\"wp-block-paragraph\">\u00cenchiderea de acum vine dup\u0103 o perioad\u0103 dificil\u0103 pentru acest drum. \u00cen luna mai, o por\u021biune de aproximativ patru kilometri din Trans-Cisl\u0103u, \u00eentre Buda Cr\u0103ciune\u0219ti \u0219i Sc\u0103ri\u0219oara, a fost \u00eenchis\u0103 dup\u0103 ce alunec\u0103rile de teren au afectat serios carosabilul.<\/p>\n<p class=\"wp-block-paragraph\">Ulterior, autorit\u0103\u021bile au anun\u021bat c\u0103 au fost ob\u021binute avizele necesare pentru lucr\u0103rile care s\u0103 permit\u0103 reluarea circula\u021biei \u00een condi\u021bii de siguran\u021b\u0103.<\/p>\n<p class=\"wp-block-paragraph\">De aceast\u0103 dat\u0103, restric\u021bia este legat\u0103 de lucr\u0103rile de asfaltare. \u0218oferii care au nevoie s\u0103 ajung\u0103 \u00een zona Buda Cr\u0103ciune\u0219ti trebuie s\u0103 \u021bin\u0103 cont de \u00eenchiderea temporar\u0103 a drumului \u0219i s\u0103 aleag\u0103 ruta ocolitoare indicat\u0103.<\/p>\n<div class=\"post-bottom-meta post-bottom-tags post-tags-modern\">\n<div class=\"post-bottom-meta-title\"> Etichete<\/div>\n<p><span class=\"tagcloud\"><a href=\"https:\/\/gazetabuzoiana.ro\/tag\/asfaltare\/\" rel=\"tag\">asfaltare<\/a><a href=\"https:\/\/gazetabuzoiana.ro\/tag\/buda-craciunesti\/\" rel=\"tag\">Buda Cr\u0103ciune\u0219ti<\/a><a href=\"https:\/\/gazetabuzoiana.ro\/tag\/buzau-2\/\" rel=\"tag\">Buz\u0103u<\/a><a href=\"https:\/\/gazetabuzoiana.ro\/tag\/cislau-2\/\" rel=\"tag\">Cisl\u0103u<\/a><a href=\"https:\/\/gazetabuzoiana.ro\/tag\/consiliul-judetean-buzau\/\" rel=\"tag\">Consiliul Jude\u021bean Buz\u0103u<\/a><a href=\"https:\/\/gazetabuzoiana.ro\/tag\/dj-102c\/\" rel=\"tag\">DJ 102C<\/a><a href=\"https:\/\/gazetabuzoiana.ro\/tag\/drum-inchis\/\" rel=\"tag\">drum \u00eenchis<\/a><a href=\"https:\/\/gazetabuzoiana.ro\/tag\/drumul-doamnei-neaga\/\" rel=\"tag\">Drumul Doamnei Neaga<\/a><a href=\"https:\/\/gazetabuzoiana.ro\/tag\/lucrari-de-infrastructura\/\" rel=\"tag\">lucr\u0103ri de infrastructur\u0103<\/a><a href=\"https:\/\/gazetabuzoiana.ro\/tag\/ruta-ocolitoare\/\" rel=\"tag\">rut\u0103 ocolitoare<\/a><a href=\"https:\/\/gazetabuzoiana.ro\/tag\/trafic-deviat\/\" rel=\"tag\">trafic deviat<\/a><a href=\"https:\/\/gazetabuzoiana.ro\/tag\/trans-cislau\/\" rel=\"tag\">Trans Cisl\u0103u<\/a><\/span><\/div>\n<\/div>\n<p>[analyse_source url=&#8221;https:\/\/gazetabuzoiana.ro\/2026\/08\/10\/dj-102c-inchis-temporar-spre-buda-craciunesti-se-toarna-asfalt-iar-traficul-este-deviat\/&#8221;]<\/p>\n","protected":false},"excerpt":{"rendered":"<p>[analyse_image type=&#8221;featured&#8221; src=&#8221;https:\/\/gazetabuzoiana.ro\/wp-content\/uploads\/2026\/08\/drumul-asfaltat.webp&#8221;] Drumul jude\u021bean DJ 102C, pe ruta c\u0103tre Buda Cr\u0103ciune\u0219ti, este \u00eenchis temporar circula\u021biei, \u00eencep\u00e2nd de luni, 10 august, pentru lucr\u0103ri de asfaltare. Prim\u0103ria Cisl\u0103u anun\u021b\u0103 c\u0103 restric\u021bia este necesar\u0103 pentru turnarea stratului de asfalt \u0219i pentru ca lucr\u0103rile s\u0103 poat\u0103 fi executate \u00een condi\u021bii de siguran\u021b\u0103. Potrivit autorit\u0103\u021bilor locale, circula\u021bia va r\u0103m\u00e2ne [&hellip;]<\/p>\n","protected":false},"author":1,"featured_media":0,"comment_status":"open","ping_status":"","sticky":false,"template":"","format":"standard","meta":{"footnotes":""},"categories":[2],"tags":[226,38],"class_list":["post-2088501","post","type-post","status-publish","format-standard","hentry","category-politics","tag-crawlmanager","tag-gazetabuzoiana-ro"],"_links":{"self":[{"href":"https:\/\/analyse.optim.biz\/index.php?rest_route=\/wp\/v2\/posts\/2088501","targetHints":{"allow":["GET"]}}],"collection":[{"href":"https:\/\/analyse.optim.biz\/index.php?rest_route=\/wp\/v2\/posts"}],"about":[{"href":"https:\/\/analyse.optim.biz\/index.php?rest_route=\/wp\/v2\/types\/post"}],"author":[{"embeddable":true,"href":"https:\/\/analyse.optim.biz\/index.php?rest_route=\/wp\/v2\/users\/1"}],"replies":[{"embeddable":true,"href":"https:\/\/analyse.optim.biz\/index.php?rest_route=%2Fwp%2Fv2%2Fcomments&post=2088501"}],"version-history":[{"count":0,"href":"https:\/\/analyse.optim.biz\/index.php?rest_route=\/wp\/v2\/posts\/2088501\/revisions"}],"wp:attachment":[{"href":"https:\/\/analyse.optim.biz\/index.php?rest_route=%2Fwp%2Fv2%2Fmedia&parent=2088501"}],"wp:term":[{"taxonomy":"category","embeddable":true,"href":"https:\/\/analyse.optim.biz\/index.php?rest_route=%2Fwp%2Fv2%2Fcategories&post=2088501"},{"taxonomy":"post_tag","embeddable":true,"href":"https:\/\/analyse.optim.biz\/index.php?rest_route=%2Fwp%2Fv2%2Ftags&post=2088501"}],"curies":[{"name":"wp","href":"https:\/\/api.w.org\/{rel}","templated":true}]}}