{"id":2088497,"date":"2026-08-10T17:33:20","date_gmt":"2026-08-10T14:33:20","guid":{"rendered":"https:\/\/analyse.optim.biz\/?p=2088497"},"modified":"2026-08-10T17:33:20","modified_gmt":"2026-08-10T14:33:20","slug":"172-km-h-pe-e85-cu-tatal-ranit-in-masina-politistii-l-au-escortat-pana-la-upu-buzau-apoi-l-au-sanctionat","status":"publish","type":"post","link":"https:\/\/analyse.optim.biz\/?p=2088497","title":{"rendered":"172 km\/h pe E85, cu tat\u0103l r\u0103nit \u00een ma\u0219in\u0103. Poli\u021bi\u0219tii l-au escortat p\u00e2n\u0103 la UPU Buz\u0103u, apoi l-au sanc\u021bionat"},"content":{"rendered":"<p>[analyse_image type=&#8221;featured&#8221; src=&#8221;https:\/\/gazetabuzoiana.ro\/wp-content\/uploads\/2026\/08\/amnda-2.webp&#8221;]<\/p>\n<div class=\"entry-content entry clearfix\">\n<p class=\"wp-block-paragraph\">Un \u0219ofer \u00een v\u00e2rst\u0103 de 30 de ani a fost prins de poli\u021bi\u0219ti circul\u00e2nd cu 172 de kilometri pe or\u0103 pe DN2 (E85), \u00een afara localit\u0103\u021bii Po\u0219ta C\u00e2ln\u0103u. B\u0103rbatul le-a explicat agen\u021bilor c\u0103 se gr\u0103bea s\u0103 ajung\u0103 la spital cu tat\u0103l s\u0103u, care fusese mu\u0219cat de un c\u00e2ine.<\/p>\n<p class=\"wp-block-paragraph\">Incidentul a avut loc \u00een perioada \u00een care poli\u021bi\u0219tii rutieri din Buz\u0103u desf\u0103\u0219urau controale \u00een cadrul campaniei europene ROADPOL \u201eSPEED\u201d.<\/p>\n<p class=\"wp-block-paragraph\">C\u00e2nd l-au oprit, agen\u021bii au constatat c\u0103 \u0219oferul era agitat, iar pasagerul din dreapta avea r\u0103ni deschise. Acesta le-a spus poli\u021bi\u0219tilor c\u0103 tat\u0103l s\u0103u avea nevoie de \u00eengrijiri medicale \u0219i c\u0103 se gr\u0103bea s\u0103 ajung\u0103 cu el la Spitalul Jude\u021bean de Urgen\u021b\u0103 Buz\u0103u.<\/p>\n<p class=\"wp-block-paragraph\">\u00cen aceste condi\u021bii, poli\u021bi\u0219tii au decis s\u0103 nu piard\u0103 timpul cu procedurile \u00een acel moment \u0219i au escortat autoturismul p\u00e2n\u0103 la Unitatea de Primiri Urgen\u021be a Spitalului Jude\u021bean.<\/p>\n<p class=\"wp-block-paragraph\">\u201eAv\u00e2nd \u00een vedere prioritatea absolut\u0103 de a proteja via\u021ba \u0219i integritatea fizic\u0103 a cet\u0103\u021benilor, echipajul de poli\u021bie a escortat \u00een regim de urgen\u021b\u0103 autoturismul p\u00e2n\u0103 la UPU a SJU Buz\u0103u\u201d, a transmis IPJ Buz\u0103u.<\/p>\n<p class=\"wp-block-paragraph\">B\u0103rbatul r\u0103nit a fost predat cadrelor medicale, iar dup\u0103 ce acesta a fost preluat pentru \u00eengrijiri, poli\u021bi\u0219tii au revenit la problema vitezei cu care circulase fiul s\u0103u.<\/p>\n<p class=\"wp-block-paragraph\">\u0218oferul a fost sanc\u021bionat pentru dep\u0103\u0219irea vitezei legale.<\/p>\n<p class=\"wp-block-paragraph\">Cei 172 de kilometri pe or\u0103 reprezint\u0103 cea mai mare vitez\u0103 \u00eenregistrat\u0103 de poli\u021bi\u0219tii rutieri din Buz\u0103u \u00een perioada 2-9 august, \u00een cadrul ac\u021biunii ROADPOL \u201eSPEED\u201d.<\/p>\n<p class=\"wp-block-paragraph\">\u00cen aceea\u0219i perioad\u0103, poli\u021bi\u0219tii au aplicat 338 de sanc\u021biuni pentru dep\u0103\u0219irea vitezei legale, iar 16 conduc\u0103tori auto au r\u0103mas f\u0103r\u0103 permis.<\/p>\n<p class=\"wp-block-paragraph\">IPJ Buz\u0103u reaminte\u0219te c\u0103, \u00een cazul unei urgen\u021be medicale, solu\u021bia este apelarea num\u0103rului 112. Deplasarea cu vitez\u0103 excesiv\u0103 c\u0103tre spital poate transforma o urgen\u021b\u0103 medical\u0103 \u00eentr-un accident \u0219i \u00eei poate pune \u00een pericol at\u00e2t pe cei afla\u021bi \u00een autoturism, c\u00e2t \u0219i pe ceilal\u021bi participan\u021bi la trafic.<\/p>\n<div class=\"post-bottom-meta post-bottom-tags post-tags-modern\">\n<div class=\"post-bottom-meta-title\"> Etichete<\/div>\n<p><span class=\"tagcloud\"><a href=\"https:\/\/gazetabuzoiana.ro\/tag\/accident-rutier\/\" rel=\"tag\">accident rutier<\/a><a href=\"https:\/\/gazetabuzoiana.ro\/tag\/dn2-e85\/\" rel=\"tag\">DN2 E85<\/a><a href=\"https:\/\/gazetabuzoiana.ro\/tag\/ipj-buzau-2\/\" rel=\"tag\">IPJ Buz\u0103u<\/a><a href=\"https:\/\/gazetabuzoiana.ro\/tag\/politia-rutiera-buzau\/\" rel=\"tag\">poli\u021bia rutier\u0103 Buz\u0103u<\/a><a href=\"https:\/\/gazetabuzoiana.ro\/tag\/posta-calnau-3\/\" rel=\"tag\">Po\u0219ta C\u00e2ln\u0103u<\/a><a href=\"https:\/\/gazetabuzoiana.ro\/tag\/roadpol-speed\/\" rel=\"tag\">ROADPOL SPEED<\/a><a href=\"https:\/\/gazetabuzoiana.ro\/tag\/sanctiune-rutiera\/\" rel=\"tag\">sanc\u021biune rutier\u0103<\/a><a href=\"https:\/\/gazetabuzoiana.ro\/tag\/sofer-172-km-h-buzau\/\" rel=\"tag\">\u0219ofer 172 km\/h Buz\u0103u<\/a><a href=\"https:\/\/gazetabuzoiana.ro\/tag\/spitalul-judetean-buzau\/\" rel=\"tag\">Spitalul Jude\u021bean Buz\u0103u<\/a><a href=\"https:\/\/gazetabuzoiana.ro\/tag\/trafic-buzau\/\" rel=\"tag\">trafic Buz\u0103u<\/a><a href=\"https:\/\/gazetabuzoiana.ro\/tag\/upu-buzau-2\/\" rel=\"tag\">UPU Buz\u0103u<\/a><a href=\"https:\/\/gazetabuzoiana.ro\/tag\/viteza-excesiva\/\" rel=\"tag\">vitez\u0103 excesiv\u0103<\/a><\/span><\/div>\n<\/div>\n<p>[analyse_source url=&#8221;https:\/\/gazetabuzoiana.ro\/2026\/08\/10\/172-km-h-pe-e85-cu-tatal-ranit-in-masina-politistii-l-au-escortat-pana-la-upu-buzau-apoi-l-au-sanctionat\/&#8221;]<\/p>\n","protected":false},"excerpt":{"rendered":"<p>[analyse_image type=&#8221;featured&#8221; src=&#8221;https:\/\/gazetabuzoiana.ro\/wp-content\/uploads\/2026\/08\/amnda-2.webp&#8221;] Un \u0219ofer \u00een v\u00e2rst\u0103 de 30 de ani a fost prins de poli\u021bi\u0219ti circul\u00e2nd cu 172 de kilometri pe or\u0103 pe DN2 (E85), \u00een afara localit\u0103\u021bii Po\u0219ta C\u00e2ln\u0103u. B\u0103rbatul le-a explicat agen\u021bilor c\u0103 se gr\u0103bea s\u0103 ajung\u0103 la spital cu tat\u0103l s\u0103u, care fusese mu\u0219cat de un c\u00e2ine. Incidentul a avut loc [&hellip;]<\/p>\n","protected":false},"author":1,"featured_media":0,"comment_status":"open","ping_status":"","sticky":false,"template":"","format":"standard","meta":{"footnotes":""},"categories":[2],"tags":[226,38],"class_list":["post-2088497","post","type-post","status-publish","format-standard","hentry","category-politics","tag-crawlmanager","tag-gazetabuzoiana-ro"],"_links":{"self":[{"href":"https:\/\/analyse.optim.biz\/index.php?rest_route=\/wp\/v2\/posts\/2088497","targetHints":{"allow":["GET"]}}],"collection":[{"href":"https:\/\/analyse.optim.biz\/index.php?rest_route=\/wp\/v2\/posts"}],"about":[{"href":"https:\/\/analyse.optim.biz\/index.php?rest_route=\/wp\/v2\/types\/post"}],"author":[{"embeddable":true,"href":"https:\/\/analyse.optim.biz\/index.php?rest_route=\/wp\/v2\/users\/1"}],"replies":[{"embeddable":true,"href":"https:\/\/analyse.optim.biz\/index.php?rest_route=%2Fwp%2Fv2%2Fcomments&post=2088497"}],"version-history":[{"count":0,"href":"https:\/\/analyse.optim.biz\/index.php?rest_route=\/wp\/v2\/posts\/2088497\/revisions"}],"wp:attachment":[{"href":"https:\/\/analyse.optim.biz\/index.php?rest_route=%2Fwp%2Fv2%2Fmedia&parent=2088497"}],"wp:term":[{"taxonomy":"category","embeddable":true,"href":"https:\/\/analyse.optim.biz\/index.php?rest_route=%2Fwp%2Fv2%2Fcategories&post=2088497"},{"taxonomy":"post_tag","embeddable":true,"href":"https:\/\/analyse.optim.biz\/index.php?rest_route=%2Fwp%2Fv2%2Ftags&post=2088497"}],"curies":[{"name":"wp","href":"https:\/\/api.w.org\/{rel}","templated":true}]}}