{"id":2088493,"date":"2026-08-11T18:23:05","date_gmt":"2026-08-11T15:23:05","guid":{"rendered":"https:\/\/analyse.optim.biz\/?p=2088493"},"modified":"2026-08-11T18:23:05","modified_gmt":"2026-08-11T15:23:05","slug":"ultima-ora-greva-brd-ajunge-si-la-buzau-ce-se-intampla-joi-la-sucursalele-bancii","status":"publish","type":"post","link":"https:\/\/analyse.optim.biz\/?p=2088493","title":{"rendered":"ULTIMA OR\u0102 | GREVA BRD ajunge \u0219i la Buz\u0103u. Ce se \u00eent\u00e2mpl\u0103 joi la sucursalele b\u0103ncii"},"content":{"rendered":"<p>[analyse_image type=&#8221;featured&#8221; src=&#8221;https:\/\/gazetabuzoiana.ro\/wp-content\/uploads\/2026\/08\/turnul-brd_0.jpg&#8221;]<\/p>\n<div class=\"entry-content entry clearfix\">\n<p class=\"wp-block-paragraph\">Angaja\u021bii BRD din Buz\u0103u ar putea opri lucrul joi, timp de dou\u0103 ore, \u00een cadrul grevei de avertisment declan\u0219ate la nivel na\u021bional. Protestul este programat \u00eentre 15:00 \u0219i 17:00 \u0219i vine dup\u0103 e\u0219ecul negocierilor dintre sindicat \u0219i conducerea b\u0103ncii pentru noul Contract Colectiv de Munc\u0103.<\/p>\n<p class=\"wp-block-paragraph\">La Buz\u0103u, BRD are o sucursal\u0103 pe strada Democra\u021biei, iar activitatea cu publicul ar putea fi afectat\u0103 \u00een intervalul protestului, dac\u0103 salaria\u021bii unit\u0103\u021bii particip\u0103 la grev\u0103. Deocamdat\u0103 nu exist\u0103 o confirmare public\u0103 privind num\u0103rul angaja\u021bilor BRD din Buz\u0103u care vor participa efectiv la protest.<br \/>deoarece negocierile pentru noul contract colectiv au e\u0219uat, iar peste 95% dintre salaria\u021bii consulta\u021bi au respins ultima ofert\u0103 a b\u0103ncii, sindicatul cere, printre altele, major\u0103ri pentru angaja\u021bii cu salarii mai mici, p\u0103strarea unor beneficii \u0219i protec\u021bii \u00een cazul concedierilor.<\/p>\n<p class=\"wp-block-paragraph\">Problema nu este \u00eens\u0103 doar despre salarii. BRD \u00ee\u0219i reduce num\u0103rul de angaja\u021bi, \u00een timp ce banca continu\u0103 s\u0103 raporteze rezultate financiare importante. \u00cen prima jum\u0103tate a anului, num\u0103rul salaria\u021bilor a sc\u0103zut cu peste 300, iar aceast\u0103 restructurare explic\u0103 o parte important\u0103 din tensiunile dintre conducere \u0219i sindicat.<\/p>\n<div class=\"post-bottom-meta post-bottom-tags post-tags-modern\">\n<div class=\"post-bottom-meta-title\"> Etichete<\/div>\n<p><span class=\"tagcloud\"><a href=\"https:\/\/gazetabuzoiana.ro\/tag\/angajati-brd\/\" rel=\"tag\">angaja\u021bi BRD<\/a><a href=\"https:\/\/gazetabuzoiana.ro\/tag\/banci-romania\/\" rel=\"tag\">b\u0103nci Rom\u00e2nia<\/a><a href=\"https:\/\/gazetabuzoiana.ro\/tag\/brd\/\" rel=\"tag\">BRD<\/a><a href=\"https:\/\/gazetabuzoiana.ro\/tag\/brd-buzau\/\" rel=\"tag\">BRD Buz\u0103u<\/a><a href=\"https:\/\/gazetabuzoiana.ro\/tag\/buzau-2\/\" rel=\"tag\">Buz\u0103u<\/a><a href=\"https:\/\/gazetabuzoiana.ro\/tag\/contract-colectiv-de-munca\/\" rel=\"tag\">Contract Colectiv de Munc\u0103<\/a><a href=\"https:\/\/gazetabuzoiana.ro\/tag\/greva-brd\/\" rel=\"tag\">grev\u0103 BRD<\/a><a href=\"https:\/\/gazetabuzoiana.ro\/tag\/greva-de-avertisment\/\" rel=\"tag\">grev\u0103 de avertisment<\/a><a href=\"https:\/\/gazetabuzoiana.ro\/tag\/protest-angajati\/\" rel=\"tag\">protest angaja\u021bi<\/a><a href=\"https:\/\/gazetabuzoiana.ro\/tag\/salarii\/\" rel=\"tag\">salarii<\/a><a href=\"https:\/\/gazetabuzoiana.ro\/tag\/sindicat-impact\/\" rel=\"tag\">sindicat IMPACT<\/a><a href=\"https:\/\/gazetabuzoiana.ro\/tag\/sistem-bancar\/\" rel=\"tag\">sistem bancar<\/a><\/span><\/div>\n<\/div>\n<p>[analyse_source url=&#8221;https:\/\/gazetabuzoiana.ro\/2026\/08\/11\/ultima-ora-greva-brd-ajunge-si-la-buzau-ce-se-intampla-joi-la-sucursalele-bancii\/&#8221;]<\/p>\n","protected":false},"excerpt":{"rendered":"<p>[analyse_image type=&#8221;featured&#8221; src=&#8221;https:\/\/gazetabuzoiana.ro\/wp-content\/uploads\/2026\/08\/turnul-brd_0.jpg&#8221;] Angaja\u021bii BRD din Buz\u0103u ar putea opri lucrul joi, timp de dou\u0103 ore, \u00een cadrul grevei de avertisment declan\u0219ate la nivel na\u021bional. Protestul este programat \u00eentre 15:00 \u0219i 17:00 \u0219i vine dup\u0103 e\u0219ecul negocierilor dintre sindicat \u0219i conducerea b\u0103ncii pentru noul Contract Colectiv de Munc\u0103. La Buz\u0103u, BRD are o sucursal\u0103 pe [&hellip;]<\/p>\n","protected":false},"author":1,"featured_media":0,"comment_status":"open","ping_status":"","sticky":false,"template":"","format":"standard","meta":{"footnotes":""},"categories":[2],"tags":[226,38],"class_list":["post-2088493","post","type-post","status-publish","format-standard","hentry","category-politics","tag-crawlmanager","tag-gazetabuzoiana-ro"],"_links":{"self":[{"href":"https:\/\/analyse.optim.biz\/index.php?rest_route=\/wp\/v2\/posts\/2088493","targetHints":{"allow":["GET"]}}],"collection":[{"href":"https:\/\/analyse.optim.biz\/index.php?rest_route=\/wp\/v2\/posts"}],"about":[{"href":"https:\/\/analyse.optim.biz\/index.php?rest_route=\/wp\/v2\/types\/post"}],"author":[{"embeddable":true,"href":"https:\/\/analyse.optim.biz\/index.php?rest_route=\/wp\/v2\/users\/1"}],"replies":[{"embeddable":true,"href":"https:\/\/analyse.optim.biz\/index.php?rest_route=%2Fwp%2Fv2%2Fcomments&post=2088493"}],"version-history":[{"count":0,"href":"https:\/\/analyse.optim.biz\/index.php?rest_route=\/wp\/v2\/posts\/2088493\/revisions"}],"wp:attachment":[{"href":"https:\/\/analyse.optim.biz\/index.php?rest_route=%2Fwp%2Fv2%2Fmedia&parent=2088493"}],"wp:term":[{"taxonomy":"category","embeddable":true,"href":"https:\/\/analyse.optim.biz\/index.php?rest_route=%2Fwp%2Fv2%2Fcategories&post=2088493"},{"taxonomy":"post_tag","embeddable":true,"href":"https:\/\/analyse.optim.biz\/index.php?rest_route=%2Fwp%2Fv2%2Ftags&post=2088493"}],"curies":[{"name":"wp","href":"https:\/\/api.w.org\/{rel}","templated":true}]}}