{"id":2088243,"date":"2026-08-10T07:44:23","date_gmt":"2026-08-10T04:44:23","guid":{"rendered":"https:\/\/analyse.optim.biz\/?p=2088243"},"modified":"2026-08-10T07:44:23","modified_gmt":"2026-08-10T04:44:23","slug":"handbalistul-sucevean-ianis-chirut-campion-cu-romania-ianis-a-fost-desemnat-cel-mai-bun-centru-al-m18-ehf-championship-2026","status":"publish","type":"post","link":"https:\/\/analyse.optim.biz\/?p=2088243","title":{"rendered":"Handbalistul sucevean Ianis Chiru\u021b, campion cu Rom\u00e2nia! Ianis a fost desemnat cel mai bun centru al M18 EHF Championship 2026"},"content":{"rendered":"<p>[analyse_image type=&#8221;featured&#8221; src=&#8221;https:\/\/www.radiotop.ro\/img\/media\/2026\/08\/ianis-chirut-echipa.jpg&#8221;]<\/p>\n<div class=\"entry-content no-share\">\n<div class=\"content-inner \">\n<div class=\"jeg_preview_slider gallery_1\" data-selector=\"gallery_1\">\n<div class=\"jeg_preview_holder\">\n<div class=\"jeg_preview_media\">\n<div class=\"jeg_preview_media_holder\">\n<h3>\u00a0<\/h3>\n<div class=\"jeg_preview_control\">\n<div class=\"left_control\">\n<div class=\"counter\"><span class=\"current\">1<\/span> of  2<\/div>\n<\/div>\n<div class=\"zoom\"><span class=\"reduce\">&#8211;<\/span><span class=\"increase\">+<\/span><\/div>\n<\/div>\n<\/div>\n<\/div>\n<div class=\"jeg_preview_bottom_slider\"><a data-id=\"0\" data-title data-image=\"https:\/\/www.radiotop.ro\/img\/media\/2026\/08\/ianis-chirut-centru.jpg\" href=\"https:\/\/www.radiotop.ro\/img\/media\/2026\/08\/ianis-chirut-centru.jpg\" class=\"jeg_preview_item active\"><\/p>\n<div class=\"jeg_preview_item_thumbnail\"><img loading=\"lazy\" decoding=\"async\" width=\"120\" height=\"86\" src=\"https:\/\/www.radiotop.ro\/img\/media\/2026\/08\/ianis-chirut-centru-120x86.jpg\" class=\"attachment-jnews-120x86 size-jnews-120x86\" alt><\/div>\n<p><\/a><a data-id=\"1\" data-title data-image=\"https:\/\/www.radiotop.ro\/img\/media\/2026\/08\/ianis-chirut-campion.jpg\" href=\"https:\/\/www.radiotop.ro\/img\/media\/2026\/08\/ianis-chirut-campion.jpg\" class=\"jeg_preview_item \"><\/p>\n<div class=\"jeg_preview_item_thumbnail\"><img loading=\"lazy\" decoding=\"async\" width=\"120\" height=\"86\" src=\"https:\/\/www.radiotop.ro\/img\/media\/2026\/08\/ianis-chirut-campion-120x86.jpg\" class=\"attachment-jnews-120x86 size-jnews-120x86\" alt><\/div>\n<p><\/a><\/div>\n<\/div>\n<\/div>\n<p>Handbalistul sucevean Ianis Chiru\u021b, component al echipei de juniori I a CSU Suceava, preg\u0103tit\u0103 de antrenorul Vasile Boca, a c\u00e2\u0219tigat al\u0103turi de na\u021bionala Rom\u00e2niei trofeul M18 EHF Championship 2026, competi\u021bie desf\u0103\u0219urat\u0103 la Skopje, \u00een Macedonia de Nord.<\/p>\n<p>Ianis Chiru\u021b a avut o contribu\u021bie important\u0103 la parcursul tricolorilor, fiind desemnat cel mai bun centru al turneului. Juc\u0103torul nostru a \u00eenscris 25 de goluri \u00een cele cinci partide disputate de Rom\u00e2nia: 7 goluri cu Lituania \u00een grupe, 3 cu Letonia, 4 cu Ucraina, 6 cu Grecia \u0219i 5 \u00een finala cu Lituania.<\/p>\n<p>Prin clasarea pe primul loc, genera\u021bia 2008\/2009 \u0219i-a asigurat calificarea la Campionatul European de Tineret din 2028, competi\u021bie care va avea loc \u00een Slovenia.<\/p>\n<\/div>\n<\/div>\n<div class=\"content-inner \">\n<div class=\"jeg_preview_slider gallery_1\" data-selector=\"gallery_1\">\n<div class=\"jeg_preview_holder\">\n<div class=\"jeg_preview_media\">\n<div class=\"jeg_preview_media_holder\">\n<h3>\u00a0<\/h3>\n<div class=\"jeg_preview_control\">\n<div class=\"left_control\">\n<div class=\"counter\"><span class=\"current\">1<\/span> of  2<\/div>\n<\/div>\n<div class=\"zoom\"><span class=\"reduce\">&#8211;<\/span><span class=\"increase\">+<\/span><\/div>\n<\/div>\n<\/div>\n<\/div>\n<div class=\"jeg_preview_bottom_slider\"><a data-id=\"0\" data-title data-image=\"https:\/\/www.radiotop.ro\/img\/media\/2026\/08\/ianis-chirut-centru.jpg\" href=\"https:\/\/www.radiotop.ro\/img\/media\/2026\/08\/ianis-chirut-centru.jpg\" class=\"jeg_preview_item active\"><\/p>\n<div class=\"jeg_preview_item_thumbnail\"><img loading=\"lazy\" decoding=\"async\" width=\"120\" height=\"86\" src=\"https:\/\/www.radiotop.ro\/img\/media\/2026\/08\/ianis-chirut-centru-120x86.jpg\" class=\"attachment-jnews-120x86 size-jnews-120x86\" alt><\/div>\n<p><\/a><a data-id=\"1\" data-title data-image=\"https:\/\/www.radiotop.ro\/img\/media\/2026\/08\/ianis-chirut-campion.jpg\" href=\"https:\/\/www.radiotop.ro\/img\/media\/2026\/08\/ianis-chirut-campion.jpg\" class=\"jeg_preview_item \"><\/p>\n<div class=\"jeg_preview_item_thumbnail\"><img loading=\"lazy\" decoding=\"async\" width=\"120\" height=\"86\" src=\"https:\/\/www.radiotop.ro\/img\/media\/2026\/08\/ianis-chirut-campion-120x86.jpg\" class=\"attachment-jnews-120x86 size-jnews-120x86\" alt><\/div>\n<p><\/a><\/div>\n<\/div>\n<\/div>\n<p>Handbalistul sucevean Ianis Chiru\u021b, component al echipei de juniori I a CSU Suceava, preg\u0103tit\u0103 de antrenorul Vasile Boca, a c\u00e2\u0219tigat al\u0103turi de na\u021bionala Rom\u00e2niei trofeul M18 EHF Championship 2026, competi\u021bie desf\u0103\u0219urat\u0103 la Skopje, \u00een Macedonia de Nord.<\/p>\n<p>Ianis Chiru\u021b a avut o contribu\u021bie important\u0103 la parcursul tricolorilor, fiind desemnat cel mai bun centru al turneului. Juc\u0103torul nostru a \u00eenscris 25 de goluri \u00een cele cinci partide disputate de Rom\u00e2nia: 7 goluri cu Lituania \u00een grupe, 3 cu Letonia, 4 cu Ucraina, 6 cu Grecia \u0219i 5 \u00een finala cu Lituania.<\/p>\n<p>Prin clasarea pe primul loc, genera\u021bia 2008\/2009 \u0219i-a asigurat calificarea la Campionatul European de Tineret din 2028, competi\u021bie care va avea loc \u00een Slovenia.<\/p>\n<\/div>\n<p>[analyse_source url=&#8221;https:\/\/www.radiotop.ro\/sport\/handbalistul-sucevean-ianis-chirut-campion-cu-romania-ianis-a-fost-desemnat-cel-mai-bun-centru-al-m18-ehf-championship-2026.html&#8221;]<\/p>\n","protected":false},"excerpt":{"rendered":"<p>[analyse_image type=&#8221;featured&#8221; src=&#8221;https:\/\/www.radiotop.ro\/img\/media\/2026\/08\/ianis-chirut-echipa.jpg&#8221;] \u00a0 1 of 2 &#8211;+ Handbalistul sucevean Ianis Chiru\u021b, component al echipei de juniori I a CSU Suceava, preg\u0103tit\u0103 de antrenorul Vasile Boca, a c\u00e2\u0219tigat al\u0103turi de na\u021bionala Rom\u00e2niei trofeul M18 EHF Championship 2026, competi\u021bie desf\u0103\u0219urat\u0103 la Skopje, \u00een Macedonia de Nord. Ianis Chiru\u021b a avut o contribu\u021bie important\u0103 la parcursul tricolorilor, [&hellip;]<\/p>\n","protected":false},"author":1,"featured_media":0,"comment_status":"open","ping_status":"","sticky":false,"template":"","format":"standard","meta":{"footnotes":""},"categories":[89],"tags":[226,163],"class_list":["post-2088243","post","type-post","status-publish","format-standard","hentry","category-romania","tag-crawlmanager","tag-radiotop-ro"],"_links":{"self":[{"href":"https:\/\/analyse.optim.biz\/index.php?rest_route=\/wp\/v2\/posts\/2088243","targetHints":{"allow":["GET"]}}],"collection":[{"href":"https:\/\/analyse.optim.biz\/index.php?rest_route=\/wp\/v2\/posts"}],"about":[{"href":"https:\/\/analyse.optim.biz\/index.php?rest_route=\/wp\/v2\/types\/post"}],"author":[{"embeddable":true,"href":"https:\/\/analyse.optim.biz\/index.php?rest_route=\/wp\/v2\/users\/1"}],"replies":[{"embeddable":true,"href":"https:\/\/analyse.optim.biz\/index.php?rest_route=%2Fwp%2Fv2%2Fcomments&post=2088243"}],"version-history":[{"count":0,"href":"https:\/\/analyse.optim.biz\/index.php?rest_route=\/wp\/v2\/posts\/2088243\/revisions"}],"wp:attachment":[{"href":"https:\/\/analyse.optim.biz\/index.php?rest_route=%2Fwp%2Fv2%2Fmedia&parent=2088243"}],"wp:term":[{"taxonomy":"category","embeddable":true,"href":"https:\/\/analyse.optim.biz\/index.php?rest_route=%2Fwp%2Fv2%2Fcategories&post=2088243"},{"taxonomy":"post_tag","embeddable":true,"href":"https:\/\/analyse.optim.biz\/index.php?rest_route=%2Fwp%2Fv2%2Ftags&post=2088243"}],"curies":[{"name":"wp","href":"https:\/\/api.w.org\/{rel}","templated":true}]}}