{"id":2088194,"date":"2026-08-10T10:06:41","date_gmt":"2026-08-10T07:06:41","guid":{"rendered":"https:\/\/analyse.optim.biz\/?p=2088194"},"modified":"2026-08-10T10:06:41","modified_gmt":"2026-08-10T07:06:41","slug":"primaria-scortoasa-a-pierdut-finantarea-prescolarii-au-ramas-fara-masa-calda-si-serviciile-educationale","status":"publish","type":"post","link":"https:\/\/analyse.optim.biz\/?p=2088194","title":{"rendered":"Prim\u0103ria Scor\u021boasa a pierdut finan\u021barea. Pre\u0219colarii au r\u0103mas f\u0103r\u0103 masa cald\u0103 \u0219i serviciile educa\u021bionale &#8211;"},"content":{"rendered":"<p>[analyse_image type=&#8221;featured&#8221; src=&#8221;https:\/\/stiridinsursebuzau.ro\/wp-content\/uploads\/2026\/08\/VASILE-SACUIU.jpg&#8221;]<\/p>\n<article class=\"page-content-single small single\">\n<div id=\"stiri-2587933720\" class=\"stiri-inainte-de-continut-3 stiri-entity-placement\"><a href=\"https:\/\/buzau.21k.ro\/\" aria-label=\"900\u00d7200\"><img decoding=\"async\" loading=\"lazy\" src=\"https:\/\/stiridinsursebuzau.ro\/wp-content\/uploads\/2026\/07\/900x200.gif\" alt width=\"900\" height=\"200\"><\/a><\/div>\n<p><strong>R\u0103spunsul oficial al Ministerului Educa\u021biei \u0219i Cercet\u0103rii, nr. 2237\/DGIPNRR\/30.07.2026, arat\u0103 c\u0103 proiectul \u201eDezvoltarea serviciilor complementare de educa\u021bie timpurie \u00een comuna <a href=\"https:\/\/stiridinsursebuzau.ro\/un-nou-post-in-primaria-scortoasa-votat-de-psd-in-plina-criza-opozitia-acuza-blindarea-organigramei\/\">Scor\u021boasa<\/a>, jude\u021bul Buz\u0103u\u201d a fost finan\u021bat prin PNRR \u00een baza contractului nr. 13065\/26.10.2023.<\/strong><\/p>\n<p>Contractul a fost \u00eens\u0103 \u00een vigoare numai p\u00e2n\u0103 la <strong>1 octombrie 2025<\/strong>, dat\u0103 la care Ministerul a transmis notificarea de denun\u021bare unilateral\u0103. Ministerul precizeaz\u0103 c\u0103 m\u0103sura a fost luat\u0103 dup\u0103 ce beneficiarilor li s-a solicitat, \u00een regim de urgen\u021b\u0103, transmiterea unui <strong>raport complet de progres<\/strong>, asumat de reprezentantul legal, cu termen <strong>26 august 2025<\/strong>.<\/p>\n<p>Potrivit r\u0103spunsului oficial, <strong>netransmiterea \u00een termen a documentelor solicitate, al\u0103turi de inexisten\u021ba unor dovezi concludente privind furnizarea serviciilor de educa\u021bie timpurie de c\u0103tre Comuna Scor\u021boasa, a atras denun\u021barea unilateral\u0103 a proiectului.<\/strong><\/p>\n<figure class=\"wp-block-image size-large\"><img loading=\"lazy\" decoding=\"async\" width=\"702\" height=\"1024\" src=\"https:\/\/stiridinsursebuzau.ro\/wp-content\/uploads\/2026\/08\/MINISTERUL-DEZVOLTARII-SCOTOASA-702x1024.jpg\" alt class=\"wp-image-48366\"><\/figure>\n<p>Documentul mai scoate la iveal\u0103 un aspect extrem de important: <strong>\u00eencetarea contractului individual de munc\u0103 nr. 253\/23.06.2025 nu a fost adus\u0103 la cuno\u0219tin\u021ba finan\u021batorului nici \u00eenainte de apari\u021bia OUG nr. 41\/2025 \u0219i nici p\u00e2n\u0103 la 26 august 2025<\/strong>, situa\u021bie despre care Ministerul afirm\u0103 c\u0103 \u201ea determinat aprecierea serviciului complementar ca nefiind opera\u021bional\u201d.<\/p>\n<p>Consecin\u021ba pentru comunitate este una concret\u0103: proiectul destinat educa\u021biei timpurii a fost pierdut, iar <strong>pre\u0219colarii din Scor\u021boasa au r\u0103mas f\u0103r\u0103 serviciile care trebuiau asigurate prin acesta, inclusiv masa cald\u0103<\/strong>, dac\u0103 aceasta este prev\u0103zut\u0103 \u00een documenta\u021bia proiectului pe care o ai.<\/p>\n<div class=\"post-views content-post post-48365 entry-meta load-static\" data-pvc-type=\"post\" data-pvc-id=\"48365\"><span class=\"post-views-label\">Vizualiz\u0103ri \u0219tire:<\/span><span class=\"post-views-count\">590<\/span><\/div>\n<div id=\"stiri-3870148252\" class=\"stiri-dupa-continut-2 stiri-entity-placement\"><a href=\"https:\/\/rapidservicebuzau.ro\/\" aria-label=\"RAPID SUPER SERVICE\"><img decoding=\"async\" loading=\"lazy\" src=\"https:\/\/stiridinsursebuzau.ro\/wp-content\/uploads\/2026\/02\/ChatGPT-Image-10-feb.-2026-22_24_01.png\" alt width=\"1536\" height=\"1024\"><\/a><\/div>\n<div id=\"stiri-6302549\" class=\"stiri-dupa-continut_2 stiri-entity-placement\"><a href=\"https:\/\/www.facebook.com\/profile.php?id=61564932526740\" aria-label=\"Glamour Pizza &quot;la patrat&quot;\"><img decoding=\"async\" loading=\"lazy\" src=\"https:\/\/stiridinsursebuzau.ro\/wp-content\/uploads\/2026\/02\/ChatGPT-Image-10-feb.-2026-21_57_13.png\" alt=\"Glamour Pizza &quot;la patrat&quot;\" width=\"1536\" height=\"1024\"><\/a><\/div>\n<div id=\"stiri-3277017543\" class=\"stiri-dupa-continut_3 stiri-entity-placement\"><a href=\"https:\/\/www.facebook.com\/profile.php?id=61573613380169&amp;locale=ro_RO\" aria-label=\"ChatGPT Image 10 feb. 2026, 22_10_50\"><img decoding=\"async\" loading=\"lazy\" src=\"https:\/\/stiridinsursebuzau.ro\/wp-content\/uploads\/2026\/02\/ChatGPT-Image-10-feb.-2026-22_10_50.png\" alt width=\"1536\" height=\"1024\"><\/a><\/div>\n<div id=\"stiri-2309014713\" class=\"stiri-dupa-continut_4 stiri-entity-placement\"><a href=\"https:\/\/www.facebook.com\/profile.php?id=100077377992379\" aria-label=\"1536 cu 1024 pixeli\"><img decoding=\"async\" loading=\"lazy\" src=\"https:\/\/stiridinsursebuzau.ro\/wp-content\/uploads\/2026\/02\/ChatGPT-Image-20-feb.-2026-14_05_15.png\" alt=\"1536 cu 1024 pixeli\" width=\"1536\" height=\"1024\"><\/a><\/div>\n<div id=\"stiri-1362835240\" class=\"stiri-dupa-continut_5 stiri-entity-placement\"><img decoding=\"async\" loading=\"lazy\" src=\"https:\/\/stiridinsursebuzau.ro\/wp-content\/uploads\/2026\/02\/ChatGPT-Image-10-feb.-2026-23_00_56.png\" alt=\"piese tractoare\" width=\"1536\" height=\"1024\"><\/div>\n<nav class=\"navigation post-navigation\" aria-label=\"Articole\">\n<h2 class=\"screen-reader-text\">Navigare \u00een articole<\/h2>\n<div class=\"nav-links\">\n<div class=\"nav-previous\"><a href=\"https:\/\/stiridinsursebuzau.ro\/shopping-city-buzau-aduce-panini-fifa-world-cup-26-sticker-swap-tour-dedicat-colectionarilor-de-stickere\/\" rel=\"prev\">Shopping City Buz\u0103u aduce PANINI FIFA WORLD CUP 26 Sticker Swap Tour, dedicat colec\u021bionarilor de stickere <\/a><\/div>\n<div class=\"nav-next\"><a href=\"https:\/\/stiridinsursebuzau.ro\/buzaul-gazda-campionatului-national-de-sah-pentru-persoanele-cu-deficiente-de-vedere\/\" rel=\"next\"> Buz\u0103ul, gazda Campionatului Na\u021bional de \u0218ah pentru Persoanele cu Deficien\u021be de Vedere<\/a><\/div>\n<\/div>\n<\/nav>\n<\/article>\n<article class=\"page-content-single small single\">\n<div id=\"stiri-2587933720\" class=\"stiri-inainte-de-continut-3 stiri-entity-placement\"><a href=\"https:\/\/buzau.21k.ro\/\" aria-label=\"900\u00d7200\"><img decoding=\"async\" loading=\"lazy\" src=\"https:\/\/stiridinsursebuzau.ro\/wp-content\/uploads\/2026\/07\/900x200.gif\" alt width=\"900\" height=\"200\"><\/a><\/div>\n<p><strong>R\u0103spunsul oficial al Ministerului Educa\u021biei \u0219i Cercet\u0103rii, nr. 2237\/DGIPNRR\/30.07.2026, arat\u0103 c\u0103 proiectul \u201eDezvoltarea serviciilor complementare de educa\u021bie timpurie \u00een comuna <a href=\"https:\/\/stiridinsursebuzau.ro\/un-nou-post-in-primaria-scortoasa-votat-de-psd-in-plina-criza-opozitia-acuza-blindarea-organigramei\/\">Scor\u021boasa<\/a>, jude\u021bul Buz\u0103u\u201d a fost finan\u021bat prin PNRR \u00een baza contractului nr. 13065\/26.10.2023.<\/strong><\/p>\n<p>Contractul a fost \u00eens\u0103 \u00een vigoare numai p\u00e2n\u0103 la <strong>1 octombrie 2025<\/strong>, dat\u0103 la care Ministerul a transmis notificarea de denun\u021bare unilateral\u0103. Ministerul precizeaz\u0103 c\u0103 m\u0103sura a fost luat\u0103 dup\u0103 ce beneficiarilor li s-a solicitat, \u00een regim de urgen\u021b\u0103, transmiterea unui <strong>raport complet de progres<\/strong>, asumat de reprezentantul legal, cu termen <strong>26 august 2025<\/strong>.<\/p>\n<p>Potrivit r\u0103spunsului oficial, <strong>netransmiterea \u00een termen a documentelor solicitate, al\u0103turi de inexisten\u021ba unor dovezi concludente privind furnizarea serviciilor de educa\u021bie timpurie de c\u0103tre Comuna Scor\u021boasa, a atras denun\u021barea unilateral\u0103 a proiectului.<\/strong><\/p>\n<figure class=\"wp-block-image size-large\"><img loading=\"lazy\" decoding=\"async\" width=\"702\" height=\"1024\" src=\"https:\/\/stiridinsursebuzau.ro\/wp-content\/uploads\/2026\/08\/MINISTERUL-DEZVOLTARII-SCOTOASA-702x1024.jpg\" alt class=\"wp-image-48366\"><\/figure>\n<p>Documentul mai scoate la iveal\u0103 un aspect extrem de important: <strong>\u00eencetarea contractului individual de munc\u0103 nr. 253\/23.06.2025 nu a fost adus\u0103 la cuno\u0219tin\u021ba finan\u021batorului nici \u00eenainte de apari\u021bia OUG nr. 41\/2025 \u0219i nici p\u00e2n\u0103 la 26 august 2025<\/strong>, situa\u021bie despre care Ministerul afirm\u0103 c\u0103 \u201ea determinat aprecierea serviciului complementar ca nefiind opera\u021bional\u201d.<\/p>\n<p>Consecin\u021ba pentru comunitate este una concret\u0103: proiectul destinat educa\u021biei timpurii a fost pierdut, iar <strong>pre\u0219colarii din Scor\u021boasa au r\u0103mas f\u0103r\u0103 serviciile care trebuiau asigurate prin acesta, inclusiv masa cald\u0103<\/strong>, dac\u0103 aceasta este prev\u0103zut\u0103 \u00een documenta\u021bia proiectului pe care o ai.<\/p>\n<div class=\"post-views content-post post-48365 entry-meta load-static\" data-pvc-type=\"post\" data-pvc-id=\"48365\"><span class=\"post-views-label\">Vizualiz\u0103ri \u0219tire:<\/span><span class=\"post-views-count\">590<\/span><\/div>\n<div id=\"stiri-3870148252\" class=\"stiri-dupa-continut-2 stiri-entity-placement\"><a href=\"https:\/\/rapidservicebuzau.ro\/\" aria-label=\"RAPID SUPER SERVICE\"><img decoding=\"async\" loading=\"lazy\" src=\"https:\/\/stiridinsursebuzau.ro\/wp-content\/uploads\/2026\/02\/ChatGPT-Image-10-feb.-2026-22_24_01.png\" alt width=\"1536\" height=\"1024\"><\/a><\/div>\n<div id=\"stiri-6302549\" class=\"stiri-dupa-continut_2 stiri-entity-placement\"><a href=\"https:\/\/www.facebook.com\/profile.php?id=61564932526740\" aria-label=\"Glamour Pizza &quot;la patrat&quot;\"><img decoding=\"async\" loading=\"lazy\" src=\"https:\/\/stiridinsursebuzau.ro\/wp-content\/uploads\/2026\/02\/ChatGPT-Image-10-feb.-2026-21_57_13.png\" alt=\"Glamour Pizza &quot;la patrat&quot;\" width=\"1536\" height=\"1024\"><\/a><\/div>\n<div id=\"stiri-3277017543\" class=\"stiri-dupa-continut_3 stiri-entity-placement\"><a href=\"https:\/\/www.facebook.com\/profile.php?id=61573613380169&amp;locale=ro_RO\" aria-label=\"ChatGPT Image 10 feb. 2026, 22_10_50\"><img decoding=\"async\" loading=\"lazy\" src=\"https:\/\/stiridinsursebuzau.ro\/wp-content\/uploads\/2026\/02\/ChatGPT-Image-10-feb.-2026-22_10_50.png\" alt width=\"1536\" height=\"1024\"><\/a><\/div>\n<div id=\"stiri-2309014713\" class=\"stiri-dupa-continut_4 stiri-entity-placement\"><a href=\"https:\/\/www.facebook.com\/profile.php?id=100077377992379\" aria-label=\"1536 cu 1024 pixeli\"><img decoding=\"async\" loading=\"lazy\" src=\"https:\/\/stiridinsursebuzau.ro\/wp-content\/uploads\/2026\/02\/ChatGPT-Image-20-feb.-2026-14_05_15.png\" alt=\"1536 cu 1024 pixeli\" width=\"1536\" height=\"1024\"><\/a><\/div>\n<div id=\"stiri-1362835240\" class=\"stiri-dupa-continut_5 stiri-entity-placement\"><img decoding=\"async\" loading=\"lazy\" src=\"https:\/\/stiridinsursebuzau.ro\/wp-content\/uploads\/2026\/02\/ChatGPT-Image-10-feb.-2026-23_00_56.png\" alt=\"piese tractoare\" width=\"1536\" height=\"1024\"><\/div>\n<nav class=\"navigation post-navigation\" aria-label=\"Articole\">\n<h2 class=\"screen-reader-text\">Navigare \u00een articole<\/h2>\n<div class=\"nav-links\">\n<div class=\"nav-previous\"><a href=\"https:\/\/stiridinsursebuzau.ro\/shopping-city-buzau-aduce-panini-fifa-world-cup-26-sticker-swap-tour-dedicat-colectionarilor-de-stickere\/\" rel=\"prev\">Shopping City Buz\u0103u aduce PANINI FIFA WORLD CUP 26 Sticker Swap Tour, dedicat colec\u021bionarilor de stickere <\/a><\/div>\n<div class=\"nav-next\"><a href=\"https:\/\/stiridinsursebuzau.ro\/buzaul-gazda-campionatului-national-de-sah-pentru-persoanele-cu-deficiente-de-vedere\/\" rel=\"next\"> Buz\u0103ul, gazda Campionatului Na\u021bional de \u0218ah pentru Persoanele cu Deficien\u021be de Vedere<\/a><\/div>\n<\/div>\n<\/nav>\n<\/article>\n<p>[analyse_source url=&#8221;https:\/\/stiridinsursebuzau.ro\/primaria-scortoasa-a-pierdut-finantarea-prescolarii-au-ramas-fara-masa-calda-si-serviciile-educationale\/&#8221;]<\/p>\n","protected":false},"excerpt":{"rendered":"<p>[analyse_image type=&#8221;featured&#8221; src=&#8221;https:\/\/stiridinsursebuzau.ro\/wp-content\/uploads\/2026\/08\/VASILE-SACUIU.jpg&#8221;] R\u0103spunsul oficial al Ministerului Educa\u021biei \u0219i Cercet\u0103rii, nr. 2237\/DGIPNRR\/30.07.2026, arat\u0103 c\u0103 proiectul \u201eDezvoltarea serviciilor complementare de educa\u021bie timpurie \u00een comuna Scor\u021boasa, jude\u021bul Buz\u0103u\u201d a fost finan\u021bat prin PNRR \u00een baza contractului nr. 13065\/26.10.2023. Contractul a fost \u00eens\u0103 \u00een vigoare numai p\u00e2n\u0103 la 1 octombrie 2025, dat\u0103 la care Ministerul a transmis notificarea [&hellip;]<\/p>\n","protected":false},"author":1,"featured_media":0,"comment_status":"open","ping_status":"","sticky":false,"template":"","format":"standard","meta":{"footnotes":""},"categories":[2],"tags":[226,60],"class_list":["post-2088194","post","type-post","status-publish","format-standard","hentry","category-politics","tag-crawlmanager","tag-stiridinsursebuzau-ro"],"_links":{"self":[{"href":"https:\/\/analyse.optim.biz\/index.php?rest_route=\/wp\/v2\/posts\/2088194","targetHints":{"allow":["GET"]}}],"collection":[{"href":"https:\/\/analyse.optim.biz\/index.php?rest_route=\/wp\/v2\/posts"}],"about":[{"href":"https:\/\/analyse.optim.biz\/index.php?rest_route=\/wp\/v2\/types\/post"}],"author":[{"embeddable":true,"href":"https:\/\/analyse.optim.biz\/index.php?rest_route=\/wp\/v2\/users\/1"}],"replies":[{"embeddable":true,"href":"https:\/\/analyse.optim.biz\/index.php?rest_route=%2Fwp%2Fv2%2Fcomments&post=2088194"}],"version-history":[{"count":0,"href":"https:\/\/analyse.optim.biz\/index.php?rest_route=\/wp\/v2\/posts\/2088194\/revisions"}],"wp:attachment":[{"href":"https:\/\/analyse.optim.biz\/index.php?rest_route=%2Fwp%2Fv2%2Fmedia&parent=2088194"}],"wp:term":[{"taxonomy":"category","embeddable":true,"href":"https:\/\/analyse.optim.biz\/index.php?rest_route=%2Fwp%2Fv2%2Fcategories&post=2088194"},{"taxonomy":"post_tag","embeddable":true,"href":"https:\/\/analyse.optim.biz\/index.php?rest_route=%2Fwp%2Fv2%2Ftags&post=2088194"}],"curies":[{"name":"wp","href":"https:\/\/api.w.org\/{rel}","templated":true}]}}