{"id":2088010,"date":"2026-08-11T15:08:03","date_gmt":"2026-08-11T12:08:03","guid":{"rendered":"https:\/\/analyse.optim.biz\/?p=2088010"},"modified":"2026-08-11T15:08:03","modified_gmt":"2026-08-11T12:08:03","slug":"comisia-europeana-aprovizionarea-cu-energie-ramane-tensionata-si-saptamana-viitoare","status":"publish","type":"post","link":"https:\/\/analyse.optim.biz\/?p=2088010","title":{"rendered":"Comisia European\u0103: aprovizionarea cu energie r\u0103m\u00e2ne \u201etensionat\u0103\u201d \u0219i s\u0103pt\u0103m\u00e2na viitoare"},"content":{"rendered":"<p>[analyse_image type=&#8221;featured&#8221; src=&#8221;https:\/\/www.tion.ro\/wp-content\/uploads\/2024\/03\/+otf\/1200&#215;630\/uApXwu8VYpHq5l7M0nayvE5PVF9WRVJZX1NFQ__nbS3Ci241pRGFbTHSaSR8EQVX+XIox__X5P3McJEjAiQyVRI0mEQ1plvDCIrUo0oB0WIuvk7s5mrG7QMv4iMtc=\/0170901curentelectricenergie3-scaled.jpg&#8221;]<\/p>\n<article id=\"post-2332260\" class>\n<div class=\"entry-content clearfix\">\n<div class=\"enewsArticleContent\">\n<p>Grupul de coordonare pentru energie electric\u0103 al Comisiei Europene s-a reunit mar\u021bi pentru a analiza securitatea aprovizion\u0103rii \u00een Europa, \u00een condi\u021biile \u00een care valurile de c\u0103ldur\u0103 \u0219i seceta afecteaz\u0103 mai multe regiuni. Concluzia oficialilor europeni este c\u0103 sistemul r\u0103m\u00e2ne stabil, dar presiunea asupra produc\u021biei \u0219i consumului de energie este ridicat\u0103.<\/p>\n<p>Potrivit AGERPRES, Comisia European\u0103 precizeaz\u0103 c\u0103 produc\u021bia de energie electric\u0103 a fost redus\u0103 \u00een unele state membre din cauza nivelurilor sc\u0103zute sau a temperaturilor ridicate ale apei. \u00cen acela\u0219i timp, cooperarea dintre statele membre \u0219i pia\u021ba european\u0103 de energie permite transferul electricit\u0103\u021bii c\u0103tre zonele \u00een care aceasta este cel mai necesar\u0103.<\/p>\n<blockquote>\n<p>\u201eSistemul european de electricitate r\u0103m\u00e2ne stabil \u00een pofida condi\u021biilor meteorologice extreme\u201d, transmite Comisia European\u0103, potrivit AGERPRES. Situa\u021bia este \u00eens\u0103 estimat\u0103 s\u0103 r\u0103m\u00e2n\u0103 tensionat\u0103 \u0219i \u00een s\u0103pt\u0103m\u00e2na urm\u0103toare.<\/p>\n<\/blockquote>\n<h3><strong>Rom\u00e2nia, monitorizat\u0103 de Comisia European\u0103<\/strong><\/h3>\n<p>Rom\u00e2nia se afl\u0103 printre \u021b\u0103rile urm\u0103rite \u00eendeaproape de Bruxelles, al\u0103turi de Ungaria \u0219i alte state din Europa de Sud-Est. Principalul factor de presiune este seceta, care a dus la sc\u0103derea nivelurilor \u0219i debitelor r\u00e2urilor.<\/p>\n<p>Un purt\u0103tor de cuv\u00e2nt al Comisiei Europene a transmis c\u0103 institu\u021bia p\u0103streaz\u0103 un contact permanent cu operatorii de transport \u0219i de sistem, care de\u021bin cele mai detaliate informa\u021bii privind securitatea aprovizion\u0103rii. \u201ePer ansamblu, situa\u021bia este tensionat\u0103 din cauza nivelurilor sc\u0103zute ale apei, dar r\u0103m\u00e2ne sigur\u0103 \u0219i stabil\u0103\u201d, a precizat reprezentantul Comisiei.<\/p>\n<p>Presiunea asupra sistemului este amplificat\u0103 \u0219i de temperaturile ridicate ale apei, care pot afecta produc\u021bia unor centrale. \u00cen schimb, produc\u021bia mare de energie solar\u0103 a contribuit la reducerea presiunii asupra pre\u021burilor \u00een timpul orelor centrale ale zilei. Comisia European\u0103 atrage \u00eens\u0103 aten\u021bia c\u0103 dezvoltarea capacit\u0103\u021bilor de stocare este esen\u021bial\u0103, astfel \u00eenc\u00e2t energia produs\u0103 \u00een exces de panourile solare \u00een timpul zilei s\u0103 poat\u0103 fi folosit\u0103 \u00een perioadele de consum ridicat, \u00een special seara.<\/p>\n<h3><strong>O nou\u0103 provocare: eclipsa de Soare<\/strong><\/h3>\n<p>Sistemul energetic european trebuie s\u0103 fac\u0103 fa\u021b\u0103 \u0219i unui eveniment neobi\u0219nuit. Operatorii de transport \u0219i sistem se preg\u0103tesc pentru eclipsa de Soare din 12 august, care va reduce temporar produc\u021bia de energie solar\u0103. ENTSO-E a informat Grupul de coordonare pentru energie electric\u0103 despre m\u0103surile preg\u0103tite pentru acest fenomen, tocmai pentru a limita eventualele efecte asupra echilibrului dintre produc\u021bie \u0219i consum.<\/p>\n<p>Comisia European\u0103 anun\u021b\u0103 c\u0103 va continua s\u0103 monitorizeze situa\u021bia \u0219i s\u0103 sprijine ac\u021biunile coordonate \u00eentre statele membre, dac\u0103 acestea vor fi necesare. Pentru moment, mesajul Bruxelles-ului nu este unul de alarm\u0103: nu sunt identificate riscuri pe termen scurt privind suficien\u021ba aprovizion\u0103rii cu energie electric\u0103, \u00eens\u0103 condi\u021biile meteorologice extreme \u0219i seceta men\u021bin sistemul european sub presiune.<\/p>\n<div class=\"fbShareLikeTwitterAndEmailContainer\">\n<div class=\"wrapper\">\n<div class=\"email\">\n<div id=\"mailto-pop\" class=\"pop-form pop-form-mailto\">\n<div class=\"pop-form-header\">\n<h4>Trimite articolul<\/h4>\n<p><a class=\"pop-form-close\">X<\/a><\/div>\n<\/div>\n<\/div>\n<\/div>\n<\/div>\n<div class=\"tagsContainer\">\n<div class=\"tagsLabel\">Taguri:<\/div>\n<div class=\"tags\">\n<div class=\"tag\"><a href=\"https:\/\/www.tion.ro\/cimke\/comisia-europeana\" rel=\"tag\"><span class=\"link\">comisia europeana<\/span><span class=\"separator\">,<\/span><\/a><\/div>\n<div class=\"tag\"><a href=\"https:\/\/www.tion.ro\/cimke\/eclipsa-de-soare\" rel=\"tag\"><span class=\"link\">eclipsa de soare<\/span><span class=\"separator\">,<\/span><\/a><\/div>\n<div class=\"tag\"><a href=\"https:\/\/www.tion.ro\/cimke\/productie-de-energie\" rel=\"tag\"><span class=\"link\">productie de energie<\/span><\/a><\/div>\n<\/div>\n<\/div>\n<div class=\"comments\">\n<div class=\"top\">\n<div class=\"commentsNumber\"><span class=\"number\">0<\/span><span class=\"text\">Comentarii<\/span><\/div>\n<\/div>\n<div class=\"center\">\n<div id=\"respond\" class=\"comment-respond\">\n<h3 id=\"reply-title\" class=\"comment-reply-title\"><small><a rel=\"nofollow\" id=\"cancel-comment-reply-link\" href=\"https:\/\/www.tion.ro\/romania\/comisia-europeana-aprovizionarea-cu-energie-ramane-tensionata-si-saptamana-viitoare-2332260\/#respond\">Cancel reply<\/a><\/small><\/h3>\n<p class=\"comment-notes\"><span id=\"email-notes\">Your email address will not be published.<\/span><span class=\"required-field-message\">Required fields are marked <span class=\"required\">*<\/span><\/span><\/p>\n<p class=\"commentFormComment\"><span id=\"commentFormCount\"><br \/>\n                            inca<br \/>\n                            <span id=\"countCommentText\">1000<\/span><br \/>\n                            caractere ramase<br \/>\n                        <\/span><\/p>\n<\/div>\n<\/div>\n<div class=\"bottom\">\n<p class=\"forumDisclaimerHuRo\">\n            Citi\u021bi principiile noastre de moderare <a href=\"https:\/\/www.tion.ro\/reguli-postare-comentarii\/\" target=\"_blank\">aici<\/a>!\n        <\/p>\n<\/div>\n<\/div>\n<\/div>\n<\/div>\n<\/article>\n<div class=\"entry-content clearfix\">\n<div class=\"enewsArticleContent\">\n<p>Grupul de coordonare pentru energie electric\u0103 al Comisiei Europene s-a reunit mar\u021bi pentru a analiza securitatea aprovizion\u0103rii \u00een Europa, \u00een condi\u021biile \u00een care valurile de c\u0103ldur\u0103 \u0219i seceta afecteaz\u0103 mai multe regiuni. Concluzia oficialilor europeni este c\u0103 sistemul r\u0103m\u00e2ne stabil, dar presiunea asupra produc\u021biei \u0219i consumului de energie este ridicat\u0103.<\/p>\n<p>Potrivit AGERPRES, Comisia European\u0103 precizeaz\u0103 c\u0103 produc\u021bia de energie electric\u0103 a fost redus\u0103 \u00een unele state membre din cauza nivelurilor sc\u0103zute sau a temperaturilor ridicate ale apei. \u00cen acela\u0219i timp, cooperarea dintre statele membre \u0219i pia\u021ba european\u0103 de energie permite transferul electricit\u0103\u021bii c\u0103tre zonele \u00een care aceasta este cel mai necesar\u0103.<\/p>\n<blockquote>\n<p>\u201eSistemul european de electricitate r\u0103m\u00e2ne stabil \u00een pofida condi\u021biilor meteorologice extreme\u201d, transmite Comisia European\u0103, potrivit AGERPRES. Situa\u021bia este \u00eens\u0103 estimat\u0103 s\u0103 r\u0103m\u00e2n\u0103 tensionat\u0103 \u0219i \u00een s\u0103pt\u0103m\u00e2na urm\u0103toare.<\/p>\n<\/blockquote>\n<h3><strong>Rom\u00e2nia, monitorizat\u0103 de Comisia European\u0103<\/strong><\/h3>\n<p>Rom\u00e2nia se afl\u0103 printre \u021b\u0103rile urm\u0103rite \u00eendeaproape de Bruxelles, al\u0103turi de Ungaria \u0219i alte state din Europa de Sud-Est. Principalul factor de presiune este seceta, care a dus la sc\u0103derea nivelurilor \u0219i debitelor r\u00e2urilor.<\/p>\n<p>Un purt\u0103tor de cuv\u00e2nt al Comisiei Europene a transmis c\u0103 institu\u021bia p\u0103streaz\u0103 un contact permanent cu operatorii de transport \u0219i de sistem, care de\u021bin cele mai detaliate informa\u021bii privind securitatea aprovizion\u0103rii. \u201ePer ansamblu, situa\u021bia este tensionat\u0103 din cauza nivelurilor sc\u0103zute ale apei, dar r\u0103m\u00e2ne sigur\u0103 \u0219i stabil\u0103\u201d, a precizat reprezentantul Comisiei.<\/p>\n<p>Presiunea asupra sistemului este amplificat\u0103 \u0219i de temperaturile ridicate ale apei, care pot afecta produc\u021bia unor centrale. \u00cen schimb, produc\u021bia mare de energie solar\u0103 a contribuit la reducerea presiunii asupra pre\u021burilor \u00een timpul orelor centrale ale zilei. Comisia European\u0103 atrage \u00eens\u0103 aten\u021bia c\u0103 dezvoltarea capacit\u0103\u021bilor de stocare este esen\u021bial\u0103, astfel \u00eenc\u00e2t energia produs\u0103 \u00een exces de panourile solare \u00een timpul zilei s\u0103 poat\u0103 fi folosit\u0103 \u00een perioadele de consum ridicat, \u00een special seara.<\/p>\n<h3><strong>O nou\u0103 provocare: eclipsa de Soare<\/strong><\/h3>\n<p>Sistemul energetic european trebuie s\u0103 fac\u0103 fa\u021b\u0103 \u0219i unui eveniment neobi\u0219nuit. Operatorii de transport \u0219i sistem se preg\u0103tesc pentru eclipsa de Soare din 12 august, care va reduce temporar produc\u021bia de energie solar\u0103. ENTSO-E a informat Grupul de coordonare pentru energie electric\u0103 despre m\u0103surile preg\u0103tite pentru acest fenomen, tocmai pentru a limita eventualele efecte asupra echilibrului dintre produc\u021bie \u0219i consum.<\/p>\n<p>Comisia European\u0103 anun\u021b\u0103 c\u0103 va continua s\u0103 monitorizeze situa\u021bia \u0219i s\u0103 sprijine ac\u021biunile coordonate \u00eentre statele membre, dac\u0103 acestea vor fi necesare. Pentru moment, mesajul Bruxelles-ului nu este unul de alarm\u0103: nu sunt identificate riscuri pe termen scurt privind suficien\u021ba aprovizion\u0103rii cu energie electric\u0103, \u00eens\u0103 condi\u021biile meteorologice extreme \u0219i seceta men\u021bin sistemul european sub presiune.<\/p>\n<div class=\"fbShareLikeTwitterAndEmailContainer\">\n<div class=\"wrapper\">\n<div class=\"email\">\n<div id=\"mailto-pop\" class=\"pop-form pop-form-mailto\">\n<div class=\"pop-form-header\">\n<h4>Trimite articolul<\/h4>\n<p><a class=\"pop-form-close\">X<\/a><\/div>\n<\/div>\n<\/div>\n<\/div>\n<\/div>\n<div class=\"tagsContainer\">\n<div class=\"tagsLabel\">Taguri:<\/div>\n<div class=\"tags\">\n<div class=\"tag\"><a href=\"https:\/\/www.tion.ro\/cimke\/comisia-europeana\" rel=\"tag\"><span class=\"link\">comisia europeana<\/span><span class=\"separator\">,<\/span><\/a><\/div>\n<div class=\"tag\"><a href=\"https:\/\/www.tion.ro\/cimke\/eclipsa-de-soare\" rel=\"tag\"><span class=\"link\">eclipsa de soare<\/span><span class=\"separator\">,<\/span><\/a><\/div>\n<div class=\"tag\"><a href=\"https:\/\/www.tion.ro\/cimke\/productie-de-energie\" rel=\"tag\"><span class=\"link\">productie de energie<\/span><\/a><\/div>\n<\/div>\n<\/div>\n<div class=\"comments\">\n<div class=\"top\">\n<div class=\"commentsNumber\"><span class=\"number\">0<\/span><span class=\"text\">Comentarii<\/span><\/div>\n<\/div>\n<div class=\"center\">\n<div id=\"respond\" class=\"comment-respond\">\n<h3 id=\"reply-title\" class=\"comment-reply-title\"><small><a rel=\"nofollow\" id=\"cancel-comment-reply-link\" href=\"https:\/\/www.tion.ro\/romania\/comisia-europeana-aprovizionarea-cu-energie-ramane-tensionata-si-saptamana-viitoare-2332260\/#respond\">Cancel reply<\/a><\/small><\/h3>\n<p class=\"comment-notes\"><span id=\"email-notes\">Your email address will not be published.<\/span><span class=\"required-field-message\">Required fields are marked <span class=\"required\">*<\/span><\/span><\/p>\n<p class=\"commentFormComment\"><span id=\"commentFormCount\"><br \/>\n                            inca<br \/>\n                            <span id=\"countCommentText\">1000<\/span><br \/>\n                            caractere ramase<br \/>\n                        <\/span><\/p>\n<\/div>\n<\/div>\n<div class=\"bottom\">\n<p class=\"forumDisclaimerHuRo\">\n            Citi\u021bi principiile noastre de moderare <a href=\"https:\/\/www.tion.ro\/reguli-postare-comentarii\/\" target=\"_blank\">aici<\/a>!\n        <\/p>\n<\/div>\n<\/div>\n<\/div>\n<\/div>\n<p>[analyse_source url=&#8221;https:\/\/www.tion.ro\/romania\/comisia-europeana-aprovizionarea-cu-energie-ramane-tensionata-si-saptamana-viitoare-2332260\/&#8221;]<\/p>\n","protected":false},"excerpt":{"rendered":"<p>[analyse_image type=&#8221;featured&#8221; src=&#8221;https:\/\/www.tion.ro\/wp-content\/uploads\/2024\/03\/+otf\/1200&#215;630\/uApXwu8VYpHq5l7M0nayvE5PVF9WRVJZX1NFQ__nbS3Ci241pRGFbTHSaSR8EQVX+XIox__X5P3McJEjAiQyVRI0mEQ1plvDCIrUo0oB0WIuvk7s5mrG7QMv4iMtc=\/0170901curentelectricenergie3-scaled.jpg&#8221;] Grupul de coordonare pentru energie electric\u0103 al Comisiei Europene s-a reunit mar\u021bi pentru a analiza securitatea aprovizion\u0103rii \u00een Europa, \u00een condi\u021biile \u00een care valurile de c\u0103ldur\u0103 \u0219i seceta afecteaz\u0103 mai multe regiuni. Concluzia oficialilor europeni este c\u0103 sistemul r\u0103m\u00e2ne stabil, dar presiunea asupra produc\u021biei \u0219i consumului de energie este ridicat\u0103. Potrivit AGERPRES, [&hellip;]<\/p>\n","protected":false},"author":1,"featured_media":0,"comment_status":"open","ping_status":"","sticky":false,"template":"","format":"standard","meta":{"footnotes":""},"categories":[89],"tags":[226,191],"class_list":["post-2088010","post","type-post","status-publish","format-standard","hentry","category-romania","tag-crawlmanager","tag-tion-ro"],"_links":{"self":[{"href":"https:\/\/analyse.optim.biz\/index.php?rest_route=\/wp\/v2\/posts\/2088010","targetHints":{"allow":["GET"]}}],"collection":[{"href":"https:\/\/analyse.optim.biz\/index.php?rest_route=\/wp\/v2\/posts"}],"about":[{"href":"https:\/\/analyse.optim.biz\/index.php?rest_route=\/wp\/v2\/types\/post"}],"author":[{"embeddable":true,"href":"https:\/\/analyse.optim.biz\/index.php?rest_route=\/wp\/v2\/users\/1"}],"replies":[{"embeddable":true,"href":"https:\/\/analyse.optim.biz\/index.php?rest_route=%2Fwp%2Fv2%2Fcomments&post=2088010"}],"version-history":[{"count":0,"href":"https:\/\/analyse.optim.biz\/index.php?rest_route=\/wp\/v2\/posts\/2088010\/revisions"}],"wp:attachment":[{"href":"https:\/\/analyse.optim.biz\/index.php?rest_route=%2Fwp%2Fv2%2Fmedia&parent=2088010"}],"wp:term":[{"taxonomy":"category","embeddable":true,"href":"https:\/\/analyse.optim.biz\/index.php?rest_route=%2Fwp%2Fv2%2Fcategories&post=2088010"},{"taxonomy":"post_tag","embeddable":true,"href":"https:\/\/analyse.optim.biz\/index.php?rest_route=%2Fwp%2Fv2%2Ftags&post=2088010"}],"curies":[{"name":"wp","href":"https:\/\/api.w.org\/{rel}","templated":true}]}}