{"id":2088007,"date":"2026-08-11T13:32:18","date_gmt":"2026-08-11T10:32:18","guid":{"rendered":"https:\/\/analyse.optim.biz\/?p=2088007"},"modified":"2026-08-11T13:32:18","modified_gmt":"2026-08-11T10:32:18","slug":"uvt-va-invita-sa-vedeti-eclipsa-de-soare-si-perseidele-maine-seara","status":"publish","type":"post","link":"https:\/\/analyse.optim.biz\/?p=2088007","title":{"rendered":"UVT v\u0103 invit\u0103 s\u0103 vede\u021bi eclipsa de Soare \u0219i Perseidele m\u00e2ine sear\u0103"},"content":{"rendered":"<p>[analyse_image type=&#8221;featured&#8221; src=&#8221;https:\/\/www.tion.ro\/wp-content\/uploads\/2026\/08\/+otf\/1200&#215;630\/zgN8T4hAlESHpLrSBo2vCE5PVF9WRVJZX1NFQxuRSHeFltakTUtC22ECjLAFLVJBeuGnDltI30TIOHUXXjRlQssjZ9g3UydkGNJ5uBFBqWVwwp4yJcGPtP4vB7k=\/6455093pexelsmaciej160128603227782713-scaled.jpg&#8221;]<\/p>\n<article id=\"post-2332230\" class>\n<div class=\"entry-content clearfix\">\n<div class=\"enewsArticleContent\">\n<p>Potrivit informa\u021biilor prezentate anterior de <strong><a href=\"https:\/\/www.tion.ro\/romania\/eclipsa-partiala-de-soare-pe-12-august-fenomenul-va-putea-fi-observat-si-din-timisoara-2329833\/\" target=\"_blank\" rel=\"noopener\">Observatorul Astronomic \u201eAmiral Vasile Urseanu\u201d<\/a><\/strong>, eclipsa par\u021bial\u0103 de Soare \u00eencepe la Timi\u0219oara la ora 20:24 \u0219i ajunge la maxim \u00een jurul orei 20:45. Soarele apune la 20:48, astfel c\u0103 fenomenul va putea fi urm\u0103rit doar pentru o perioad\u0103 scurt\u0103, spre finalul zilei.<\/p>\n<p>La momentul maxim, aproximativ 28,5% din discul Soarelui va fi acoperit de Lun\u0103. \u00cen alte zone din vestul \u021b\u0103rii, acoperirea va fi mai mare: aproximativ 31,1% \u00een Arad \u0219i 33,2% \u00een Oradea.<\/p>\n<p>Speciali\u0219tii avertizeaz\u0103 c\u0103 Soarele nu trebuie privit direct. Pentru observarea eclipsei sunt necesare filtre speciale pentru Soare sau ochelari destina\u021bi eclipselor. Ochelarii de soare obi\u0219nui\u021bi nu ofer\u0103 protec\u021bia necesar\u0103.<\/p>\n<h3><strong>Dup\u0103 eclips\u0103, aten\u021bia se mut\u0103 spre Perseide<\/strong><\/h3>\n<p>Programul organizat de UVT continu\u0103 de la ora 21:00 cu o prezentare despre Perseide, \u00een cadrul c\u0103reia vor fi explicate cauzele fenomenului. Organizatorii anun\u021b\u0103 \u0219i simul\u0103ri prezentate pe videoproiector, precum \u0219i observa\u021bii prin telescop ale unor obiecte Messier.<\/p>\n<p>Dup\u0103 ora 23:30, participan\u021bii vor putea urm\u0103ri ploaia de meteori Perseide, unul dintre cele mai cunoscute fenomene astronomice observabile \u00een fiecare var\u0103. Evenimentul se \u00eencheie \u00een jurul orei 01:00.<\/p>\n<p>Perseidele sunt o ploaie de meteori asociat\u0103 cu cometa Swift-Tuttle. Particulele de praf l\u0103sate \u00een urm\u0103 de comet\u0103 intr\u0103 \u00een atmosfera P\u0103m\u00e2ntului \u0219i produc d\u00e2rele luminoase cunoscute drept \u201estele c\u0103z\u0103toare\u201d. Perseidele par s\u0103 provin\u0103 din zona constela\u021biei Perseu, de unde \u0219i numele fenomenului. Ploaia de meteori este vizibil\u0103 \u00een fiecare an, iar perioada de activitate maxim\u0103 este 9-14 august.<\/p>\n<h3><strong>Unde are loc evenimentul<\/strong><\/h3>\n<p>Observa\u021biile vor avea loc \u00een zona releului de telecomunica\u021bii de l\u00e2ng\u0103 Lucare\u021b.<\/p>\n<p>Participan\u021bii sunt ruga\u021bi s\u0103 ajung\u0103 cel t\u00e2rziu la ora 19:00. Punctul de \u00eent\u00e2lnire \u0219i parcarea sunt la coordonatele 45.82233, 21.66667, de unde se va merge pe jos aproximativ 20 de minute p\u00e2n\u0103 la locul observa\u021biilor.<\/p>\n<p>Participarea este gratuit\u0103.<\/p>\n<div class=\"fbShareLikeTwitterAndEmailContainer\">\n<div class=\"wrapper\">\n<div class=\"email\">\n<div id=\"mailto-pop\" class=\"pop-form pop-form-mailto\">\n<div class=\"pop-form-header\">\n<h4>Trimite articolul<\/h4>\n<p><a class=\"pop-form-close\">X<\/a><\/div>\n<\/div>\n<\/div>\n<\/div>\n<\/div>\n<div class=\"comments\">\n<div class=\"top\">\n<div class=\"commentsNumber\"><span class=\"number\">0<\/span><span class=\"text\">Comentarii<\/span><\/div>\n<\/div>\n<div class=\"center\">\n<div id=\"respond\" class=\"comment-respond\">\n<h3 id=\"reply-title\" class=\"comment-reply-title\"><small><a rel=\"nofollow\" id=\"cancel-comment-reply-link\" href=\"https:\/\/www.tion.ro\/stirile-judetului-timis\/uvt-va-invita-sa-vedeti-eclipsa-de-soare-si-perseidele-maine-seara-2332230\/#respond\">Cancel reply<\/a><\/small><\/h3>\n<p class=\"comment-notes\"><span id=\"email-notes\">Your email address will not be published.<\/span><span class=\"required-field-message\">Required fields are marked <span class=\"required\">*<\/span><\/span><\/p>\n<p class=\"commentFormComment\"><span id=\"commentFormCount\"><br \/>\n                            inca<br \/>\n                            <span id=\"countCommentText\">1000<\/span><br \/>\n                            caractere ramase<br \/>\n                        <\/span><\/p>\n<\/div>\n<\/div>\n<div class=\"bottom\">\n<p class=\"forumDisclaimerHuRo\">\n            Citi\u021bi principiile noastre de moderare <a href=\"https:\/\/www.tion.ro\/reguli-postare-comentarii\/\" target=\"_blank\">aici<\/a>!\n        <\/p>\n<\/div>\n<\/div>\n<\/div>\n<\/div>\n<\/article>\n<div class=\"entry-content clearfix\">\n<div class=\"enewsArticleContent\">\n<p>Potrivit informa\u021biilor prezentate anterior de <strong><a href=\"https:\/\/www.tion.ro\/romania\/eclipsa-partiala-de-soare-pe-12-august-fenomenul-va-putea-fi-observat-si-din-timisoara-2329833\/\" target=\"_blank\" rel=\"noopener\">Observatorul Astronomic \u201eAmiral Vasile Urseanu\u201d<\/a><\/strong>, eclipsa par\u021bial\u0103 de Soare \u00eencepe la Timi\u0219oara la ora 20:24 \u0219i ajunge la maxim \u00een jurul orei 20:45. Soarele apune la 20:48, astfel c\u0103 fenomenul va putea fi urm\u0103rit doar pentru o perioad\u0103 scurt\u0103, spre finalul zilei.<\/p>\n<p>La momentul maxim, aproximativ 28,5% din discul Soarelui va fi acoperit de Lun\u0103. \u00cen alte zone din vestul \u021b\u0103rii, acoperirea va fi mai mare: aproximativ 31,1% \u00een Arad \u0219i 33,2% \u00een Oradea.<\/p>\n<p>Speciali\u0219tii avertizeaz\u0103 c\u0103 Soarele nu trebuie privit direct. Pentru observarea eclipsei sunt necesare filtre speciale pentru Soare sau ochelari destina\u021bi eclipselor. Ochelarii de soare obi\u0219nui\u021bi nu ofer\u0103 protec\u021bia necesar\u0103.<\/p>\n<h3><strong>Dup\u0103 eclips\u0103, aten\u021bia se mut\u0103 spre Perseide<\/strong><\/h3>\n<p>Programul organizat de UVT continu\u0103 de la ora 21:00 cu o prezentare despre Perseide, \u00een cadrul c\u0103reia vor fi explicate cauzele fenomenului. Organizatorii anun\u021b\u0103 \u0219i simul\u0103ri prezentate pe videoproiector, precum \u0219i observa\u021bii prin telescop ale unor obiecte Messier.<\/p>\n<p>Dup\u0103 ora 23:30, participan\u021bii vor putea urm\u0103ri ploaia de meteori Perseide, unul dintre cele mai cunoscute fenomene astronomice observabile \u00een fiecare var\u0103. Evenimentul se \u00eencheie \u00een jurul orei 01:00.<\/p>\n<p>Perseidele sunt o ploaie de meteori asociat\u0103 cu cometa Swift-Tuttle. Particulele de praf l\u0103sate \u00een urm\u0103 de comet\u0103 intr\u0103 \u00een atmosfera P\u0103m\u00e2ntului \u0219i produc d\u00e2rele luminoase cunoscute drept \u201estele c\u0103z\u0103toare\u201d. Perseidele par s\u0103 provin\u0103 din zona constela\u021biei Perseu, de unde \u0219i numele fenomenului. Ploaia de meteori este vizibil\u0103 \u00een fiecare an, iar perioada de activitate maxim\u0103 este 9-14 august.<\/p>\n<h3><strong>Unde are loc evenimentul<\/strong><\/h3>\n<p>Observa\u021biile vor avea loc \u00een zona releului de telecomunica\u021bii de l\u00e2ng\u0103 Lucare\u021b.<\/p>\n<p>Participan\u021bii sunt ruga\u021bi s\u0103 ajung\u0103 cel t\u00e2rziu la ora 19:00. Punctul de \u00eent\u00e2lnire \u0219i parcarea sunt la coordonatele 45.82233, 21.66667, de unde se va merge pe jos aproximativ 20 de minute p\u00e2n\u0103 la locul observa\u021biilor.<\/p>\n<p>Participarea este gratuit\u0103.<\/p>\n<div class=\"fbShareLikeTwitterAndEmailContainer\">\n<div class=\"wrapper\">\n<div class=\"email\">\n<div id=\"mailto-pop\" class=\"pop-form pop-form-mailto\">\n<div class=\"pop-form-header\">\n<h4>Trimite articolul<\/h4>\n<p><a class=\"pop-form-close\">X<\/a><\/div>\n<\/div>\n<\/div>\n<\/div>\n<\/div>\n<div class=\"comments\">\n<div class=\"top\">\n<div class=\"commentsNumber\"><span class=\"number\">0<\/span><span class=\"text\">Comentarii<\/span><\/div>\n<\/div>\n<div class=\"center\">\n<div id=\"respond\" class=\"comment-respond\">\n<h3 id=\"reply-title\" class=\"comment-reply-title\"><small><a rel=\"nofollow\" id=\"cancel-comment-reply-link\" href=\"https:\/\/www.tion.ro\/stirile-judetului-timis\/uvt-va-invita-sa-vedeti-eclipsa-de-soare-si-perseidele-maine-seara-2332230\/#respond\">Cancel reply<\/a><\/small><\/h3>\n<p class=\"comment-notes\"><span id=\"email-notes\">Your email address will not be published.<\/span><span class=\"required-field-message\">Required fields are marked <span class=\"required\">*<\/span><\/span><\/p>\n<p class=\"commentFormComment\"><span id=\"commentFormCount\"><br \/>\n                            inca<br \/>\n                            <span id=\"countCommentText\">1000<\/span><br \/>\n                            caractere ramase<br \/>\n                        <\/span><\/p>\n<\/div>\n<\/div>\n<div class=\"bottom\">\n<p class=\"forumDisclaimerHuRo\">\n            Citi\u021bi principiile noastre de moderare <a href=\"https:\/\/www.tion.ro\/reguli-postare-comentarii\/\" target=\"_blank\">aici<\/a>!\n        <\/p>\n<\/div>\n<\/div>\n<\/div>\n<\/div>\n<p>[analyse_source url=&#8221;https:\/\/www.tion.ro\/stirile-judetului-timis\/uvt-va-invita-sa-vedeti-eclipsa-de-soare-si-perseidele-maine-seara-2332230\/&#8221;]<\/p>\n","protected":false},"excerpt":{"rendered":"<p>[analyse_image type=&#8221;featured&#8221; src=&#8221;https:\/\/www.tion.ro\/wp-content\/uploads\/2026\/08\/+otf\/1200&#215;630\/zgN8T4hAlESHpLrSBo2vCE5PVF9WRVJZX1NFQxuRSHeFltakTUtC22ECjLAFLVJBeuGnDltI30TIOHUXXjRlQssjZ9g3UydkGNJ5uBFBqWVwwp4yJcGPtP4vB7k=\/6455093pexelsmaciej160128603227782713-scaled.jpg&#8221;] Potrivit informa\u021biilor prezentate anterior de Observatorul Astronomic \u201eAmiral Vasile Urseanu\u201d, eclipsa par\u021bial\u0103 de Soare \u00eencepe la Timi\u0219oara la ora 20:24 \u0219i ajunge la maxim \u00een jurul orei 20:45. Soarele apune la 20:48, astfel c\u0103 fenomenul va putea fi urm\u0103rit doar pentru o perioad\u0103 scurt\u0103, spre finalul zilei. La momentul maxim, aproximativ 28,5% [&hellip;]<\/p>\n","protected":false},"author":1,"featured_media":0,"comment_status":"open","ping_status":"","sticky":false,"template":"","format":"standard","meta":{"footnotes":""},"categories":[89],"tags":[226,191],"class_list":["post-2088007","post","type-post","status-publish","format-standard","hentry","category-romania","tag-crawlmanager","tag-tion-ro"],"_links":{"self":[{"href":"https:\/\/analyse.optim.biz\/index.php?rest_route=\/wp\/v2\/posts\/2088007","targetHints":{"allow":["GET"]}}],"collection":[{"href":"https:\/\/analyse.optim.biz\/index.php?rest_route=\/wp\/v2\/posts"}],"about":[{"href":"https:\/\/analyse.optim.biz\/index.php?rest_route=\/wp\/v2\/types\/post"}],"author":[{"embeddable":true,"href":"https:\/\/analyse.optim.biz\/index.php?rest_route=\/wp\/v2\/users\/1"}],"replies":[{"embeddable":true,"href":"https:\/\/analyse.optim.biz\/index.php?rest_route=%2Fwp%2Fv2%2Fcomments&post=2088007"}],"version-history":[{"count":0,"href":"https:\/\/analyse.optim.biz\/index.php?rest_route=\/wp\/v2\/posts\/2088007\/revisions"}],"wp:attachment":[{"href":"https:\/\/analyse.optim.biz\/index.php?rest_route=%2Fwp%2Fv2%2Fmedia&parent=2088007"}],"wp:term":[{"taxonomy":"category","embeddable":true,"href":"https:\/\/analyse.optim.biz\/index.php?rest_route=%2Fwp%2Fv2%2Fcategories&post=2088007"},{"taxonomy":"post_tag","embeddable":true,"href":"https:\/\/analyse.optim.biz\/index.php?rest_route=%2Fwp%2Fv2%2Ftags&post=2088007"}],"curies":[{"name":"wp","href":"https:\/\/api.w.org\/{rel}","templated":true}]}}