{"id":2088006,"date":"2026-08-11T09:39:00","date_gmt":"2026-08-11T06:39:00","guid":{"rendered":"https:\/\/analyse.optim.biz\/?p=2088006"},"modified":"2026-08-11T09:39:00","modified_gmt":"2026-08-11T06:39:00","slug":"barbat-de-52-de-ani-arestat-pentru-agresiune-sexuala-si-viol-in-forma-continuata-asupra-unei-copile-de-la-varsta-de-8-ani","status":"publish","type":"post","link":"https:\/\/analyse.optim.biz\/?p=2088006","title":{"rendered":"B\u0103rbat de 52 de ani, arestat pentru agresiune sexual\u0103 \u0219i viol \u00een form\u0103 continuat\u0103 asupra unei copile, de la v\u00e2rsta de 8 ani"},"content":{"rendered":"<p>[analyse_image type=&#8221;featured&#8221; src=&#8221;https:\/\/ziardesuceava.ro\/wp-content\/uploads\/2026\/08\/fetita-copil-violenta.jpg&#8221;]<\/p>\n<div class=\"post-content clearfix\">\n<div class=\"blog-post-thumb\"><img loading=\"lazy\" decoding=\"async\" width=\"1000\" height=\"667\" src=\"https:\/\/ziardesuceava.ro\/wp-content\/uploads\/2026\/08\/fetita-copil-violenta.jpg\" class=\"attachment-inhype-blog-thumb size-inhype-blog-thumb wp-post-image\" alt><\/div>\n<div class=\"entry-content\">\n<p><span>Procurorii din cadrul Parchetului de pe l\u00e2ng\u0103 Judec\u0103toria R\u0103d\u0103u\u021bi au dispus punerea \u00een mi\u0219care a ac\u021biunii penale \u0219i au ob\u021binut arestarea preventiv\u0103 pentru 30 de zile a unui b\u0103rbat \u00een v\u00e2rst\u0103 de 52 de ani, acuzat c\u0103 \u0219i-a abuzat sexual o rud\u0103 minor\u0103 timp de aproape un deceniu.<\/span><\/p>\n<div data-td-block-uid=\"tdi_88\">\n<div class=\"tdb-block-inner td-fix-index\">\n<p data-path-to-node=\"1\"><span>Procurorii au re\u021binut \u00een sarcina b\u0103rbatului din mediul rural infrac\u021biunile de agresiune sexual\u0103 \u0219i viol asupra unui minor, ambele comise \u00een form\u0103 continuat\u0103.<\/span><\/p>\n<p data-path-to-node=\"2\"><span><b data-path-to-node=\"2\" data-index-in-node=\"0\">Abuzuri sistematice \u0219i manipulare emo\u021bional\u0103<\/b><\/span><\/p>\n<p data-path-to-node=\"3\"><span>Potrivit anchetatorilor, faptele au \u00eenceput \u00een anul 2017, pe c\u00e2nd copila avea doar 8 ani. Inculpatul a supus-o pe minor\u0103 la agresiuni sexuale repetate, iar din momentul \u00een care aceasta a \u00eemplinit v\u00e2rsta de 11 ani, a \u00eenceput s\u0103 \u00eentre\u021bin\u0103 raporturi sexuale cu ea.<\/span><\/p>\n<p data-path-to-node=\"4\"><span>B\u0103rbatul a profitat de v\u00e2rsta fraged\u0103 a fetei, de lipsa acesteia de discern\u0103m\u00e2nt \u0219i de autoritatea pe care o avea asupra ei \u00een calitate de rud\u0103 apropiat\u0103. Prin constr\u00e2ngere moral\u0103, intimidare \u0219i \u0219antaj emo\u021bional, inculpatul a instaurat un climat de control total, cre\u00e2nd o normalitate denaturat\u0103 \u00een care victima a fost captiv\u0103 ani la r\u00e2nd.<\/span><\/p>\n<p data-path-to-node=\"5\"><span><b data-path-to-node=\"5\" data-index-in-node=\"0\">B\u0103rbatul a fost trimis \u00een spatele gratiilor<\/b><\/span><\/p>\n<p data-path-to-node=\"6\"><span>Procurorul de caz a formulat pe 7 august o propunere de arestare preventiv\u0103 pentru 30 de zile, cerere ce a fost \u00eensu\u0219it\u0103 \u0219i admis\u0103 de instan\u021ba de judecat\u0103.<\/span><\/p>\n<p data-path-to-node=\"7\"><span>Cercet\u0103rile sunt \u00een plin\u0103 desf\u0103\u0219urare pentru stabilirea tuturor \u00eemprejur\u0103rilor \u00een care s-au produs faptele. Reprezentan\u021bii Parchetului reamintesc c\u0103, pe tot parcursul procesului penal, persoana cercetat\u0103 beneficiaz\u0103 de toate drepturile procesuale, precum \u0219i de prezum\u021bia de nevinov\u0103\u021bie.<\/span><\/p>\n<p>\u00a0<\/p>\n<\/div>\n<\/div>\n<\/div>\n<div class=\"inhype-social-share-fixed sidebar-position-right\">\n<div class=\"post-social-wrapper\">\n<div class=\"post-social-title\"><span class=\"post-social-title-text\">Share<\/span><\/div>\n<\/div>\n<\/div>\n<\/div>\n<p>[analyse_source url=&#8221;https:\/\/ziardesuceava.ro\/barbat-de-52-de-ani-arestat-pentru-agresiune-sexuala-si-viol-in-forma-continuata-asupra-unei-copile-de-la-varsta-de-8-ani\/&#8221;]<\/p>\n","protected":false},"excerpt":{"rendered":"<p>[analyse_image type=&#8221;featured&#8221; src=&#8221;https:\/\/ziardesuceava.ro\/wp-content\/uploads\/2026\/08\/fetita-copil-violenta.jpg&#8221;] Procurorii din cadrul Parchetului de pe l\u00e2ng\u0103 Judec\u0103toria R\u0103d\u0103u\u021bi au dispus punerea \u00een mi\u0219care a ac\u021biunii penale \u0219i au ob\u021binut arestarea preventiv\u0103 pentru 30 de zile a unui b\u0103rbat \u00een v\u00e2rst\u0103 de 52 de ani, acuzat c\u0103 \u0219i-a abuzat sexual o rud\u0103 minor\u0103 timp de aproape un deceniu. Procurorii au re\u021binut \u00een [&hellip;]<\/p>\n","protected":false},"author":1,"featured_media":0,"comment_status":"open","ping_status":"","sticky":false,"template":"","format":"standard","meta":{"footnotes":""},"categories":[89],"tags":[226,171],"class_list":["post-2088006","post","type-post","status-publish","format-standard","hentry","category-romania","tag-crawlmanager","tag-ziardesuceava-ro"],"_links":{"self":[{"href":"https:\/\/analyse.optim.biz\/index.php?rest_route=\/wp\/v2\/posts\/2088006","targetHints":{"allow":["GET"]}}],"collection":[{"href":"https:\/\/analyse.optim.biz\/index.php?rest_route=\/wp\/v2\/posts"}],"about":[{"href":"https:\/\/analyse.optim.biz\/index.php?rest_route=\/wp\/v2\/types\/post"}],"author":[{"embeddable":true,"href":"https:\/\/analyse.optim.biz\/index.php?rest_route=\/wp\/v2\/users\/1"}],"replies":[{"embeddable":true,"href":"https:\/\/analyse.optim.biz\/index.php?rest_route=%2Fwp%2Fv2%2Fcomments&post=2088006"}],"version-history":[{"count":0,"href":"https:\/\/analyse.optim.biz\/index.php?rest_route=\/wp\/v2\/posts\/2088006\/revisions"}],"wp:attachment":[{"href":"https:\/\/analyse.optim.biz\/index.php?rest_route=%2Fwp%2Fv2%2Fmedia&parent=2088006"}],"wp:term":[{"taxonomy":"category","embeddable":true,"href":"https:\/\/analyse.optim.biz\/index.php?rest_route=%2Fwp%2Fv2%2Fcategories&post=2088006"},{"taxonomy":"post_tag","embeddable":true,"href":"https:\/\/analyse.optim.biz\/index.php?rest_route=%2Fwp%2Fv2%2Ftags&post=2088006"}],"curies":[{"name":"wp","href":"https:\/\/api.w.org\/{rel}","templated":true}]}}