{"id":2088005,"date":"2026-08-11T12:21:26","date_gmt":"2026-08-11T09:21:26","guid":{"rendered":"https:\/\/analyse.optim.biz\/?p=2088005"},"modified":"2026-08-11T12:21:26","modified_gmt":"2026-08-11T09:21:26","slug":"timisorenii-aleg-sculptura-anului-2026-patru-lucrari-sunt-in-finala","status":"publish","type":"post","link":"https:\/\/analyse.optim.biz\/?p=2088005","title":{"rendered":"Timi\u0219orenii aleg Sculptura Anului 2026. Patru lucr\u0103ri sunt \u00een final\u0103"},"content":{"rendered":"<p>[analyse_image type=&#8221;featured&#8221; src=&#8221;https:\/\/orasul-timisoara.ro\/wp-content\/uploads\/2026\/08\/768420754_18462547264118913_2551155172803193815_n.jpg&#8221;]<\/p>\n<article id=\"post-40170\" class=\"td-post-template-7 post-40170 post type-post status-publish format-standard has-post-thumbnail category-evenimente-in-timisoara category-featured category-stiri-timisoara tag-arta-contemporana-2 tag-bogdan-rata tag-cultura-timisoara-2 tag-dan-visovan tag-fundatia-jecza tag-larisa-sitar tag-premiul-peter-jecza tag-primaria-timisoara-2 tag-sculptura-2 tag-sculptura-anului-2026 tag-serban-ionescu tag-timisoara-2 tag-virgil-scripcariu tag-visit-timisoara-2 td-container-wrap\">\n<div class=\"td-full-screen-header-image-wrap\">\n<div class=\"td-container td-post-header\">\n<div class=\"td-crumb-container\">\n<div class=\"entry-crumbs\"><span><a title=\"Vede\u021bi toate articolele \u00een Evenimente in Timisoara\" class=\"entry-crumb\" href=\"https:\/\/orasul-timisoara.ro\/local-category\/evenimente-in-timisoara\/\">Evenimente in Timisoara<\/a><\/span><span class=\"td-bred-no-url-last\">Timi\u0219orenii aleg Sculptura Anului 2026. Patru lucr\u0103ri sunt \u00een final\u0103<\/span><\/div>\n<\/div>\n<div class=\"td-post-header-holder\">\n<div class=\"td-parallax-header\">\n<header class=\"td-post-title\">\n<ul class=\"td-category\">\n<li class=\"entry-category\"><a href=\"https:\/\/orasul-timisoara.ro\/local-category\/evenimente-in-timisoara\/\">Evenimente in Timisoara<\/a><\/li>\n<li class=\"entry-category\"><a href=\"https:\/\/orasul-timisoara.ro\/local-category\/stiri-timisoara\/\">\u0218tiri Locale<\/a><\/li>\n<\/ul>\n<h1 class=\"entry-title\">Timi\u0219orenii aleg Sculptura Anului 2026. Patru lucr\u0103ri sunt \u00een final\u0103<\/h1>\n<div class=\"td-module-meta-info\">\n<div class=\"td-post-author-name\">\n<div class=\"td-author-by\">De c\u0103tre<\/div>\n<p><a href=\"https:\/\/orasul-timisoara.ro\/author\/timisoara\/\">redactia<\/a><\/p>\n<div class=\"td-author-line\"> &#8211; <\/div>\n<\/div>\n<p><span class=\"td-post-date\"><time class=\"entry-date updated td-module-date\" datetime=\"2026-08-11T15:21:26+03:00\">11\/08\/2026<\/time><\/span><\/div>\n<\/header>\n<\/div>\n<\/div>\n<\/div>\n<div id=\"td-full-screen-header-image\" class=\"td-image-gradient-style7\"><img decoding=\"async\" class=\"td-backstretch\" src=\"https:\/\/orasul-timisoara.ro\/wp-content\/uploads\/2026\/08\/768420754_18462547264118913_2551155172803193815_n.jpg\"><\/div>\n<\/div>\n<div class=\"td-container\">\n<div class=\"td-pb-row\">\n<div class=\"td-pb-span8 td-main-content\" role=\"main\">\n<div class=\"td-ss-main-content\">\n<div class=\"td-post-sharing-top\">\n<div class=\"td-post-sharing-classic\"><iframe title=\"topFacebookLike\" frameborder src=\"https:\/\/www.facebook.com\/plugins\/like.php?href=https:\/\/orasul-timisoara.ro\/local-40170\/&amp;layout=button_count&amp;show_faces=false&amp;width=105&amp;action=like&amp;colorscheme=light&amp;height=21\"><\/iframe><\/div>\n<div id=\"td_social_sharing_article_top\" class=\"td-post-sharing td-ps-bg td-ps-notext td-post-sharing-style1 \">\n<div class=\"td-post-sharing-visible\"><a class=\"td-social-sharing-button td-social-sharing-button-js td-social-network td-social-facebook\" href=\"https:\/\/www.facebook.com\/sharer.php?u=https%3A%2F%2Forasul-timisoara.ro%2Flocal-40170%2F\" title=\"Facebook\"><\/p>\n<div class=\"td-social-but-text\">Facebook<\/div>\n<p><\/a><a class=\"td-social-sharing-button td-social-sharing-button-js td-social-network td-social-twitter\" href=\"https:\/\/twitter.com\/intent\/tweet?text=Timi%C8%99orenii+aleg+Sculptura+Anului+2026.+Patru+lucr%C4%83ri+sunt+%C3%AEn+final%C4%83&amp;url=https%3A%2F%2Forasul-timisoara.ro%2Flocal-40170%2F&amp;via=orasultm\" title=\"Twitter\"><\/p>\n<div class=\"td-social-but-text\">Twitter<\/div>\n<p><\/a><a class=\"td-social-sharing-button td-social-sharing-button-js td-social-network td-social-whatsapp\" href=\"https:\/\/api.whatsapp.com\/send?text=Timi%C8%99orenii+aleg+Sculptura+Anului+2026.+Patru+lucr%C4%83ri+sunt+%C3%AEn+final%C4%83%20%0A%0A%20https:\/\/orasul-timisoara.ro\/local-40170\/\" title=\"WhatsApp\"><\/p>\n<div class=\"td-social-but-text\">WhatsApp<\/div>\n<p><\/a><a class=\"td-social-sharing-button td-social-sharing-button-js td-social-network td-social-linkedin\" href=\"https:\/\/www.linkedin.com\/shareArticle?mini=true&amp;url=https:\/\/orasul-timisoara.ro\/local-40170\/&amp;title=Timi%C8%99orenii+aleg+Sculptura+Anului+2026.+Patru+lucr%C4%83ri+sunt+%C3%AEn+final%C4%83\" title=\"Linkedin\"><\/p>\n<div class=\"td-social-but-text\">Linkedin<\/div>\n<p><\/a><a class=\"td-social-sharing-button td-social-sharing-button-js td-social-network td-social-reddit\" href=\"https:\/\/reddit.com\/submit?url=https:\/\/orasul-timisoara.ro\/local-40170\/&amp;title=Timi%C8%99orenii+aleg+Sculptura+Anului+2026.+Patru+lucr%C4%83ri+sunt+%C3%AEn+final%C4%83\" title=\"ReddIt\"><\/p>\n<div class=\"td-social-but-text\">ReddIt<\/div>\n<p><\/a><a class=\"td-social-sharing-button td-social-sharing-button-js td-social-network td-social-mail\" href=\"mailto:?subject=Timi%C8%99orenii%20aleg%20Sculptura%20Anului%202026.%20Patru%20lucr%C4%83ri%20sunt%20%C3%AEn%20final%C4%83&amp;body=https:\/\/orasul-timisoara.ro\/local-40170\/\" title=\"Email\"><\/p>\n<div class=\"td-social-but-text\">Email<\/div>\n<p><\/a><a class=\"td-social-sharing-button td-social-sharing-button-js td-social-network td-social-print\" href=\"https:\/\/orasul-timisoara.ro\/local-40170\/\" title=\"Imprimare\"><\/p>\n<div class=\"td-social-but-text\">Imprimare<\/div>\n<p><\/a><\/div>\n<\/div>\n<\/div>\n<div class=\"td-post-content tagdiv-type\">\n<p class=\"wp-block-paragraph\">Timi\u0219orenii \u0219i iubitorii de art\u0103 pot decide c\u00e2\u0219tig\u0103toarea Premiului Peter Jecza pentru Sculptura Anului 2026. Votarea publicului a \u00eenceput pe 8 august \u0219i se desf\u0103\u0219oar\u0103 p\u00e2n\u0103 pe 3 septembrie, ora 23:59, iar \u00een competi\u021bia final\u0103 au r\u0103mas patru lucr\u0103ri semnate de arti\u0219ti rom\u00e2ni.<\/p>\n<p class=\"wp-block-paragraph\">Premiul este acordat \u00een cadrul unei ini\u021biative dedicate promov\u0103rii sculpturii contemporane, iar lucrarea care va ob\u021bine cele mai multe voturi va primi titlul de Sculptura Anului 2026 \u0219i va fi expus\u0103 ulterior \u00een spa\u021biul public din Timi\u0219oara. Rezultatul va fi anun\u021bat pe 4 septembrie, de la ora 11:00, \u00een cadrul unei transmisiuni live pe Facebook.<\/p>\n<h2 class=\"wp-block-heading\">Patru lucr\u0103ri concureaz\u0103 pentru Sculptura Anului 2026<\/h2>\n<p class=\"wp-block-paragraph\">\u00cen etapa final\u0103 a competi\u021biei au fost selectate patru propuneri artistice. Acestea sunt \u201eTurn\u0103torie\u201d, realizat\u0103 de \u0218erban Ionescu, \u201eSculpturi t\u0103iate\u201d, semnat\u0103 de Bogdan Ra\u021ba \u0219i Dan Vi\u0219ovan, \u201eRefugiu\u201d, realizat\u0103 de Virgil Scripcariu, \u0219i \u201eFiguri \u0219ez\u00e2nd\u201d, crea\u021bia Larisei Sitar.<\/p>\n<p class=\"wp-block-paragraph\">Cele patru lucr\u0103ri reprezint\u0103 direc\u021bii artistice distincte \u0219i intr\u0103 \u00een ultima etap\u0103 a competi\u021biei, \u00een care alegerea apar\u021bine publicului.<\/p>\n<p class=\"wp-block-paragraph\">Votul poate fi exprimat online, prin intermediul formularului pus la dispozi\u021bie de organizatori. Participarea publicului este deschis\u0103 pe \u00eentreaga perioad\u0103 stabilit\u0103 pentru aceast\u0103 etap\u0103 a competi\u021biei.<\/p>\n<h2 class=\"wp-block-heading\">\u201eTurn\u0103torie\u201d, lucrarea lui \u0218erban Ionescu<\/h2>\n<p class=\"wp-block-paragraph\">Printre finaliste se afl\u0103 lucrarea \u201eTurn\u0103torie\u201d, semnat\u0103 de \u0218erban Ionescu. Artistul concureaz\u0103 pentru Premiul Peter Jecza cu o crea\u021bie care face parte din selec\u021bia final\u0103 a edi\u021biei din 2026.<\/p>\n<p class=\"wp-block-paragraph\">Lucrarea este una dintre cele patru propuneri dintre care publicul poate alege Sculptura Anului. Voturile exprimate p\u00e2n\u0103 la \u00eencheierea perioadei de consultare vor stabili c\u00e2\u0219tig\u0103torul competi\u021biei.<\/p>\n<h2 class=\"wp-block-heading\">Bogdan Ra\u021ba \u0219i Dan Vi\u0219ovan, finali\u0219ti cu \u201eSculpturi t\u0103iate\u201d<\/h2>\n<p class=\"wp-block-paragraph\">\u201eSculpturi t\u0103iate\u201d este proiectul prezentat \u00een competi\u021bie de Bogdan Ra\u021ba \u0219i Dan Vi\u0219ovan. Cei doi arti\u0219ti au ajuns \u00een etapa final\u0103 al\u0103turi de ceilal\u021bi trei participan\u021bi selecta\u021bi.<\/p>\n<p class=\"wp-block-paragraph\">Publicul poate analiza cele patru propuneri \u0219i poate vota lucrarea pe care o consider\u0103 potrivit\u0103 pentru titlul de Sculptura Anului 2026.<\/p>\n<h2 class=\"wp-block-heading\">\u201eRefugiu\u201d, propunerea lui Virgil Scripcariu<\/h2>\n<p class=\"wp-block-paragraph\">Virgil Scripcariu este prezent \u00een finala competi\u021biei cu lucrarea \u201eRefugiu\u201d. Sculptorul se num\u0103r\u0103 astfel printre cei patru arti\u0219ti ale c\u0103ror lucr\u0103ri pot fi alese de public pentru edi\u021bia din acest an a Premiului Peter Jecza.<\/p>\n<p class=\"wp-block-paragraph\">Votul publicului va avea un rol decisiv \u00een desemnarea c\u00e2\u0219tig\u0103torului, iar lucrarea care se va impune va ajunge ulterior \u00een spa\u021biul public al Timi\u0219oarei.<\/p>\n<h2 class=\"wp-block-heading\">Larisa Sitar particip\u0103 cu \u201eFiguri \u0219ez\u00e2nd\u201d<\/h2>\n<p class=\"wp-block-paragraph\">Cea de-a patra finalist\u0103 este Larisa Sitar, cu lucrarea \u201eFiguri \u0219ez\u00e2nd\u201d. Crea\u021bia sa completeaz\u0103 selec\u021bia final\u0103 pentru edi\u021bia 2026 a premiului dedicat sculpturii.<\/p>\n<p class=\"wp-block-paragraph\">Alegerea c\u00e2\u0219tig\u0103torului va fi f\u0103cut\u0103 prin cumularea voturilor publicului, iar rezultatul va fi f\u0103cut public \u00een cadrul evenimentului online programat pentru 4 septembrie.<\/p>\n<h2 class=\"wp-block-heading\">Votul se \u00eencheie pe 3 septembrie<\/h2>\n<p class=\"wp-block-paragraph\">Perioada de votare se desf\u0103\u0219oar\u0103 \u00eentre 8 august \u0219i 3 septembrie 2026, ora 23:59. Cei care doresc s\u0103 participe la alegerea c\u00e2\u0219tig\u0103torului trebuie s\u0103 \u00ee\u0219i exprime op\u021biunea \u00eenainte de expirarea termenului stabilit de organizatori.<\/p>\n<p class=\"wp-block-paragraph\">Votul este disponibil online, prin formularul dedicat competi\u021biei. Organizatorii \u00eei \u00eencurajeaz\u0103 pe cei interesa\u021bi de art\u0103 \u0219i de via\u021ba cultural\u0103 a Timi\u0219oarei s\u0103 se implice \u00een desemnarea lucr\u0103rii care va fi prezentat\u0103 ulterior \u00een spa\u021biul public.<\/p>\n<h2 class=\"wp-block-heading\">C\u00e2\u0219tig\u0103torul va fi anun\u021bat pe 4 septembrie<\/h2>\n<p class=\"wp-block-paragraph\">Rezultatul competi\u021biei va fi anun\u021bat pe 4 septembrie, la ora 11:00, \u00eentr-o transmisiune live pe Facebook. Atunci va fi cunoscut\u0103 lucrarea care a primit cele mai multe voturi \u0219i care va deveni Sculptura Anului 2026.<\/p>\n<p class=\"wp-block-paragraph\">Pe l\u00e2ng\u0103 desemnarea c\u00e2\u0219tig\u0103torului, participarea la vot le ofer\u0103 \u0219i celor care \u00ee\u0219i exprim\u0103 op\u021biunea \u0219ansa de a primi, prin tragere la sor\u021bi, o lucrare de art\u0103 \u00een valoare de 1.000 de euro.<\/p>\n<h2 class=\"wp-block-heading\">Premiul Peter Jecza aduce sculptura \u00een spa\u021biul public<\/h2>\n<p class=\"wp-block-paragraph\">Premiul Peter Jecza pentru Sculptura Anului este o ini\u021biativ\u0103 a UniCredit Bank Rom\u00e2nia \u0219i Funda\u021biei Jecza, realizat\u0103 al\u0103turi de NEPI Rockcastle \u0219i Shopping City Timi\u0219oara, cu Prim\u0103ria Municipiului Timi\u0219oara \u00een calitate de partener.<\/p>\n<p class=\"wp-block-paragraph\">Prin mecanismul competi\u021biei, publicul este implicat direct \u00een alegerea unei lucr\u0103ri care va ajunge \u00een spa\u021biul public al ora\u0219ului. Astfel, procesul de selec\u021bie nu se limiteaz\u0103 la mediul artistic, ci include \u0219i comunitatea local\u0103 \u00een stabilirea lucr\u0103rii care va reprezenta edi\u021bia din 2026.<\/p>\n<h2 class=\"wp-block-heading\">Cum poate fi exprimat votul<\/h2>\n<p class=\"wp-block-paragraph\">Persoanele care doresc s\u0103 participe la alegerea Sculpturii Anului 2026 pot vota online, acces\u00e2nd formularul pus la dispozi\u021bie de Funda\u021bia Jecza. Votarea r\u0103m\u00e2ne deschis\u0103 p\u00e2n\u0103 pe 3 septembrie, la ora 23:59.<\/p>\n<p class=\"wp-block-paragraph\">Cele patru lucr\u0103ri finaliste sunt \u201eTurn\u0103torie\u201d \u2013 \u0218erban Ionescu, \u201eSculpturi t\u0103iate\u201d \u2013 Bogdan Ra\u021ba \u0219i Dan Vi\u0219ovan, \u201eRefugiu\u201d \u2013 Virgil Scripcariu \u0219i \u201eFiguri \u0219ez\u00e2nd\u201d \u2013 Larisa Sitar. Una dintre acestea va fi desemnat\u0103 Sculptura Anului 2026 \u0219i va fi expus\u0103 \u00een spa\u021biul public al Timi\u0219oarei.<\/p>\n<\/div>\n<footer>\n<div class=\"td-post-source-tags\">\n<ul class=\"td-tags td-post-small-box clearfix\">\n<li><span>ETICHETE<\/span><\/li>\n<li><a href=\"https:\/\/orasul-timisoara.ro\/local-tag\/arta-contemporana-2\/\">art\u0103 contemporan\u0103<\/a><\/li>\n<li><a href=\"https:\/\/orasul-timisoara.ro\/local-tag\/bogdan-rata\/\">Bogdan Ra\u021ba<\/a><\/li>\n<li><a href=\"https:\/\/orasul-timisoara.ro\/local-tag\/cultura-timisoara-2\/\">cultur\u0103 Timi\u0219oara<\/a><\/li>\n<li><a href=\"https:\/\/orasul-timisoara.ro\/local-tag\/dan-visovan\/\">Dan Vi\u0219ovan<\/a><\/li>\n<li><a href=\"https:\/\/orasul-timisoara.ro\/local-tag\/fundatia-jecza\/\">Funda\u021bia Jecza<\/a><\/li>\n<li><a href=\"https:\/\/orasul-timisoara.ro\/local-tag\/larisa-sitar\/\">Larisa Sitar<\/a><\/li>\n<li><a href=\"https:\/\/orasul-timisoara.ro\/local-tag\/premiul-peter-jecza\/\">premiul peter jecza<\/a><\/li>\n<li><a href=\"https:\/\/orasul-timisoara.ro\/local-tag\/primaria-timisoara-2\/\">Prim\u0103ria Timi\u0219oara<\/a><\/li>\n<li><a href=\"https:\/\/orasul-timisoara.ro\/local-tag\/sculptura-2\/\">sculptur\u0103<\/a><\/li>\n<li><a href=\"https:\/\/orasul-timisoara.ro\/local-tag\/sculptura-anului-2026\/\">Sculptura Anului 2026<\/a><\/li>\n<li><a href=\"https:\/\/orasul-timisoara.ro\/local-tag\/serban-ionescu\/\">\u0218erban Ionescu<\/a><\/li>\n<li><a href=\"https:\/\/orasul-timisoara.ro\/local-tag\/timisoara-2\/\">timi\u0219oara<\/a><\/li>\n<li><a href=\"https:\/\/orasul-timisoara.ro\/local-tag\/virgil-scripcariu\/\">Virgil Scripcariu<\/a><\/li>\n<li><a href=\"https:\/\/orasul-timisoara.ro\/local-tag\/visit-timisoara-2\/\">Visit Timi\u0219oara<\/a><\/li>\n<\/ul>\n<\/div>\n<div class=\"td-post-sharing-bottom\">\n<div class=\"td-post-sharing-classic\"><iframe title=\"bottomFacebookLike\" frameborder src=\"https:\/\/www.facebook.com\/plugins\/like.php?href=https:\/\/orasul-timisoara.ro\/local-40170\/&amp;layout=button_count&amp;show_faces=false&amp;width=105&amp;action=like&amp;colorscheme=light&amp;height=21\"><\/iframe><\/div>\n<div id=\"td_social_sharing_article_bottom\" class=\"td-post-sharing td-ps-bg td-ps-notext td-post-sharing-style1 \">\n<div class=\"td-post-sharing-visible\"><a class=\"td-social-sharing-button td-social-sharing-button-js td-social-network td-social-facebook\" href=\"https:\/\/www.facebook.com\/sharer.php?u=https%3A%2F%2Forasul-timisoara.ro%2Flocal-40170%2F\" title=\"Facebook\"><\/p>\n<div class=\"td-social-but-text\">Facebook<\/div>\n<p><\/a><a class=\"td-social-sharing-button td-social-sharing-button-js td-social-network td-social-twitter\" href=\"https:\/\/twitter.com\/intent\/tweet?text=Timi%C8%99orenii+aleg+Sculptura+Anului+2026.+Patru+lucr%C4%83ri+sunt+%C3%AEn+final%C4%83&amp;url=https%3A%2F%2Forasul-timisoara.ro%2Flocal-40170%2F&amp;via=orasultm\" title=\"Twitter\"><\/p>\n<div class=\"td-social-but-text\">Twitter<\/div>\n<p><\/a><a class=\"td-social-sharing-button td-social-sharing-button-js td-social-network td-social-whatsapp\" href=\"https:\/\/api.whatsapp.com\/send?text=Timi%C8%99orenii+aleg+Sculptura+Anului+2026.+Patru+lucr%C4%83ri+sunt+%C3%AEn+final%C4%83%20%0A%0A%20https:\/\/orasul-timisoara.ro\/local-40170\/\" title=\"WhatsApp\"><\/p>\n<div class=\"td-social-but-text\">WhatsApp<\/div>\n<p><\/a><a class=\"td-social-sharing-button td-social-sharing-button-js td-social-network td-social-linkedin\" href=\"https:\/\/www.linkedin.com\/shareArticle?mini=true&amp;url=https:\/\/orasul-timisoara.ro\/local-40170\/&amp;title=Timi%C8%99orenii+aleg+Sculptura+Anului+2026.+Patru+lucr%C4%83ri+sunt+%C3%AEn+final%C4%83\" title=\"Linkedin\"><\/p>\n<div class=\"td-social-but-text\">Linkedin<\/div>\n<p><\/a><a class=\"td-social-sharing-button td-social-sharing-button-js td-social-network td-social-reddit\" href=\"https:\/\/reddit.com\/submit?url=https:\/\/orasul-timisoara.ro\/local-40170\/&amp;title=Timi%C8%99orenii+aleg+Sculptura+Anului+2026.+Patru+lucr%C4%83ri+sunt+%C3%AEn+final%C4%83\" title=\"ReddIt\"><\/p>\n<div class=\"td-social-but-text\">ReddIt<\/div>\n<p><\/a><a class=\"td-social-sharing-button td-social-sharing-button-js td-social-network td-social-mail\" href=\"mailto:?subject=Timi%C8%99orenii%20aleg%20Sculptura%20Anului%202026.%20Patru%20lucr%C4%83ri%20sunt%20%C3%AEn%20final%C4%83&amp;body=https:\/\/orasul-timisoara.ro\/local-40170\/\" title=\"Email\"><\/p>\n<div class=\"td-social-but-text\">Email<\/div>\n<p><\/a><a class=\"td-social-sharing-button td-social-sharing-button-js td-social-network td-social-print\" href=\"https:\/\/orasul-timisoara.ro\/local-40170\/\" title=\"Imprimare\"><\/p>\n<div class=\"td-social-but-text\">Imprimare<\/div>\n<p><\/a><\/div>\n<\/div>\n<\/div>\n<div class=\"td-block-row td-post-next-prev\">\n<div class=\"td-block-span6 td-post-prev-post\">\n<div class=\"td-post-next-prev-content\"><span>Articolul precedent<\/span><a href=\"https:\/\/orasul-timisoara.ro\/local-40167\/\">SCM Timi\u0219oara \u2013 Teatrul Na\u021bional, parteneriatul momentului: \u201e\u00cempreun\u0103 scriem urm\u0103torul act\u201d<\/a><\/div>\n<\/div>\n<div class=\"td-block-span6 td-post-next-post\">\n<div class=\"td-post-next-prev-content\"><span>Articolul urm\u0103tor<\/span><a href=\"https:\/\/orasul-timisoara.ro\/local-40173\/\">Unitatea 2 de la Cernavod\u0103, preg\u0103tit\u0103 pentru oprire din cauza secetei<\/a><\/div>\n<\/div>\n<\/div>\n<div class=\"td-author-name vcard author\"><span class=\"fn\"><a href=\"https:\/\/orasul-timisoara.ro\/author\/timisoara\/\">redactia<\/a><\/span><\/div>\n<p><span class=\"td-page-meta\"><\/span><span class=\"td-page-meta\"><span class=\"td-page-meta\"><\/span><\/span><span class=\"td-page-meta\"><\/span><\/footer>\n<div class=\"td_block_wrap td_block_related_posts tdi_3 td_with_ajax_pagination td-pb-border-top td_block_template_8\" data-td-block-uid=\"tdi_3\">\n<h4 class=\"td-related-title td-block-title\"><a id=\"tdi_4\" class=\"td-related-left td-cur-simple-item\" data-td_filter_value data-td_block_id=\"tdi_3\" href=\"https:\/\/orasul-timisoara.ro\/local-40170\/\">ARTICOLE SIMILARE<\/a><a id=\"tdi_5\" class=\"td-related-right\" data-td_filter_value=\"td_related_more_from_author\" data-td_block_id=\"tdi_3\" href=\"https:\/\/orasul-timisoara.ro\/local-40170\/\">DE LA ACELA\u0218I AUTOR<\/a><\/h4>\n<div id=\"tdi_3\" class=\"td_block_inner\">\n<div class=\"td-related-row\">\n<div class=\"td-related-span4\">\n<div class=\"td_module_related_posts td-animation-stack td_mod_related_posts\">\n<div class=\"td-module-image\">\n<div class=\"td-module-thumb\"><a href=\"https:\/\/orasul-timisoara.ro\/local-39664\/\" rel=\"bookmark\" class=\"td-image-wrap \" title=\"Spectacol multimedia la Timi\u0219oara: patrimoniul ora\u0219ului, explorat prin realitate virtual\u0103\"><img loading=\"lazy\" decoding=\"async\" class=\"entry-thumb\" src=\"https:\/\/orasul-timisoara.ro\/wp-content\/uploads\/2026\/07\/WhatsApp-Image-2026-07-13-at-23.13.16-1-436x300.jpg\" alt title=\"Spectacol multimedia la Timi\u0219oara: patrimoniul ora\u0219ului, explorat prin realitate virtual\u0103\" width=\"218\" height=\"150\"><\/a><\/div>\n<\/div>\n<div class=\"item-details\">\n<h3 class=\"entry-title td-module-title\"><a href=\"https:\/\/orasul-timisoara.ro\/local-39664\/\" rel=\"bookmark\" title=\"Spectacol multimedia la Timi\u0219oara: patrimoniul ora\u0219ului, explorat prin realitate virtual\u0103\">Spectacol multimedia la Timi\u0219oara: patrimoniul ora\u0219ului, explorat prin realitate virtual\u0103<\/a><\/h3>\n<\/div>\n<\/div>\n<\/div>\n<div class=\"td-related-span4\">\n<div class=\"td_module_related_posts td-animation-stack td_mod_related_posts\">\n<div class=\"td-module-image\">\n<div class=\"td-module-thumb\"><a href=\"https:\/\/orasul-timisoara.ro\/local-39498\/\" rel=\"bookmark\" class=\"td-image-wrap \" title=\"\u201eDanube Revisited\u201d, o nou\u0103 expozi\u021bie de art\u0103 contemporan\u0103 la Muzeul Apei din Timi\u0219oara\"><img loading=\"lazy\" decoding=\"async\" class=\"entry-thumb\" src=\"https:\/\/orasul-timisoara.ro\/wp-content\/uploads\/2026\/07\/Danube-Revisited_01-436x300.jpg\" alt title=\"\u201eDanube Revisited\u201d, o nou\u0103 expozi\u021bie de art\u0103 contemporan\u0103 la Muzeul Apei din Timi\u0219oara\" width=\"218\" height=\"150\"><\/a><\/div>\n<\/div>\n<div class=\"item-details\">\n<h3 class=\"entry-title td-module-title\"><a href=\"https:\/\/orasul-timisoara.ro\/local-39498\/\" rel=\"bookmark\" title=\"\u201eDanube Revisited\u201d, o nou\u0103 expozi\u021bie de art\u0103 contemporan\u0103 la Muzeul Apei din Timi\u0219oara\">\u201eDanube Revisited\u201d, o nou\u0103 expozi\u021bie de art\u0103 contemporan\u0103 la Muzeul Apei din Timi\u0219oara<\/a><\/h3>\n<\/div>\n<\/div>\n<\/div>\n<div class=\"td-related-span4\">\n<div class=\"td_module_related_posts td-animation-stack td_mod_related_posts\">\n<div class=\"td-module-image\">\n<div class=\"td-module-thumb\"><a href=\"https:\/\/orasul-timisoara.ro\/local-39002\/\" rel=\"bookmark\" class=\"td-image-wrap \" title=\"Alphaville, cap de afi\u0219 al stagiunii estivale ROSARTE 2026. Patru zile de teatru, oper\u0103, film \u0219i muzic\u0103 \u00een Parcul Rozelor din Timi\u0219oara\"><img loading=\"lazy\" decoding=\"async\" class=\"entry-thumb\" src=\"https:\/\/orasul-timisoara.ro\/wp-content\/uploads\/2026\/06\/1-17-436x300.jpg\" alt title=\"Alphaville, cap de afi\u0219 al stagiunii estivale ROSARTE 2026. Patru zile de teatru, oper\u0103, film \u0219i muzic\u0103 \u00een Parcul Rozelor din Timi\u0219oara\" width=\"218\" height=\"150\"><\/a><\/div>\n<\/div>\n<div class=\"item-details\">\n<h3 class=\"entry-title td-module-title\"><a href=\"https:\/\/orasul-timisoara.ro\/local-39002\/\" rel=\"bookmark\" title=\"Alphaville, cap de afi\u0219 al stagiunii estivale ROSARTE 2026. Patru zile de teatru, oper\u0103, film \u0219i muzic\u0103 \u00een Parcul Rozelor din Timi\u0219oara\">Alphaville, cap de afi\u0219 al stagiunii estivale ROSARTE 2026. Patru zile de teatru, oper\u0103, film \u0219i muzic\u0103 \u00een Parcul Rozelor din Timi\u0219oara<\/a><\/h3>\n<\/div>\n<\/div>\n<\/div>\n<\/div>\n<\/div>\n<\/div>\n<div class=\"comments\" id=\"comments\">\n<div id=\"respond\" class=\"comment-respond\">\n<h3 id=\"reply-title\" class=\"comment-reply-title\">L\u0102SA\u021aI UN MESAJ<\/h3>\n<div class=\"comment-form-input-wrap td-form-comment\">\n<div class=\"td-warning-comment\">V\u0103 rug\u0103m s\u0103 introduce\u021bi comentariul dvs.!<\/div>\n<\/div>\n<div class=\"comment-form-input-wrap td-form-author\">\n<div class=\"td-warning-author\">Introduce\u021bi aici numele dvs.<\/div>\n<\/div>\n<div class=\"comment-form-input-wrap td-form-email\">\n<div class=\"td-warning-email-error\">A\u021bi introdus o adres\u0103 de e-mail incorect\u0103!<\/div>\n<div class=\"td-warning-email\">V\u0103 rug\u0103m s\u0103 introduce\u021bi adresa dvs. de e-mail aici<\/div>\n<\/div>\n<\/div>\n<p class=\"akismet_comment_form_privacy_notice\">Acest site folose\u0219te Akismet pentru a reduce spamul. <a href=\"https:\/\/akismet.com\/privacy\/\" target=\"_blank\" rel=\"nofollow noopener\">Afl\u0103 cum sunt procesate datele comentariilor tale<\/a>.<\/p>\n<\/div>\n<\/div>\n<\/div>\n<div class=\"td-pb-span4 td-main-sidebar\" role=\"complementary\">\n<div class=\"td-ss-main-sidebar\">\n<aside id=\"block-4\" class=\"td_block_template_8 widget block-4 widget_block widget_media_image\">\n<figure class=\"wp-block-image size-full\"><img loading=\"lazy\" decoding=\"async\" width=\"336\" height=\"280\" src=\"https:\/\/orasul-timisoara.ro\/wp-content\/uploads\/2024\/11\/ReTIM-Abonamentul-Verde-Google-Ads-336x280px.gif\" alt class=\"wp-image-29257\"><\/figure>\n<\/aside>\n<div class=\"td_block_wrap td_block_social_counter td_block_widget tdi_6 td-social-style5 td-social-boxed td-pb-border-top td_block_template_8\">\n<div class=\"td-block-title-wrap\">\n<h4 class=\"td-block-title\"><span>Urm\u0103re\u0219te-ne pe Social Media<\/span><\/h4>\n<\/div>\n<div class=\"td-social-list\">\n<div class=\"td_social_type td-pb-margin-side td_social_facebook\">\n<div class=\"td-social-box\"><span class=\"td_social_info td_social_info_counter\">344,595<\/span><span class=\"td_social_info td_social_info_name\">Fani<\/span><span class=\"td_social_button\"><a href=\"https:\/\/www.facebook.com\/247timisoara\" target=\"_blank\" rel=\"nofollow\">\u00cemi place<\/a><\/span><\/div>\n<\/div>\n<div class=\"td_social_type td-pb-margin-side td_social_instagram\">\n<div class=\"td-social-box\"><span class=\"td_social_info td_social_info_counter\">4,416<\/span><span class=\"td_social_info td_social_info_name\">Cititori<\/span><span class=\"td_social_button\"><a href=\"https:\/\/instagram.com\/orasultimisoararo\/\" target=\"_blank\" rel=\"nofollow\">Conecta\u021bi-v\u0103<\/a><\/span><\/div>\n<\/div>\n<div class=\"td_social_type td-pb-margin-side td_social_rss\">\n<div class=\"td-social-box\"><span class=\"td_social_info td_social_info_counter\">12,506<\/span><span class=\"td_social_info td_social_info_name\">Cititori<\/span><span class=\"td_social_button\"><a href=\"https:\/\/orasul-timisoara.ro\/feed\/\" target=\"_blank\" rel=\"nofollow\">Conecta\u021bi-v\u0103<\/a><\/span><\/div>\n<\/div>\n<div class=\"td_social_type td-pb-margin-side td_social_tiktok\">\n<div class=\"td-social-box\"><span class=\"td_social_info td_social_info_counter\">1,500<\/span><span class=\"td_social_info td_social_info_name\">Cititori<\/span><span class=\"td_social_button\"><a href=\"https:\/\/www.tiktok.com\/@orasultimisoara\" target=\"_blank\" rel=\"nofollow\">Conecta\u021bi-v\u0103<\/a><\/span><\/div>\n<\/div>\n<div class=\"td_social_type td-pb-margin-side td_social_twitter\">\n<div class=\"td-social-box\"><span class=\"td_social_info td_social_info_counter\">1,595<\/span><span class=\"td_social_info td_social_info_name\">Cititori<\/span><span class=\"td_social_button\"><a href=\"https:\/\/twitter.com\/orasultm\" target=\"_blank\" rel=\"nofollow\">Conecta\u021bi-v\u0103<\/a><\/span><\/div>\n<\/div>\n<div class=\"td_social_type td-pb-margin-side td_social_youtube\">\n<div class=\"td-social-box\"><span class=\"td_social_info td_social_info_counter\">3,506<\/span><span class=\"td_social_info td_social_info_name\">Abona\u021bi<\/span><span class=\"td_social_button\"><a href=\"https:\/\/www.youtube.com\/channel\/UCQNsQvs2XCSIm1Z-AHRturw?sub_confirmation=1\" target=\"_blank\" rel=\"nofollow\">Abona\u021bi-v\u0103<\/a><\/span><\/div>\n<\/div>\n<\/div>\n<\/div>\n<aside id=\"text-7\" class=\"td_block_template_8 widget text-7 widget_text\">\n<h4 class=\"td-block-title\"><span>C\u0103ut\u0103ri populare pe OTM<\/span><\/h4>\n<div class=\"textwidget\"><a href=\"https:\/\/orasul-timisoara.ro\/?s=timisoara\"><span>Timisoara<\/span><\/a><a href=\"https:\/\/orasul-timisoara.ro\/?s=calin+dobra\"><span>Calin Dobra<\/span><\/a><a href=\"https:\/\/orasul-timisoara.ro\/?s=primaria+timisoara\"><span>Primaria Timisoara<\/span><\/a><a href=\"https:\/\/orasul-timisoara.ro\/?s=dominic+fritz\"><span>Dominic Fritz<\/span><\/a><a href=\"https:\/\/orasul-timisoara.ro\/?s=nicolae+robu\"><span>Nicolae Robu<\/span><\/a><a href=\"https:\/\/orasul-timisoara.ro\/?s=consiliul+local+timisoara\">Consiliul Local Timisoara<\/a><a href=\"https:\/\/orasul-timisoara.ro\/?s=consiliul+judetean+timis\"><span>Consiliul Judetean Timis<\/span><\/a><a href=\"https:\/\/orasul-timisoara.ro\/?s=cjt\"><span>CJT<\/span><\/a><a href=\"https:\/\/orasul-timisoara.ro\/?s=Alfred+Simonis\"><span>Alfred Simonis<\/span><\/a><a href=\"https:\/\/orasul-timisoara.ro\/?s=PNL\"><span>PNL<\/span><\/a><a href=\"https:\/\/orasul-timisoara.ro\/?s=coronavirus\"><span>coronavirus<\/span><\/a><a href=\"https:\/\/orasul-timisoara.ro\/?s=teatru+timisoara\">teatru Timisoara<\/a><a href=\"https:\/\/orasul-timisoara.ro\/?s=restaurante\"><span>restaurante Timisoara<\/span><\/a><a href=\"https:\/\/orasul-timisoara.ro\/?s=diskoteka\"><span>Diskoteka<\/span><\/a><a href=\"https:\/\/orasul-timisoara.ro\/?s=iulius+town\"><span>Iulius Town<\/span><\/a><a href=\"https:\/\/orasul-timisoara.ro\/?s=iulius+mall\"><span>Iulius Mall<\/span><\/a><a href=\"https:\/\/orasul-timisoara.ro\/?s=stpt\"><span>STPT<\/span><\/a><a href=\"https:\/\/orasul-timisoara.ro\/?s=alin+nica\"><span>Alin Nica<\/span><\/a><a href=\"https:\/\/orasul-timisoara.ro\/?s=psd\"><span>PSD<\/span><\/a><a href=\"https:\/\/orasul-timisoara.ro\/?s=aeroport\"><span>Aeroportul International Timisoara<\/span><\/a><a href=\"https:\/\/orasul-timisoara.ro\/?s=babes\"><span>Spitalul Victor Babes Timisoara<\/span><\/a><a href=\"https:\/\/orasul-timisoara.ro\/?s=poli\"><span>Poli Timi\u0219oara<\/span><\/a><a href=\"https:\/\/orasul-timisoara.ro\/?s=carantina\"><span>carantina<\/span><\/a><a href=\"https:\/\/orasul-timisoara.ro\/?s=aquatim\"><span>Aquatim<\/span><\/a><a href=\"https:\/\/orasul-timisoara.ro\/local-category\/stiri-timisoara\/\"><span>Stiri Timisoara<\/span><\/a><a href=\"https:\/\/orasul-timisoara.ro\/local-category\/investitii-in-timisoara\/\"><span>Investi\u021bii in Timi\u0219oara<\/span><\/a><a href=\"https:\/\/orasul-timisoara.ro\/local-9463\/\"><span>shaorma<\/span><\/a><a href=\"https:\/\/orasul-timisoara.ro\/?s=trafic\"><span>trafic rutier<\/span><\/a><a href=\"https:\/\/orasul-timisoara.ro\/?s=politia\"><span>politia locala timisoara<\/span><\/a><a href=\"https:\/\/orasul-timisoara.ro\/?s=roxana\"><span>Roxana Iliescu<\/span><\/a><a href=\"https:\/\/orasul-timisoara.ro\/?s=colterm\"><span>Colterm<\/span><\/a><a href=\"https:\/\/orasul-timisoara.ro\/?s=latcau\"><span>Ruben La\u021bc\u0103u<\/span><\/a><a href=\"https:\/\/orasul-timisoara.ro\/?s=timis\"><span>\u0218tiri din Timi\u0219<\/span><\/a><a href=\"https:\/\/orasul-timisoara.ro\/?s=spital\"><span>Spitale din Timi\u0219oara<\/span><\/a><a href=\"https:\/\/orasul-timisoara.ro\/?s=tabara\"><span>Cosmin Tab\u0103r\u0103<\/span><\/a><\/div>\n<\/aside>\n<aside id=\"rss-2\" class=\"td_block_template_8 widget rss-2 widget_rss\">\n<h4 class=\"td-block-title\"><span><a class=\"rsswidget rss-widget-feed\" href=\"https:\/\/fashionfridays.ro\/feed\"><img decoding=\"async\" class=\"rss-widget-icon\" width=\"14\" height=\"14\" src=\"https:\/\/orasul-timisoara.ro\/wp-includes\/images\/rss.png\" alt=\"RSS\" loading=\"lazy\"><\/a><a class=\"rsswidget rss-widget-title\" href=\"https:\/\/fashionfridays.ro\/\">Fashion Fridays<\/a><\/span><\/h4>\n<ul>\n<li><a class=\"rsswidget\" href=\"https:\/\/fashionfridays.ro\/romania-devine-a-29-a-piata-vogue-o-noua-era-pentru-industria-locala-de-moda\/\">Rom\u00e2nia devine a 29-a pia\u021b\u0103 Vogue: o nou\u0103 er\u0103 pentru industria local\u0103 de mod\u0103<\/a>\n<div class=\"rssSummary\">Revista Vogue \u00ee\u0219i extinde prezen\u021ba global\u0103 \u0219i va fi lansat\u0103 oficial \u00een Rom\u00e2nia \u00een prim\u0103vara anului 2027, marc\u00e2nd intrarea pe cea de-a 29-a pia\u021b\u0103 interna\u021bional\u0103. Proiectul este realizat \u00een parteneriat cu AEMME Publishing, o companie media recent \u00eenfiin\u021bat\u0103, care va publica edi\u021bia local\u0103 sub licen\u021b\u0103. Noua edi\u021bie, Vogue Rom\u00e2nia, \u00ee\u0219i propune s\u0103 combine autoritatea global\u0103 [\u2026]<\/div>\n<\/li>\n<\/ul>\n<\/aside>\n<aside id=\"rss-4\" class=\"td_block_template_8 widget rss-4 widget_rss\">\n<h4 class=\"td-block-title\"><span><a class=\"rsswidget rss-widget-feed\" href=\"https:\/\/emasini.ro\/feed\"><img decoding=\"async\" class=\"rss-widget-icon\" width=\"14\" height=\"14\" src=\"https:\/\/orasul-timisoara.ro\/wp-includes\/images\/rss.png\" alt=\"RSS\" loading=\"lazy\"><\/a><a class=\"rsswidget rss-widget-title\" href=\"https:\/\/emasini.ro\/\">eMasini<\/a><\/span><\/h4>\n<ul>\n<li><a class=\"rsswidget\" href=\"https:\/\/emasini.ro\/bmw-testeaza-noul-i4-convertible-primul-cabrio-electric-accesibil-al-marcii\/\">BMW testeaz\u0103 noul i4 Convertible, primul cabrio electric accesibil al m\u0103rcii<\/a>\n<div class=\"rssSummary\">BMW accelereaz\u0103 dezvoltarea noii genera\u021bii de modele electrice bazate pe platforma Neue Klasse, iar unul dintre cele mai interesante proiecte aflate \u00een teste este viitorul BMW i4 Convertible. Prototipul camuflat a fost surprins pe \u0219osele, confirm\u00e2nd c\u0103 produc\u0103torul german preg\u0103te\u0219te o decapotabil\u0103 electric\u0103 destinat\u0103 unui segment \u00een care oferta este, \u00een prezent, extrem de limitat\u0103. [\u2026]<\/div>\n<\/li>\n<\/ul>\n<\/aside>\n<\/div>\n<\/div>\n<\/div>\n<\/div>\n<\/article>\n<div class=\"td-post-content tagdiv-type\">\n<p class=\"wp-block-paragraph\">Timi\u0219orenii \u0219i iubitorii de art\u0103 pot decide c\u00e2\u0219tig\u0103toarea Premiului Peter Jecza pentru Sculptura Anului 2026. Votarea publicului a \u00eenceput pe 8 august \u0219i se desf\u0103\u0219oar\u0103 p\u00e2n\u0103 pe 3 septembrie, ora 23:59, iar \u00een competi\u021bia final\u0103 au r\u0103mas patru lucr\u0103ri semnate de arti\u0219ti rom\u00e2ni.<\/p>\n<p class=\"wp-block-paragraph\">Premiul este acordat \u00een cadrul unei ini\u021biative dedicate promov\u0103rii sculpturii contemporane, iar lucrarea care va ob\u021bine cele mai multe voturi va primi titlul de Sculptura Anului 2026 \u0219i va fi expus\u0103 ulterior \u00een spa\u021biul public din Timi\u0219oara. Rezultatul va fi anun\u021bat pe 4 septembrie, de la ora 11:00, \u00een cadrul unei transmisiuni live pe Facebook.<\/p>\n<h2 class=\"wp-block-heading\">Patru lucr\u0103ri concureaz\u0103 pentru Sculptura Anului 2026<\/h2>\n<p class=\"wp-block-paragraph\">\u00cen etapa final\u0103 a competi\u021biei au fost selectate patru propuneri artistice. Acestea sunt \u201eTurn\u0103torie\u201d, realizat\u0103 de \u0218erban Ionescu, \u201eSculpturi t\u0103iate\u201d, semnat\u0103 de Bogdan Ra\u021ba \u0219i Dan Vi\u0219ovan, \u201eRefugiu\u201d, realizat\u0103 de Virgil Scripcariu, \u0219i \u201eFiguri \u0219ez\u00e2nd\u201d, crea\u021bia Larisei Sitar.<\/p>\n<p class=\"wp-block-paragraph\">Cele patru lucr\u0103ri reprezint\u0103 direc\u021bii artistice distincte \u0219i intr\u0103 \u00een ultima etap\u0103 a competi\u021biei, \u00een care alegerea apar\u021bine publicului.<\/p>\n<p class=\"wp-block-paragraph\">Votul poate fi exprimat online, prin intermediul formularului pus la dispozi\u021bie de organizatori. Participarea publicului este deschis\u0103 pe \u00eentreaga perioad\u0103 stabilit\u0103 pentru aceast\u0103 etap\u0103 a competi\u021biei.<\/p>\n<h2 class=\"wp-block-heading\">\u201eTurn\u0103torie\u201d, lucrarea lui \u0218erban Ionescu<\/h2>\n<p class=\"wp-block-paragraph\">Printre finaliste se afl\u0103 lucrarea \u201eTurn\u0103torie\u201d, semnat\u0103 de \u0218erban Ionescu. Artistul concureaz\u0103 pentru Premiul Peter Jecza cu o crea\u021bie care face parte din selec\u021bia final\u0103 a edi\u021biei din 2026.<\/p>\n<p class=\"wp-block-paragraph\">Lucrarea este una dintre cele patru propuneri dintre care publicul poate alege Sculptura Anului. Voturile exprimate p\u00e2n\u0103 la \u00eencheierea perioadei de consultare vor stabili c\u00e2\u0219tig\u0103torul competi\u021biei.<\/p>\n<h2 class=\"wp-block-heading\">Bogdan Ra\u021ba \u0219i Dan Vi\u0219ovan, finali\u0219ti cu \u201eSculpturi t\u0103iate\u201d<\/h2>\n<p class=\"wp-block-paragraph\">\u201eSculpturi t\u0103iate\u201d este proiectul prezentat \u00een competi\u021bie de Bogdan Ra\u021ba \u0219i Dan Vi\u0219ovan. Cei doi arti\u0219ti au ajuns \u00een etapa final\u0103 al\u0103turi de ceilal\u021bi trei participan\u021bi selecta\u021bi.<\/p>\n<p class=\"wp-block-paragraph\">Publicul poate analiza cele patru propuneri \u0219i poate vota lucrarea pe care o consider\u0103 potrivit\u0103 pentru titlul de Sculptura Anului 2026.<\/p>\n<h2 class=\"wp-block-heading\">\u201eRefugiu\u201d, propunerea lui Virgil Scripcariu<\/h2>\n<p class=\"wp-block-paragraph\">Virgil Scripcariu este prezent \u00een finala competi\u021biei cu lucrarea \u201eRefugiu\u201d. Sculptorul se num\u0103r\u0103 astfel printre cei patru arti\u0219ti ale c\u0103ror lucr\u0103ri pot fi alese de public pentru edi\u021bia din acest an a Premiului Peter Jecza.<\/p>\n<p class=\"wp-block-paragraph\">Votul publicului va avea un rol decisiv \u00een desemnarea c\u00e2\u0219tig\u0103torului, iar lucrarea care se va impune va ajunge ulterior \u00een spa\u021biul public al Timi\u0219oarei.<\/p>\n<h2 class=\"wp-block-heading\">Larisa Sitar particip\u0103 cu \u201eFiguri \u0219ez\u00e2nd\u201d<\/h2>\n<p class=\"wp-block-paragraph\">Cea de-a patra finalist\u0103 este Larisa Sitar, cu lucrarea \u201eFiguri \u0219ez\u00e2nd\u201d. Crea\u021bia sa completeaz\u0103 selec\u021bia final\u0103 pentru edi\u021bia 2026 a premiului dedicat sculpturii.<\/p>\n<p class=\"wp-block-paragraph\">Alegerea c\u00e2\u0219tig\u0103torului va fi f\u0103cut\u0103 prin cumularea voturilor publicului, iar rezultatul va fi f\u0103cut public \u00een cadrul evenimentului online programat pentru 4 septembrie.<\/p>\n<h2 class=\"wp-block-heading\">Votul se \u00eencheie pe 3 septembrie<\/h2>\n<p class=\"wp-block-paragraph\">Perioada de votare se desf\u0103\u0219oar\u0103 \u00eentre 8 august \u0219i 3 septembrie 2026, ora 23:59. Cei care doresc s\u0103 participe la alegerea c\u00e2\u0219tig\u0103torului trebuie s\u0103 \u00ee\u0219i exprime op\u021biunea \u00eenainte de expirarea termenului stabilit de organizatori.<\/p>\n<p class=\"wp-block-paragraph\">Votul este disponibil online, prin formularul dedicat competi\u021biei. Organizatorii \u00eei \u00eencurajeaz\u0103 pe cei interesa\u021bi de art\u0103 \u0219i de via\u021ba cultural\u0103 a Timi\u0219oarei s\u0103 se implice \u00een desemnarea lucr\u0103rii care va fi prezentat\u0103 ulterior \u00een spa\u021biul public.<\/p>\n<h2 class=\"wp-block-heading\">C\u00e2\u0219tig\u0103torul va fi anun\u021bat pe 4 septembrie<\/h2>\n<p class=\"wp-block-paragraph\">Rezultatul competi\u021biei va fi anun\u021bat pe 4 septembrie, la ora 11:00, \u00eentr-o transmisiune live pe Facebook. Atunci va fi cunoscut\u0103 lucrarea care a primit cele mai multe voturi \u0219i care va deveni Sculptura Anului 2026.<\/p>\n<p class=\"wp-block-paragraph\">Pe l\u00e2ng\u0103 desemnarea c\u00e2\u0219tig\u0103torului, participarea la vot le ofer\u0103 \u0219i celor care \u00ee\u0219i exprim\u0103 op\u021biunea \u0219ansa de a primi, prin tragere la sor\u021bi, o lucrare de art\u0103 \u00een valoare de 1.000 de euro.<\/p>\n<h2 class=\"wp-block-heading\">Premiul Peter Jecza aduce sculptura \u00een spa\u021biul public<\/h2>\n<p class=\"wp-block-paragraph\">Premiul Peter Jecza pentru Sculptura Anului este o ini\u021biativ\u0103 a UniCredit Bank Rom\u00e2nia \u0219i Funda\u021biei Jecza, realizat\u0103 al\u0103turi de NEPI Rockcastle \u0219i Shopping City Timi\u0219oara, cu Prim\u0103ria Municipiului Timi\u0219oara \u00een calitate de partener.<\/p>\n<p class=\"wp-block-paragraph\">Prin mecanismul competi\u021biei, publicul este implicat direct \u00een alegerea unei lucr\u0103ri care va ajunge \u00een spa\u021biul public al ora\u0219ului. Astfel, procesul de selec\u021bie nu se limiteaz\u0103 la mediul artistic, ci include \u0219i comunitatea local\u0103 \u00een stabilirea lucr\u0103rii care va reprezenta edi\u021bia din 2026.<\/p>\n<h2 class=\"wp-block-heading\">Cum poate fi exprimat votul<\/h2>\n<p class=\"wp-block-paragraph\">Persoanele care doresc s\u0103 participe la alegerea Sculpturii Anului 2026 pot vota online, acces\u00e2nd formularul pus la dispozi\u021bie de Funda\u021bia Jecza. Votarea r\u0103m\u00e2ne deschis\u0103 p\u00e2n\u0103 pe 3 septembrie, la ora 23:59.<\/p>\n<p class=\"wp-block-paragraph\">Cele patru lucr\u0103ri finaliste sunt \u201eTurn\u0103torie\u201d \u2013 \u0218erban Ionescu, \u201eSculpturi t\u0103iate\u201d \u2013 Bogdan Ra\u021ba \u0219i Dan Vi\u0219ovan, \u201eRefugiu\u201d \u2013 Virgil Scripcariu \u0219i \u201eFiguri \u0219ez\u00e2nd\u201d \u2013 Larisa Sitar. Una dintre acestea va fi desemnat\u0103 Sculptura Anului 2026 \u0219i va fi expus\u0103 \u00een spa\u021biul public al Timi\u0219oarei.<\/p>\n<\/div>\n<p>[analyse_source url=&#8221;https:\/\/orasul-timisoara.ro\/local-40170\/&#8221;]<\/p>\n","protected":false},"excerpt":{"rendered":"<p>[analyse_image type=&#8221;featured&#8221; src=&#8221;https:\/\/orasul-timisoara.ro\/wp-content\/uploads\/2026\/08\/768420754_18462547264118913_2551155172803193815_n.jpg&#8221;] Evenimente in TimisoaraTimi\u0219orenii aleg Sculptura Anului 2026. Patru lucr\u0103ri sunt \u00een final\u0103 Evenimente in Timisoara \u0218tiri Locale Timi\u0219orenii aleg Sculptura Anului 2026. Patru lucr\u0103ri sunt \u00een final\u0103 De c\u0103tre redactia &#8211; 11\/08\/2026 Facebook Twitter WhatsApp Linkedin ReddIt Email Imprimare Timi\u0219orenii \u0219i iubitorii de art\u0103 pot decide c\u00e2\u0219tig\u0103toarea Premiului Peter Jecza pentru Sculptura [&hellip;]<\/p>\n","protected":false},"author":1,"featured_media":0,"comment_status":"open","ping_status":"","sticky":false,"template":"","format":"standard","meta":{"footnotes":""},"categories":[89],"tags":[226,189],"class_list":["post-2088005","post","type-post","status-publish","format-standard","hentry","category-romania","tag-crawlmanager","tag-orasul-timisoara-ro"],"_links":{"self":[{"href":"https:\/\/analyse.optim.biz\/index.php?rest_route=\/wp\/v2\/posts\/2088005","targetHints":{"allow":["GET"]}}],"collection":[{"href":"https:\/\/analyse.optim.biz\/index.php?rest_route=\/wp\/v2\/posts"}],"about":[{"href":"https:\/\/analyse.optim.biz\/index.php?rest_route=\/wp\/v2\/types\/post"}],"author":[{"embeddable":true,"href":"https:\/\/analyse.optim.biz\/index.php?rest_route=\/wp\/v2\/users\/1"}],"replies":[{"embeddable":true,"href":"https:\/\/analyse.optim.biz\/index.php?rest_route=%2Fwp%2Fv2%2Fcomments&post=2088005"}],"version-history":[{"count":0,"href":"https:\/\/analyse.optim.biz\/index.php?rest_route=\/wp\/v2\/posts\/2088005\/revisions"}],"wp:attachment":[{"href":"https:\/\/analyse.optim.biz\/index.php?rest_route=%2Fwp%2Fv2%2Fmedia&parent=2088005"}],"wp:term":[{"taxonomy":"category","embeddable":true,"href":"https:\/\/analyse.optim.biz\/index.php?rest_route=%2Fwp%2Fv2%2Fcategories&post=2088005"},{"taxonomy":"post_tag","embeddable":true,"href":"https:\/\/analyse.optim.biz\/index.php?rest_route=%2Fwp%2Fv2%2Ftags&post=2088005"}],"curies":[{"name":"wp","href":"https:\/\/api.w.org\/{rel}","templated":true}]}}