{"id":2088003,"date":"2026-08-11T09:38:48","date_gmt":"2026-08-11T06:38:48","guid":{"rendered":"https:\/\/analyse.optim.biz\/?p=2088003"},"modified":"2026-08-11T09:38:48","modified_gmt":"2026-08-11T06:38:48","slug":"psd-nu-are-obiceiul-de-a-se-gandi-de-pe-locul-2-pentru-ca-nu-a-fost-acolo-zice-florin-manole","status":"publish","type":"post","link":"https:\/\/analyse.optim.biz\/?p=2088003","title":{"rendered":"PSD nu are obiceiul de a se g\u00e2ndi de pe locul 2 pentru c\u0103 nu a fost acolo, zice Florin Manole"},"content":{"rendered":"<p>[analyse_image type=&#8221;featured&#8221; src=&#8221;https:\/\/ziardesuceava.ro\/wp-content\/uploads\/2026\/08\/79742.webp-1015&#215;1024.jpeg&#8221;]<\/p>\n<div class=\"post-content clearfix\">\n<div class=\"blog-post-thumb\"><img loading=\"lazy\" decoding=\"async\" width=\"1112\" height=\"694\" src=\"https:\/\/ziardesuceava.ro\/wp-content\/uploads\/2026\/08\/79742.webp-1112x694.jpeg\" class=\"attachment-inhype-blog-thumb size-inhype-blog-thumb wp-post-image\" alt><\/div>\n<div class=\"entry-content\">\n<div>\n<p class=\"fara-orfani lead\">Partidul aflat pe primul loc \u00een Parlament trebuie s\u0103 fie \u00een guvern, cu sau f\u0103r\u0103 premierul, a declarat mar\u021bi deputatul PSD Florin Manole.<\/p>\n<div class=\"continut-articol\">\n<p>\u00centrebat despre discu\u021biile de mar\u021bi de la Cotroceni care vor viza \u0219i formarea unui nou guvern, Florin Manole a precizat c\u0103 p\u0103rerea lui personal\u0103 este c\u0103 \u201dnormalitatea \u0219i toate manualele de \u0219tiin\u021be politice ne spun c\u0103 partidul care e pe primul loc \u00een Parlament, \u00een orice \u021bar\u0103 civilizat\u0103 din lume, trebuie s\u0103 fie \u00een guvern\u201d.<\/p>\n<p> PSD a dovedit c\u0103 poate fi \u00een guvern \u0219i cu premier \u0219i f\u0103r\u0103 premier, a spus Manole.<\/p>\n<p>\u00centrebat partidul num\u0103rul 2 din Parlament ar trebuie s\u0103 fie \u00een guvern \u00eempreun\u0103 cu partidul num\u0103rul 1, Florin Manole a replicat: \u201dNu am obiceiul de a m\u0103 g\u00e2ndi de pe locul 2 pentru c\u0103 nu am fost acolo.\u201d <\/p>\n<p>\u201dEste firesc s\u0103 fii \u00een guvern c\u00e2nd e\u0219ti pe locul 1. Este o discu\u021bie despre locul 2 dar m\u0103 amuz\u0103 concluzii c\u0103 trebuie s\u0103 conduci guvernul dup\u0103 3 \u0219i 4. De ce nu dup\u0103 5? De ce nu dup\u0103 7? Haide\u021bi s\u0103 nu uit\u0103m totu\u0219i c\u0103 diferen\u021ba \u00eentre circunscrip\u021bia respectabil\u0103, Oradea, unde PNL avea 60%, \u0219i Rom\u00e2nia, unde PNL are 15%, este consistent\u0103. Trebuie s\u0103 se obi\u0219nuiasc\u0103, cred, toate partidele din Rom\u00e2nia cu o realitate care merge \u00een trendul european, al guvernelor de coali\u021bii mai largi dec\u00e2t dou\u0103 partide. Asta ne arat\u0103 realitatea european\u0103 \u00een foarte multe \u021b\u0103ri. Asta \u00eenseamn\u0103 consens, asta \u00eenseamn\u0103 dialog \u0219i asta \u00eenseamn\u0103 c\u0103 niciodat\u0103 solu\u021biile nu sunt 100% la un singur om, indiferent cum \u00eel cheam\u0103 pe Ilie Bolojan\u201d, q continuat Manole.<\/p>\n<\/div>\n<\/div>\n<\/div>\n<div class=\"inhype-social-share-fixed sidebar-position-right\">\n<div class=\"post-social-wrapper\">\n<div class=\"post-social-title\"><span class=\"post-social-title-text\">Share<\/span><\/div>\n<\/div>\n<\/div>\n<\/div>\n<p>[analyse_source url=&#8221;https:\/\/ziardesuceava.ro\/psd-nu-are-obiceiul-de-a-se-gandi-de-pe-locul-2-pentru-ca-nu-a-fost-acolo-zice-florin-manole\/&#8221;]<\/p>\n","protected":false},"excerpt":{"rendered":"<p>[analyse_image type=&#8221;featured&#8221; src=&#8221;https:\/\/ziardesuceava.ro\/wp-content\/uploads\/2026\/08\/79742.webp-1015&#215;1024.jpeg&#8221;] Partidul aflat pe primul loc \u00een Parlament trebuie s\u0103 fie \u00een guvern, cu sau f\u0103r\u0103 premierul, a declarat mar\u021bi deputatul PSD Florin Manole. \u00centrebat despre discu\u021biile de mar\u021bi de la Cotroceni care vor viza \u0219i formarea unui nou guvern, Florin Manole a precizat c\u0103 p\u0103rerea lui personal\u0103 este c\u0103 \u201dnormalitatea \u0219i toate [&hellip;]<\/p>\n","protected":false},"author":1,"featured_media":0,"comment_status":"open","ping_status":"","sticky":false,"template":"","format":"standard","meta":{"footnotes":""},"categories":[89],"tags":[226,171],"class_list":["post-2088003","post","type-post","status-publish","format-standard","hentry","category-romania","tag-crawlmanager","tag-ziardesuceava-ro"],"_links":{"self":[{"href":"https:\/\/analyse.optim.biz\/index.php?rest_route=\/wp\/v2\/posts\/2088003","targetHints":{"allow":["GET"]}}],"collection":[{"href":"https:\/\/analyse.optim.biz\/index.php?rest_route=\/wp\/v2\/posts"}],"about":[{"href":"https:\/\/analyse.optim.biz\/index.php?rest_route=\/wp\/v2\/types\/post"}],"author":[{"embeddable":true,"href":"https:\/\/analyse.optim.biz\/index.php?rest_route=\/wp\/v2\/users\/1"}],"replies":[{"embeddable":true,"href":"https:\/\/analyse.optim.biz\/index.php?rest_route=%2Fwp%2Fv2%2Fcomments&post=2088003"}],"version-history":[{"count":0,"href":"https:\/\/analyse.optim.biz\/index.php?rest_route=\/wp\/v2\/posts\/2088003\/revisions"}],"wp:attachment":[{"href":"https:\/\/analyse.optim.biz\/index.php?rest_route=%2Fwp%2Fv2%2Fmedia&parent=2088003"}],"wp:term":[{"taxonomy":"category","embeddable":true,"href":"https:\/\/analyse.optim.biz\/index.php?rest_route=%2Fwp%2Fv2%2Fcategories&post=2088003"},{"taxonomy":"post_tag","embeddable":true,"href":"https:\/\/analyse.optim.biz\/index.php?rest_route=%2Fwp%2Fv2%2Ftags&post=2088003"}],"curies":[{"name":"wp","href":"https:\/\/api.w.org\/{rel}","templated":true}]}}