{"id":2088002,"date":"2026-08-11T14:50:28","date_gmt":"2026-08-11T11:50:28","guid":{"rendered":"https:\/\/analyse.optim.biz\/?p=2088002"},"modified":"2026-08-11T14:50:28","modified_gmt":"2026-08-11T11:50:28","slug":"video-lucrari-la-linia-de-tramvai-de-la-parcul-copiilor-stpt-vrea-sa-vada-de-ce-s-a-lasat","status":"publish","type":"post","link":"https:\/\/analyse.optim.biz\/?p=2088002","title":{"rendered":"VIDEO. Lucr\u0103ri la linia de tramvai de la Parcul Copiilor. STPT vrea s\u0103 vad\u0103 de ce s-a l\u0103sat"},"content":{"rendered":"<p>[analyse_image type=&#8221;featured&#8221; src=&#8221;https:\/\/www.tion.ro\/wp-content\/uploads\/2026\/08\/+otf\/1200&#215;630\/0opBT8CwKKvmivg5HFr0yk5PVF9WRVJZX1NFQ7044CCXxJLPtVElM6n4gKV3Ls8TwR9h0ANKi3nuHdlTFXQMZmbW7dlWIqZsx2PPdk__Hwr1K0ZutQGZxkDnDnQU=\/6459765collage.png&#8221;]<\/p>\n<article id=\"post-2332245\" class>\n<div class=\"entry-content clearfix\">\n<div class=\"enewsArticleContent\">\n<p>Pentru c\u0103, odat\u0103 cu lucr\u0103rile din Pia\u021ba Traian, tramvaiele nu mai circul\u0103 pe bulevardul Revolu\u021biei din 1989, Societatea de Transport Public Timi\u0219oara (STPT) s-a apucat de lucr\u0103ri la linia din fa\u021ba Parcului Copiilor, la intersec\u021bia de l\u00e2ng\u0103 prefectur\u0103. \u0218inele s-au l\u0103sat \u00een timp, iar societatea caut\u0103 s\u0103 g\u0103seasc\u0103 motivul.<\/p>\n<blockquote>\n<p>\u201eFolosim fereastra \u00een care tramvaiele nu circul\u0103 pe bulevardul Revolu\u021biei din 1989 pentru a rezolva o problem\u0103 punctual\u0103. La intersec\u021bia Filipescu cu Revolu\u021biei, linia de tramvai s-a l\u0103sat. Societatea de Transport Public Timi\u0219oara a \u00eenceput desfacerea pl\u0103cii de beton de la \u0219ine ca s\u0103 vedem exact care e cauza. Dac\u0103 nu sunt probleme la re\u021belele de utilit\u0103\u021bi, refacem placa \u0219i aducem linia la nivel. Graficul va fi schimbat \u00eens\u0103 dac\u0103 sunt necesare \u0219i lucr\u0103ri la re\u021bele\u201d, transmite viceprimarul Ruben La\u021bc\u0103u.<\/p>\n<\/blockquote>\n<p><iframe loading=\"lazy\" src=\"https:\/\/www.facebook.com\/plugins\/video.php?height=476&amp;href=https%3A%2F%2Fwww.facebook.com%2Freel%2F2300725857419270%2F&amp;show_text=false&amp;width=267&amp;t=0\" width=\"267\" height=\"476\" frameborder scrolling=\"no\" allowfullscreen=\"allowfullscreen\"><\/iframe>;<\/p>\n<p>V\u0103 amintim, din cauza lucr\u0103rilor la linia de tramvai, Prim\u0103ria Timi\u0219oara anun\u021ba \u00eenc\u0103 de s\u0103pt\u0103m\u00e2na trecut\u0103 <strong><a href=\"https:\/\/www.tion.ro\/stirile-judetului-timis\/noi-restrictii-de-circulatie-in-timisoara-de-luni-o-noua-etapa-de-rebreanu-si-interventii-la-linia-de-tramvai-pe-langa-prefectura-2331021\/\" target=\"_blank\" rel=\"noopener\">restric\u021bii de circula\u021bie la intersec\u021bia bulevardului Revolu\u021biei din 1989 cu strada Nicu Filipescu<\/a><\/strong>. Acestea se vor \u00eentinde p\u00e2n\u0103 \u00een prima parte a lunii septembrie.<\/p>\n<p>\u00cen ceea ce prive\u0219te lucr\u0103rile din Traian, pentru c\u0103 <strong><a href=\"https:\/\/www.tion.ro\/stirile-judetului-timis\/din-august-se-refac-sinele-din-traian-anul-acesta-nu-vor-mai-circula-tramvaie-intre-piata-700-si-fabric-2316579\/\" target=\"_blank\" rel=\"noopener\">de la \u00eenceputul lunii se intervine \u0219i spre Parcul Poporului<\/a><\/strong>, a fost anun\u021bat faptul c\u0103, p\u00e2n\u0103 la finalul anului, nu vor mai circula tramvaie \u00eentre Pia\u021ba 700, Pia\u021ba Traian \u0219i Sta\u021bia Meteo.<\/p>\n<div class=\"fbShareLikeTwitterAndEmailContainer\">\n<div class=\"wrapper\">\n<div class=\"email\">\n<div id=\"mailto-pop\" class=\"pop-form pop-form-mailto\">\n<div class=\"pop-form-header\">\n<h4>Trimite articolul<\/h4>\n<p><a class=\"pop-form-close\">X<\/a><\/div>\n<\/div>\n<\/div>\n<\/div>\n<\/div>\n<div class=\"tagsContainer\">\n<div class=\"tagsLabel\">Taguri:<\/div>\n<div class=\"tags\">\n<div class=\"tag\"><a href=\"https:\/\/www.tion.ro\/cimke\/bulevardul-revolutiei-din-1989\" rel=\"tag\"><span class=\"link\">bulevardul Revolu\u021biei din 1989<\/span><span class=\"separator\">,<\/span><\/a><\/div>\n<div class=\"tag\"><a href=\"https:\/\/www.tion.ro\/cimke\/stpt\" rel=\"tag\"><span class=\"link\">stpt<\/span><span class=\"separator\">,<\/span><\/a><\/div>\n<div class=\"tag\"><a href=\"https:\/\/www.tion.ro\/cimke\/tramvai-timisoara\" rel=\"tag\"><span class=\"link\">tramvai timisoara<\/span><\/a><\/div>\n<\/div>\n<\/div>\n<div class=\"comments\">\n<div class=\"top\">\n<div class=\"commentsNumber\"><span class=\"number\">0<\/span><span class=\"text\">Comentarii<\/span><\/div>\n<\/div>\n<div class=\"center\">\n<div id=\"respond\" class=\"comment-respond\">\n<h3 id=\"reply-title\" class=\"comment-reply-title\"><small><a rel=\"nofollow\" id=\"cancel-comment-reply-link\" href=\"https:\/\/www.tion.ro\/stirile-judetului-timis\/video-lucrari-la-linia-de-tramvai-de-la-parcul-copiilor-stpt-vrea-sa-vada-de-ce-s-a-lasat-2332245\/#respond\">Cancel reply<\/a><\/small><\/h3>\n<p class=\"comment-notes\"><span id=\"email-notes\">Your email address will not be published.<\/span><span class=\"required-field-message\">Required fields are marked <span class=\"required\">*<\/span><\/span><\/p>\n<p class=\"commentFormComment\"><span id=\"commentFormCount\"><br \/>\n                            inca<br \/>\n                            <span id=\"countCommentText\">1000<\/span><br \/>\n                            caractere ramase<br \/>\n                        <\/span><\/p>\n<\/div>\n<\/div>\n<div class=\"bottom\">\n<p class=\"forumDisclaimerHuRo\">\n            Citi\u021bi principiile noastre de moderare <a href=\"https:\/\/www.tion.ro\/reguli-postare-comentarii\/\" target=\"_blank\">aici<\/a>!\n        <\/p>\n<\/div>\n<\/div>\n<\/div>\n<\/div>\n<\/article>\n<div class=\"entry-content clearfix\">\n<div class=\"enewsArticleContent\">\n<p>Pentru c\u0103, odat\u0103 cu lucr\u0103rile din Pia\u021ba Traian, tramvaiele nu mai circul\u0103 pe bulevardul Revolu\u021biei din 1989, Societatea de Transport Public Timi\u0219oara (STPT) s-a apucat de lucr\u0103ri la linia din fa\u021ba Parcului Copiilor, la intersec\u021bia de l\u00e2ng\u0103 prefectur\u0103. \u0218inele s-au l\u0103sat \u00een timp, iar societatea caut\u0103 s\u0103 g\u0103seasc\u0103 motivul.<\/p>\n<blockquote>\n<p>\u201eFolosim fereastra \u00een care tramvaiele nu circul\u0103 pe bulevardul Revolu\u021biei din 1989 pentru a rezolva o problem\u0103 punctual\u0103. La intersec\u021bia Filipescu cu Revolu\u021biei, linia de tramvai s-a l\u0103sat. Societatea de Transport Public Timi\u0219oara a \u00eenceput desfacerea pl\u0103cii de beton de la \u0219ine ca s\u0103 vedem exact care e cauza. Dac\u0103 nu sunt probleme la re\u021belele de utilit\u0103\u021bi, refacem placa \u0219i aducem linia la nivel. Graficul va fi schimbat \u00eens\u0103 dac\u0103 sunt necesare \u0219i lucr\u0103ri la re\u021bele\u201d, transmite viceprimarul Ruben La\u021bc\u0103u.<\/p>\n<\/blockquote>\n<p><iframe loading=\"lazy\" src=\"https:\/\/www.facebook.com\/plugins\/video.php?height=476&amp;href=https%3A%2F%2Fwww.facebook.com%2Freel%2F2300725857419270%2F&amp;show_text=false&amp;width=267&amp;t=0\" width=\"267\" height=\"476\" frameborder scrolling=\"no\" allowfullscreen=\"allowfullscreen\"><\/iframe>;<\/p>\n<p>V\u0103 amintim, din cauza lucr\u0103rilor la linia de tramvai, Prim\u0103ria Timi\u0219oara anun\u021ba \u00eenc\u0103 de s\u0103pt\u0103m\u00e2na trecut\u0103 <strong><a href=\"https:\/\/www.tion.ro\/stirile-judetului-timis\/noi-restrictii-de-circulatie-in-timisoara-de-luni-o-noua-etapa-de-rebreanu-si-interventii-la-linia-de-tramvai-pe-langa-prefectura-2331021\/\" target=\"_blank\" rel=\"noopener\">restric\u021bii de circula\u021bie la intersec\u021bia bulevardului Revolu\u021biei din 1989 cu strada Nicu Filipescu<\/a><\/strong>. Acestea se vor \u00eentinde p\u00e2n\u0103 \u00een prima parte a lunii septembrie.<\/p>\n<p>\u00cen ceea ce prive\u0219te lucr\u0103rile din Traian, pentru c\u0103 <strong><a href=\"https:\/\/www.tion.ro\/stirile-judetului-timis\/din-august-se-refac-sinele-din-traian-anul-acesta-nu-vor-mai-circula-tramvaie-intre-piata-700-si-fabric-2316579\/\" target=\"_blank\" rel=\"noopener\">de la \u00eenceputul lunii se intervine \u0219i spre Parcul Poporului<\/a><\/strong>, a fost anun\u021bat faptul c\u0103, p\u00e2n\u0103 la finalul anului, nu vor mai circula tramvaie \u00eentre Pia\u021ba 700, Pia\u021ba Traian \u0219i Sta\u021bia Meteo.<\/p>\n<div class=\"fbShareLikeTwitterAndEmailContainer\">\n<div class=\"wrapper\">\n<div class=\"email\">\n<div id=\"mailto-pop\" class=\"pop-form pop-form-mailto\">\n<div class=\"pop-form-header\">\n<h4>Trimite articolul<\/h4>\n<p><a class=\"pop-form-close\">X<\/a><\/div>\n<\/div>\n<\/div>\n<\/div>\n<\/div>\n<div class=\"tagsContainer\">\n<div class=\"tagsLabel\">Taguri:<\/div>\n<div class=\"tags\">\n<div class=\"tag\"><a href=\"https:\/\/www.tion.ro\/cimke\/bulevardul-revolutiei-din-1989\" rel=\"tag\"><span class=\"link\">bulevardul Revolu\u021biei din 1989<\/span><span class=\"separator\">,<\/span><\/a><\/div>\n<div class=\"tag\"><a href=\"https:\/\/www.tion.ro\/cimke\/stpt\" rel=\"tag\"><span class=\"link\">stpt<\/span><span class=\"separator\">,<\/span><\/a><\/div>\n<div class=\"tag\"><a href=\"https:\/\/www.tion.ro\/cimke\/tramvai-timisoara\" rel=\"tag\"><span class=\"link\">tramvai timisoara<\/span><\/a><\/div>\n<\/div>\n<\/div>\n<div class=\"comments\">\n<div class=\"top\">\n<div class=\"commentsNumber\"><span class=\"number\">0<\/span><span class=\"text\">Comentarii<\/span><\/div>\n<\/div>\n<div class=\"center\">\n<div id=\"respond\" class=\"comment-respond\">\n<h3 id=\"reply-title\" class=\"comment-reply-title\"><small><a rel=\"nofollow\" id=\"cancel-comment-reply-link\" href=\"https:\/\/www.tion.ro\/stirile-judetului-timis\/video-lucrari-la-linia-de-tramvai-de-la-parcul-copiilor-stpt-vrea-sa-vada-de-ce-s-a-lasat-2332245\/#respond\">Cancel reply<\/a><\/small><\/h3>\n<p class=\"comment-notes\"><span id=\"email-notes\">Your email address will not be published.<\/span><span class=\"required-field-message\">Required fields are marked <span class=\"required\">*<\/span><\/span><\/p>\n<p class=\"commentFormComment\"><span id=\"commentFormCount\"><br \/>\n                            inca<br \/>\n                            <span id=\"countCommentText\">1000<\/span><br \/>\n                            caractere ramase<br \/>\n                        <\/span><\/p>\n<\/div>\n<\/div>\n<div class=\"bottom\">\n<p class=\"forumDisclaimerHuRo\">\n            Citi\u021bi principiile noastre de moderare <a href=\"https:\/\/www.tion.ro\/reguli-postare-comentarii\/\" target=\"_blank\">aici<\/a>!\n        <\/p>\n<\/div>\n<\/div>\n<\/div>\n<\/div>\n<p>[analyse_source url=&#8221;https:\/\/www.tion.ro\/stirile-judetului-timis\/video-lucrari-la-linia-de-tramvai-de-la-parcul-copiilor-stpt-vrea-sa-vada-de-ce-s-a-lasat-2332245\/&#8221;]<\/p>\n","protected":false},"excerpt":{"rendered":"<p>[analyse_image type=&#8221;featured&#8221; src=&#8221;https:\/\/www.tion.ro\/wp-content\/uploads\/2026\/08\/+otf\/1200&#215;630\/0opBT8CwKKvmivg5HFr0yk5PVF9WRVJZX1NFQ7044CCXxJLPtVElM6n4gKV3Ls8TwR9h0ANKi3nuHdlTFXQMZmbW7dlWIqZsx2PPdk__Hwr1K0ZutQGZxkDnDnQU=\/6459765collage.png&#8221;] Pentru c\u0103, odat\u0103 cu lucr\u0103rile din Pia\u021ba Traian, tramvaiele nu mai circul\u0103 pe bulevardul Revolu\u021biei din 1989, Societatea de Transport Public Timi\u0219oara (STPT) s-a apucat de lucr\u0103ri la linia din fa\u021ba Parcului Copiilor, la intersec\u021bia de l\u00e2ng\u0103 prefectur\u0103. \u0218inele s-au l\u0103sat \u00een timp, iar societatea caut\u0103 s\u0103 g\u0103seasc\u0103 motivul. \u201eFolosim fereastra \u00een [&hellip;]<\/p>\n","protected":false},"author":1,"featured_media":0,"comment_status":"open","ping_status":"","sticky":false,"template":"","format":"standard","meta":{"footnotes":""},"categories":[89],"tags":[226,191],"class_list":["post-2088002","post","type-post","status-publish","format-standard","hentry","category-romania","tag-crawlmanager","tag-tion-ro"],"_links":{"self":[{"href":"https:\/\/analyse.optim.biz\/index.php?rest_route=\/wp\/v2\/posts\/2088002","targetHints":{"allow":["GET"]}}],"collection":[{"href":"https:\/\/analyse.optim.biz\/index.php?rest_route=\/wp\/v2\/posts"}],"about":[{"href":"https:\/\/analyse.optim.biz\/index.php?rest_route=\/wp\/v2\/types\/post"}],"author":[{"embeddable":true,"href":"https:\/\/analyse.optim.biz\/index.php?rest_route=\/wp\/v2\/users\/1"}],"replies":[{"embeddable":true,"href":"https:\/\/analyse.optim.biz\/index.php?rest_route=%2Fwp%2Fv2%2Fcomments&post=2088002"}],"version-history":[{"count":0,"href":"https:\/\/analyse.optim.biz\/index.php?rest_route=\/wp\/v2\/posts\/2088002\/revisions"}],"wp:attachment":[{"href":"https:\/\/analyse.optim.biz\/index.php?rest_route=%2Fwp%2Fv2%2Fmedia&parent=2088002"}],"wp:term":[{"taxonomy":"category","embeddable":true,"href":"https:\/\/analyse.optim.biz\/index.php?rest_route=%2Fwp%2Fv2%2Fcategories&post=2088002"},{"taxonomy":"post_tag","embeddable":true,"href":"https:\/\/analyse.optim.biz\/index.php?rest_route=%2Fwp%2Fv2%2Ftags&post=2088002"}],"curies":[{"name":"wp","href":"https:\/\/api.w.org\/{rel}","templated":true}]}}