{"id":2087993,"date":"2026-08-10T14:13:04","date_gmt":"2026-08-10T11:13:04","guid":{"rendered":"https:\/\/analyse.optim.biz\/?p=2087993"},"modified":"2026-08-10T14:13:04","modified_gmt":"2026-08-10T11:13:04","slug":"nicusor-dan-se-intalneste-cu-liderii-principalelor-partide-politice","status":"publish","type":"post","link":"https:\/\/analyse.optim.biz\/?p=2087993","title":{"rendered":"Nicu\u0219or Dan se \u00eent\u00e2lne\u0219te cu liderii principalelor partide politice"},"content":{"rendered":"<p>[analyse_image type=&#8221;featured&#8221; src=&#8221;https:\/\/ziardesuceava.ro\/wp-content\/uploads\/2026\/08\/79739-1024&#215;576.jpg&#8221;]<\/p>\n<div class=\"post-content clearfix\">\n<div class=\"blog-post-thumb\"><img loading=\"lazy\" decoding=\"async\" width=\"1140\" height=\"694\" src=\"https:\/\/ziardesuceava.ro\/wp-content\/uploads\/2026\/08\/79739-1140x694.jpg\" class=\"attachment-inhype-blog-thumb size-inhype-blog-thumb wp-post-image\" alt><\/div>\n<div class=\"entry-content\">\n<div>\n<p class=\"fara-orfani lead\">Administra\u021bia Preziden\u021bial\u0103 a anun\u021bat luni c\u0103 pre\u0219edintele Nicu\u0219or Dan discut\u0103 mar\u021bi cu liderii principalelor partide.<\/p>\n<div class=\"continut-articol\">\n<p>Nicu\u0219or Dan se va \u00eent\u00e2lni cu pre\u0219edintele Partidului Social Democrat, Sorin Grindeanu, cu pre\u0219edintele Partidului Na\u021bional Liberal, Ilie Bolojan, cu pre\u0219edintele Uniunii Salva\u021bi Rom\u00e2nia, Dominic Fritz, \u0219i cu pre\u0219edintele Uniunii Democrate Maghiare din Rom\u00e2nia, Kelemen Hunor.<\/p>\n<p>La discu\u021bia de la Palatul Cotroceni particip\u0103 \u0219i reprezentan\u021bii partidelor din grupul de lucru pe tema legii salariz\u0103rii.<\/p>\n<p>Ministrul interimar al fondurilor europene \u0219i al muncii Drago\u0219 P\u00eeslaru a precizat c\u0103 luni se \u00eentr\u0103 pe \u201dultima turnant\u0103\u201d pentru a putea \u00eendeplini un jalon critic pe PNRR, legat de legea salariz\u0103rii, a c\u0103rui \u00eendeplinire ar debloca 770 milioane de euro pentru investi\u021bii. <\/p>\n<p>\u201dEste cel mai probabil ultima s\u0103pt\u0103m\u00e2n\u0103 \u00een care poate fi ob\u021binut un acord politic pe aceast\u0103 reform\u0103, pentru a putea fi adoptat\u0103 \u0219i promulgat\u0103 \u00eenainte de 31 august, termenul limit\u0103 pe PNRR. Vorbim de o lege am\u00e2nat\u0103 4 ani, scoas\u0103 la suprafa\u021b\u0103 dup\u0103 ce guvernul a r\u0103mas interimar  \u0219i care a fost supus\u0103 unei campanii masive de dezinformare \u00een ultimele s\u0103pt\u0103m\u00e2ni. Un proiect care aloc\u0103 cca. 12 mld de lei pentru a corecta inechit\u0103\u021bi, a stabili un cadru predictibil pentru cheltuielile salariale \u0219i a rea\u0219eza salarizarea \u00eentr-un sector public care devenise tot mai fragmentat\u201d, a scris el pe Facebook.<\/p>\n<p>\u201dLege men\u021bionat\u0103 \u0219i \u00een evaluarea Moody\u2019s de vineri, cea \u00een care am sc\u0103pat iar de sc\u0103derea ratingului pentru c\u0103 Guvernul Bolojan a f\u0103cut reformele necesare \u0219i a atras banii europeni, \u00een care se spune negru pe alb c\u0103 adoptarea legii salariz\u0103rii poate duce la o \u00eembun\u0103t\u0103\u021bire a ratingului \u00een viitor\u201d, a mai scris el.<\/p>\n<iframe loading=\"lazy\" src=\"https:\/\/www.facebook.com\/plugins\/post.php?href=https%3A%2F%2Fwww.facebook.com%2FDragos.Pislaru%2Fposts%2Fpfbid0yJypaU8P4p9176exCxtq8YSAeHSDVxmTWn778E2Y282hBKBEjRUjyy6WgGSz3USZl&amp;show_text=true&amp;width=500\" width=\"500\" height=\"284\" scrolling=\"no\" frameborder allowfullscreen=\"true\" allow=\"autoplay; clipboard-write; encrypted-media; picture-in-picture; web-share\"><\/iframe>\n<\/div>\n<\/div>\n<\/div>\n<div class=\"inhype-social-share-fixed sidebar-position-right\">\n<div class=\"post-social-wrapper\">\n<div class=\"post-social-title\"><span class=\"post-social-title-text\">Share<\/span><\/div>\n<\/div>\n<\/div>\n<\/div>\n<p>[analyse_source url=&#8221;https:\/\/ziardesuceava.ro\/nicusor-dan-se-intalneste-cu-liderii-principalelor-partide-politice\/&#8221;]<\/p>\n","protected":false},"excerpt":{"rendered":"<p>[analyse_image type=&#8221;featured&#8221; src=&#8221;https:\/\/ziardesuceava.ro\/wp-content\/uploads\/2026\/08\/79739-1024&#215;576.jpg&#8221;] Administra\u021bia Preziden\u021bial\u0103 a anun\u021bat luni c\u0103 pre\u0219edintele Nicu\u0219or Dan discut\u0103 mar\u021bi cu liderii principalelor partide. Nicu\u0219or Dan se va \u00eent\u00e2lni cu pre\u0219edintele Partidului Social Democrat, Sorin Grindeanu, cu pre\u0219edintele Partidului Na\u021bional Liberal, Ilie Bolojan, cu pre\u0219edintele Uniunii Salva\u021bi Rom\u00e2nia, Dominic Fritz, \u0219i cu pre\u0219edintele Uniunii Democrate Maghiare din Rom\u00e2nia, Kelemen Hunor. La [&hellip;]<\/p>\n","protected":false},"author":1,"featured_media":0,"comment_status":"open","ping_status":"","sticky":false,"template":"","format":"standard","meta":{"footnotes":""},"categories":[89],"tags":[226,171],"class_list":["post-2087993","post","type-post","status-publish","format-standard","hentry","category-romania","tag-crawlmanager","tag-ziardesuceava-ro"],"_links":{"self":[{"href":"https:\/\/analyse.optim.biz\/index.php?rest_route=\/wp\/v2\/posts\/2087993","targetHints":{"allow":["GET"]}}],"collection":[{"href":"https:\/\/analyse.optim.biz\/index.php?rest_route=\/wp\/v2\/posts"}],"about":[{"href":"https:\/\/analyse.optim.biz\/index.php?rest_route=\/wp\/v2\/types\/post"}],"author":[{"embeddable":true,"href":"https:\/\/analyse.optim.biz\/index.php?rest_route=\/wp\/v2\/users\/1"}],"replies":[{"embeddable":true,"href":"https:\/\/analyse.optim.biz\/index.php?rest_route=%2Fwp%2Fv2%2Fcomments&post=2087993"}],"version-history":[{"count":0,"href":"https:\/\/analyse.optim.biz\/index.php?rest_route=\/wp\/v2\/posts\/2087993\/revisions"}],"wp:attachment":[{"href":"https:\/\/analyse.optim.biz\/index.php?rest_route=%2Fwp%2Fv2%2Fmedia&parent=2087993"}],"wp:term":[{"taxonomy":"category","embeddable":true,"href":"https:\/\/analyse.optim.biz\/index.php?rest_route=%2Fwp%2Fv2%2Fcategories&post=2087993"},{"taxonomy":"post_tag","embeddable":true,"href":"https:\/\/analyse.optim.biz\/index.php?rest_route=%2Fwp%2Fv2%2Ftags&post=2087993"}],"curies":[{"name":"wp","href":"https:\/\/api.w.org\/{rel}","templated":true}]}}