{"id":2087987,"date":"2026-08-11T13:55:20","date_gmt":"2026-08-11T10:55:20","guid":{"rendered":"https:\/\/analyse.optim.biz\/?p=2087987"},"modified":"2026-08-11T13:55:20","modified_gmt":"2026-08-11T10:55:20","slug":"cei-doi-muncitori-morti-in-bazinul-de-decantare-de-la-siret-erau-din-dumbraveni-si-vladeni-si-erau-angajati","status":"publish","type":"post","link":"https:\/\/analyse.optim.biz\/?p=2087987","title":{"rendered":"Cei doi muncitori mor\u021bi \u00een bazinul de decantare de la Siret erau din Dumbr\u0103veni \u0219i Vl\u0103deni \u0219i erau angaja\u021bi"},"content":{"rendered":"<p>[analyse_image type=&#8221;featured&#8221; src=&#8221;https:\/\/www.informatiata.ro\/wp-content\/uploads\/2026\/08\/Decantare-Siret-1024&#215;488.jpg&#8221;]<\/p>\n<div class=\"td-post-content tagdiv-type\">\n<div class=\"td-post-featured-image\"><a href=\"https:\/\/www.informatiata.ro\/wp-content\/uploads\/2026\/08\/Decantare-Siret-scaled.jpg\" data-caption><img loading=\"lazy\" decoding=\"async\" width=\"696\" height=\"332\" class=\"entry-thumb td-modal-image\" src=\"https:\/\/www.informatiata.ro\/wp-content\/uploads\/2026\/08\/Decantare-Siret-696x332.jpg\" alt title=\"Decantare Siret\"><img loading=\"lazy\" decoding=\"async\" width=\"696\" height=\"332\" class=\"entry-thumb td-modal-image\" src=\"https:\/\/www.informatiata.ro\/wp-content\/uploads\/2026\/08\/Decantare-Siret-696x332.jpg\" alt title=\"Decantare Siret\"><\/a><\/div>\n<p>Cei doi muncitori mor\u021bi \u00een bazinul de decantare de la Siret erau din Dumbr\u0103veni \u0219i Vl\u0103deni \u0219i erau angaja\u021bi la o firm\u0103 din Dumbr\u0103veni, jude\u021bul Suceava.<\/p>\n<p>Potrivit poli\u021bi\u0219tilor, mar\u021bi, \u00een jurul orei 08.30, HULUDE\u021a ANDREI de 30 ani din com. Dumbr\u0103veni \u0219i CONSTANTIN MARIAN de 48 ani din com. din Vl\u0103deni, jud. Boto\u0219ani, angaja\u021bi la S.C. \u201dADALDE\u201d S.R.L., cu sediul \u00een loc. Dumbr\u0103veni, obiectul activit\u0103\u021bii Lucr\u0103ri de construc\u021bii ale cl\u0103dirilor reziden\u021biale \u0219i nereziden\u021biale, \u00ee\u0219i desf\u0103\u0219urau activitatea intervenind prin lucr\u0103ri de mentenan\u021b\u0103 \u00een localitatea Siret la \u0218ta\u021bia de Pompare a Apelor Uzate 5, de pe strada Basarabiei.<\/p>\n<div class=\"td-a-rec td-a-rec-id-content_inlineright  tdi_7 td_block_template_1\"><img loading=\"lazy\" decoding=\"async\" class=\"aligncenter size-full wp-image-65868\" src=\"https:\/\/www.informatiata.ro\/wp-content\/uploads\/2026\/08\/SAVCOM-5.gif\" alt width=\"299\" height=\"250\"><img loading=\"lazy\" decoding=\"async\" class=\"aligncenter size-full wp-image-65868\" src=\"https:\/\/www.informatiata.ro\/wp-content\/uploads\/2026\/08\/SAVCOM-5.gif\" alt width=\"299\" height=\"250\"><img loading=\"lazy\" decoding=\"async\" class=\"aligncenter size-full wp-image-65869\" src=\"https:\/\/www.informatiata.ro\/wp-content\/uploads\/2026\/08\/FACOS-4.gif\" alt width=\"300\" height=\"250\"><img loading=\"lazy\" decoding=\"async\" class=\"aligncenter size-full wp-image-65869\" src=\"https:\/\/www.informatiata.ro\/wp-content\/uploads\/2026\/08\/FACOS-4.gif\" alt width=\"300\" height=\"250\"><\/div>\n<p>\u00cen timp ce ace\u0219tia se aflau \u00een interiorul decantorului, un alt angajat\u00a0 a auzit strig\u0103te de ajutor \u0219i a solicitat unei femei din Siret s\u0103 sune la 112, deoarece a sim\u021bit un miros puternic \u00een zona decantorului.<\/p>\n<p>Cadrele medicale \u0219i cele de la ISU sosite la fa\u021ba locului au intervenit \u0219i au extras cele dou\u0103 persoane din interiorul decantorului \u0219i au efectuat manevre de resuscitare, f\u0103r\u0103 rezultat, fiind declarat decesul celor dou\u0103 persoane.<\/p>\n<p>Cadavrele au fost preluate \u0219i transportate la Serviciul de Medicin\u0103 Legal\u0103 R\u0103d\u0103u\u021bi \u00een vederea efectu\u0103rii necropsiei \u0219i a stabilirii cu exactitate a cauzei mor\u021bii.<\/p>\n<p>Cei doi s-ar fi intoxicat cu gaze emanate din decantor pe fondul caniculei. \u00cen mod normal, sar fi trebuit s\u0103 coboare \u00een decantor cu echipament de protec\u021bie, dar nu l-au avut.<\/p>\n<p>Urmeaz\u0103 a fi informat Inspectoratul Teritorial de Munc\u0103 al Jude\u021bului Suceava, cu privire la producerea acestui accident de munc\u0103.<\/p>\n<p>\u00cen cauz\u0103 s-a \u00eentocmit dosar penal cu privire la s\u0103v\u00e2r\u0219irea infrac\u021biunilor de ,,Ucidere din culp\u0103\u201d, fapt\u0103 prev. \u0219i ped. de art. 192 alin. 1 din Codul Penal, \u201eNeluarea m\u0103surilor legale de securitate \u0219i s\u0103n\u0103tate \u00een munc\u0103\u201d, fapt\u0103 prev. \u0219i ped de art. 349, alin. 1 din Codul Penal \u0219i \u201eNerespectarea m\u0103surilor legale de securitate \u0219i s\u0103n\u0103tate \u00een munc\u0103\u201d fapt\u0103 prev. \u0219i ped. de art. 350, alin. 1 din Codul Penal, cauza urm\u00e2nd a fi solu\u021bionat\u0103 procedural prin Parchetul de pe L\u00e2ng\u0103 Judec\u0103t\u0103ria R\u0103d\u0103u\u021bi.<\/p>\n<div class=\"td-a-rec td-a-rec-id-content_bottom  td-rec-hide-on-m tdi_8 td_block_template_1\"><img loading=\"lazy\" decoding=\"async\" class=\"aligncenter size-full wp-image-65603\" src=\"https:\/\/www.informatiata.ro\/wp-content\/uploads\/2026\/07\/SAVCOM-19.gif\" alt width=\"299\" height=\"250\"><img loading=\"lazy\" decoding=\"async\" class=\"aligncenter size-full wp-image-65603\" src=\"https:\/\/www.informatiata.ro\/wp-content\/uploads\/2026\/07\/SAVCOM-19.gif\" alt width=\"299\" height=\"250\"><img loading=\"lazy\" decoding=\"async\" class=\"aligncenter size-full wp-image-65604\" src=\"https:\/\/www.informatiata.ro\/wp-content\/uploads\/2026\/07\/FACOS-16.gif\" alt width=\"300\" height=\"250\"><img loading=\"lazy\" decoding=\"async\" class=\"aligncenter size-full wp-image-65604\" src=\"https:\/\/www.informatiata.ro\/wp-content\/uploads\/2026\/07\/FACOS-16.gif\" alt width=\"300\" height=\"250\"><\/div>\n<\/div>\n<p>[analyse_source url=&#8221;https:\/\/www.informatiata.ro\/cine-sunt-cei-muncitorii-morti-decantor-siret\/&#8221;]<\/p>\n","protected":false},"excerpt":{"rendered":"<p>[analyse_image type=&#8221;featured&#8221; src=&#8221;https:\/\/www.informatiata.ro\/wp-content\/uploads\/2026\/08\/Decantare-Siret-1024&#215;488.jpg&#8221;] Cei doi muncitori mor\u021bi \u00een bazinul de decantare de la Siret erau din Dumbr\u0103veni \u0219i Vl\u0103deni \u0219i erau angaja\u021bi la o firm\u0103 din Dumbr\u0103veni, jude\u021bul Suceava. Potrivit poli\u021bi\u0219tilor, mar\u021bi, \u00een jurul orei 08.30, HULUDE\u021a ANDREI de 30 ani din com. Dumbr\u0103veni \u0219i CONSTANTIN MARIAN de 48 ani din com. din Vl\u0103deni, jud. [&hellip;]<\/p>\n","protected":false},"author":1,"featured_media":0,"comment_status":"open","ping_status":"","sticky":false,"template":"","format":"standard","meta":{"footnotes":""},"categories":[89],"tags":[226,167],"class_list":["post-2087987","post","type-post","status-publish","format-standard","hentry","category-romania","tag-crawlmanager","tag-informatiata-ro"],"_links":{"self":[{"href":"https:\/\/analyse.optim.biz\/index.php?rest_route=\/wp\/v2\/posts\/2087987","targetHints":{"allow":["GET"]}}],"collection":[{"href":"https:\/\/analyse.optim.biz\/index.php?rest_route=\/wp\/v2\/posts"}],"about":[{"href":"https:\/\/analyse.optim.biz\/index.php?rest_route=\/wp\/v2\/types\/post"}],"author":[{"embeddable":true,"href":"https:\/\/analyse.optim.biz\/index.php?rest_route=\/wp\/v2\/users\/1"}],"replies":[{"embeddable":true,"href":"https:\/\/analyse.optim.biz\/index.php?rest_route=%2Fwp%2Fv2%2Fcomments&post=2087987"}],"version-history":[{"count":0,"href":"https:\/\/analyse.optim.biz\/index.php?rest_route=\/wp\/v2\/posts\/2087987\/revisions"}],"wp:attachment":[{"href":"https:\/\/analyse.optim.biz\/index.php?rest_route=%2Fwp%2Fv2%2Fmedia&parent=2087987"}],"wp:term":[{"taxonomy":"category","embeddable":true,"href":"https:\/\/analyse.optim.biz\/index.php?rest_route=%2Fwp%2Fv2%2Fcategories&post=2087987"},{"taxonomy":"post_tag","embeddable":true,"href":"https:\/\/analyse.optim.biz\/index.php?rest_route=%2Fwp%2Fv2%2Ftags&post=2087987"}],"curies":[{"name":"wp","href":"https:\/\/api.w.org\/{rel}","templated":true}]}}