{"id":208798,"date":"2014-03-27T21:56:01","date_gmt":"2014-03-27T18:56:01","guid":{"rendered":"https:\/\/analyse.optim.biz\/?p=208798"},"modified":"2014-03-27T21:56:01","modified_gmt":"2014-03-27T18:56:01","slug":"angajatii-primariilor-rurale-nu-stiu-sa-foloseasca-registrul-electoral","status":"publish","type":"post","link":"https:\/\/analyse.optim.biz\/?p=208798","title":{"rendered":"Angaja\u021bii prim\u0103riilor rurale nu \u0219tiu s\u0103 foloseasc\u0103 Registrul Electoral"},"content":{"rendered":"<div class=\"entry data-app-meta data-app-meta-article\" data-embed-base-url-canonical=\"https:\/\/www.digi24.ro\/embed\/stiri\/actualitate\/politica\/angajatii-primariilor-rurale-nu-stiu-sa-foloseasca-registrul-electoral-221091\">\n<p data-index=\"1\"><img decoding=\"async\" src=\"https:\/\/analyse.optim.biz\/wp-content\/uploads\/2024\/09\/nwq1mjkxmtu5y2u4yjjmogmxmdgyntu0odm2ntc1na-thumb_.jpg\" data-skip-htmlfix=\"1\" title=\"nwq1mjkxmtu5y2u4yjjmogmxmdgyntu0odm2ntc1na-thumb_\">Adriana Truic\u0103 este secretar\u0103 la <strong>Prim\u0103ria din comuna Apele Vii<\/strong>. Ea este cea \u00eemputernicit\u0103 s\u0103 foloseasc\u0103 programul numit <strong>Registru Electoral<\/strong> \u0219i s\u0103 competeze acolo toate na\u0219terile, decesele \u015fi schimb\u0103rile de domiciliu din comun\u0103. A fost la instruire la Bucure\u015fti, dar tot \u00eei este greu s\u0103 foloseasc\u0103 programul:<\/p>\n<p data-index=\"2\"><em><strong>\u201e- Haide\u021bi c\u0103 intru aici, dup\u0103 parol\u0103. <a href=\"http:\/\/www.aep..\" data-skip-linkfix=\"1\">www.aep..<\/a>.<\/strong><\/em><\/p>\n<p data-index=\"3\"><em><strong>&#8211; Ce c\u0103uta\u021bi acum, parola?<\/strong><\/em><\/p>\n<p data-index=\"4\"><em><strong>&#8211; Da, da, am la ea parola.\u201d<\/strong><\/em><\/p>\n<p data-index=\"5\">Nu g\u0103se\u0219te parola, a\u0219a c\u0103 d\u0103 un telefon s\u0103 cear\u0103 ajutor:<\/p>\n<p data-index=\"6\"><em><strong>\u201e- Deci intru pe &#8230;De c\u00e2te ori w, de trei ori? \u0218i eu intru pe.., doamn\u0103? Intru pe alegeri pentru Parlament, da&#8230;\u201d<\/strong><\/em><\/p>\n<p data-index=\"7\">Dep\u0103\u0219e\u0219te cu greu etapa legat\u0103 de user \u0219i parol\u0103, dar se \u00eempotmole\u0219te din nou.<\/p>\n<p data-index=\"8\"><em><strong>\u201eA\u0219a, o mic\u0103 aplica\u021bie. S\u0103 intru pe list\u0103, pe list\u0103. Unde? Eu n-am!\u201d<\/strong><\/em><\/p>\n<p data-index=\"9\"><img decoding=\"async\" src=\"https:\/\/analyse.optim.biz\/wp-content\/uploads\/2024\/09\/nwfmyjbkmdu4nzqwotm1m2qzmzriyme4ywflm2m-thumb_.jpg\" data-skip-htmlfix=\"1\" title=\"nwfmyjbkmdu4nzqwotm1m2qzmzriyme4ywflm2m-thumb_\">Acesta nu este singurul func\u0163ionar dintr-o prim\u0103rie rural\u0103 pentru care completarea Registrului Electoral este o corvoad\u0103. Mul\u0163i dintre cei care au fost la cursuri n-au \u00een\u0163eles cum s\u0103 foloseasc\u0103 aplica\u0163ia, iar al\u0163ii au primit prin po\u015ft\u0103 indica\u0163ii tehnice.<\/p>\n<p data-index=\"10\">\u201e<span>Nu am participat la cursuri, documentarea s-a f\u0103cut \u00een baza documentelor emise de prefectur\u0103 \u015fi dup\u0103 internet\u201d, declar\u0103 Paula Pisic\u0103, secretar la <strong>Prim\u0103ria Castranova<\/strong>.<\/span><\/p>\n<p data-index=\"11\">\u00a0\u201e<span>A primit prin po\u015fta un set de instruc\u0163iuni cu imagini cu print-screenuri, cu fotografii din aplica\u0163ie, cu s\u0103ge\u0163i, ce butoane trebuie ap\u0103sate \u00een aplica\u0163ie. Am \u00eencercat s\u0103 le facem ca la clasa I, ca pe un abecedar\u201d, explic\u0103\u00a0<strong>Marian Muhule\u021b<\/strong>, vicepre\u0219edintele AEP.<\/span><\/p>\n<p data-index=\"12\">\u201eNu po\u021bi s\u0103 pui pe oricine s\u0103 completeze \u00een listele electorale. \u0218i din cauza salariilor foarte mici, nu mai vine nimeni s\u0103 lucreze \u00een prim\u0103rie\u201d, declar\u0103, la r\u00e2ndul s\u0103u, <strong>primarul comunei Pesac<\/strong>, Cornel Toma.<\/p>\n<p data-index=\"13\">\u015ei nu doar func\u0163ionarii sunt o problem\u0103. La simularea de anul trecut, programul s-a blocat din cauza prea multor utilizatori. \u00cen unele prim\u0103rii conexiunea la internet este slab\u0103, iar \u00een altele exist\u0103 un singur computer \u015fi acela stricat.<\/p>\n<\/div>\n<p> Source URL: https:\/\/www.digi24.ro\/stiri\/actualitate\/politica\/angajatii-primariilor-rurale-nu-stiu-sa-foloseasca-registrul-electoral-221091<\/p>\n","protected":false},"excerpt":{"rendered":"<p>Adriana Truic\u0103 este secretar\u0103 la Prim\u0103ria din comuna Apele Vii. Ea este cea \u00eemputernicit\u0103 s\u0103 foloseasc\u0103 programul numit Registru Electoral \u0219i s\u0103 competeze acolo toate na\u0219terile, decesele \u015fi schimb\u0103rile de domiciliu din comun\u0103. A fost la instruire la Bucure\u015fti, dar tot \u00eei este greu s\u0103 foloseasc\u0103 programul: \u201e- Haide\u021bi c\u0103 intru aici, dup\u0103 parol\u0103. www.aep&#8230; [&hellip;]<\/p>\n","protected":false},"author":1,"featured_media":208799,"comment_status":"open","ping_status":"","sticky":false,"template":"","format":"standard","meta":{"footnotes":""},"categories":[2],"tags":[11],"class_list":["post-208798","post","type-post","status-publish","format-standard","has-post-thumbnail","hentry","category-politics","tag-digi24"],"_links":{"self":[{"href":"https:\/\/analyse.optim.biz\/index.php?rest_route=\/wp\/v2\/posts\/208798","targetHints":{"allow":["GET"]}}],"collection":[{"href":"https:\/\/analyse.optim.biz\/index.php?rest_route=\/wp\/v2\/posts"}],"about":[{"href":"https:\/\/analyse.optim.biz\/index.php?rest_route=\/wp\/v2\/types\/post"}],"author":[{"embeddable":true,"href":"https:\/\/analyse.optim.biz\/index.php?rest_route=\/wp\/v2\/users\/1"}],"replies":[{"embeddable":true,"href":"https:\/\/analyse.optim.biz\/index.php?rest_route=%2Fwp%2Fv2%2Fcomments&post=208798"}],"version-history":[{"count":0,"href":"https:\/\/analyse.optim.biz\/index.php?rest_route=\/wp\/v2\/posts\/208798\/revisions"}],"wp:featuredmedia":[{"embeddable":true,"href":"https:\/\/analyse.optim.biz\/index.php?rest_route=\/wp\/v2\/media\/208799"}],"wp:attachment":[{"href":"https:\/\/analyse.optim.biz\/index.php?rest_route=%2Fwp%2Fv2%2Fmedia&parent=208798"}],"wp:term":[{"taxonomy":"category","embeddable":true,"href":"https:\/\/analyse.optim.biz\/index.php?rest_route=%2Fwp%2Fv2%2Fcategories&post=208798"},{"taxonomy":"post_tag","embeddable":true,"href":"https:\/\/analyse.optim.biz\/index.php?rest_route=%2Fwp%2Fv2%2Ftags&post=208798"}],"curies":[{"name":"wp","href":"https:\/\/api.w.org\/{rel}","templated":true}]}}