{"id":208786,"date":"2014-03-27T23:18:10","date_gmt":"2014-03-27T20:18:10","guid":{"rendered":"https:\/\/analyse.optim.biz\/?p=208786"},"modified":"2014-03-27T23:18:10","modified_gmt":"2014-03-27T20:18:10","slug":"jobbik-isi-face-campanie-in-romania-prin-internet","status":"publish","type":"post","link":"https:\/\/analyse.optim.biz\/?p=208786","title":{"rendered":"Jobbik \u00ee\u0219i face campanie \u00een Rom\u00e2nia prin internet"},"content":{"rendered":"<div class=\"entry data-app-meta data-app-meta-article\" data-embed-base-url-canonical=\"https:\/\/www.digi24.ro\/embed\/stiri\/actualitate\/politica\/jobbik-isi-face-campanie-in-romania-prin-internet-221104\">\n<p data-index=\"1\"><img decoding=\"async\" src=\"https:\/\/analyse.optim.biz\/wp-content\/uploads\/2024\/09\/pwywn2mymzuyyti0mtixzdjkywnjmda0zgrioti2zjc1-thumb_.jpg\" data-skip-htmlfix=\"1\" title=\"pwywn2mymzuyyti0mtixzdjkywnjmda0zgrioti2zjc1-thumb_\">\u201eEu, personal, nu am primit nicio notificare oficial\u0103 \u00een ceea ce prive\u015fte interdic\u0163ia mea din partea autorit\u0103\u0163ilor rom\u00e2ne. De asemenea, nici Ministerul de Externe maghiar nu a fost notificat, a\u015fa c\u0103 am aflat din pres\u0103 faptul c\u0103 suntem interzi\u015fi (n.r. &#8211; cei patru extremi\u0219ti) \u00een Rom\u00e2nia. (&#8230;) Am ini\u0163iat, deci, un demers s\u0103 trimit o scrisoare autorit\u0103\u0163ilor rom\u00e2ne care s\u0103 clarifice dac\u0103 exist\u0103 sau nu aceast\u0103 interdic\u0163ie\u201d, a declarat <strong>Istvan Szavay<\/strong>.<\/p>\n<p data-index=\"2\"><a href=\"https:\/\/www.digi24.ro\/Stiri\/Digi24\/Actualitate\/Stiri\/Cine+sunt+cei+patru+extremisti+maghiari+nedoriti+in+Romania+UDMR\" target=\"\" data-skip-linkfix=\"1\" rel=\"noopener\">Patru membri ai unor partide extremiste maghiare<\/a><span>\u00a0nu au voie s\u0103 intre pe teritoriul Rom\u00e2niei timp de un an. Printre ei, un deputat Jobbik, dar \u015fi un lider al Noii G\u0103rzi din Ardeal, pentru care s-a cerut instan\u0163ei declararea ca indezirabil.\u00a0Ministerul de Interne sus\u0163ine c\u0103 to\u0163i patru fac parte din structuri implicate \u00een activit\u0103\u0163i de natur\u0103 na\u021bionalist-extremist\u0103.<\/span><\/p>\n<p data-index=\"3\">Partidul Jobbik a anun\u021bat <a href=\"https:\/\/www.digi24.ro\/Stiri\/Digi24\/Actualitate\/Stiri\/Partidul+Jobbik+contesta+interdictia+impusa+membrilor+sai+de+a+f\" target=\"_blank\" data-skip-linkfix=\"1\" rel=\"noopener\">nu va respecta interdic\u0163ia<\/a> impus\u0103 de statul rom\u00e2n, care a decis c\u0103 doi dintre membrii s\u0103i nu mai au voie s\u0103 intre timp de un an pe teritoriul \u0163\u0103rii.<\/p>\n<\/div>\n<p> Source URL: https:\/\/www.digi24.ro\/stiri\/actualitate\/politica\/jobbik-isi-face-campanie-in-romania-prin-internet-221104<\/p>\n","protected":false},"excerpt":{"rendered":"<p>\u201eEu, personal, nu am primit nicio notificare oficial\u0103 \u00een ceea ce prive\u015fte interdic\u0163ia mea din partea autorit\u0103\u0163ilor rom\u00e2ne. De asemenea, nici Ministerul de Externe maghiar nu a fost notificat, a\u015fa c\u0103 am aflat din pres\u0103 faptul c\u0103 suntem interzi\u015fi (n.r. &#8211; cei patru extremi\u0219ti) \u00een Rom\u00e2nia. (&#8230;) Am ini\u0163iat, deci, un demers s\u0103 trimit o [&hellip;]<\/p>\n","protected":false},"author":1,"featured_media":208787,"comment_status":"open","ping_status":"","sticky":false,"template":"","format":"standard","meta":{"footnotes":""},"categories":[2],"tags":[11],"class_list":["post-208786","post","type-post","status-publish","format-standard","has-post-thumbnail","hentry","category-politics","tag-digi24"],"_links":{"self":[{"href":"https:\/\/analyse.optim.biz\/index.php?rest_route=\/wp\/v2\/posts\/208786","targetHints":{"allow":["GET"]}}],"collection":[{"href":"https:\/\/analyse.optim.biz\/index.php?rest_route=\/wp\/v2\/posts"}],"about":[{"href":"https:\/\/analyse.optim.biz\/index.php?rest_route=\/wp\/v2\/types\/post"}],"author":[{"embeddable":true,"href":"https:\/\/analyse.optim.biz\/index.php?rest_route=\/wp\/v2\/users\/1"}],"replies":[{"embeddable":true,"href":"https:\/\/analyse.optim.biz\/index.php?rest_route=%2Fwp%2Fv2%2Fcomments&post=208786"}],"version-history":[{"count":0,"href":"https:\/\/analyse.optim.biz\/index.php?rest_route=\/wp\/v2\/posts\/208786\/revisions"}],"wp:featuredmedia":[{"embeddable":true,"href":"https:\/\/analyse.optim.biz\/index.php?rest_route=\/wp\/v2\/media\/208787"}],"wp:attachment":[{"href":"https:\/\/analyse.optim.biz\/index.php?rest_route=%2Fwp%2Fv2%2Fmedia&parent=208786"}],"wp:term":[{"taxonomy":"category","embeddable":true,"href":"https:\/\/analyse.optim.biz\/index.php?rest_route=%2Fwp%2Fv2%2Fcategories&post=208786"},{"taxonomy":"post_tag","embeddable":true,"href":"https:\/\/analyse.optim.biz\/index.php?rest_route=%2Fwp%2Fv2%2Ftags&post=208786"}],"curies":[{"name":"wp","href":"https:\/\/api.w.org\/{rel}","templated":true}]}}