{"id":208775,"date":"2014-03-27T23:33:21","date_gmt":"2014-03-27T20:33:21","guid":{"rendered":"https:\/\/analyse.optim.biz\/?p=208775"},"modified":"2014-03-27T23:33:21","modified_gmt":"2014-03-27T20:33:21","slug":"traian-basescu-mesaj-pentru-romanii-de-peste-prut-trebuie-sa-facem-tot-ce-ne-sta-in-putinta-pentru-a-fi-din-nou-impreuna","status":"publish","type":"post","link":"https:\/\/analyse.optim.biz\/?p=208775","title":{"rendered":"Traian B\u0103sescu, mesaj pentru rom\u00e2nii de peste Prut: \u201eTrebuie s\u0103 facem tot ce ne st\u0103 \u00een putin\u021b\u0103 pentru a fi din nou \u00eempreun\u0103\u201d"},"content":{"rendered":"<div class=\"entry data-app-meta data-app-meta-article\" data-embed-base-url-canonical=\"https:\/\/www.digi24.ro\/embed\/stiri\/actualitate\/politica\/traian-basescu-mesaj-pentru-romanii-de-peste-prut-trebuie-sa-facem-tot-ce-ne-sta-in-putinta-pentru-a-fi-din-nou-impreuna-221107\">\n<p data-index=\"1\">\u201e<span>Basarabia a fost prima provincie care \u00een 1918 a f\u0103cut pasul spre \u00eenf\u0103ptuirea Rom\u00e2niei Mari. Ast\u0103zi suntem \u00eemp\u0103r\u0163i\u021bi \u00een dou\u0103 state, dar suntem acela\u015fi popor, iar rom\u00e2nii de peste Prut fac parte din corpul na\u021biunii rom\u00e2ne \u0219i de aceea am ac\u021bionat \u00eentotdeauna cu aceast\u0103 convingere c\u0103 trebuie s\u0103 facem tot ce ne st\u0103 \u00een putin\u021b\u0103 pentru a fi din nou \u00eempreun\u0103\u201d, a declarat <strong>Traian B\u0103sescu<\/strong>.\u00a0<\/span><\/p>\n<\/div>\n<p> Source URL: https:\/\/www.digi24.ro\/stiri\/actualitate\/politica\/traian-basescu-mesaj-pentru-romanii-de-peste-prut-trebuie-sa-facem-tot-ce-ne-sta-in-putinta-pentru-a-fi-din-nou-impreuna-221107<\/p>\n","protected":false},"excerpt":{"rendered":"<p>\u201eBasarabia a fost prima provincie care \u00een 1918 a f\u0103cut pasul spre \u00eenf\u0103ptuirea Rom\u00e2niei Mari. Ast\u0103zi suntem \u00eemp\u0103r\u0163i\u021bi \u00een dou\u0103 state, dar suntem acela\u015fi popor, iar rom\u00e2nii de peste Prut fac parte din corpul na\u021biunii rom\u00e2ne \u0219i de aceea am ac\u021bionat \u00eentotdeauna cu aceast\u0103 convingere c\u0103 trebuie s\u0103 facem tot ce ne st\u0103 \u00een putin\u021b\u0103 [&hellip;]<\/p>\n","protected":false},"author":1,"featured_media":208776,"comment_status":"open","ping_status":"","sticky":false,"template":"","format":"standard","meta":{"footnotes":""},"categories":[2],"tags":[11],"class_list":["post-208775","post","type-post","status-publish","format-standard","has-post-thumbnail","hentry","category-politics","tag-digi24"],"_links":{"self":[{"href":"https:\/\/analyse.optim.biz\/index.php?rest_route=\/wp\/v2\/posts\/208775","targetHints":{"allow":["GET"]}}],"collection":[{"href":"https:\/\/analyse.optim.biz\/index.php?rest_route=\/wp\/v2\/posts"}],"about":[{"href":"https:\/\/analyse.optim.biz\/index.php?rest_route=\/wp\/v2\/types\/post"}],"author":[{"embeddable":true,"href":"https:\/\/analyse.optim.biz\/index.php?rest_route=\/wp\/v2\/users\/1"}],"replies":[{"embeddable":true,"href":"https:\/\/analyse.optim.biz\/index.php?rest_route=%2Fwp%2Fv2%2Fcomments&post=208775"}],"version-history":[{"count":0,"href":"https:\/\/analyse.optim.biz\/index.php?rest_route=\/wp\/v2\/posts\/208775\/revisions"}],"wp:featuredmedia":[{"embeddable":true,"href":"https:\/\/analyse.optim.biz\/index.php?rest_route=\/wp\/v2\/media\/208776"}],"wp:attachment":[{"href":"https:\/\/analyse.optim.biz\/index.php?rest_route=%2Fwp%2Fv2%2Fmedia&parent=208775"}],"wp:term":[{"taxonomy":"category","embeddable":true,"href":"https:\/\/analyse.optim.biz\/index.php?rest_route=%2Fwp%2Fv2%2Fcategories&post=208775"},{"taxonomy":"post_tag","embeddable":true,"href":"https:\/\/analyse.optim.biz\/index.php?rest_route=%2Fwp%2Fv2%2Ftags&post=208775"}],"curies":[{"name":"wp","href":"https:\/\/api.w.org\/{rel}","templated":true}]}}