{"id":2087749,"date":"2026-08-11T10:46:11","date_gmt":"2026-08-11T07:46:11","guid":{"rendered":"https:\/\/analyse.optim.biz\/?p=2087749"},"modified":"2026-08-11T10:46:11","modified_gmt":"2026-08-11T07:46:11","slug":"peste-500-de-medici-sunt-asteptati-la-timisoara-la-conferinta-de-pneumologie-pediatrica-inteligenta-artificiala-printre-temele-editiei-din-acest-an","status":"publish","type":"post","link":"https:\/\/analyse.optim.biz\/?p=2087749","title":{"rendered":"Peste 500 de medici sunt a\u0219tepta\u021bi la Timi\u0219oara, la conferin\u021ba de pneumologie pediatric\u0103. Inteligen\u021ba artificial\u0103, printre temele edi\u021biei din acest an"},"content":{"rendered":"<p>[analyse_image type=&#8221;featured&#8221; src=&#8221;https:\/\/www.tion.ro\/wp-content\/uploads\/2026\/08\/+otf\/1200&#215;630\/n4cvQM81B81Mf+inJvvlak5PVF9WRVJZX1NFQ+IIq6__7B9ZGDqeI6JmlOJXzQsugD1RPbAql18ASMn0RKEfSZb8qISubl8yf+__HXK+l4d+RalqiASmNmjkPBybY=\/6445158pexelsfreestockpro9275222-scaled.jpg&#8221;]<\/p>\n<article id=\"post-2332119\" class>\n<div class=\"entry-content clearfix\">\n<div class=\"enewsArticleContent\">\n<p>Conferin\u021ba, ajuns\u0103 la cea de-a VIII-a edi\u021bie, se adreseaz\u0103 pneumologilor pediatri, pediatrilor, pneumologilor, medicilor de familie, alergologilor, medicilor reziden\u021bi \u0219i studen\u021bilor la medicin\u0103, precum \u0219i speciali\u0219tilor din domenii conexe.<\/p>\n<p>Evenimentul este organizat de Asocia\u021bia Na\u021bional\u0103 Rom\u00e2n\u0103 de Mucoviscidoz\u0103, sub egida INSPiRED \u2013 International Society of Pediatric Respiratory Diseases, iar Universitatea de Medicin\u0103 \u0219i Farmacie \u201eVictor Babe\u0219\u201d din Timi\u0219oara este partener \u0219tiin\u021bific.<\/p>\n<blockquote>\n<p>\u201e\u00cen premier\u0103, \u00een acest an, inteligen\u021ba artificial\u0103 \u00een ecografia pulmonar\u0103 se va afla printre temele conferin\u021bei. Pneumologia pediatric\u0103 s-a schimbat foarte mult \u00een ultimii ani. Avem metode noi de diagnostic, avem terapii care \u00een urm\u0103 cu c\u00e2\u021biva ani nu erau disponibile \u0219i apar permanent informa\u021bii care ne oblig\u0103 s\u0103 ne adapt\u0103m practica medical\u0103.<\/p>\n<p>Vom vorbi despre pneumonii \u0219i astm, patologii pe care le \u00eent\u00e2lnim foarte des, dar \u0219i despre astm \u0219i obezitate, despre noile terapii \u00een fibroza chistic\u0103 sau despre tehnici moderne de diagnostic. Sunt direc\u021bii care pot schimba modul \u00een care evalu\u0103m \u0219i trat\u0103m copilul cu o boal\u0103 respiratorie.<\/p>\n<p>Dar, indiferent de tehnologie, ghiduri \u0219i protocoale, \u00een centrul tuturor deciziilor noastre trebuie s\u0103 r\u0103m\u00e2n\u0103 copilul\u201d, explic\u0103 prof. dr. Ioana Ciuc\u0103, pre\u0219edintele conferin\u021bei \u0219i coordonatorul Compartimentului de Pneumologie Pediatric\u0103 din cadrul Spitalului Clinic Jude\u021bean de Urgen\u021b\u0103 \u201ePius Br\u00eenzeu\u201d Timi\u0219oara.<\/p>\n<\/blockquote>\n<h3><strong>Cursuri practice la Clinica Pediatrie Bega<\/strong><\/h3>\n<p>Prima zi a evenimentului, 7 octombrie, va fi dedicat\u0103 cursurilor precongres, cu aplica\u021bii practice, care vor avea loc la Clinica Pediatrie Bega din Timi\u0219oara. \u00cen urm\u0103toarele trei zile sunt programate sesiunile \u0219tiin\u021bifice ale conferin\u021bei, prezent\u0103ri de cazuri \u0219i dezbateri.<\/p>\n<p>Printre subiectele abordate se num\u0103r\u0103 astmul bron\u0219ic, pneumoniile, bron\u0219iolita, fibroza chistic\u0103 \u0219i displazia bronhopulmonar\u0103. Medicii vor discuta \u0219i despre leg\u0103tura dintre astm \u0219i obezitate, terapiile moderne disponibile pentru fibroza chistic\u0103, tehnici noi de diagnostic \u0219i efectele polu\u0103rii asupra s\u0103n\u0103t\u0103\u021bii respiratorii a copiilor.<\/p>\n<p>Un loc important \u00een program \u00eel ocup\u0103 \u0219i metodele noi de diagnostic \u0219i tratament, inclusiv folosirea inteligen\u021bei artificiale \u00een ecografia pulmonar\u0103.<\/p>\n<h3><strong>Reziden\u021bii \u0219i studen\u021bii vor prezenta lucr\u0103ri<\/strong><\/h3>\n<p>Programul include \u0219i prezent\u0103ri \u0219tiin\u021bifice sus\u021binute de medici reziden\u021bi \u0219i studen\u021bi. Organizatorii spun c\u0103 evenimentul urm\u0103re\u0219te \u0219i schimbul de experien\u021b\u0103 \u00eentre medicii cu experien\u021b\u0103 \u0219i cei afla\u021bi la \u00eenceputul carierei.<\/p>\n<blockquote>\n<p>\u201ePNEUMOPED a crescut de la o edi\u021bie la alta. La ultimele edi\u021bii am avut peste 500 de participan\u021bi din \u00eentreaga \u021bar\u0103. Este, cred, cea mai bun\u0103 dovad\u0103 c\u0103 exist\u0103 un interes tot mai mare pentru pneumologia pediatric\u0103. PNEUMOPED nu este \u00eens\u0103 doar un congres. Este locul \u00een care discut\u0103m cazuri, schimb\u0103m experien\u021be \u0219i \u00eencerc\u0103m s\u0103 aducem \u00een practica noastr\u0103 ceea ce este nou \u00een diagnosticul \u0219i tratamentul bolilor respiratorii la copil.<\/p>\n<p>Este, \u00een acela\u0219i timp, un loc \u00een care medicii cu experien\u021b\u0103 se \u00eent\u00e2lnesc cu genera\u021biile tinere, iar acest schimb este extrem de important pentru dezvoltarea pneumologiei pediatrice\u201d, mai spune prof. dr. Ioana Ciuc\u0103.<\/p>\n<\/blockquote>\n<p>Edi\u021biile anterioare ale conferin\u021bei au reunit peste 500 de participan\u021bi din Rom\u00e2nia \u0219i din \u021b\u0103ri din vestul Europei.<\/p>\n<p><img decoding=\"async\" loading=\"lazy\" class=\"aligncenter size-large wp-image-2332125\" src=\"https:\/\/www.tion.ro\/wp-content\/uploads\/2026\/08\/6445087WhatsAppImage20260811at132914.jpeg\" alt width=\"1024\" height=\"1024\"><\/p>\n<p>\u00a0<\/p>\n<div class=\"fbShareLikeTwitterAndEmailContainer\">\n<div class=\"wrapper\">\n<div class=\"email\">\n<div id=\"mailto-pop\" class=\"pop-form pop-form-mailto\">\n<div class=\"pop-form-header\">\n<h4>Trimite articolul<\/h4>\n<p><a class=\"pop-form-close\">X<\/a><\/div>\n<\/div>\n<\/div>\n<\/div>\n<\/div>\n<div class=\"comments\">\n<div class=\"top\">\n<div class=\"commentsNumber\"><span class=\"number\">0<\/span><span class=\"text\">Comentarii<\/span><\/div>\n<\/div>\n<div class=\"center\">\n<div id=\"respond\" class=\"comment-respond\">\n<h3 id=\"reply-title\" class=\"comment-reply-title\"><small><a rel=\"nofollow\" id=\"cancel-comment-reply-link\" href=\"https:\/\/www.tion.ro\/sanatate\/peste-500-de-medici-sunt-asteptati-la-timisoara-la-conferinta-de-pneumologie-pediatrica-inteligenta-artificiala-printre-temele-editiei-din-acest-an-2332119\/#respond\">Cancel reply<\/a><\/small><\/h3>\n<p class=\"comment-notes\"><span id=\"email-notes\">Your email address will not be published.<\/span><span class=\"required-field-message\">Required fields are marked <span class=\"required\">*<\/span><\/span><\/p>\n<p class=\"commentFormComment\"><span id=\"commentFormCount\"><br \/>\n                            inca<br \/>\n                            <span id=\"countCommentText\">1000<\/span><br \/>\n                            caractere ramase<br \/>\n                        <\/span><\/p>\n<\/div>\n<\/div>\n<div class=\"bottom\">\n<p class=\"forumDisclaimerHuRo\">\n            Citi\u021bi principiile noastre de moderare <a href=\"https:\/\/www.tion.ro\/reguli-postare-comentarii\/\" target=\"_blank\">aici<\/a>!\n        <\/p>\n<\/div>\n<\/div>\n<\/div>\n<\/div>\n<\/article>\n<div class=\"entry-content clearfix\">\n<div class=\"enewsArticleContent\">\n<p>Conferin\u021ba, ajuns\u0103 la cea de-a VIII-a edi\u021bie, se adreseaz\u0103 pneumologilor pediatri, pediatrilor, pneumologilor, medicilor de familie, alergologilor, medicilor reziden\u021bi \u0219i studen\u021bilor la medicin\u0103, precum \u0219i speciali\u0219tilor din domenii conexe.<\/p>\n<p>Evenimentul este organizat de Asocia\u021bia Na\u021bional\u0103 Rom\u00e2n\u0103 de Mucoviscidoz\u0103, sub egida INSPiRED \u2013 International Society of Pediatric Respiratory Diseases, iar Universitatea de Medicin\u0103 \u0219i Farmacie \u201eVictor Babe\u0219\u201d din Timi\u0219oara este partener \u0219tiin\u021bific.<\/p>\n<blockquote>\n<p>\u201e\u00cen premier\u0103, \u00een acest an, inteligen\u021ba artificial\u0103 \u00een ecografia pulmonar\u0103 se va afla printre temele conferin\u021bei. Pneumologia pediatric\u0103 s-a schimbat foarte mult \u00een ultimii ani. Avem metode noi de diagnostic, avem terapii care \u00een urm\u0103 cu c\u00e2\u021biva ani nu erau disponibile \u0219i apar permanent informa\u021bii care ne oblig\u0103 s\u0103 ne adapt\u0103m practica medical\u0103.<\/p>\n<p>Vom vorbi despre pneumonii \u0219i astm, patologii pe care le \u00eent\u00e2lnim foarte des, dar \u0219i despre astm \u0219i obezitate, despre noile terapii \u00een fibroza chistic\u0103 sau despre tehnici moderne de diagnostic. Sunt direc\u021bii care pot schimba modul \u00een care evalu\u0103m \u0219i trat\u0103m copilul cu o boal\u0103 respiratorie.<\/p>\n<p>Dar, indiferent de tehnologie, ghiduri \u0219i protocoale, \u00een centrul tuturor deciziilor noastre trebuie s\u0103 r\u0103m\u00e2n\u0103 copilul\u201d, explic\u0103 prof. dr. Ioana Ciuc\u0103, pre\u0219edintele conferin\u021bei \u0219i coordonatorul Compartimentului de Pneumologie Pediatric\u0103 din cadrul Spitalului Clinic Jude\u021bean de Urgen\u021b\u0103 \u201ePius Br\u00eenzeu\u201d Timi\u0219oara.<\/p>\n<\/blockquote>\n<h3><strong>Cursuri practice la Clinica Pediatrie Bega<\/strong><\/h3>\n<p>Prima zi a evenimentului, 7 octombrie, va fi dedicat\u0103 cursurilor precongres, cu aplica\u021bii practice, care vor avea loc la Clinica Pediatrie Bega din Timi\u0219oara. \u00cen urm\u0103toarele trei zile sunt programate sesiunile \u0219tiin\u021bifice ale conferin\u021bei, prezent\u0103ri de cazuri \u0219i dezbateri.<\/p>\n<p>Printre subiectele abordate se num\u0103r\u0103 astmul bron\u0219ic, pneumoniile, bron\u0219iolita, fibroza chistic\u0103 \u0219i displazia bronhopulmonar\u0103. Medicii vor discuta \u0219i despre leg\u0103tura dintre astm \u0219i obezitate, terapiile moderne disponibile pentru fibroza chistic\u0103, tehnici noi de diagnostic \u0219i efectele polu\u0103rii asupra s\u0103n\u0103t\u0103\u021bii respiratorii a copiilor.<\/p>\n<p>Un loc important \u00een program \u00eel ocup\u0103 \u0219i metodele noi de diagnostic \u0219i tratament, inclusiv folosirea inteligen\u021bei artificiale \u00een ecografia pulmonar\u0103.<\/p>\n<h3><strong>Reziden\u021bii \u0219i studen\u021bii vor prezenta lucr\u0103ri<\/strong><\/h3>\n<p>Programul include \u0219i prezent\u0103ri \u0219tiin\u021bifice sus\u021binute de medici reziden\u021bi \u0219i studen\u021bi. Organizatorii spun c\u0103 evenimentul urm\u0103re\u0219te \u0219i schimbul de experien\u021b\u0103 \u00eentre medicii cu experien\u021b\u0103 \u0219i cei afla\u021bi la \u00eenceputul carierei.<\/p>\n<blockquote>\n<p>\u201ePNEUMOPED a crescut de la o edi\u021bie la alta. La ultimele edi\u021bii am avut peste 500 de participan\u021bi din \u00eentreaga \u021bar\u0103. Este, cred, cea mai bun\u0103 dovad\u0103 c\u0103 exist\u0103 un interes tot mai mare pentru pneumologia pediatric\u0103. PNEUMOPED nu este \u00eens\u0103 doar un congres. Este locul \u00een care discut\u0103m cazuri, schimb\u0103m experien\u021be \u0219i \u00eencerc\u0103m s\u0103 aducem \u00een practica noastr\u0103 ceea ce este nou \u00een diagnosticul \u0219i tratamentul bolilor respiratorii la copil.<\/p>\n<p>Este, \u00een acela\u0219i timp, un loc \u00een care medicii cu experien\u021b\u0103 se \u00eent\u00e2lnesc cu genera\u021biile tinere, iar acest schimb este extrem de important pentru dezvoltarea pneumologiei pediatrice\u201d, mai spune prof. dr. Ioana Ciuc\u0103.<\/p>\n<\/blockquote>\n<p>Edi\u021biile anterioare ale conferin\u021bei au reunit peste 500 de participan\u021bi din Rom\u00e2nia \u0219i din \u021b\u0103ri din vestul Europei.<\/p>\n<p><img decoding=\"async\" loading=\"lazy\" class=\"aligncenter size-large wp-image-2332125\" src=\"https:\/\/www.tion.ro\/wp-content\/uploads\/2026\/08\/6445087WhatsAppImage20260811at132914.jpeg\" alt width=\"1024\" height=\"1024\"><\/p>\n<p>\u00a0<\/p>\n<div class=\"fbShareLikeTwitterAndEmailContainer\">\n<div class=\"wrapper\">\n<div class=\"email\">\n<div id=\"mailto-pop\" class=\"pop-form pop-form-mailto\">\n<div class=\"pop-form-header\">\n<h4>Trimite articolul<\/h4>\n<p><a class=\"pop-form-close\">X<\/a><\/div>\n<\/div>\n<\/div>\n<\/div>\n<\/div>\n<div class=\"comments\">\n<div class=\"top\">\n<div class=\"commentsNumber\"><span class=\"number\">0<\/span><span class=\"text\">Comentarii<\/span><\/div>\n<\/div>\n<div class=\"center\">\n<div id=\"respond\" class=\"comment-respond\">\n<h3 id=\"reply-title\" class=\"comment-reply-title\"><small><a rel=\"nofollow\" id=\"cancel-comment-reply-link\" href=\"https:\/\/www.tion.ro\/sanatate\/peste-500-de-medici-sunt-asteptati-la-timisoara-la-conferinta-de-pneumologie-pediatrica-inteligenta-artificiala-printre-temele-editiei-din-acest-an-2332119\/#respond\">Cancel reply<\/a><\/small><\/h3>\n<p class=\"comment-notes\"><span id=\"email-notes\">Your email address will not be published.<\/span><span class=\"required-field-message\">Required fields are marked <span class=\"required\">*<\/span><\/span><\/p>\n<p class=\"commentFormComment\"><span id=\"commentFormCount\"><br \/>\n                            inca<br \/>\n                            <span id=\"countCommentText\">1000<\/span><br \/>\n                            caractere ramase<br \/>\n                        <\/span><\/p>\n<\/div>\n<\/div>\n<div class=\"bottom\">\n<p class=\"forumDisclaimerHuRo\">\n            Citi\u021bi principiile noastre de moderare <a href=\"https:\/\/www.tion.ro\/reguli-postare-comentarii\/\" target=\"_blank\">aici<\/a>!\n        <\/p>\n<\/div>\n<\/div>\n<\/div>\n<\/div>\n<p>[analyse_source url=&#8221;https:\/\/www.tion.ro\/sanatate\/peste-500-de-medici-sunt-asteptati-la-timisoara-la-conferinta-de-pneumologie-pediatrica-inteligenta-artificiala-printre-temele-editiei-din-acest-an-2332119\/&#8221;]<\/p>\n","protected":false},"excerpt":{"rendered":"<p>[analyse_image type=&#8221;featured&#8221; src=&#8221;https:\/\/www.tion.ro\/wp-content\/uploads\/2026\/08\/+otf\/1200&#215;630\/n4cvQM81B81Mf+inJvvlak5PVF9WRVJZX1NFQ+IIq6__7B9ZGDqeI6JmlOJXzQsugD1RPbAql18ASMn0RKEfSZb8qISubl8yf+__HXK+l4d+RalqiASmNmjkPBybY=\/6445158pexelsfreestockpro9275222-scaled.jpg&#8221;] Conferin\u021ba, ajuns\u0103 la cea de-a VIII-a edi\u021bie, se adreseaz\u0103 pneumologilor pediatri, pediatrilor, pneumologilor, medicilor de familie, alergologilor, medicilor reziden\u021bi \u0219i studen\u021bilor la medicin\u0103, precum \u0219i speciali\u0219tilor din domenii conexe. Evenimentul este organizat de Asocia\u021bia Na\u021bional\u0103 Rom\u00e2n\u0103 de Mucoviscidoz\u0103, sub egida INSPiRED \u2013 International Society of Pediatric Respiratory Diseases, iar Universitatea de Medicin\u0103 [&hellip;]<\/p>\n","protected":false},"author":1,"featured_media":0,"comment_status":"open","ping_status":"","sticky":false,"template":"","format":"standard","meta":{"footnotes":""},"categories":[89],"tags":[226,191],"class_list":["post-2087749","post","type-post","status-publish","format-standard","hentry","category-romania","tag-crawlmanager","tag-tion-ro"],"_links":{"self":[{"href":"https:\/\/analyse.optim.biz\/index.php?rest_route=\/wp\/v2\/posts\/2087749","targetHints":{"allow":["GET"]}}],"collection":[{"href":"https:\/\/analyse.optim.biz\/index.php?rest_route=\/wp\/v2\/posts"}],"about":[{"href":"https:\/\/analyse.optim.biz\/index.php?rest_route=\/wp\/v2\/types\/post"}],"author":[{"embeddable":true,"href":"https:\/\/analyse.optim.biz\/index.php?rest_route=\/wp\/v2\/users\/1"}],"replies":[{"embeddable":true,"href":"https:\/\/analyse.optim.biz\/index.php?rest_route=%2Fwp%2Fv2%2Fcomments&post=2087749"}],"version-history":[{"count":0,"href":"https:\/\/analyse.optim.biz\/index.php?rest_route=\/wp\/v2\/posts\/2087749\/revisions"}],"wp:attachment":[{"href":"https:\/\/analyse.optim.biz\/index.php?rest_route=%2Fwp%2Fv2%2Fmedia&parent=2087749"}],"wp:term":[{"taxonomy":"category","embeddable":true,"href":"https:\/\/analyse.optim.biz\/index.php?rest_route=%2Fwp%2Fv2%2Fcategories&post=2087749"},{"taxonomy":"post_tag","embeddable":true,"href":"https:\/\/analyse.optim.biz\/index.php?rest_route=%2Fwp%2Fv2%2Ftags&post=2087749"}],"curies":[{"name":"wp","href":"https:\/\/api.w.org\/{rel}","templated":true}]}}