{"id":2087748,"date":"2026-08-11T10:24:14","date_gmt":"2026-08-11T07:24:14","guid":{"rendered":"https:\/\/analyse.optim.biz\/?p=2087748"},"modified":"2026-08-11T10:24:14","modified_gmt":"2026-08-11T07:24:14","slug":"costul-renovarii-centrului-de-recuperare-neuropsihiatrica-gavojdia-a-crescut-la-peste-92-milioane-de-lei-cj-timis-a-actualizat-valoarea-proiectului","status":"publish","type":"post","link":"https:\/\/analyse.optim.biz\/?p=2087748","title":{"rendered":"Costul renov\u0103rii Centrului de Recuperare Neuropsihiatric\u0103 G\u0103vojdia a crescut la peste 9,2 milioane de lei. CJ Timi\u0219 a actualizat valoarea proiectului"},"content":{"rendered":"<p>[analyse_image type=&#8221;featured&#8221; src=&#8221;https:\/\/www.tion.ro\/wp-content\/uploads\/2026\/08\/+otf\/1200&#215;630\/CqQQ5u2oMfqFjoonbC9MvE5PVF9WRVJZX1NFQ6RfBPHWSvwElpp__6NTrwxGB8YW+i6n4m5PaD0hpKArWoPUTnVU8i0kxcyOUGRxDKQZnpev4bsjPPqj9LmGhnms=\/6443838pexelsshvetsproduction7176060-scaled.jpg&#8221;]<\/p>\n<article id=\"post-2332101\" class>\n<div class=\"entry-content clearfix\">\n<div class=\"enewsArticleContent\">\n<p>Actualizarea valorii a fost necesar\u0103 \u00een contextul modific\u0103rii cotei de TVA, al unor lucr\u0103ri suplimentare ap\u0103rute \u00een timpul execu\u021biei \u0219i al ajust\u0103rilor de pre\u021b aplicate lucr\u0103rilor realizate.<\/p>\n<h3><strong>Ce lucr\u0103ri sunt \u00een desf\u0103\u0219urare la G\u0103vojdia<\/strong><\/h3>\n<p>Proiectul vizeaz\u0103 renovarea energetic\u0103 a cl\u0103dirii Corp C1 a Centrului de Recuperare \u0219i Reabilitare Neuropsihiatric\u0103 G\u0103vojdia, unde sunt furnizate servicii sociale pentru persoane cu dizabilit\u0103\u021bi grave.<\/p>\n<p>Contractul pentru lucr\u0103rile ini\u021biale a fost \u00eencheiat \u00een 2024 cu firma Sulfatim SRL, pentru 4,7 milioane de lei f\u0103r\u0103 TVA, iar lucr\u0103rile au \u00eenceput \u00een 13 ianuarie 2025.<\/p>\n<p>Ulterior, \u00een urma unor solicit\u0103ri ale Direc\u021biei Generale de Asisten\u021b\u0103 Social\u0103 \u0219i Protec\u021bia Copilului Timi\u0219 \u0219i a constat\u0103rilor f\u0103cute \u00een timpul lucr\u0103rilor, a fost identificat\u0103 necesitatea unor interven\u021bii suplimentare. Pentru acestea a fost \u00eencheiat un al doilea contract, \u00een valoare de aproximativ 2 milioane de lei f\u0103r\u0103 TVA.<\/p>\n<p>Potrivit documentelor CJ Timi\u0219, lucr\u0103rile suplimentare au fost necesare pentru ob\u021binerea autoriza\u021biei de func\u021bionare a serviciilor sociale din cadrul centrului.<\/p>\n<p>P\u00e2n\u0103 la sf\u00e2r\u0219itul lunii iulie 2025 au fost decontate lucr\u0103ri \u00een valoare de 214.637 de lei f\u0103r\u0103 TVA. Dup\u0103 modificarea cotei de TVA, au fost decontate alte lucr\u0103ri \u00een valoare de aproximativ 2,77 milioane de lei f\u0103r\u0103 TVA, la care s-a ad\u0103ugat TVA de 21%.<\/p>\n<p>La costul proiectului se adaug\u0103 \u0219i aproximativ 383.000 de lei, cu TVA inclus, reprezent\u00e2nd ajust\u0103ri de pre\u021b pentru lucr\u0103rile executate la mai mult de \u0219ase luni de la \u00eenceperea contractului.<\/p>\n<h3><strong>De ce a fost actualizat\u0103 suma<\/strong><\/h3>\n<p>Valoarea ini\u021bial\u0103 aprobat\u0103 pentru proiect era de 7.818.470,50 lei, cu TVA de 19% inclus. Noua valoare aprobat\u0103 de CJ Timi\u0219 este de 9.262.820,60 lei, cu TVA inclus, ceea ce \u00eenseamn\u0103 o cre\u0219tere de aproximativ 1,44 milioane de lei.<\/p>\n<p>O parte din aceast\u0103 diferen\u021b\u0103 este legat\u0103 de majorarea cotei de TVA de la 19% la 21%, aplicabil\u0103 \u00eencep\u00e2nd cu 1 august 2025. Ministerul Dezvolt\u0103rii a transmis c\u0103, \u00een cazul proiectelor PNRR, poate fi suplimentat\u0103 valoarea TVA pentru cheltuielile r\u0103mase de executat, fiind necesar\u0103 actualizarea documentelor proiectului.<\/p>\n<p>Din noua valoare total\u0103 a proiectului, 5.301.740,20 lei sunt cheltuieli eligibile, adic\u0103 cele care pot fi acoperite prin finan\u021barea nerambursabil\u0103, iar 3.961.080,40 lei reprezint\u0103 cheltuieli neeligibile. Documentele aprobate de CJ Timi\u0219 arat\u0103 c\u0103, \u00eenainte de actualizare, finan\u021barea nerambursabil\u0103 maxim\u0103 era de 5,22 milioane de lei, cu TVA inclus.<\/p>\n<h3><strong>Proiectul trebuie finalizat \u00een luna august<\/strong><\/h3>\n<p>Actualizarea devizului a fost solicitat\u0103 \u0219i pentru \u00eencheierea unui act adi\u021bional la contractul de finan\u021bare. CJ Timi\u0219 a transmis documentele c\u0103tre Ministerul Dezvolt\u0103rii la sf\u00e2r\u0219itul lunii iulie \u0219i a primit ulterior solicitarea de a aproba prin hot\u0103r\u00e2re noile valori.<\/p>\n<p>Termenul este unul scurt, deoarece, potrivit documentelor CJ Timi\u0219, proiectele finan\u021bate prin PNRR trebuie finalizate p\u00e2n\u0103 la 30 august 2026.<\/p>\n<div class=\"fbShareLikeTwitterAndEmailContainer\">\n<div class=\"wrapper\">\n<div class=\"email\">\n<div id=\"mailto-pop\" class=\"pop-form pop-form-mailto\">\n<div class=\"pop-form-header\">\n<h4>Trimite articolul<\/h4>\n<p><a class=\"pop-form-close\">X<\/a><\/div>\n<\/div>\n<\/div>\n<\/div>\n<\/div>\n<div class=\"comments\">\n<div class=\"top\">\n<div class=\"commentsNumber\"><span class=\"number\">0<\/span><span class=\"text\">Comentarii<\/span><\/div>\n<\/div>\n<div class=\"center\">\n<div id=\"respond\" class=\"comment-respond\">\n<h3 id=\"reply-title\" class=\"comment-reply-title\"><small><a rel=\"nofollow\" id=\"cancel-comment-reply-link\" href=\"https:\/\/www.tion.ro\/stirile-judetului-timis\/costul-renovarii-centrului-de-recuperare-neuropsihiatrica-gavojdia-a-crescut-la-peste-92-milioane-de-lei-cj-timis-a-actualizat-valoarea-proiectului-2332101\/#respond\">Cancel reply<\/a><\/small><\/h3>\n<p class=\"comment-notes\"><span id=\"email-notes\">Your email address will not be published.<\/span><span class=\"required-field-message\">Required fields are marked <span class=\"required\">*<\/span><\/span><\/p>\n<p class=\"commentFormComment\"><span id=\"commentFormCount\"><br \/>\n                            inca<br \/>\n                            <span id=\"countCommentText\">1000<\/span><br \/>\n                            caractere ramase<br \/>\n                        <\/span><\/p>\n<\/div>\n<\/div>\n<div class=\"bottom\">\n<p class=\"forumDisclaimerHuRo\">\n            Citi\u021bi principiile noastre de moderare <a href=\"https:\/\/www.tion.ro\/reguli-postare-comentarii\/\" target=\"_blank\">aici<\/a>!\n        <\/p>\n<\/div>\n<\/div>\n<\/div>\n<\/div>\n<\/article>\n<div class=\"entry-content clearfix\">\n<div class=\"enewsArticleContent\">\n<p>Actualizarea valorii a fost necesar\u0103 \u00een contextul modific\u0103rii cotei de TVA, al unor lucr\u0103ri suplimentare ap\u0103rute \u00een timpul execu\u021biei \u0219i al ajust\u0103rilor de pre\u021b aplicate lucr\u0103rilor realizate.<\/p>\n<h3><strong>Ce lucr\u0103ri sunt \u00een desf\u0103\u0219urare la G\u0103vojdia<\/strong><\/h3>\n<p>Proiectul vizeaz\u0103 renovarea energetic\u0103 a cl\u0103dirii Corp C1 a Centrului de Recuperare \u0219i Reabilitare Neuropsihiatric\u0103 G\u0103vojdia, unde sunt furnizate servicii sociale pentru persoane cu dizabilit\u0103\u021bi grave.<\/p>\n<p>Contractul pentru lucr\u0103rile ini\u021biale a fost \u00eencheiat \u00een 2024 cu firma Sulfatim SRL, pentru 4,7 milioane de lei f\u0103r\u0103 TVA, iar lucr\u0103rile au \u00eenceput \u00een 13 ianuarie 2025.<\/p>\n<p>Ulterior, \u00een urma unor solicit\u0103ri ale Direc\u021biei Generale de Asisten\u021b\u0103 Social\u0103 \u0219i Protec\u021bia Copilului Timi\u0219 \u0219i a constat\u0103rilor f\u0103cute \u00een timpul lucr\u0103rilor, a fost identificat\u0103 necesitatea unor interven\u021bii suplimentare. Pentru acestea a fost \u00eencheiat un al doilea contract, \u00een valoare de aproximativ 2 milioane de lei f\u0103r\u0103 TVA.<\/p>\n<p>Potrivit documentelor CJ Timi\u0219, lucr\u0103rile suplimentare au fost necesare pentru ob\u021binerea autoriza\u021biei de func\u021bionare a serviciilor sociale din cadrul centrului.<\/p>\n<p>P\u00e2n\u0103 la sf\u00e2r\u0219itul lunii iulie 2025 au fost decontate lucr\u0103ri \u00een valoare de 214.637 de lei f\u0103r\u0103 TVA. Dup\u0103 modificarea cotei de TVA, au fost decontate alte lucr\u0103ri \u00een valoare de aproximativ 2,77 milioane de lei f\u0103r\u0103 TVA, la care s-a ad\u0103ugat TVA de 21%.<\/p>\n<p>La costul proiectului se adaug\u0103 \u0219i aproximativ 383.000 de lei, cu TVA inclus, reprezent\u00e2nd ajust\u0103ri de pre\u021b pentru lucr\u0103rile executate la mai mult de \u0219ase luni de la \u00eenceperea contractului.<\/p>\n<h3><strong>De ce a fost actualizat\u0103 suma<\/strong><\/h3>\n<p>Valoarea ini\u021bial\u0103 aprobat\u0103 pentru proiect era de 7.818.470,50 lei, cu TVA de 19% inclus. Noua valoare aprobat\u0103 de CJ Timi\u0219 este de 9.262.820,60 lei, cu TVA inclus, ceea ce \u00eenseamn\u0103 o cre\u0219tere de aproximativ 1,44 milioane de lei.<\/p>\n<p>O parte din aceast\u0103 diferen\u021b\u0103 este legat\u0103 de majorarea cotei de TVA de la 19% la 21%, aplicabil\u0103 \u00eencep\u00e2nd cu 1 august 2025. Ministerul Dezvolt\u0103rii a transmis c\u0103, \u00een cazul proiectelor PNRR, poate fi suplimentat\u0103 valoarea TVA pentru cheltuielile r\u0103mase de executat, fiind necesar\u0103 actualizarea documentelor proiectului.<\/p>\n<p>Din noua valoare total\u0103 a proiectului, 5.301.740,20 lei sunt cheltuieli eligibile, adic\u0103 cele care pot fi acoperite prin finan\u021barea nerambursabil\u0103, iar 3.961.080,40 lei reprezint\u0103 cheltuieli neeligibile. Documentele aprobate de CJ Timi\u0219 arat\u0103 c\u0103, \u00eenainte de actualizare, finan\u021barea nerambursabil\u0103 maxim\u0103 era de 5,22 milioane de lei, cu TVA inclus.<\/p>\n<h3><strong>Proiectul trebuie finalizat \u00een luna august<\/strong><\/h3>\n<p>Actualizarea devizului a fost solicitat\u0103 \u0219i pentru \u00eencheierea unui act adi\u021bional la contractul de finan\u021bare. CJ Timi\u0219 a transmis documentele c\u0103tre Ministerul Dezvolt\u0103rii la sf\u00e2r\u0219itul lunii iulie \u0219i a primit ulterior solicitarea de a aproba prin hot\u0103r\u00e2re noile valori.<\/p>\n<p>Termenul este unul scurt, deoarece, potrivit documentelor CJ Timi\u0219, proiectele finan\u021bate prin PNRR trebuie finalizate p\u00e2n\u0103 la 30 august 2026.<\/p>\n<div class=\"fbShareLikeTwitterAndEmailContainer\">\n<div class=\"wrapper\">\n<div class=\"email\">\n<div id=\"mailto-pop\" class=\"pop-form pop-form-mailto\">\n<div class=\"pop-form-header\">\n<h4>Trimite articolul<\/h4>\n<p><a class=\"pop-form-close\">X<\/a><\/div>\n<\/div>\n<\/div>\n<\/div>\n<\/div>\n<div class=\"comments\">\n<div class=\"top\">\n<div class=\"commentsNumber\"><span class=\"number\">0<\/span><span class=\"text\">Comentarii<\/span><\/div>\n<\/div>\n<div class=\"center\">\n<div id=\"respond\" class=\"comment-respond\">\n<h3 id=\"reply-title\" class=\"comment-reply-title\"><small><a rel=\"nofollow\" id=\"cancel-comment-reply-link\" href=\"https:\/\/www.tion.ro\/stirile-judetului-timis\/costul-renovarii-centrului-de-recuperare-neuropsihiatrica-gavojdia-a-crescut-la-peste-92-milioane-de-lei-cj-timis-a-actualizat-valoarea-proiectului-2332101\/#respond\">Cancel reply<\/a><\/small><\/h3>\n<p class=\"comment-notes\"><span id=\"email-notes\">Your email address will not be published.<\/span><span class=\"required-field-message\">Required fields are marked <span class=\"required\">*<\/span><\/span><\/p>\n<p class=\"commentFormComment\"><span id=\"commentFormCount\"><br \/>\n                            inca<br \/>\n                            <span id=\"countCommentText\">1000<\/span><br \/>\n                            caractere ramase<br \/>\n                        <\/span><\/p>\n<\/div>\n<\/div>\n<div class=\"bottom\">\n<p class=\"forumDisclaimerHuRo\">\n            Citi\u021bi principiile noastre de moderare <a href=\"https:\/\/www.tion.ro\/reguli-postare-comentarii\/\" target=\"_blank\">aici<\/a>!\n        <\/p>\n<\/div>\n<\/div>\n<\/div>\n<\/div>\n<p>[analyse_source url=&#8221;https:\/\/www.tion.ro\/stirile-judetului-timis\/costul-renovarii-centrului-de-recuperare-neuropsihiatrica-gavojdia-a-crescut-la-peste-92-milioane-de-lei-cj-timis-a-actualizat-valoarea-proiectului-2332101\/&#8221;]<\/p>\n","protected":false},"excerpt":{"rendered":"<p>[analyse_image type=&#8221;featured&#8221; src=&#8221;https:\/\/www.tion.ro\/wp-content\/uploads\/2026\/08\/+otf\/1200&#215;630\/CqQQ5u2oMfqFjoonbC9MvE5PVF9WRVJZX1NFQ6RfBPHWSvwElpp__6NTrwxGB8YW+i6n4m5PaD0hpKArWoPUTnVU8i0kxcyOUGRxDKQZnpev4bsjPPqj9LmGhnms=\/6443838pexelsshvetsproduction7176060-scaled.jpg&#8221;] Actualizarea valorii a fost necesar\u0103 \u00een contextul modific\u0103rii cotei de TVA, al unor lucr\u0103ri suplimentare ap\u0103rute \u00een timpul execu\u021biei \u0219i al ajust\u0103rilor de pre\u021b aplicate lucr\u0103rilor realizate. Ce lucr\u0103ri sunt \u00een desf\u0103\u0219urare la G\u0103vojdia Proiectul vizeaz\u0103 renovarea energetic\u0103 a cl\u0103dirii Corp C1 a Centrului de Recuperare \u0219i Reabilitare Neuropsihiatric\u0103 G\u0103vojdia, unde sunt [&hellip;]<\/p>\n","protected":false},"author":1,"featured_media":0,"comment_status":"open","ping_status":"","sticky":false,"template":"","format":"standard","meta":{"footnotes":""},"categories":[89],"tags":[226,191],"class_list":["post-2087748","post","type-post","status-publish","format-standard","hentry","category-romania","tag-crawlmanager","tag-tion-ro"],"_links":{"self":[{"href":"https:\/\/analyse.optim.biz\/index.php?rest_route=\/wp\/v2\/posts\/2087748","targetHints":{"allow":["GET"]}}],"collection":[{"href":"https:\/\/analyse.optim.biz\/index.php?rest_route=\/wp\/v2\/posts"}],"about":[{"href":"https:\/\/analyse.optim.biz\/index.php?rest_route=\/wp\/v2\/types\/post"}],"author":[{"embeddable":true,"href":"https:\/\/analyse.optim.biz\/index.php?rest_route=\/wp\/v2\/users\/1"}],"replies":[{"embeddable":true,"href":"https:\/\/analyse.optim.biz\/index.php?rest_route=%2Fwp%2Fv2%2Fcomments&post=2087748"}],"version-history":[{"count":0,"href":"https:\/\/analyse.optim.biz\/index.php?rest_route=\/wp\/v2\/posts\/2087748\/revisions"}],"wp:attachment":[{"href":"https:\/\/analyse.optim.biz\/index.php?rest_route=%2Fwp%2Fv2%2Fmedia&parent=2087748"}],"wp:term":[{"taxonomy":"category","embeddable":true,"href":"https:\/\/analyse.optim.biz\/index.php?rest_route=%2Fwp%2Fv2%2Fcategories&post=2087748"},{"taxonomy":"post_tag","embeddable":true,"href":"https:\/\/analyse.optim.biz\/index.php?rest_route=%2Fwp%2Fv2%2Ftags&post=2087748"}],"curies":[{"name":"wp","href":"https:\/\/api.w.org\/{rel}","templated":true}]}}