{"id":2087745,"date":"2026-08-11T11:06:53","date_gmt":"2026-08-11T08:06:53","guid":{"rendered":"https:\/\/analyse.optim.biz\/?p=2087745"},"modified":"2026-08-11T11:06:53","modified_gmt":"2026-08-11T08:06:53","slug":"sambata-seara-se-inchide-pasajul-iulius-de-luni-restrictii-pe-etape-si-in-freidorf-timp-de-doua-luni","status":"publish","type":"post","link":"https:\/\/analyse.optim.biz\/?p=2087745","title":{"rendered":"S\u00e2mb\u0103t\u0103 sear\u0103 se \u00eenchide Pasajul Iulius. De luni, restric\u021bii pe etape \u0219i \u00een Freidorf, timp de dou\u0103 luni"},"content":{"rendered":"<p>[analyse_image type=&#8221;featured&#8221; src=&#8221;https:\/\/www.tion.ro\/wp-content\/uploads\/2026\/07\/+otf\/1200&#215;630\/uxq9JG8nFhsgF0cRMtExRk5PVF9WRVJZX1NFQxOTByX1b9CeFP9SGfsuuzKR91c+NPbidsIZ5zuLYz__Bnjawh278EGS0zJSLZ19xbPJDpJeo+yJ4nZjSfzeKPpY=\/3084391WhatsAppImage20260703at161044.jpeg&#8221;]<\/p>\n<article id=\"post-2332155\" class>\n<div class=\"entry-content clearfix\">\n<div class=\"enewsArticleContent\">\n<p>Comisia de circula\u021bie a Prim\u0103riei Timi\u0219oara a aprobat un nou set de restric\u021bii de circula\u021bie cu aplicare \u00een perioada urm\u0103toare. S\u00e2mb\u0103t\u0103, \u00een zona Iulius, are loc un eveniment cultural-sportiv, iar de luni \u00eencep noi lucr\u0103ri la re\u021beaua electric\u0103 din Freidorf.<\/p>\n<p>A\u0219adar, s\u00e2mb\u0103t\u0103, 15 august, \u00een intervalul orar 21-24, circula\u021bia rutier\u0103 \u0219i pietonal\u0103 vor fi \u00eenchise \u00een Pasajul Iulius, p\u00e2n\u0103 la intersec\u021bia cu Calea Aradului. \u00cen acela\u0219i interval, circula\u021bia va fi restric\u021bionat\u0103 par\u021bial pe strada Aristide Demetriade \u0219i pe bulevardul Antenei, pe tronsonul dintre Pasajul Iulius Mall \u0219i strada Aristide Demetriade. Aici are loc evenimentul \u201eCODRU Running Rave\u201d.<\/p>\n<p>\u00cencep\u00e2nd de luni, 17 august, p\u00e2n\u0103 pe 9 octombrie, traficul rutier va fi restric\u021bionat etapizat \u00een zona Freidorf \u2013 pe strada Nicolae Andreescu, pe strada Banatul, pe bulevardul D\u00e2mbovi\u021ba \u0219i pe strada Vasile Lupu \u2013, pentru lucr\u0103ri de la re\u021beaua electric\u0103 de distribu\u021bie la tensiunea de 20 kV. Vor fi restric\u021bionate:<\/p>\n<ul>\n<li>strada Nicolae Andreescu \u015fi strada Banatul, \u00een perioada 17 august \u2013 4 septembrie;<\/li>\n<li>strada Banatul, \u00een perioada 5 \u2013 18 septembrie.<\/li>\n<li>strada Banatul, bulevardul D\u00e2mbovi\u0163a \u015fi strada Vasile Lupu, \u00een perioada 19 septembrie \u2013 9 octombrie.<\/li>\n<\/ul>\n<div class=\"fbShareLikeTwitterAndEmailContainer\">\n<div class=\"wrapper\">\n<div class=\"email\">\n<div id=\"mailto-pop\" class=\"pop-form pop-form-mailto\">\n<div class=\"pop-form-header\">\n<h4>Trimite articolul<\/h4>\n<p><a class=\"pop-form-close\">X<\/a><\/div>\n<\/div>\n<\/div>\n<\/div>\n<\/div>\n<div class=\"tagsContainer\">\n<div class=\"tagsLabel\">Taguri:<\/div>\n<div class=\"tags\">\n<div class=\"tag\"><a href=\"https:\/\/www.tion.ro\/cimke\/comisia-de-circulatie-pmt\" rel=\"tag\"><span class=\"link\">comisia de circulatie pmt<\/span><span class=\"separator\">,<\/span><\/a><\/div>\n<div class=\"tag\"><a href=\"https:\/\/www.tion.ro\/cimke\/lucrari-timisoara\" rel=\"tag\"><span class=\"link\">lucrari timisoara<\/span><span class=\"separator\">,<\/span><\/a><\/div>\n<div class=\"tag\"><a href=\"https:\/\/www.tion.ro\/cimke\/restrictii-de-circulatie\" rel=\"tag\"><span class=\"link\">restrictii de circulatie<\/span><\/a><\/div>\n<\/div>\n<\/div>\n<div class=\"comments\">\n<div class=\"top\">\n<div class=\"commentsNumber\"><span class=\"number\">0<\/span><span class=\"text\">Comentarii<\/span><\/div>\n<\/div>\n<div class=\"center\">\n<div id=\"respond\" class=\"comment-respond\">\n<h3 id=\"reply-title\" class=\"comment-reply-title\"><small><a rel=\"nofollow\" id=\"cancel-comment-reply-link\" href=\"https:\/\/www.tion.ro\/stirile-judetului-timis\/sambata-seara-se-inchide-pasajul-iulius-de-luni-restrictii-pe-etape-si-in-freidorf-timp-de-doua-luni-2332155\/#respond\">Cancel reply<\/a><\/small><\/h3>\n<p class=\"comment-notes\"><span id=\"email-notes\">Your email address will not be published.<\/span><span class=\"required-field-message\">Required fields are marked <span class=\"required\">*<\/span><\/span><\/p>\n<p class=\"commentFormComment\"><span id=\"commentFormCount\"><br \/>\n                            inca<br \/>\n                            <span id=\"countCommentText\">1000<\/span><br \/>\n                            caractere ramase<br \/>\n                        <\/span><\/p>\n<\/div>\n<\/div>\n<div class=\"bottom\">\n<p class=\"forumDisclaimerHuRo\">\n            Citi\u021bi principiile noastre de moderare <a href=\"https:\/\/www.tion.ro\/reguli-postare-comentarii\/\" target=\"_blank\">aici<\/a>!\n        <\/p>\n<\/div>\n<\/div>\n<\/div>\n<\/div>\n<\/article>\n<div class=\"entry-content clearfix\">\n<div class=\"enewsArticleContent\">\n<p>Comisia de circula\u021bie a Prim\u0103riei Timi\u0219oara a aprobat un nou set de restric\u021bii de circula\u021bie cu aplicare \u00een perioada urm\u0103toare. S\u00e2mb\u0103t\u0103, \u00een zona Iulius, are loc un eveniment cultural-sportiv, iar de luni \u00eencep noi lucr\u0103ri la re\u021beaua electric\u0103 din Freidorf.<\/p>\n<p>A\u0219adar, s\u00e2mb\u0103t\u0103, 15 august, \u00een intervalul orar 21-24, circula\u021bia rutier\u0103 \u0219i pietonal\u0103 vor fi \u00eenchise \u00een Pasajul Iulius, p\u00e2n\u0103 la intersec\u021bia cu Calea Aradului. \u00cen acela\u0219i interval, circula\u021bia va fi restric\u021bionat\u0103 par\u021bial pe strada Aristide Demetriade \u0219i pe bulevardul Antenei, pe tronsonul dintre Pasajul Iulius Mall \u0219i strada Aristide Demetriade. Aici are loc evenimentul \u201eCODRU Running Rave\u201d.<\/p>\n<p>\u00cencep\u00e2nd de luni, 17 august, p\u00e2n\u0103 pe 9 octombrie, traficul rutier va fi restric\u021bionat etapizat \u00een zona Freidorf \u2013 pe strada Nicolae Andreescu, pe strada Banatul, pe bulevardul D\u00e2mbovi\u021ba \u0219i pe strada Vasile Lupu \u2013, pentru lucr\u0103ri de la re\u021beaua electric\u0103 de distribu\u021bie la tensiunea de 20 kV. Vor fi restric\u021bionate:<\/p>\n<ul>\n<li>strada Nicolae Andreescu \u015fi strada Banatul, \u00een perioada 17 august \u2013 4 septembrie;<\/li>\n<li>strada Banatul, \u00een perioada 5 \u2013 18 septembrie.<\/li>\n<li>strada Banatul, bulevardul D\u00e2mbovi\u0163a \u015fi strada Vasile Lupu, \u00een perioada 19 septembrie \u2013 9 octombrie.<\/li>\n<\/ul>\n<div class=\"fbShareLikeTwitterAndEmailContainer\">\n<div class=\"wrapper\">\n<div class=\"email\">\n<div id=\"mailto-pop\" class=\"pop-form pop-form-mailto\">\n<div class=\"pop-form-header\">\n<h4>Trimite articolul<\/h4>\n<p><a class=\"pop-form-close\">X<\/a><\/div>\n<\/div>\n<\/div>\n<\/div>\n<\/div>\n<div class=\"tagsContainer\">\n<div class=\"tagsLabel\">Taguri:<\/div>\n<div class=\"tags\">\n<div class=\"tag\"><a href=\"https:\/\/www.tion.ro\/cimke\/comisia-de-circulatie-pmt\" rel=\"tag\"><span class=\"link\">comisia de circulatie pmt<\/span><span class=\"separator\">,<\/span><\/a><\/div>\n<div class=\"tag\"><a href=\"https:\/\/www.tion.ro\/cimke\/lucrari-timisoara\" rel=\"tag\"><span class=\"link\">lucrari timisoara<\/span><span class=\"separator\">,<\/span><\/a><\/div>\n<div class=\"tag\"><a href=\"https:\/\/www.tion.ro\/cimke\/restrictii-de-circulatie\" rel=\"tag\"><span class=\"link\">restrictii de circulatie<\/span><\/a><\/div>\n<\/div>\n<\/div>\n<div class=\"comments\">\n<div class=\"top\">\n<div class=\"commentsNumber\"><span class=\"number\">0<\/span><span class=\"text\">Comentarii<\/span><\/div>\n<\/div>\n<div class=\"center\">\n<div id=\"respond\" class=\"comment-respond\">\n<h3 id=\"reply-title\" class=\"comment-reply-title\"><small><a rel=\"nofollow\" id=\"cancel-comment-reply-link\" href=\"https:\/\/www.tion.ro\/stirile-judetului-timis\/sambata-seara-se-inchide-pasajul-iulius-de-luni-restrictii-pe-etape-si-in-freidorf-timp-de-doua-luni-2332155\/#respond\">Cancel reply<\/a><\/small><\/h3>\n<p class=\"comment-notes\"><span id=\"email-notes\">Your email address will not be published.<\/span><span class=\"required-field-message\">Required fields are marked <span class=\"required\">*<\/span><\/span><\/p>\n<p class=\"commentFormComment\"><span id=\"commentFormCount\"><br \/>\n                            inca<br \/>\n                            <span id=\"countCommentText\">1000<\/span><br \/>\n                            caractere ramase<br \/>\n                        <\/span><\/p>\n<\/div>\n<\/div>\n<div class=\"bottom\">\n<p class=\"forumDisclaimerHuRo\">\n            Citi\u021bi principiile noastre de moderare <a href=\"https:\/\/www.tion.ro\/reguli-postare-comentarii\/\" target=\"_blank\">aici<\/a>!\n        <\/p>\n<\/div>\n<\/div>\n<\/div>\n<\/div>\n<p>[analyse_source url=&#8221;https:\/\/www.tion.ro\/stirile-judetului-timis\/sambata-seara-se-inchide-pasajul-iulius-de-luni-restrictii-pe-etape-si-in-freidorf-timp-de-doua-luni-2332155\/&#8221;]<\/p>\n","protected":false},"excerpt":{"rendered":"<p>[analyse_image type=&#8221;featured&#8221; src=&#8221;https:\/\/www.tion.ro\/wp-content\/uploads\/2026\/07\/+otf\/1200&#215;630\/uxq9JG8nFhsgF0cRMtExRk5PVF9WRVJZX1NFQxOTByX1b9CeFP9SGfsuuzKR91c+NPbidsIZ5zuLYz__Bnjawh278EGS0zJSLZ19xbPJDpJeo+yJ4nZjSfzeKPpY=\/3084391WhatsAppImage20260703at161044.jpeg&#8221;] Comisia de circula\u021bie a Prim\u0103riei Timi\u0219oara a aprobat un nou set de restric\u021bii de circula\u021bie cu aplicare \u00een perioada urm\u0103toare. S\u00e2mb\u0103t\u0103, \u00een zona Iulius, are loc un eveniment cultural-sportiv, iar de luni \u00eencep noi lucr\u0103ri la re\u021beaua electric\u0103 din Freidorf. A\u0219adar, s\u00e2mb\u0103t\u0103, 15 august, \u00een intervalul orar 21-24, circula\u021bia rutier\u0103 \u0219i pietonal\u0103 [&hellip;]<\/p>\n","protected":false},"author":1,"featured_media":0,"comment_status":"open","ping_status":"","sticky":false,"template":"","format":"standard","meta":{"footnotes":""},"categories":[89],"tags":[226,191],"class_list":["post-2087745","post","type-post","status-publish","format-standard","hentry","category-romania","tag-crawlmanager","tag-tion-ro"],"_links":{"self":[{"href":"https:\/\/analyse.optim.biz\/index.php?rest_route=\/wp\/v2\/posts\/2087745","targetHints":{"allow":["GET"]}}],"collection":[{"href":"https:\/\/analyse.optim.biz\/index.php?rest_route=\/wp\/v2\/posts"}],"about":[{"href":"https:\/\/analyse.optim.biz\/index.php?rest_route=\/wp\/v2\/types\/post"}],"author":[{"embeddable":true,"href":"https:\/\/analyse.optim.biz\/index.php?rest_route=\/wp\/v2\/users\/1"}],"replies":[{"embeddable":true,"href":"https:\/\/analyse.optim.biz\/index.php?rest_route=%2Fwp%2Fv2%2Fcomments&post=2087745"}],"version-history":[{"count":0,"href":"https:\/\/analyse.optim.biz\/index.php?rest_route=\/wp\/v2\/posts\/2087745\/revisions"}],"wp:attachment":[{"href":"https:\/\/analyse.optim.biz\/index.php?rest_route=%2Fwp%2Fv2%2Fmedia&parent=2087745"}],"wp:term":[{"taxonomy":"category","embeddable":true,"href":"https:\/\/analyse.optim.biz\/index.php?rest_route=%2Fwp%2Fv2%2Fcategories&post=2087745"},{"taxonomy":"post_tag","embeddable":true,"href":"https:\/\/analyse.optim.biz\/index.php?rest_route=%2Fwp%2Fv2%2Ftags&post=2087745"}],"curies":[{"name":"wp","href":"https:\/\/api.w.org\/{rel}","templated":true}]}}