{"id":2087725,"date":"2026-08-11T11:20:44","date_gmt":"2026-08-11T08:20:44","guid":{"rendered":"https:\/\/analyse.optim.biz\/?p=2087725"},"modified":"2026-08-11T11:20:44","modified_gmt":"2026-08-11T08:20:44","slug":"istoricul-ionut-cojocaru-spune-ca-romania-s-a-angajat-pe-drumul-autoritarismului-stat-garnizoana-imprumuturile-pentru-inarmare-duc-la-dictatura-si-in-final-dezastru","status":"publish","type":"post","link":"https:\/\/analyse.optim.biz\/?p=2087725","title":{"rendered":"Istoricul Ionu\u021b Cojocaru spune c\u0103 Rom\u00e2nia s-a angajat pe drumul autoritarismului: \u201estat-garnizoan\u0103\u201d. \u00cemprumuturile pentru \u00eenarmare duc la dictatur\u0103 \u0219i \u00een final dezastru"},"content":{"rendered":"<p>[analyse_image type=&#8221;featured&#8221; src=&#8221;https:\/\/r3media.ro\/wp-content\/uploads\/2025\/06\/Nicusor-Dan-Ilie-Bolojan-e1750250703901.jpghttps:\/\/r3media.ro\/wp-content\/uploads\/2025\/06\/Nicusor-Dan-Ilie-Bolojan-e1750250703901.jpg&#8221;]<\/p>\n<article id=\"template-id-109\" class=\"post-109 tdb_templates type-tdb_templates status-publish post\">\n<div id=\"tdi_2\" class=\"tdc-zone\">\n<div class=\"tdc_zone tdi_3  wpb_row td-pb-row\">\n<div id=\"tdi_4\" class=\"tdc-row\">\n<div class=\"vc_row tdi_5  wpb_row td-pb-row\">\n<div class=\"vc_column tdi_7  wpb_column vc_column_container tdc-column td-pb-span8\">\n<div class=\"wpb_wrapper\">\n<div class=\"td_block_wrap tdb_breadcrumbs tdi_8 td-pb-border-top td_block_template_1 tdb-breadcrumbs \" data-td-block-uid=\"tdi_8\">\n<div class=\"tdb-block-inner td-fix-index\"><span><a title=\"Vede\u021bi toate articolele \u00een ECONOMIE\" class=\"tdb-entry-crumb\" href=\"https:\/\/r3media.ro\/category\/economie\/\">ECONOMIE<\/a><\/span><span class=\"tdb-bred-no-url-last\">Istoricul Ionu\u021b Cojocaru spune c\u0103 Rom\u00e2nia s-a angajat pe drumul autoritarismului: \u201estat-garnizoan\u0103\u201d&#8230;.<\/span><\/div>\n<\/div>\n<div class=\"td_block_wrap tdb_single_categories tdi_9 td-pb-border-top td_block_template_1 \" data-td-block-uid=\"tdi_9\">\n<div class=\"tdb-category td-fix-index\"><a class=\"tdb-entry-category\" href=\"https:\/\/r3media.ro\/category\/economie\/\">ECONOMIE<\/a><a class=\"tdb-entry-category\" href=\"https:\/\/r3media.ro\/category\/featured\/\">FEATURED<\/a><a class=\"tdb-entry-category\" href=\"https:\/\/r3media.ro\/category\/stiri\/\">\u0218TIRI<\/a><\/div>\n<\/div>\n<div class=\"td_block_wrap tdb_title tdi_10 tdb-single-title td-pb-border-top td_block_template_1\" data-td-block-uid=\"tdi_10\">\n<div class=\"tdb-block-inner td-fix-index\">\n<h1 class=\"tdb-title-text\">Istoricul Ionu\u021b Cojocaru spune c\u0103 Rom\u00e2nia s-a angajat pe drumul autoritarismului: \u201estat-garnizoan\u0103\u201d. \u00cemprumuturile pentru \u00eenarmare duc la dictatur\u0103 \u0219i \u00een final dezastru<\/h1>\n<\/div>\n<\/div>\n<div class=\"vc_row_inner tdi_12  vc_row vc_inner wpb_row td-pb-row\">\n<div class=\"vc_column_inner tdi_14  wpb_column vc_column_container tdc-inner-column td-pb-span12\">\n<div class=\"vc_column-inner\">\n<div class=\"wpb_wrapper\">\n<div class=\"td_block_wrap tdb_single_author tdi_15 td-pb-border-top td_block_template_1 tdb-post-meta\" data-td-block-uid=\"tdi_15\">\n<div class=\"tdb-block-inner td-fix-index\">\n<div class=\"tdb-author-name-wrap\"><a class=\"tdb-author-name\" href=\"https:\/\/r3media.ro\/author\/teodor_stan\/\">Teodor Stan<\/a><\/div>\n<\/div>\n<\/div>\n<div class=\"td_block_wrap tdb_single_date tdi_16 td-pb-border-top td_block_template_1 tdb-post-meta\" data-td-block-uid=\"tdi_16\">\n<div class=\"tdb-block-inner td-fix-index\"><time class=\"entry-date updated td-module-date\" datetime=\"2026-08-11T14:20:44+03:00\">11\/08\/2026<\/time><\/div>\n<\/div>\n<\/div>\n<\/div>\n<\/div>\n<\/div>\n<div class=\"td_block_wrap tdb_single_featured_image tdi_17 tdb-content-horiz-left td-pb-border-top td_block_template_1\" data-td-block-uid=\"tdi_17\">\n<div class=\"tdb-block-inner td-fix-index\">\n<figure><figcaption class=\"tdb-caption-text\">Sursa foto:<br \/>\nNicu\u0219or Dan\/ Facebook<\/figcaption><\/figure>\n<\/div>\n<\/div>\n<div class=\"td_block_wrap tdb_single_content tdi_18 td-pb-border-top td_block_template_1 td-post-content tagdiv-type\" data-td-block-uid=\"tdi_18\">\n<div class=\"tdb-block-inner td-fix-index\">\n<p><strong>Istoricul Ionu\u021b Cojocaru argumenteaz\u0103 c\u0103 Rom\u00e2nia s-a angajat pe un drum al autoritarismului, acela de \u201estat-garnizoan\u0103\u201d, care a dus la dezastre \u00een secolul XX.<\/strong><\/p>\n<p>\u00centr-un articol publicat pe <a href=\"https:\/\/ionutcojocaru.ro\/2026\/08\/11\/cum-saracesti-o-tara-in-aplauzele-naivilor\/\" target=\"_blank\" rel=\"noopener\">blogul personal<\/a>, conferen\u021biarul Ionu\u021b Cojocaru argumenteaz\u0103 c\u0103 folosirea \u00eemprumuturilor \u2013 a\u0219a cum este SAFE sau PNRR \u2013 duce la o stabilizare pe h\u00e2rtie, dar \u00een realitate distruge popula\u021bia, mai precis exact acei oameni care sus\u021bin statul \u00een sine.<\/p>\n<p>Ionu\u021b Cojocarul folose\u0219te exemplul anului 1929, atunci c\u00e2nd Guvernul Maniu a stabilizat leul cu pre\u021bul unui mare \u00eemprumut din str\u0103in\u0103tate. <a href=\"https:\/\/r3media.ro\/afacere-skoda-guvernul-bolojan-rheinmetall-contract-istorie\/\" target=\"_blank\" rel=\"noopener\">Afacerea Skoda<\/a> este amintit\u0103 \u0219i ea.<\/p>\n<p>\u201e\u00cen 1929, Guvernul Maniu a stabilizat leul cu un mare \u00eemprumut interna\u021bional \u0219i a acceptat, \u00een schimb, un consilier tehnic str\u0103in la Banca Na\u021bional\u0103, Roger Auboin. A urmat Marea Criz\u0103: pr\u0103bu\u0219irea pre\u021burilor agricole, criza datoriilor \u021b\u0103r\u0103ne\u0219ti, legile de conversiune, defla\u021bia \u0219i instabilitatea guvernamental\u0103 \u00een lan\u021b[8]. Stabilizarea a fost real\u0103; sustenabilitatea social\u0103, nu. Corec\u021bia tehnocratic\u0103, corect\u0103 pe h\u00e2rtie, a m\u0103cinat tocmai p\u0103tura care sus\u021binea statul.<\/p>\n<p>Iar dac\u0103 re\u00eenarmarea na\u0219te dictatur\u0103, tot ea na\u0219te \u0219i corup\u021bie: afacerea \u0160koda (1933) contractul pentru 600 de tunuri de calibru mare \u0219i circa 40 de miliarde de lei, seifuri doldora de documente militare secrete \u0219i de mituiri codificate, un guvern dobor\u00e2t \u0219i, la cap\u0103t, un singur condamnat, cehul Seletzki,[9] a fost primul nostru mare scandal al \u00eenzestr\u0103rii externe, iar cei 16,68 miliarde de euro din SAFE readuc exact aceea\u0219i combina\u021bie: comenzi militare uria\u0219e, opacitate \u0219i dependen\u021b\u0103 de furnizori str\u0103ini.<\/p>\n<p>Ce am \u00eenv\u0103\u021bat din istorie?\u201d, s-a \u00eentrebat Cojocaru.<\/p>\n<h2><strong>Gre\u0219eala pe care Rom\u00e2nia o comite periodic<\/strong><\/h2>\n<p>Istoricul arat\u0103 c\u0103 scenariul \u201estabiliz\u0103rii\u201d s-a repetat apoi \u00een 1947, dar \u0219i \u00een 1997, c\u00e2nd cu \u201eterapia de \u0219oc\u201d a Guvernului Ciorbea.<\/p>\n<p>Pe plan extern, situa\u021bia se aseam\u0103n\u0103 cu cea prin care a trecut Germania \u00een 1923 \u0219i Imperiul Otoman \u00een secolul XIX.<\/p>\n<p>\u201eDincolo de grani\u021be, verdictul e \u0219i mai limpede \u0219i demonteaz\u0103, apropo, cea mai comod\u0103 ap\u0103rare a guvernan\u021bilor. Se va spune: \u201edar Bolojan lupt\u0103 \u00eempotriva infla\u021biei, nu o provoac\u0103 precum Weimarul din 1923\u201d. Adev\u0103rat \u0219i irelevant. Fiindc\u0103 nu hiperinfla\u021bia din 1923 a ucis singur\u0103 Republica de la Weimar, ci defla\u021bia-prin-decret a cancelarului Br\u00fcning (1930\u20131932): austeritate impus\u0103 prin ordonan\u021be de urgen\u021b\u0103, peste voin\u021ba Reichstagului.<\/p>\n<p>\u00cen exact acei ani, votul nazist a explodat de la 2,6% la 37,3%[12]. Lec\u021bia nu este c\u0103 pre\u021burile scap\u0103 de sub control; lec\u021bia este c\u0103 austeritatea impus\u0103 prin decret unei popula\u021bii epuizate dizolv\u0103 contractul social \u0219i hr\u0103ne\u0219te anti-sistemul. Iar \u201easumarea r\u0103spunderii\u201d, guvernarea care ocole\u0219te dezbaterea parlamentar\u0103 este problema real\u0103. \u00centr-o \u021bar\u0103 care abia a trecut printr-un scrutin preziden\u021bial anulat \u0219i printr-un val suveranist, a mai turna austeritate peste umilin\u021b\u0103 este un joc cu focul istoriei.<\/p>\n<p>Al doilea avertisment vine dinspre specialitatea mea \u0219i love\u0219te direct \u00een chestiunea \u00eemprumuturilor.<\/p>\n<p>Imperiul Otoman s-a \u00eemprumutat masiv de la Occident dup\u0103 1854, a intrat \u00een incapacitate de plat\u0103 \u00een 1875 \u0219i, prin Decretul Muharrem din 1881, a cedat administrarea unor venituri-cheie unei Administra\u021bii a Datoriei Publice, D\u00fcyun-\u0131 Umumiye controlate de creditori[13]. Un stat care \u00ee\u0219i astup\u0103 g\u0103urile fiscale cu \u00eemprumuturi pe care nu le controleaz\u0103 sf\u00e2r\u0219e\u0219te sub tutela creditorilor.<\/p>\n<p>Aceasta nu e teorie: e certificatul de deces al suveranit\u0103\u021bii otomane, semnat cu treizeci de ani \u00eenainte de dezmembrarea propriu-zis\u0103. BIRD \u0219i SAFE nu sunt, desigur, un Muharrem \u00een toat\u0103 puterea cuv\u00e2ntului dar sunt din aceea\u0219i familie gramatical\u0103: politici dictate de creditor, suveranitate rambursabil\u0103 \u00een rate\u201d, a remarcat Ionu\u021b Cojocaru.<\/p>\n<h2><strong>\u00cemprumuturi pentru \u00eenarmare egal dezastru<\/strong><\/h2>\n<p>Cel mai tulbur\u0103tor este faptul c\u0103 \u00eemprumuturile se duc spre \u00eenarmare, ceea ce, istoric a condus Rom\u00e2nia la dezastru, scrie Cojocaru.<\/p>\n<p>\u201eExist\u0103 o dimensiune pe care aritmetica guvernamental\u0103 o trece elegant sub t\u0103cere: cea mai mare destina\u021bie a noii \u00eendator\u0103ri nu e nici pensia, nici spitalul, ci re\u00eenarmarea[15].<\/p>\n<p>Iar aici istoria are o lege de fier, mai tulbur\u0103toare dec\u00e2t cea monetar\u0103: statul care se preg\u0103te\u0219te de r\u0103zboi tinde, aproape mecanic, spre o form\u0103 autoritar\u0103. Ca s\u0103 \u00eenarmezi, trebuie s\u0103 extragi masiv din popula\u021bie taxe, \u00eemprumuturi, rechizi\u021bii, recrutare; iar ca s\u0103 extragi la scara aceea, centralizezi puterea, ocole\u0219ti deliberarea \u0219i instalezi urgen\u021ba ca regim permanent.<\/p>\n<p>Sociologul Harold Lasswell a numit cap\u0103tul acestui drum \u201estatul-garnizoan\u0103\u201d, \u00een care \u201especiali\u0219tii violen\u021bei\u201d dau tonul, iar libert\u0103\u021bile se retrag \u00een fa\u021ba \u201esupravie\u021buirii na\u021bionale\u201d[16]. \u201eSecuritatea\u201d devine alibiul perfect: legitimeaz\u0103, \u00een acela\u0219i timp, \u0219i taxa, \u0219i suspendarea regulilor care ar contesta-o.<\/p>\n<p>Nu e o specula\u021bie de bibliotec\u0103. Germania nazist\u0103 \u0219i-a finan\u021bat re\u00eenarmarea secret\u0103 prin bonurile MEFO, o datorie ascuns\u0103 care ipoteca, tacit, viitorul popula\u021biei \u0219i avea s\u0103 fie \u201estins\u0103\u201d prin infla\u021bie \u0219i jaf. Economia de r\u0103zboi \u0219i statul totalitar au crescut \u00eempreun\u0103, ca dou\u0103 fe\u021be ale aceleia\u0219i monede[17].<\/p>\n<p>Tiparul se repet\u0103 pentru c\u0103 este func\u021bional: re\u00eenarmarea este una dintre pu\u021binele cheltuieli pe care o popula\u021bie le accept\u0103 f\u0103r\u0103 c\u00e2rtire, fiindc\u0103 i se spune c\u0103 pl\u0103te\u0219te pentru propria supravie\u021buire. Exact de aceea este \u0219i cel mai comod vehicul de expropriere: nimeni nu cere socoteal\u0103 \u201e\u00een vreme de primejdie\u201d.<\/p>\n<p>\u0218i, ca de fiecare dat\u0103, nu trebuie s\u0103 trecem grani\u021ba pentru dovada cea mai crud\u0103. Rom\u00e2nia sf\u00e2r\u0219itului anilor \u201930, sub amenin\u021bare extern\u0103 real\u0103 \u0219i \u00een plin\u0103 re\u00eenarmare, a alunecat \u00een dictatura regal\u0103 a lui Carol al II-lea (1938), apoi \u00een dictatura militar\u0103 a lui Antonescu[18]. Amenin\u021barea era autentic\u0103 \u0219i tocmai autenticitatea ei a fost cheia: nimic nu desfiin\u021beaz\u0103 mai eficient politica deliberativ\u0103 dec\u00e2t un pericol real, fluturat ne\u00eencetat.<\/p>\n<p>Militarizarea nu a ap\u0103rat Rom\u00e2nia, a livrat-o, pe r\u00e2nd, unei dictaturi autohtone \u0219i apoi ocupantului sovietic. Securitatea invocat\u0103 drept scop suprem a produs exact opusul securit\u0103\u021bii\u201d, a notat Cojocaru.<\/p>\n<h2><strong>Economia de securitate demonteaz\u0103 democra\u021bia<\/strong><\/h2>\n<p>\u201eS\u0103 fiu limpede, ca s\u0103 nu fiu r\u0103st\u0103lm\u0103cit: nu spun c\u0103 Rom\u00e2nia n-ar trebui s\u0103 se apere. Un stat care nu se poate proteja nu protejeaz\u0103 nimic. Pericolul nu st\u0103 \u00een arme, ci \u00een gramatic\u0103.<\/p>\n<p>C\u00e2nd 16,68 miliarde de euro de datorie militar\u0103 se a\u0219az\u0103 peste o austeritate care stoarce deja popula\u021bia, c\u00e2nd totul e guvernat prin \u201easumarea r\u0103spunderii\u201d \u00een locul dezbaterii \u0219i c\u00e2nd \u201esecuritatea na\u021bional\u0103\u201d devine justificarea-mam\u0103 at\u00e2t pentru extrac\u021bie, c\u00e2t \u0219i pentru metoda de urgen\u021b\u0103, \u021bara p\u0103\u0219e\u0219te cu cele mai bune inten\u021bii exact pe drumul statului-garnizoan\u0103 despre care ne avertizeaz\u0103 istoria.<\/p>\n<p>\u00centrebarea r\u0103m\u00e2ne aceea\u0219i, doar mutat\u0103 \u00een registrul ap\u0103r\u0103rii: <em>cine pl\u0103te\u0219te, cine decide \u0219i cine e \u021binut departe de decizie<\/em>?<strong> O economie de securitate care ia de la cei mul\u021bi, iart\u0103 capitalul celor pu\u021bini \u0219i hot\u0103r\u0103\u0219te \u00een numele tuturor, f\u0103r\u0103 cei mul\u021bi, nu este scutul unei democra\u021bii ci este schela demont\u0103rii ei\u201d,<\/strong> a scris istoricul.<\/p>\n<p>Articolul integral poate fi citit <a href=\"https:\/\/ionutcojocaru.ro\/2026\/08\/11\/cum-saracesti-o-tara-in-aplauzele-naivilor\/\" target=\"_blank\" rel=\"noopener\">aici.<\/a><\/p>\n<p><a href=\"https:\/\/ionutcojocaru.ro\/2026\/08\/11\/cum-saracesti-o-tara-in-aplauzele-naivilor\/#_ftnref8\" name=\"_ftn8\">[8]<\/a>Pentru stabilizarea leului din 7 februarie 1929 (Guvernul Maniu), \u00eemprumutul interna\u021bional de stabilizare \u0219i dezvoltare \u0219i prezen\u021ba unui consilier tehnic str\u0103in la Banca Na\u021bional\u0103, precum \u0219i pentru criza datoriilor agricole \u0219i legile de conversiune (1932\u20131934), r\u0103m\u00e2ne de referin\u021b\u0103 Costin C. Kiri\u021bescu, <em>Sistemul b\u0103nesc al leului \u0219i precursorii lui<\/em>, Bucure\u0219ti, Editura Enciclopedic\u0103; cf. \u0219i Victor Axenciuc, <em>Evolu\u021bia economic\u0103 a Rom\u00e2niei<\/em>.<\/p>\n<p><a href=\"https:\/\/ionutcojocaru.ro\/2026\/08\/11\/cum-saracesti-o-tara-in-aplauzele-naivilor\/#_ftnref9\" name=\"_ftn9\">[9]<\/a> Afacerea \u0160koda: contractul din 17 martie 1930 (Guvernul Maniu, ministru de r\u0103zboi Henri Cihoski) pentru 600 de tunuri de calibru mare \u0219i muni\u021bie, \u00een valoare de p\u00e2n\u0103 la circa 40 de miliarde de lei; perchezi\u021bia fiscal\u0103 din 10 martie 1933 a descoperit \u00een seifurile reprezentan\u021bei \u0160koda din Bucure\u0219ti documente militare secrete \u0219i liste codificate de mituiri, declan\u0219\u00e2nd cel mai mare scandal de corup\u021bie interbelic \u2014 a c\u0103zut guvernul Vaida-Voevod, iar la procesul din 1936 to\u021bi inculpa\u021bii rom\u00e2ni au fost achita\u021bi, singurul condamnat r\u0103m\u00e2n\u00e2nd reprezentantul firmei, Bruno Seletzki.<\/p>\n<p><a href=\"https:\/\/ionutcojocaru.ro\/2026\/08\/11\/cum-saracesti-o-tara-in-aplauzele-naivilor\/#_ftnref12\" name=\"_ftn12\">[12]<\/a>Nu hiperinfla\u021bia din 1923 a semnat singur\u0103 certificatul de deces al Republicii de la Weimar, ci \u0219i defla\u021bia-prin-decret a cancelarului Heinrich Br\u00fcning (1930\u20131932): austeritate impus\u0103 prin ordonan\u021be de urgen\u021b\u0103 (Articolul 48), ocolind Reichstagul. \u00cen acest interval, votul nazist a urcat de la 2,6% (1928) la 18,3% (septembrie 1930) \u0219i 37,3% (iulie 1932). Vezi Harold James, <em>The German Slump: Politics and Economics 1924\u20131936<\/em>, Oxford, 1986; \u0219i dezbaterea deschis\u0103 de teza lui Knut Borchardt privind constr\u00e2ngerile lui Br\u00fcning.<\/p>\n<p><a href=\"https:\/\/ionutcojocaru.ro\/2026\/08\/11\/cum-saracesti-o-tara-in-aplauzele-naivilor\/#_ftnref17\" name=\"_ftn17\">[17]<\/a>Germania nazist\u0103 \u0219i-a finan\u021bat re\u00eenarmarea secret\u0103 prin bonurile MEFO, o datorie ascuns\u0103 care ipoteca tacit viitorul popula\u021biei, \u201estins\u0103\u201d ulterior prin infla\u021bie \u0219i jaf , economia de r\u0103zboi (Wehrwirtschaft) fiind inseparabil\u0103 de statul totalitar. Adam Tooze, <em>The Wages of Destruction: The Making and Breaking of the Nazi Economy<\/em>, Londra, 2006.<\/p>\n<p><a href=\"https:\/\/ionutcojocaru.ro\/2026\/08\/11\/cum-saracesti-o-tara-in-aplauzele-naivilor\/#_ftnref18\" name=\"_ftn18\">[18]<\/a>Rom\u00e2nia sf\u00e2r\u0219itului anilor \u201930, sub amenin\u021bare extern\u0103 real\u0103 \u0219i \u00een plin\u0103 re\u00eenarmare, a alunecat \u00een dictatura regal\u0103 a lui Carol al II-lea (1938)\u00a0 partide dizolvate, regim corporatist militarizat , urmat\u0103 de dictatura militar\u0103 a lui Ion Antonescu (1940\u20131944), \u201eConduc\u0103torul\u201d, cu economia de r\u0103zboi, rechizi\u021biile \u0219i infla\u021bia turnate \u00eentr-un r\u0103zboi \u00eencheiat \u00een catastrof\u0103 \u0219i sovietizare.<\/p>\n<div class=\"crp_related     crp-masonry\">\n<h2>\u00ceN CONTEXT<\/h2>\n<ul>\n<li><a href=\"https:\/\/r3media.ro\/ionut-popescu-guvern-masuri\/\" class=\"crp_link post-119627\"><span class=\"crp_title\">Ionu\u021b Popescu: Orice guvern va veni, \u00een orice formul\u0103 de partide, va trebui s\u0103 ia m\u0103suri\u2026<\/span><\/a><\/li>\n<li><a href=\"https:\/\/r3media.ro\/florin-cojocariu-influenta-digi-bani-safe\/\" class=\"crp_link post-117641\"><span class=\"crp_title\">Florin Cojocariu: Influen\u021b\u0103 la Digi cump\u0103rat\u0103 cu banii din SAFE? Mi-e groaz\u0103 de ce vom mai descoperi<\/span><\/a><\/li>\n<li><a href=\"https:\/\/r3media.ro\/dan-pavel-safe-digi-ghita-voiculescu-rezist-piata-victoriei\/\" class=\"crp_link post-117713\"><span class=\"crp_title\">Dan Pavel, despre banii din SAFE da\u021bi Digi: Dac\u0103 lua Sebi Ghi\u021b\u0103 sau Voiculescu 196 de\u2026<\/span><\/a><\/li>\n<li><a href=\"https:\/\/r3media.ro\/petrisor-peiu-tren-medical-safe-teapa\/\" class=\"crp_link post-117742\"><span class=\"crp_title\">Petri\u0219or Peiu contest\u0103 achizi\u021bia unui tren medical de 73 de milioane de euro: Pe rom\u00e2ne\u0219te,\u2026<\/span><\/a><\/li>\n<li><a href=\"https:\/\/r3media.ro\/safe-pentru-marile-puteri-europene\/\" class=\"crp_link post-115955\"><span class=\"crp_title\">SAFE pentru marile puteri europene<\/span><\/a><\/li>\n<li><a href=\"https:\/\/r3media.ro\/jurnalist-imprumut-safe-autostrazi-moldova-ucraina-spitale-neterminate\/\" class=\"crp_link post-116968\"><span class=\"crp_title\">Jurnalist: Vor s\u0103 ne \u00eemprumut\u0103m prin SAFE pentru autostr\u0103zile spre Moldova \u0219i Ucraina, dar\u2026<\/span><\/a><\/li>\n<li><a href=\"https:\/\/r3media.ro\/puterea-mitologica-instalata-a-romaniei\/\" class=\"crp_link post-120710\"><span class=\"crp_title\">Puterea mitologic\u0103 instalat\u0103 a Rom\u00e2niei<\/span><\/a><\/li>\n<li><a href=\"https:\/\/r3media.ro\/fara-apa-fara-curent-fara-viitor-cum-au-sacrificat-pro-europenii-romania-pe-altarul-ecologiei-ieftine\/\" class=\"crp_link post-121034\"><span class=\"crp_title\">F\u0103r\u0103 ap\u0103, f\u0103r\u0103 curent, f\u0103r\u0103 viitor: cum au sacrificat pro-europenii Rom\u00e2nia pe altarul\u2026<\/span><\/a><\/li>\n<\/ul>\n<\/div>\n<\/div>\n<\/div>\n<div class=\"td_block_wrap tdb_single_tags tdi_19 td-pb-border-top td_block_template_1\" data-td-block-uid=\"tdi_19\">\n<div class=\"tdb-block-inner td-fix-index\">\n<ul class=\"tdb-tags\">\n<li><span>SUBIECTE FIERBIN\u021aI<\/span><\/li>\n<li><a href=\"https:\/\/r3media.ro\/tag\/dictatura-romania\/\">dictatura romania<\/a><\/li>\n<li><a href=\"https:\/\/r3media.ro\/tag\/ionut-cojocaru\/\">ionut cojocaru<\/a><\/li>\n<li><a href=\"https:\/\/r3media.ro\/tag\/iuliu-maniu\/\">iuliu maniu<\/a><\/li>\n<li><a href=\"https:\/\/r3media.ro\/tag\/planul-national-de-redresare-si-rezilienta-pnrr\/\">Planul Na\u0163ional de Redresare \u015fi Rezilien\u0163\u0103 (PNRR)<\/a><\/li>\n<li><a href=\"https:\/\/r3media.ro\/tag\/safe\/\">SAFE<\/a><\/li>\n<\/ul>\n<\/div>\n<\/div>\n<div class=\"td_block_wrap td_block_9 tdi_20 td_with_ajax_pagination td-pb-border-top td_block_template_1 td-column-2 td_block_padding td_block_bot_line\" data-td-block-uid=\"tdi_20\">\n<div class=\"td-block-title-wrap\">\n<h4 class=\"block-title td-block-title\"><span class=\"td-pulldown-size\">CITE\u0218TE MAI MULT<\/span><\/h4>\n<\/div>\n<div id=\"tdi_20\" class=\"td_block_inner\">\n<div class=\"td-block-row\">\n<div class=\"td-block-span6\">\n<div class=\"td_module_8 td_module_wrap\">\n<div class=\"item-details\">\n<h3 class=\"entry-title td-module-title\"><a href=\"https:\/\/r3media.ro\/presedintele-serbiei-razboiul-din-ucraina\/\" rel=\"bookmark\" title=\"Pre\u0219edintele Serbiei nu crede c\u0103 r\u0103zboiul din Ucraina se termin\u0103 cur\u00e2nd: Cred c\u0103 ne afl\u0103m la \u00eenceputul unui r\u0103zboi mult, mult mai mare\">Pre\u0219edintele Serbiei nu crede c\u0103 r\u0103zboiul din Ucraina se termin\u0103 cur\u00e2nd: Cred c\u0103 ne&#8230;<\/a><\/h3>\n<div class=\"td-module-meta-info\"><a href=\"https:\/\/r3media.ro\/category\/stiri-prim-plan\/\" class=\"td-post-category\">PRIM PLAN<\/a><span class=\"td-post-author-name\"><a href=\"https:\/\/r3media.ro\/author\/teodor_stan\/\">Teodor Stan<\/a><span>&#8211;<\/span><\/span><span class=\"td-post-date\"><time class=\"entry-date updated td-module-date\" datetime=\"2026-08-10T12:22:44+03:00\">10\/08\/2026<\/time><\/span><\/div>\n<\/div>\n<\/div>\n<\/div>\n<div class=\"td-block-span6\">\n<div class=\"td_module_8 td_module_wrap\">\n<div class=\"item-details\">\n<h3 class=\"entry-title td-module-title\"><a href=\"https:\/\/r3media.ro\/fara-apa-fara-curent-fara-viitor-cum-au-sacrificat-pro-europenii-romania-pe-altarul-ecologiei-ieftine\/\" rel=\"bookmark\" title=\"F\u0103r\u0103 ap\u0103, f\u0103r\u0103 curent, f\u0103r\u0103 viitor: cum au sacrificat pro-europenii Rom\u00e2nia pe altarul ecologiei ieftine\">F\u0103r\u0103 ap\u0103, f\u0103r\u0103 curent, f\u0103r\u0103 viitor: cum au sacrificat pro-europenii Rom\u00e2nia pe altarul ecologiei&#8230;<\/a><\/h3>\n<div class=\"td-module-meta-info\"><a href=\"https:\/\/r3media.ro\/category\/actualitate\/\" class=\"td-post-category\">ACTUALITATE<\/a><span class=\"td-post-author-name\"><a href=\"https:\/\/r3media.ro\/author\/paul_lazar\/\">Paul-Daniel Laz\u0103r<\/a><span>&#8211;<\/span><\/span><span class=\"td-post-date\"><time class=\"entry-date updated td-module-date\" datetime=\"2026-08-08T22:30:54+03:00\">08\/08\/2026<\/time><\/span><\/div>\n<\/div>\n<\/div>\n<\/div>\n<\/div>\n<div class=\"td-block-row\">\n<div class=\"td-block-span6\">\n<div class=\"td_module_8 td_module_wrap\">\n<div class=\"item-details\">\n<h3 class=\"entry-title td-module-title\"><a href=\"https:\/\/r3media.ro\/show-iluzie-si-realitate-de-la-the-truman-show-la-son-of-a-rich\/\" rel=\"bookmark\" title=\"Show, iluzie \u0219i realitate: de la The Truman Show la Son of a Rich\">Show, iluzie \u0219i realitate: de la The Truman Show la Son of a Rich<\/a><\/h3>\n<div class=\"td-module-meta-info\"><a href=\"https:\/\/r3media.ro\/category\/actualitate\/\" class=\"td-post-category\">ACTUALITATE<\/a><span class=\"td-post-author-name\"><a href=\"https:\/\/r3media.ro\/author\/costi_balasoiu\/\">Constantin B\u0103l\u0103\u0219oiu<\/a><span>&#8211;<\/span><\/span><span class=\"td-post-date\"><time class=\"entry-date updated td-module-date\" datetime=\"2026-08-08T15:30:25+03:00\">08\/08\/2026<\/time><\/span><\/div>\n<\/div>\n<\/div>\n<\/div>\n<div class=\"td-block-span6\">\n<div class=\"td_module_8 td_module_wrap\">\n<div class=\"item-details\">\n<h3 class=\"entry-title td-module-title\"><a href=\"https:\/\/r3media.ro\/fani-stapanul-inelelor-surpriza-sezonul-3-sauron\/\" rel=\"bookmark\" title=\"Fanii \u201eSt\u0103p\u00e2nul Inelelor\u201c ar putea avea o surpriz\u0103 \u00een sezonul 3 din serialul \u201eInelele Puterii\u201c. Sauron se va confrunta cu o creatur\u0103 de temut\">Fanii \u201eSt\u0103p\u00e2nul Inelelor\u201c ar putea avea o surpriz\u0103 \u00een sezonul 3 din serialul \u201eInelele&#8230;<\/a><\/h3>\n<div class=\"td-module-meta-info\"><a href=\"https:\/\/r3media.ro\/category\/actualitate\/\" class=\"td-post-category\">ACTUALITATE<\/a><span class=\"td-post-author-name\"><a href=\"https:\/\/r3media.ro\/author\/oana\/\">Oana Ivan<\/a><span>&#8211;<\/span><\/span><span class=\"td-post-date\"><time class=\"entry-date updated td-module-date\" datetime=\"2026-08-08T00:19:31+03:00\">08\/08\/2026<\/time><\/span><\/div>\n<\/div>\n<\/div>\n<\/div>\n<\/div>\n<div class=\"td-block-row\">\n<div class=\"td-block-span6\">\n<div class=\"td_module_8 td_module_wrap\">\n<div class=\"item-details\">\n<h3 class=\"entry-title td-module-title\"><a href=\"https:\/\/r3media.ro\/david-popovici-fair-play-sportivi-rusi-competitii\/\" rel=\"bookmark\" title=\"David Popovici, fair-play la revenirea sportivilor ru\u0219i \u00een competi\u021bii: Le urez succes, sper s\u0103 fiu mai bun dec\u00e2t ei\">David Popovici, fair-play la revenirea sportivilor ru\u0219i \u00een competi\u021bii: Le urez succes, sper s\u0103&#8230;<\/a><\/h3>\n<div class=\"td-module-meta-info\"><a href=\"https:\/\/r3media.ro\/category\/actualitate\/\" class=\"td-post-category\">ACTUALITATE<\/a><span class=\"td-post-author-name\"><a href=\"https:\/\/r3media.ro\/author\/redactia\/\">Redac\u021bia<\/a><span>&#8211;<\/span><\/span><span class=\"td-post-date\"><time class=\"entry-date updated td-module-date\" datetime=\"2026-08-07T15:07:51+03:00\">07\/08\/2026<\/time><\/span><\/div>\n<\/div>\n<\/div>\n<\/div>\n<div class=\"td-block-span6\">\n<div class=\"td_module_8 td_module_wrap\">\n<div class=\"item-details\">\n<h3 class=\"entry-title td-module-title\"><a href=\"https:\/\/r3media.ro\/kia-recheama-service-prima-generatie-masini-electrice-e-niro-risc-incendiu\/\" rel=\"bookmark\" title=\"Kia recheam\u0103 \u00een service prima genera\u021bie de ma\u0219ini electrice e-Niro din cauza riscului de incendiu\">Kia recheam\u0103 \u00een service prima genera\u021bie de ma\u0219ini electrice e-Niro din cauza riscului de&#8230;<\/a><\/h3>\n<div class=\"td-module-meta-info\"><a href=\"https:\/\/r3media.ro\/category\/actualitate\/\" class=\"td-post-category\">ACTUALITATE<\/a><span class=\"td-post-author-name\"><a href=\"https:\/\/r3media.ro\/author\/oana\/\">Oana Ivan<\/a><span>&#8211;<\/span><\/span><span class=\"td-post-date\"><time class=\"entry-date updated td-module-date\" datetime=\"2026-08-06T17:07:42+03:00\">06\/08\/2026<\/time><\/span><\/div>\n<\/div>\n<\/div>\n<\/div>\n<\/div>\n<div class=\"td-block-row\">\n<div class=\"td-block-span6\">\n<div class=\"td_module_8 td_module_wrap\">\n<div class=\"item-details\">\n<h3 class=\"entry-title td-module-title\"><a href=\"https:\/\/r3media.ro\/drona-gasita-mare-mamaia-zona-loft-video\/\" rel=\"bookmark\" title=\"VIDEO | O dron\u0103 a fost g\u0103sit\u0103 \u00een mare, \u00een Mamaia, \u00een zona Loft\">VIDEO | O dron\u0103 a fost g\u0103sit\u0103 \u00een mare, \u00een Mamaia, \u00een zona Loft<\/a><\/h3>\n<div class=\"td-module-meta-info\"><a href=\"https:\/\/r3media.ro\/category\/actualitate\/\" class=\"td-post-category\">ACTUALITATE<\/a><span class=\"td-post-author-name\"><a href=\"https:\/\/r3media.ro\/author\/oana\/\">Oana Ivan<\/a><span>&#8211;<\/span><\/span><span class=\"td-post-date\"><time class=\"entry-date updated td-module-date\" datetime=\"2026-08-05T21:48:11+03:00\">05\/08\/2026<\/time><\/span><\/div>\n<\/div>\n<\/div>\n<\/div>\n<div class=\"td-block-span6\">\n<div class=\"td_module_8 td_module_wrap\">\n<div class=\"item-details\">\n<h3 class=\"entry-title td-module-title\"><a href=\"https:\/\/r3media.ro\/cand-incepe-scoala-in-2026-structura-an-nou-scolar\/\" rel=\"bookmark\" title=\"C\u00e2nd \u00eencepe \u0219coala \u00een 2026: Structura noului an \u0219colar, vacan\u021bele \u0219i zilele libere\">C\u00e2nd \u00eencepe \u0219coala \u00een 2026: Structura noului an \u0219colar, vacan\u021bele \u0219i zilele libere<\/a><\/h3>\n<div class=\"td-module-meta-info\"><a href=\"https:\/\/r3media.ro\/category\/actualitate\/\" class=\"td-post-category\">ACTUALITATE<\/a><span class=\"td-post-author-name\"><a href=\"https:\/\/r3media.ro\/author\/oana\/\">Oana Ivan<\/a><span>&#8211;<\/span><\/span><span class=\"td-post-date\"><time class=\"entry-date updated td-module-date\" datetime=\"2026-08-03T22:23:20+03:00\">03\/08\/2026<\/time><\/span><\/div>\n<\/div>\n<\/div>\n<\/div>\n<\/div>\n<div class=\"td-block-row\">\n<div class=\"td-block-span6\">\n<div class=\"td_module_8 td_module_wrap\">\n<div class=\"item-details\">\n<h3 class=\"entry-title td-module-title\"><a href=\"https:\/\/r3media.ro\/tara-europa-norvegia-masini-electrice-inmatriculate-cota-ridicata\/\" rel=\"bookmark\" title=\"\u021aara din Europa unde aproape toate ma\u0219inile \u00eenmatriculate sune electrice. Cota a ajuns la 97,6% \u00een iulie\">\u021aara din Europa unde aproape toate ma\u0219inile \u00eenmatriculate sune electrice. Cota a ajuns la&#8230;<\/a><\/h3>\n<div class=\"td-module-meta-info\"><a href=\"https:\/\/r3media.ro\/category\/actualitate\/\" class=\"td-post-category\">ACTUALITATE<\/a><span class=\"td-post-author-name\"><a href=\"https:\/\/r3media.ro\/author\/oana\/\">Oana Ivan<\/a><span>&#8211;<\/span><\/span><span class=\"td-post-date\"><time class=\"entry-date updated td-module-date\" datetime=\"2026-08-03T17:01:21+03:00\">03\/08\/2026<\/time><\/span><\/div>\n<\/div>\n<\/div>\n<\/div>\n<div class=\"td-block-span6\">\n<div class=\"td_module_8 td_module_wrap\">\n<div class=\"item-details\">\n<h3 class=\"entry-title td-module-title\"><a href=\"https:\/\/r3media.ro\/puterea-mitologica-instalata-a-romaniei\/\" rel=\"bookmark\" title=\"Puterea mitologic\u0103 instalat\u0103 a Rom\u00e2niei\">Puterea mitologic\u0103 instalat\u0103 a Rom\u00e2niei<\/a><\/h3>\n<div class=\"td-module-meta-info\"><a href=\"https:\/\/r3media.ro\/category\/opinii\/\" class=\"td-post-category\">OPINII<\/a><span class=\"td-post-author-name\"><a href=\"https:\/\/r3media.ro\/author\/tru\/\">TRU (Traian Ungureanu)<\/a><span>&#8211;<\/span><\/span><span class=\"td-post-date\"><time class=\"entry-date updated td-module-date\" datetime=\"2026-08-02T22:08:04+03:00\">02\/08\/2026<\/time><\/span><\/div>\n<\/div>\n<\/div>\n<\/div>\n<\/div>\n<div class=\"td-block-row\">\n<div class=\"td-block-span6\">\n<div class=\"td_module_8 td_module_wrap\">\n<div class=\"item-details\">\n<h3 class=\"entry-title td-module-title\"><a href=\"https:\/\/r3media.ro\/hyundai-recheama-service-masini-electrice-inster-risc-incendiu\/\" rel=\"bookmark\" title=\"Hyundai recheam\u0103 \u00een service zeci de mii de ma\u0219ini electrice din cauza riscului de incendiu\">Hyundai recheam\u0103 \u00een service zeci de mii de ma\u0219ini electrice din cauza riscului de&#8230;<\/a><\/h3>\n<div class=\"td-module-meta-info\"><a href=\"https:\/\/r3media.ro\/category\/actualitate\/\" class=\"td-post-category\">ACTUALITATE<\/a><span class=\"td-post-author-name\"><a href=\"https:\/\/r3media.ro\/author\/oana\/\">Oana Ivan<\/a><span>&#8211;<\/span><\/span><span class=\"td-post-date\"><time class=\"entry-date updated td-module-date\" datetime=\"2026-08-02T08:34:05+03:00\">02\/08\/2026<\/time><\/span><\/div>\n<\/div>\n<\/div>\n<\/div>\n<div class=\"td-block-span6\">\n<div class=\"td_module_8 td_module_wrap\">\n<div class=\"item-details\">\n<h3 class=\"entry-title td-module-title\"><a href=\"https:\/\/r3media.ro\/dragostea-care-transcende-epoci-descult-in-parc-1967\/\" rel=\"bookmark\" title=\"Dragostea care transcende epoci \u2014 Descul\u021b \u00een parc (1967)\">Dragostea care transcende epoci \u2014 Descul\u021b \u00een parc (1967)<\/a><\/h3>\n<div class=\"td-module-meta-info\"><a href=\"https:\/\/r3media.ro\/category\/opinii\/\" class=\"td-post-category\">OPINII<\/a><span class=\"td-post-author-name\"><a href=\"https:\/\/r3media.ro\/author\/costi_balasoiu\/\">Constantin B\u0103l\u0103\u0219oiu<\/a><span>&#8211;<\/span><\/span><span class=\"td-post-date\"><time class=\"entry-date updated td-module-date\" datetime=\"2026-08-01T13:45:14+03:00\">01\/08\/2026<\/time><\/span><\/div>\n<\/div>\n<\/div>\n<\/div>\n<\/div>\n<\/div>\n<div class=\"td-load-more-wrap td-load-more-infinite-wrap\" id=\"infinite-lm-tdi_20\"><a href=\"https:\/\/r3media.ro\/ionut-cojocaru-romania-autoritarismului-stat-garnizoana-imprumuturi-reinarmare-dictatura-dezastru\/\" class=\"td_ajax_load_more td_ajax_load_more_js\" aria-label=\"\u00cenc\u0103rca\u021bi mai multe\" id=\"next-page-tdi_20\" data-td_block_id=\"tdi_20\">\u00cenc\u0103rca\u021bi mai multe<\/a><\/div>\n<\/div>\n<div class=\"td_block_wrap tdb_single_comments tdi_21 tdb-comm-layout2 td-pb-border-top td_block_template_1\" data-td-block-uid=\"tdi_21\">\n<div class=\"tdb-block-inner td-fix-index\">\n<div class=\"comments\" id=\"comments\">\n<div id=\"respond\" class=\"comment-respond\">\n<h3 id=\"reply-title\" class=\"comment-reply-title\">AI CEVA DE SPUS? <small><a rel=\"nofollow\" id=\"cancel-comment-reply-link\" href=\"https:\/\/r3media.ro\/ionut-cojocaru-romania-autoritarismului-stat-garnizoana-imprumuturi-reinarmare-dictatura-dezastru\/#respond\">Renun\u021ba\u021bi la r\u0103spuns<\/a><\/small><\/h3>\n<div class=\"comment-form-input-wrap td-form-comment\">\n<div class=\"td-warning-comment\">V\u0103 rug\u0103m s\u0103 introduce\u021bi comentariul dvs.!<\/div>\n<\/div>\n<div class=\"comment-form-input-wrap td-form-author\">\n<div class=\"td-warning-author\">Introduce\u021bi aici numele dvs.<\/div>\n<\/div>\n<div class=\"comment-form-input-wrap td-form-email\">\n<div class=\"td-warning-email-error\">A\u021bi introdus o adres\u0103 de e-mail incorect\u0103!<\/div>\n<div class=\"td-warning-email\">V\u0103 rug\u0103m s\u0103 introduce\u021bi adresa dvs. de e-mail aici<\/div>\n<\/div>\n<\/div>\n<\/div>\n<\/div>\n<\/div>\n<\/div>\n<\/div>\n<div class=\"vc_column tdi_23  wpb_column vc_column_container tdc-column td-pb-span4 td-is-sticky\">\n<div class=\"wpb_wrapper\" data-sticky-enabled-on=\"W3RydWUsdHJ1ZSx0cnVlLHRydWVd\" data-sticky-offset=\"20\" data-sticky-is-width-auto=\"W2ZhbHNlLGZhbHNlLGZhbHNlLGZhbHNlXQ==\">\n<div class=\"wpb_wrapper td_block_wrap vc_widget_sidebar tdi_25 \">\n<div class=\"td_block_wrap td_block_7 td_block_widget tdi_26 td-pb-border-top td_block_template_1 td-column-1 td_block_padding\" data-td-block-uid=\"tdi_26\">\n<div class=\"td-block-title-wrap\">\n<h4 class=\"block-title td-block-title\"><span class=\"td-pulldown-size\">Articole RELA\u021aIONATE<\/span><\/h4>\n<\/div>\n<div id=\"tdi_26\" class=\"td_block_inner\">\n<div class=\"td-block-span12\">\n<div class=\"td_module_6 td_module_wrap td-animation-stack\">\n<div class=\"td-module-thumb\"><a href=\"https:\/\/r3media.ro\/vanzari-masini-electrice-explozie-danemarca\/\" rel=\"bookmark\" class=\"td-image-wrap \" title=\"V\u00e2nz\u0103rile de ma\u0219ini electrice au explodat \u00een Danemarca\"><img loading=\"lazy\" decoding=\"async\" class=\"entry-thumb\" src=\"https:\/\/r3media.ro\/wp-content\/uploads\/2026\/08\/vanzarile-de-masini-electrice-au-explodat-in-danemarca-100x70.jpg\" alt title=\"V\u00e2nz\u0103rile de ma\u0219ini electrice au explodat \u00een Danemarca\" width=\"100\" height=\"70\"><\/a><\/div>\n<div class=\"item-details\">\n<h3 class=\"entry-title td-module-title\"><a href=\"https:\/\/r3media.ro\/vanzari-masini-electrice-explozie-danemarca\/\" rel=\"bookmark\" title=\"V\u00e2nz\u0103rile de ma\u0219ini electrice au explodat \u00een Danemarca\">V\u00e2nz\u0103rile de ma\u0219ini electrice au explodat \u00een Danemarca<\/a><\/h3>\n<div class=\"td-module-meta-info\"><span class=\"td-post-date\"><time class=\"entry-date updated td-module-date\" datetime=\"2026-08-11T13:43:51+03:00\">11\/08\/2026<\/time><\/span><\/div>\n<\/div>\n<\/div>\n<\/div>\n<div class=\"td-block-span12\">\n<div class=\"td_module_6 td_module_wrap td-animation-stack\">\n<div class=\"td-module-thumb\"><a href=\"https:\/\/r3media.ro\/dr-pavel-chirila-distinctie-episcopia-caransebesului\/\" rel=\"bookmark\" class=\"td-image-wrap \" title=\"Dr. Pavel Chiril\u0103 a fost distins cu cea mai \u00eenalt\u0103 distinc\u021bie pentru mireni a Episcopiei Caransebe\u0219ului\"><img loading=\"lazy\" decoding=\"async\" class=\"entry-thumb\" src=\"https:\/\/r3media.ro\/wp-content\/uploads\/2026\/08\/pavel-chirila-episcopia-caransebesului-100x70.jpg\" alt title=\"Dr. Pavel Chiril\u0103 a fost distins cu cea mai \u00eenalt\u0103 distinc\u021bie pentru mireni a Episcopiei Caransebe\u0219ului\" width=\"100\" height=\"70\"><\/a><\/div>\n<div class=\"item-details\">\n<h3 class=\"entry-title td-module-title\"><a href=\"https:\/\/r3media.ro\/dr-pavel-chirila-distinctie-episcopia-caransebesului\/\" rel=\"bookmark\" title=\"Dr. Pavel Chiril\u0103 a fost distins cu cea mai \u00eenalt\u0103 distinc\u021bie pentru mireni a Episcopiei Caransebe\u0219ului\">Dr. Pavel Chiril\u0103 a fost distins cu cea mai \u00eenalt\u0103 distinc\u021bie&#8230;<\/a><\/h3>\n<div class=\"td-module-meta-info\"><span class=\"td-post-date\"><time class=\"entry-date updated td-module-date\" datetime=\"2026-08-11T12:20:48+03:00\">11\/08\/2026<\/time><\/span><\/div>\n<\/div>\n<\/div>\n<\/div>\n<div class=\"td-block-span12\">\n<div class=\"td_module_6 td_module_wrap td-animation-stack\">\n<div class=\"td-module-thumb\"><a href=\"https:\/\/r3media.ro\/romania-grupuri-carbune-turceni-craiova-securitate-energetica\/\" rel=\"bookmark\" class=\"td-image-wrap \" title=\"Rom\u00e2nia nu va \u00eenchide grupurile pe c\u0103rbune de la Turceni \u0219i Craiova la sf\u00e2r\u0219itul lunii, din cauza riscurilor la adresa securit\u0103\u021bii energetice\"><img loading=\"lazy\" decoding=\"async\" class=\"entry-thumb\" src=\"https:\/\/r3media.ro\/wp-content\/uploads\/2026\/08\/termocentrala-turceni-100x70.jpg\" alt title=\"Rom\u00e2nia nu va \u00eenchide grupurile pe c\u0103rbune de la Turceni \u0219i Craiova la sf\u00e2r\u0219itul lunii, din cauza riscurilor la adresa securit\u0103\u021bii energetice\" width=\"100\" height=\"70\"><\/a><\/div>\n<div class=\"item-details\">\n<h3 class=\"entry-title td-module-title\"><a href=\"https:\/\/r3media.ro\/romania-grupuri-carbune-turceni-craiova-securitate-energetica\/\" rel=\"bookmark\" title=\"Rom\u00e2nia nu va \u00eenchide grupurile pe c\u0103rbune de la Turceni \u0219i Craiova la sf\u00e2r\u0219itul lunii, din cauza riscurilor la adresa securit\u0103\u021bii energetice\">Rom\u00e2nia nu va \u00eenchide grupurile pe c\u0103rbune de la Turceni \u0219i&#8230;<\/a><\/h3>\n<div class=\"td-module-meta-info\"><span class=\"td-post-date\"><time class=\"entry-date updated td-module-date\" datetime=\"2026-08-11T11:14:29+03:00\">11\/08\/2026<\/time><\/span><\/div>\n<\/div>\n<\/div>\n<\/div>\n<div class=\"td-block-span12\">\n<div class=\"td_module_6 td_module_wrap td-animation-stack\">\n<div class=\"td-module-thumb\"><a href=\"https:\/\/r3media.ro\/massachusetts-america-avortul-orice-monment-al-sarcinii\/\" rel=\"bookmark\" class=\"td-image-wrap \" title=\"Massachusetts devine al 11-lea stat american care legalizeaz\u0103 avortul \u00een orice moment al sarcinii\"><img loading=\"lazy\" decoding=\"async\" class=\"entry-thumb\" src=\"https:\/\/r3media.ro\/wp-content\/uploads\/2026\/08\/avort-massachusets-100x70.png\" alt title=\"Massachusetts devine al 11-lea stat american care legalizeaz\u0103 avortul \u00een orice moment al sarcinii\" width=\"100\" height=\"70\"><\/a><\/div>\n<div class=\"item-details\">\n<h3 class=\"entry-title td-module-title\"><a href=\"https:\/\/r3media.ro\/massachusetts-america-avortul-orice-monment-al-sarcinii\/\" rel=\"bookmark\" title=\"Massachusetts devine al 11-lea stat american care legalizeaz\u0103 avortul \u00een orice moment al sarcinii\">Massachusetts devine al 11-lea stat american care legalizeaz\u0103 avortul \u00een orice&#8230;<\/a><\/h3>\n<div class=\"td-module-meta-info\"><span class=\"td-post-date\"><time class=\"entry-date updated td-module-date\" datetime=\"2026-08-11T10:50:26+03:00\">11\/08\/2026<\/time><\/span><\/div>\n<\/div>\n<\/div>\n<\/div>\n<div class=\"td-block-span12\">\n<div class=\"td_module_6 td_module_wrap td-animation-stack\">\n<div class=\"td-module-thumb\"><a href=\"https:\/\/r3media.ro\/calendarul-zilei-11-august-1690-batalia-de-la-zarnesti-constantin-brancoveanu-si-otomanii-repurteaza-o-victorie-impotriva-habsburgilor\/\" rel=\"bookmark\" class=\"td-image-wrap \" title=\"Calendarul zilei: 11 august 1690 \u2013 B\u0103t\u0103lia de la Z\u0103rne\u0219ti. Constantin Br\u00e2ncoveanu \u0219i otomanii repurteaz\u0103 o victorie \u00eempotriva Habsburgilor\"><img loading=\"lazy\" decoding=\"async\" class=\"entry-thumb\" src=\"https:\/\/r3media.ro\/wp-content\/uploads\/2021\/08\/constantin-brancoveanu-aparator-al-ortodoxiei-si-fauritor-de-cultura-150545-100x70.jpg\" alt title=\"Calendarul zilei: 11 august 1690 \u2013 B\u0103t\u0103lia de la Z\u0103rne\u0219ti. Constantin Br\u00e2ncoveanu \u0219i otomanii repurteaz\u0103 o victorie \u00eempotriva Habsburgilor\" width=\"100\" height=\"70\"><\/a><\/div>\n<div class=\"item-details\">\n<h3 class=\"entry-title td-module-title\"><a href=\"https:\/\/r3media.ro\/calendarul-zilei-11-august-1690-batalia-de-la-zarnesti-constantin-brancoveanu-si-otomanii-repurteaza-o-victorie-impotriva-habsburgilor\/\" rel=\"bookmark\" title=\"Calendarul zilei: 11 august 1690 \u2013 B\u0103t\u0103lia de la Z\u0103rne\u0219ti. Constantin Br\u00e2ncoveanu \u0219i otomanii repurteaz\u0103 o victorie \u00eempotriva Habsburgilor\">Calendarul zilei: 11 august 1690 \u2013 B\u0103t\u0103lia de la Z\u0103rne\u0219ti. Constantin&#8230;<\/a><\/h3>\n<div class=\"td-module-meta-info\"><span class=\"td-post-date\"><time class=\"entry-date updated td-module-date\" datetime=\"2026-08-10T23:24:51+03:00\">10\/08\/2026<\/time><\/span><\/div>\n<\/div>\n<\/div>\n<\/div>\n<div class=\"td-block-span12\">\n<div class=\"td_module_6 td_module_wrap td-animation-stack\">\n<div class=\"td-module-thumb\"><a href=\"https:\/\/r3media.ro\/calendarul-zilei-11-august-sf-ier-nifon-patriarhul-constantinopolului-sf-mc-evplu-arhidiaconul\/\" rel=\"bookmark\" class=\"td-image-wrap \" title=\"Calendarul zilei 11 august: Sf. Ier. Nifon, patriarhul Constantinopolului; Sf. Mc. Evplu Arhidiaconul\"><img loading=\"lazy\" decoding=\"async\" class=\"entry-thumb\" src=\"https:\/\/r3media.ro\/wp-content\/uploads\/2024\/08\/sf-nifon-100x70.jpg\" alt title=\"Calendarul zilei 11 august: Sf. Ier. Nifon, patriarhul Constantinopolului; Sf. Mc. Evplu Arhidiaconul\" width=\"100\" height=\"70\"><\/a><\/div>\n<div class=\"item-details\">\n<h3 class=\"entry-title td-module-title\"><a href=\"https:\/\/r3media.ro\/calendarul-zilei-11-august-sf-ier-nifon-patriarhul-constantinopolului-sf-mc-evplu-arhidiaconul\/\" rel=\"bookmark\" title=\"Calendarul zilei 11 august: Sf. Ier. Nifon, patriarhul Constantinopolului; Sf. Mc. Evplu Arhidiaconul\">Calendarul zilei 11 august: Sf. Ier. Nifon, patriarhul Constantinopolului; Sf. Mc&#8230;.<\/a><\/h3>\n<div class=\"td-module-meta-info\"><span class=\"td-post-date\"><time class=\"entry-date updated td-module-date\" datetime=\"2026-08-10T23:04:19+03:00\">10\/08\/2026<\/time><\/span><\/div>\n<\/div>\n<\/div>\n<\/div>\n<div class=\"td-block-span12\">\n<div class=\"td_module_6 td_module_wrap td-animation-stack\">\n<div class=\"td-module-thumb\"><a href=\"https:\/\/r3media.ro\/rapire-copii-romania-ambuanta-atacata-recea-cristur\/\" rel=\"bookmark\" class=\"td-image-wrap \" title=\"Chiar nu au fost r\u0103pi\u021bi copii \u00een Rom\u00e2nia? Ce se omite \u00een cazul \u201eAmbulan\u021ba atacat\u0103\u201d la Recea-Cristur\"><img loading=\"lazy\" decoding=\"async\" class=\"entry-thumb\" src=\"https:\/\/r3media.ro\/wp-content\/uploads\/2020\/10\/alexandra-macesanu-mihai-gheorghiu-100x70.png\" alt title=\"Chiar nu au fost r\u0103pi\u021bi copii \u00een Rom\u00e2nia? Ce se omite \u00een cazul \u201eAmbulan\u021ba atacat\u0103\u201d la Recea-Cristur\" width=\"100\" height=\"70\"><\/a><\/div>\n<div class=\"item-details\">\n<h3 class=\"entry-title td-module-title\"><a href=\"https:\/\/r3media.ro\/rapire-copii-romania-ambuanta-atacata-recea-cristur\/\" rel=\"bookmark\" title=\"Chiar nu au fost r\u0103pi\u021bi copii \u00een Rom\u00e2nia? Ce se omite \u00een cazul \u201eAmbulan\u021ba atacat\u0103\u201d la Recea-Cristur\">Chiar nu au fost r\u0103pi\u021bi copii \u00een Rom\u00e2nia? Ce se omite&#8230;<\/a><\/h3>\n<div class=\"td-module-meta-info\"><span class=\"td-post-date\"><time class=\"entry-date updated td-module-date\" datetime=\"2026-08-10T17:22:49+03:00\">10\/08\/2026<\/time><\/span><\/div>\n<\/div>\n<\/div>\n<\/div>\n<\/div>\n<\/div>\n<aside class=\"td_block_template_1 widget widget_recent_comments\">\n<h4 class=\"block-title\"><span>INTR\u0102 \u00ceN DISCU\u021aIE!<\/span><\/h4>\n<ul id=\"recentcomments\">\n<li class=\"recentcomments\"><span class=\"comment-author-link\">Nicu<\/span> la <a href=\"https:\/\/r3media.ro\/romania-grupuri-carbune-turceni-craiova-securitate-energetica\/#comment-40371\">Rom\u00e2nia nu va \u00eenchide grupurile pe c\u0103rbune de la Turceni \u0219i Craiova la sf\u00e2r\u0219itul lunii, din cauza riscurilor la adresa securit\u0103\u021bii energetice<\/a><\/li>\n<li class=\"recentcomments\"><span class=\"comment-author-link\">Nicu<\/span> la <a href=\"https:\/\/r3media.ro\/rapire-copii-romania-ambuanta-atacata-recea-cristur\/#comment-40370\">Chiar nu au fost r\u0103pi\u021bi copii \u00een Rom\u00e2nia? Ce se omite \u00een cazul \u201eAmbulan\u021ba atacat\u0103\u201d la Recea-Cristur<\/a><\/li>\n<li class=\"recentcomments\"><span class=\"comment-author-link\">Nicu<\/span> la <a href=\"https:\/\/r3media.ro\/presedintele-serbiei-razboiul-din-ucraina\/#comment-40369\">Pre\u0219edintele Serbiei nu crede c\u0103 r\u0103zboiul din Ucraina se termin\u0103 cur\u00e2nd: Cred c\u0103 ne afl\u0103m la \u00eenceputul unui r\u0103zboi mult, mult mai mare<\/a><\/li>\n<li class=\"recentcomments\"><span class=\"comment-author-link\">B<\/span> la <a href=\"https:\/\/r3media.ro\/papi-si-conclavuri-traditie-si-anticlericalism-in-cinema-cei-doi-papi-si-conclavul\/#comment-40368\">Papi \u0219i conclavuri, tradi\u021bie \u0219i anticlericalism \u00een cinema: Cei doi papi \u0219i Conclavul<\/a><\/li>\n<li class=\"recentcomments\"><span class=\"comment-author-link\">Cet\u0103\u021bean<\/span> la <a href=\"https:\/\/r3media.ro\/bulgaria-drona-ucraineana-kiev-ucraina\/#comment-40367\">Bulgaria anun\u0163\u0103 c\u0103 drona explodat\u0103 l\u00e2ng\u0103 gazoductul transbalcanic e ucrainean\u0103 \u015fi a convocat-o pe ambasadoarea Kievului. Ucraina transmite c\u0103 nu vizeaz\u0103 \u201e\u00een mod deliberat\u201d Bulgaria<\/a><\/li>\n<li class=\"recentcomments\"><span class=\"comment-author-link\">B<\/span> la <a href=\"https:\/\/r3media.ro\/papi-si-conclavuri-traditie-si-anticlericalism-in-cinema-cei-doi-papi-si-conclavul\/#comment-40365\">Papi \u0219i conclavuri, tradi\u021bie \u0219i anticlericalism \u00een cinema: Cei doi papi \u0219i Conclavul<\/a><\/li>\n<li class=\"recentcomments\"><span class=\"comment-author-link\">E.T.<\/span> la <a href=\"https:\/\/r3media.ro\/papi-si-conclavuri-traditie-si-anticlericalism-in-cinema-cei-doi-papi-si-conclavul\/#comment-40364\">Papi \u0219i conclavuri, tradi\u021bie \u0219i anticlericalism \u00een cinema: Cei doi papi \u0219i Conclavul<\/a><\/li>\n<\/ul>\n<\/aside>\n<aside class=\"td_block_template_1 widget widget_search\">\n<h4 class=\"block-title\"><span>CAUT\u0102 \u0218I VEI G\u0102SI<\/span><\/h4>\n<\/aside>\n<\/div>\n<\/div>\n<\/div>\n<\/div>\n<\/div>\n<\/div>\n<\/div>\n<p><span class=\"td-page-meta\"><\/span><span class=\"td-page-meta\"><span class=\"td-page-meta\"><\/span><\/span><span class=\"td-page-meta\"><\/span><\/article>\n<\/p>\n<div class=\"td_block_wrap tdb_single_content tdi_18 td-pb-border-top td_block_template_1 td-post-content tagdiv-type\" data-td-block-uid=\"tdi_18\">\n<div class=\"tdb-block-inner td-fix-index\">\n<p><strong>Istoricul Ionu\u021b Cojocaru argumenteaz\u0103 c\u0103 Rom\u00e2nia s-a angajat pe un drum al autoritarismului, acela de \u201estat-garnizoan\u0103\u201d, care a dus la dezastre \u00een secolul XX.<\/strong><\/p>\n<p>\u00centr-un articol publicat pe <a href=\"https:\/\/ionutcojocaru.ro\/2026\/08\/11\/cum-saracesti-o-tara-in-aplauzele-naivilor\/\" target=\"_blank\" rel=\"noopener\">blogul personal<\/a>, conferen\u021biarul Ionu\u021b Cojocaru argumenteaz\u0103 c\u0103 folosirea \u00eemprumuturilor \u2013 a\u0219a cum este SAFE sau PNRR \u2013 duce la o stabilizare pe h\u00e2rtie, dar \u00een realitate distruge popula\u021bia, mai precis exact acei oameni care sus\u021bin statul \u00een sine.<\/p>\n<p>Ionu\u021b Cojocarul folose\u0219te exemplul anului 1929, atunci c\u00e2nd Guvernul Maniu a stabilizat leul cu pre\u021bul unui mare \u00eemprumut din str\u0103in\u0103tate. <a href=\"https:\/\/r3media.ro\/afacere-skoda-guvernul-bolojan-rheinmetall-contract-istorie\/\" target=\"_blank\" rel=\"noopener\">Afacerea Skoda<\/a> este amintit\u0103 \u0219i ea.<\/p>\n<p>\u201e\u00cen 1929, Guvernul Maniu a stabilizat leul cu un mare \u00eemprumut interna\u021bional \u0219i a acceptat, \u00een schimb, un consilier tehnic str\u0103in la Banca Na\u021bional\u0103, Roger Auboin. A urmat Marea Criz\u0103: pr\u0103bu\u0219irea pre\u021burilor agricole, criza datoriilor \u021b\u0103r\u0103ne\u0219ti, legile de conversiune, defla\u021bia \u0219i instabilitatea guvernamental\u0103 \u00een lan\u021b[8]. Stabilizarea a fost real\u0103; sustenabilitatea social\u0103, nu. Corec\u021bia tehnocratic\u0103, corect\u0103 pe h\u00e2rtie, a m\u0103cinat tocmai p\u0103tura care sus\u021binea statul.<\/p>\n<p>Iar dac\u0103 re\u00eenarmarea na\u0219te dictatur\u0103, tot ea na\u0219te \u0219i corup\u021bie: afacerea \u0160koda (1933) contractul pentru 600 de tunuri de calibru mare \u0219i circa 40 de miliarde de lei, seifuri doldora de documente militare secrete \u0219i de mituiri codificate, un guvern dobor\u00e2t \u0219i, la cap\u0103t, un singur condamnat, cehul Seletzki,[9] a fost primul nostru mare scandal al \u00eenzestr\u0103rii externe, iar cei 16,68 miliarde de euro din SAFE readuc exact aceea\u0219i combina\u021bie: comenzi militare uria\u0219e, opacitate \u0219i dependen\u021b\u0103 de furnizori str\u0103ini.<\/p>\n<p>Ce am \u00eenv\u0103\u021bat din istorie?\u201d, s-a \u00eentrebat Cojocaru.<\/p>\n<h2><strong>Gre\u0219eala pe care Rom\u00e2nia o comite periodic<\/strong><\/h2>\n<p>Istoricul arat\u0103 c\u0103 scenariul \u201estabiliz\u0103rii\u201d s-a repetat apoi \u00een 1947, dar \u0219i \u00een 1997, c\u00e2nd cu \u201eterapia de \u0219oc\u201d a Guvernului Ciorbea.<\/p>\n<p>Pe plan extern, situa\u021bia se aseam\u0103n\u0103 cu cea prin care a trecut Germania \u00een 1923 \u0219i Imperiul Otoman \u00een secolul XIX.<\/p>\n<p>\u201eDincolo de grani\u021be, verdictul e \u0219i mai limpede \u0219i demonteaz\u0103, apropo, cea mai comod\u0103 ap\u0103rare a guvernan\u021bilor. Se va spune: \u201edar Bolojan lupt\u0103 \u00eempotriva infla\u021biei, nu o provoac\u0103 precum Weimarul din 1923\u201d. Adev\u0103rat \u0219i irelevant. Fiindc\u0103 nu hiperinfla\u021bia din 1923 a ucis singur\u0103 Republica de la Weimar, ci defla\u021bia-prin-decret a cancelarului Br\u00fcning (1930\u20131932): austeritate impus\u0103 prin ordonan\u021be de urgen\u021b\u0103, peste voin\u021ba Reichstagului.<\/p>\n<p>\u00cen exact acei ani, votul nazist a explodat de la 2,6% la 37,3%[12]. Lec\u021bia nu este c\u0103 pre\u021burile scap\u0103 de sub control; lec\u021bia este c\u0103 austeritatea impus\u0103 prin decret unei popula\u021bii epuizate dizolv\u0103 contractul social \u0219i hr\u0103ne\u0219te anti-sistemul. Iar \u201easumarea r\u0103spunderii\u201d, guvernarea care ocole\u0219te dezbaterea parlamentar\u0103 este problema real\u0103. \u00centr-o \u021bar\u0103 care abia a trecut printr-un scrutin preziden\u021bial anulat \u0219i printr-un val suveranist, a mai turna austeritate peste umilin\u021b\u0103 este un joc cu focul istoriei.<\/p>\n<p>Al doilea avertisment vine dinspre specialitatea mea \u0219i love\u0219te direct \u00een chestiunea \u00eemprumuturilor.<\/p>\n<p>Imperiul Otoman s-a \u00eemprumutat masiv de la Occident dup\u0103 1854, a intrat \u00een incapacitate de plat\u0103 \u00een 1875 \u0219i, prin Decretul Muharrem din 1881, a cedat administrarea unor venituri-cheie unei Administra\u021bii a Datoriei Publice, D\u00fcyun-\u0131 Umumiye controlate de creditori[13]. Un stat care \u00ee\u0219i astup\u0103 g\u0103urile fiscale cu \u00eemprumuturi pe care nu le controleaz\u0103 sf\u00e2r\u0219e\u0219te sub tutela creditorilor.<\/p>\n<p>Aceasta nu e teorie: e certificatul de deces al suveranit\u0103\u021bii otomane, semnat cu treizeci de ani \u00eenainte de dezmembrarea propriu-zis\u0103. BIRD \u0219i SAFE nu sunt, desigur, un Muharrem \u00een toat\u0103 puterea cuv\u00e2ntului dar sunt din aceea\u0219i familie gramatical\u0103: politici dictate de creditor, suveranitate rambursabil\u0103 \u00een rate\u201d, a remarcat Ionu\u021b Cojocaru.<\/p>\n<h2><strong>\u00cemprumuturi pentru \u00eenarmare egal dezastru<\/strong><\/h2>\n<p>Cel mai tulbur\u0103tor este faptul c\u0103 \u00eemprumuturile se duc spre \u00eenarmare, ceea ce, istoric a condus Rom\u00e2nia la dezastru, scrie Cojocaru.<\/p>\n<p>\u201eExist\u0103 o dimensiune pe care aritmetica guvernamental\u0103 o trece elegant sub t\u0103cere: cea mai mare destina\u021bie a noii \u00eendator\u0103ri nu e nici pensia, nici spitalul, ci re\u00eenarmarea[15].<\/p>\n<p>Iar aici istoria are o lege de fier, mai tulbur\u0103toare dec\u00e2t cea monetar\u0103: statul care se preg\u0103te\u0219te de r\u0103zboi tinde, aproape mecanic, spre o form\u0103 autoritar\u0103. Ca s\u0103 \u00eenarmezi, trebuie s\u0103 extragi masiv din popula\u021bie taxe, \u00eemprumuturi, rechizi\u021bii, recrutare; iar ca s\u0103 extragi la scara aceea, centralizezi puterea, ocole\u0219ti deliberarea \u0219i instalezi urgen\u021ba ca regim permanent.<\/p>\n<p>Sociologul Harold Lasswell a numit cap\u0103tul acestui drum \u201estatul-garnizoan\u0103\u201d, \u00een care \u201especiali\u0219tii violen\u021bei\u201d dau tonul, iar libert\u0103\u021bile se retrag \u00een fa\u021ba \u201esupravie\u021buirii na\u021bionale\u201d[16]. \u201eSecuritatea\u201d devine alibiul perfect: legitimeaz\u0103, \u00een acela\u0219i timp, \u0219i taxa, \u0219i suspendarea regulilor care ar contesta-o.<\/p>\n<p>Nu e o specula\u021bie de bibliotec\u0103. Germania nazist\u0103 \u0219i-a finan\u021bat re\u00eenarmarea secret\u0103 prin bonurile MEFO, o datorie ascuns\u0103 care ipoteca, tacit, viitorul popula\u021biei \u0219i avea s\u0103 fie \u201estins\u0103\u201d prin infla\u021bie \u0219i jaf. Economia de r\u0103zboi \u0219i statul totalitar au crescut \u00eempreun\u0103, ca dou\u0103 fe\u021be ale aceleia\u0219i monede[17].<\/p>\n<p>Tiparul se repet\u0103 pentru c\u0103 este func\u021bional: re\u00eenarmarea este una dintre pu\u021binele cheltuieli pe care o popula\u021bie le accept\u0103 f\u0103r\u0103 c\u00e2rtire, fiindc\u0103 i se spune c\u0103 pl\u0103te\u0219te pentru propria supravie\u021buire. Exact de aceea este \u0219i cel mai comod vehicul de expropriere: nimeni nu cere socoteal\u0103 \u201e\u00een vreme de primejdie\u201d.<\/p>\n<p>\u0218i, ca de fiecare dat\u0103, nu trebuie s\u0103 trecem grani\u021ba pentru dovada cea mai crud\u0103. Rom\u00e2nia sf\u00e2r\u0219itului anilor \u201930, sub amenin\u021bare extern\u0103 real\u0103 \u0219i \u00een plin\u0103 re\u00eenarmare, a alunecat \u00een dictatura regal\u0103 a lui Carol al II-lea (1938), apoi \u00een dictatura militar\u0103 a lui Antonescu[18]. Amenin\u021barea era autentic\u0103 \u0219i tocmai autenticitatea ei a fost cheia: nimic nu desfiin\u021beaz\u0103 mai eficient politica deliberativ\u0103 dec\u00e2t un pericol real, fluturat ne\u00eencetat.<\/p>\n<p>Militarizarea nu a ap\u0103rat Rom\u00e2nia, a livrat-o, pe r\u00e2nd, unei dictaturi autohtone \u0219i apoi ocupantului sovietic. Securitatea invocat\u0103 drept scop suprem a produs exact opusul securit\u0103\u021bii\u201d, a notat Cojocaru.<\/p>\n<h2><strong>Economia de securitate demonteaz\u0103 democra\u021bia<\/strong><\/h2>\n<p>\u201eS\u0103 fiu limpede, ca s\u0103 nu fiu r\u0103st\u0103lm\u0103cit: nu spun c\u0103 Rom\u00e2nia n-ar trebui s\u0103 se apere. Un stat care nu se poate proteja nu protejeaz\u0103 nimic. Pericolul nu st\u0103 \u00een arme, ci \u00een gramatic\u0103.<\/p>\n<p>C\u00e2nd 16,68 miliarde de euro de datorie militar\u0103 se a\u0219az\u0103 peste o austeritate care stoarce deja popula\u021bia, c\u00e2nd totul e guvernat prin \u201easumarea r\u0103spunderii\u201d \u00een locul dezbaterii \u0219i c\u00e2nd \u201esecuritatea na\u021bional\u0103\u201d devine justificarea-mam\u0103 at\u00e2t pentru extrac\u021bie, c\u00e2t \u0219i pentru metoda de urgen\u021b\u0103, \u021bara p\u0103\u0219e\u0219te cu cele mai bune inten\u021bii exact pe drumul statului-garnizoan\u0103 despre care ne avertizeaz\u0103 istoria.<\/p>\n<p>\u00centrebarea r\u0103m\u00e2ne aceea\u0219i, doar mutat\u0103 \u00een registrul ap\u0103r\u0103rii: <em>cine pl\u0103te\u0219te, cine decide \u0219i cine e \u021binut departe de decizie<\/em>?<strong> O economie de securitate care ia de la cei mul\u021bi, iart\u0103 capitalul celor pu\u021bini \u0219i hot\u0103r\u0103\u0219te \u00een numele tuturor, f\u0103r\u0103 cei mul\u021bi, nu este scutul unei democra\u021bii ci este schela demont\u0103rii ei\u201d,<\/strong> a scris istoricul.<\/p>\n<p>Articolul integral poate fi citit <a href=\"https:\/\/ionutcojocaru.ro\/2026\/08\/11\/cum-saracesti-o-tara-in-aplauzele-naivilor\/\" target=\"_blank\" rel=\"noopener\">aici.<\/a><\/p>\n<p><a href=\"https:\/\/ionutcojocaru.ro\/2026\/08\/11\/cum-saracesti-o-tara-in-aplauzele-naivilor\/#_ftnref8\" name=\"_ftn8\">[8]<\/a>Pentru stabilizarea leului din 7 februarie 1929 (Guvernul Maniu), \u00eemprumutul interna\u021bional de stabilizare \u0219i dezvoltare \u0219i prezen\u021ba unui consilier tehnic str\u0103in la Banca Na\u021bional\u0103, precum \u0219i pentru criza datoriilor agricole \u0219i legile de conversiune (1932\u20131934), r\u0103m\u00e2ne de referin\u021b\u0103 Costin C. Kiri\u021bescu, <em>Sistemul b\u0103nesc al leului \u0219i precursorii lui<\/em>, Bucure\u0219ti, Editura Enciclopedic\u0103; cf. \u0219i Victor Axenciuc, <em>Evolu\u021bia economic\u0103 a Rom\u00e2niei<\/em>.<\/p>\n<p><a href=\"https:\/\/ionutcojocaru.ro\/2026\/08\/11\/cum-saracesti-o-tara-in-aplauzele-naivilor\/#_ftnref9\" name=\"_ftn9\">[9]<\/a> Afacerea \u0160koda: contractul din 17 martie 1930 (Guvernul Maniu, ministru de r\u0103zboi Henri Cihoski) pentru 600 de tunuri de calibru mare \u0219i muni\u021bie, \u00een valoare de p\u00e2n\u0103 la circa 40 de miliarde de lei; perchezi\u021bia fiscal\u0103 din 10 martie 1933 a descoperit \u00een seifurile reprezentan\u021bei \u0160koda din Bucure\u0219ti documente militare secrete \u0219i liste codificate de mituiri, declan\u0219\u00e2nd cel mai mare scandal de corup\u021bie interbelic \u2014 a c\u0103zut guvernul Vaida-Voevod, iar la procesul din 1936 to\u021bi inculpa\u021bii rom\u00e2ni au fost achita\u021bi, singurul condamnat r\u0103m\u00e2n\u00e2nd reprezentantul firmei, Bruno Seletzki.<\/p>\n<p><a href=\"https:\/\/ionutcojocaru.ro\/2026\/08\/11\/cum-saracesti-o-tara-in-aplauzele-naivilor\/#_ftnref12\" name=\"_ftn12\">[12]<\/a>Nu hiperinfla\u021bia din 1923 a semnat singur\u0103 certificatul de deces al Republicii de la Weimar, ci \u0219i defla\u021bia-prin-decret a cancelarului Heinrich Br\u00fcning (1930\u20131932): austeritate impus\u0103 prin ordonan\u021be de urgen\u021b\u0103 (Articolul 48), ocolind Reichstagul. \u00cen acest interval, votul nazist a urcat de la 2,6% (1928) la 18,3% (septembrie 1930) \u0219i 37,3% (iulie 1932). Vezi Harold James, <em>The German Slump: Politics and Economics 1924\u20131936<\/em>, Oxford, 1986; \u0219i dezbaterea deschis\u0103 de teza lui Knut Borchardt privind constr\u00e2ngerile lui Br\u00fcning.<\/p>\n<p><a href=\"https:\/\/ionutcojocaru.ro\/2026\/08\/11\/cum-saracesti-o-tara-in-aplauzele-naivilor\/#_ftnref17\" name=\"_ftn17\">[17]<\/a>Germania nazist\u0103 \u0219i-a finan\u021bat re\u00eenarmarea secret\u0103 prin bonurile MEFO, o datorie ascuns\u0103 care ipoteca tacit viitorul popula\u021biei, \u201estins\u0103\u201d ulterior prin infla\u021bie \u0219i jaf , economia de r\u0103zboi (Wehrwirtschaft) fiind inseparabil\u0103 de statul totalitar. Adam Tooze, <em>The Wages of Destruction: The Making and Breaking of the Nazi Economy<\/em>, Londra, 2006.<\/p>\n<p><a href=\"https:\/\/ionutcojocaru.ro\/2026\/08\/11\/cum-saracesti-o-tara-in-aplauzele-naivilor\/#_ftnref18\" name=\"_ftn18\">[18]<\/a>Rom\u00e2nia sf\u00e2r\u0219itului anilor \u201930, sub amenin\u021bare extern\u0103 real\u0103 \u0219i \u00een plin\u0103 re\u00eenarmare, a alunecat \u00een dictatura regal\u0103 a lui Carol al II-lea (1938)\u00a0 partide dizolvate, regim corporatist militarizat , urmat\u0103 de dictatura militar\u0103 a lui Ion Antonescu (1940\u20131944), \u201eConduc\u0103torul\u201d, cu economia de r\u0103zboi, rechizi\u021biile \u0219i infla\u021bia turnate \u00eentr-un r\u0103zboi \u00eencheiat \u00een catastrof\u0103 \u0219i sovietizare.<\/p>\n<div class=\"crp_related     crp-masonry\">\n<h2>\u00ceN CONTEXT<\/h2>\n<ul>\n<li><a href=\"https:\/\/r3media.ro\/ionut-popescu-guvern-masuri\/\" class=\"crp_link post-119627\"><span class=\"crp_title\">Ionu\u021b Popescu: Orice guvern va veni, \u00een orice formul\u0103 de partide, va trebui s\u0103 ia m\u0103suri\u2026<\/span><\/a><\/li>\n<li><a href=\"https:\/\/r3media.ro\/florin-cojocariu-influenta-digi-bani-safe\/\" class=\"crp_link post-117641\"><span class=\"crp_title\">Florin Cojocariu: Influen\u021b\u0103 la Digi cump\u0103rat\u0103 cu banii din SAFE? Mi-e groaz\u0103 de ce vom mai descoperi<\/span><\/a><\/li>\n<li><a href=\"https:\/\/r3media.ro\/dan-pavel-safe-digi-ghita-voiculescu-rezist-piata-victoriei\/\" class=\"crp_link post-117713\"><span class=\"crp_title\">Dan Pavel, despre banii din SAFE da\u021bi Digi: Dac\u0103 lua Sebi Ghi\u021b\u0103 sau Voiculescu 196 de\u2026<\/span><\/a><\/li>\n<li><a href=\"https:\/\/r3media.ro\/petrisor-peiu-tren-medical-safe-teapa\/\" class=\"crp_link post-117742\"><span class=\"crp_title\">Petri\u0219or Peiu contest\u0103 achizi\u021bia unui tren medical de 73 de milioane de euro: Pe rom\u00e2ne\u0219te,\u2026<\/span><\/a><\/li>\n<li><a href=\"https:\/\/r3media.ro\/safe-pentru-marile-puteri-europene\/\" class=\"crp_link post-115955\"><span class=\"crp_title\">SAFE pentru marile puteri europene<\/span><\/a><\/li>\n<li><a href=\"https:\/\/r3media.ro\/jurnalist-imprumut-safe-autostrazi-moldova-ucraina-spitale-neterminate\/\" class=\"crp_link post-116968\"><span class=\"crp_title\">Jurnalist: Vor s\u0103 ne \u00eemprumut\u0103m prin SAFE pentru autostr\u0103zile spre Moldova \u0219i Ucraina, dar\u2026<\/span><\/a><\/li>\n<li><a href=\"https:\/\/r3media.ro\/puterea-mitologica-instalata-a-romaniei\/\" class=\"crp_link post-120710\"><span class=\"crp_title\">Puterea mitologic\u0103 instalat\u0103 a Rom\u00e2niei<\/span><\/a><\/li>\n<li><a href=\"https:\/\/r3media.ro\/fara-apa-fara-curent-fara-viitor-cum-au-sacrificat-pro-europenii-romania-pe-altarul-ecologiei-ieftine\/\" class=\"crp_link post-121034\"><span class=\"crp_title\">F\u0103r\u0103 ap\u0103, f\u0103r\u0103 curent, f\u0103r\u0103 viitor: cum au sacrificat pro-europenii Rom\u00e2nia pe altarul\u2026<\/span><\/a><\/li>\n<\/ul>\n<\/div>\n<\/div>\n<\/div>\n<p>[analyse_source url=&#8221;https:\/\/r3media.ro\/ionut-cojocaru-romania-autoritarismului-stat-garnizoana-imprumuturi-reinarmare-dictatura-dezastru\/&#8221;]<\/p>\n","protected":false},"excerpt":{"rendered":"<p>[analyse_image type=&#8221;featured&#8221; src=&#8221;https:\/\/r3media.ro\/wp-content\/uploads\/2025\/06\/Nicusor-Dan-Ilie-Bolojan-e1750250703901.jpghttps:\/\/r3media.ro\/wp-content\/uploads\/2025\/06\/Nicusor-Dan-Ilie-Bolojan-e1750250703901.jpg&#8221;] ECONOMIEIstoricul Ionu\u021b Cojocaru spune c\u0103 Rom\u00e2nia s-a angajat pe drumul autoritarismului: \u201estat-garnizoan\u0103\u201d&#8230;. ECONOMIEFEATURED\u0218TIRI Istoricul Ionu\u021b Cojocaru spune c\u0103 Rom\u00e2nia s-a angajat pe drumul autoritarismului: \u201estat-garnizoan\u0103\u201d. \u00cemprumuturile pentru \u00eenarmare duc la dictatur\u0103 \u0219i \u00een final dezastru Teodor Stan 11\/08\/2026 Sursa foto: Nicu\u0219or Dan\/ Facebook Istoricul Ionu\u021b Cojocaru argumenteaz\u0103 c\u0103 Rom\u00e2nia s-a angajat pe [&hellip;]<\/p>\n","protected":false},"author":1,"featured_media":0,"comment_status":"open","ping_status":"","sticky":false,"template":"","format":"standard","meta":{"footnotes":""},"categories":[89],"tags":[226,93],"class_list":["post-2087725","post","type-post","status-publish","format-standard","hentry","category-romania","tag-crawlmanager","tag-r3media-ro"],"_links":{"self":[{"href":"https:\/\/analyse.optim.biz\/index.php?rest_route=\/wp\/v2\/posts\/2087725","targetHints":{"allow":["GET"]}}],"collection":[{"href":"https:\/\/analyse.optim.biz\/index.php?rest_route=\/wp\/v2\/posts"}],"about":[{"href":"https:\/\/analyse.optim.biz\/index.php?rest_route=\/wp\/v2\/types\/post"}],"author":[{"embeddable":true,"href":"https:\/\/analyse.optim.biz\/index.php?rest_route=\/wp\/v2\/users\/1"}],"replies":[{"embeddable":true,"href":"https:\/\/analyse.optim.biz\/index.php?rest_route=%2Fwp%2Fv2%2Fcomments&post=2087725"}],"version-history":[{"count":0,"href":"https:\/\/analyse.optim.biz\/index.php?rest_route=\/wp\/v2\/posts\/2087725\/revisions"}],"wp:attachment":[{"href":"https:\/\/analyse.optim.biz\/index.php?rest_route=%2Fwp%2Fv2%2Fmedia&parent=2087725"}],"wp:term":[{"taxonomy":"category","embeddable":true,"href":"https:\/\/analyse.optim.biz\/index.php?rest_route=%2Fwp%2Fv2%2Fcategories&post=2087725"},{"taxonomy":"post_tag","embeddable":true,"href":"https:\/\/analyse.optim.biz\/index.php?rest_route=%2Fwp%2Fv2%2Ftags&post=2087725"}],"curies":[{"name":"wp","href":"https:\/\/api.w.org\/{rel}","templated":true}]}}