{"id":2087721,"date":"2026-08-11T09:20:48","date_gmt":"2026-08-11T06:20:48","guid":{"rendered":"https:\/\/analyse.optim.biz\/?p=2087721"},"modified":"2026-08-11T09:20:48","modified_gmt":"2026-08-11T06:20:48","slug":"dr-pavel-chirila-a-fost-distins-cu-cea-mai-inalta-distinctie-pentru-mireni-a-episcopiei-caransebesului","status":"publish","type":"post","link":"https:\/\/analyse.optim.biz\/?p=2087721","title":{"rendered":"Dr. Pavel Chiril\u0103 a fost distins cu cea mai \u00eenalt\u0103 distinc\u021bie pentru mireni a Episcopiei Caransebe\u0219ului"},"content":{"rendered":"<p>[analyse_image type=&#8221;featured&#8221; src=&#8221;https:\/\/r3media.ro\/wp-content\/uploads\/2026\/08\/pavel-chirila-episcopia-caransebesului-scaled-e1786440038390.jpghttps:\/\/r3media.ro\/wp-content\/uploads\/2026\/08\/pavel-chirila-episcopia-caransebesului-scaled-e1786440038390.jpg&#8221;]<\/p>\n<article id=\"template-id-109\" class=\"post-109 tdb_templates type-tdb_templates status-publish post\">\n<div id=\"tdi_2\" class=\"tdc-zone\">\n<div class=\"tdc_zone tdi_3  wpb_row td-pb-row\">\n<div id=\"tdi_4\" class=\"tdc-row\">\n<div class=\"vc_row tdi_5  wpb_row td-pb-row\">\n<div class=\"vc_column tdi_7  wpb_column vc_column_container tdc-column td-pb-span8\">\n<div class=\"wpb_wrapper\">\n<div class=\"td_block_wrap tdb_breadcrumbs tdi_8 td-pb-border-top td_block_template_1 tdb-breadcrumbs \" data-td-block-uid=\"tdi_8\">\n<div class=\"tdb-block-inner td-fix-index\"><span><a title=\"Vede\u021bi toate articolele \u00een FEATURED\" class=\"tdb-entry-crumb\" href=\"https:\/\/r3media.ro\/category\/featured\/\">FEATURED<\/a><\/span><span class=\"tdb-bred-no-url-last\">Dr. Pavel Chiril\u0103 a fost distins cu cea mai \u00eenalt\u0103 distinc\u021bie pentru&#8230;<\/span><\/div>\n<\/div>\n<div class=\"td_block_wrap tdb_single_categories tdi_9 td-pb-border-top td_block_template_1 \" data-td-block-uid=\"tdi_9\">\n<div class=\"tdb-category td-fix-index\"><a class=\"tdb-entry-category\" href=\"https:\/\/r3media.ro\/category\/featured\/\">FEATURED<\/a><a class=\"tdb-entry-category\" href=\"https:\/\/r3media.ro\/category\/stiri\/\">\u0218TIRI<\/a><\/div>\n<\/div>\n<div class=\"td_block_wrap tdb_title tdi_10 tdb-single-title td-pb-border-top td_block_template_1\" data-td-block-uid=\"tdi_10\">\n<div class=\"tdb-block-inner td-fix-index\">\n<h1 class=\"tdb-title-text\">Dr. Pavel Chiril\u0103 a fost distins cu cea mai \u00eenalt\u0103 distinc\u021bie pentru mireni a Episcopiei Caransebe\u0219ului<\/h1>\n<\/div>\n<\/div>\n<div class=\"vc_row_inner tdi_12  vc_row vc_inner wpb_row td-pb-row\">\n<div class=\"vc_column_inner tdi_14  wpb_column vc_column_container tdc-inner-column td-pb-span12\">\n<div class=\"vc_column-inner\">\n<div class=\"wpb_wrapper\">\n<div class=\"td_block_wrap tdb_single_author tdi_15 td-pb-border-top td_block_template_1 tdb-post-meta\" data-td-block-uid=\"tdi_15\">\n<div class=\"tdb-block-inner td-fix-index\">\n<div class=\"tdb-author-name-wrap\"><a class=\"tdb-author-name\" href=\"https:\/\/r3media.ro\/author\/teodor_stan\/\">Teodor Stan<\/a><\/div>\n<\/div>\n<\/div>\n<div class=\"td_block_wrap tdb_single_date tdi_16 td-pb-border-top td_block_template_1 tdb-post-meta\" data-td-block-uid=\"tdi_16\">\n<div class=\"tdb-block-inner td-fix-index\"><time class=\"entry-date updated td-module-date\" datetime=\"2026-08-11T12:20:48+03:00\">11\/08\/2026<\/time><\/div>\n<\/div>\n<\/div>\n<\/div>\n<\/div>\n<\/div>\n<div class=\"td_block_wrap tdb_single_featured_image tdi_17 tdb-content-horiz-left td-pb-border-top td_block_template_1\" data-td-block-uid=\"tdi_17\">\n<div class=\"tdb-block-inner td-fix-index\">\n<figure><figcaption class=\"tdb-caption-text\">Sursa foto: Episcopia Caransebesului<\/figcaption><\/figure>\n<\/div>\n<\/div>\n<div class=\"td_block_wrap tdb_single_content tdi_18 td-pb-border-top td_block_template_1 td-post-content tagdiv-type\" data-td-block-uid=\"tdi_18\">\n<div class=\"tdb-block-inner td-fix-index\">\n<p><strong>Dr. Pavel Chiril\u0103 a fost distins cu cea mai \u00eenalt\u0103 distinc\u021bie pentru mireni a Episcopiei Caransebe\u0219ului, Ordinul Eparhial \u201eCrucea Episcop Elie Miron Cristea\u201d, clasa 1, a informat <a href=\"https:\/\/basilica.ro\/ps-lucian-sfintire-paraclis-manastirea-nera\/\" target=\"_blank\" rel=\"noopener\">Basilica<\/a>.<\/strong><\/p>\n<p>Evenimentul a avut loc duminic\u0103, ocazionat de sfin\u021birea paraclisului M\u0103n\u0103stirii Nera.<\/p>\n<p>Dr. Pavel Chiril\u0103 este ctitorul principal al M\u0103n\u0103stirii, care \u00ee\u0219i are \u00eenceputurile \u00een 1994.<\/p>\n<p>Reputatul oncolog a donat terenul pe care s-a construit a\u0219ez\u0103m\u00e2ntul unde se roag\u0103, \u00een prezent, peste 100 de maici.<\/p>\n<p>\u201eAst\u0103zi foarte mul\u021bi din Eparhia noastr\u0103, din Eparhia Timi\u0219oarei \u0219i din toat\u0103 \u021bara, \u0219i-au \u00eendreptat pa\u0219ii la aceast\u0103 sf\u00e2nt\u0103 m\u0103n\u0103stire \u0219i le mul\u021bumim tuturor, \u00een frunte cu domnul doctor Pavel Chiril\u0103, cel care iat\u0103 \u0219i-a donat p\u0103m\u00e2ntul, ca pe acest teren s\u0103 odr\u0103sleasc\u0103 \u0219i s\u0103 rodeasc\u0103 o mare lavr\u0103, o m\u0103n\u0103stire at\u00e2t de frumoas\u0103 \u0219i important\u0103, care ne face cinste nou\u0103 \u0219i \u00eentregii Biserici Ortodoxe Rom\u00e2ne\u201d, a spus Episcopul Lucian Mic.<\/p>\n<p>Biserica M\u0103n\u0103stirii Nera este \u00eenchinat\u0103 Sfintei Cuvioase Parascheva. Pe l\u00e2ng\u0103 biserica principal\u0103, m\u0103n\u0103stirea mai are \u0219apte paraclise.<\/p>\n<p>M\u0103icu\u021bele de la Nera se ocup\u0103 \u0219i prepararea unor tratamente naturiste \u00een Laboratoarele Nera Plant.<\/p>\n<h2><strong>Dr. Pavel Chiril\u0103, o via\u021b\u0103 dedicat\u0103 luptei contra cancerului<\/strong><\/h2>\n<p>Dr.Pavel Chiril\u0103, reputat oncolog, a pus bazele <a href=\"https:\/\/r3media.ro\/centrul-recuperare-oncologica-dr-pavel-chirila\/\" target=\"_blank\" rel=\"noopener\">Primului Centru Recuperare Oncologic\u0103 din Rom\u00e2nia<\/a>, pe care l-a inaugurat \u00een anul 2020 la Slatina Nera, \u00een jude\u021bul Cara\u0219-Severin.<\/p>\n<p>Dr. Pavel Chiril\u0103 are o experien\u021b\u0103 de peste 50 de ani, \u00een domeniul medical. \u0218i-a \u00eenceput activitatea la Clinica Medical\u0103 a Spitalului de Urgen\u021b\u0103, a fost profesor universitar, a scris numeroase studii pe teme medicale \u00een Rom\u00e2nia \u0219i str\u0103in\u0103tate, \u0219i a fost distins la nivel na\u021bional \u0219i interna\u021bional.<\/p>\n<p>\u00cen 1998 a \u00eenfiin\u021bat Funda\u021bia Sf\u00e2nta Irina, care are ca scop \u00eembun\u0103t\u0103\u021birii calit\u0103\u021bii vie\u021bii bolnavilor de cancer.<\/p>\n<p>\u00cen 2006, Funda\u021bia a construit Centrul de \u00cengrijiri Paliative \u201eSf\u00e2nta Irina\u201d, care are ca scop \u00eengrijirea specializat\u0103 a bolnavilor de cancer \u0219i leucemie afla\u021bi \u00een stadiu avansat.<\/p>\n<p>\u00cen cadrul acestui centru, speciali\u0219tii ofer\u0103 \u00een mod gratuit \u0219i f\u0103r\u0103 nicio discriminare, asisten\u021b\u0103 medical\u0103, social\u0103, psihologic\u0103 \u0219i spiritual\u0103 at\u00e2t bolnavilor, c\u00e2t \u0219i familiilor acestora.<\/p>\n<div class=\"crp_related     crp-masonry\">\n<h2>\u00ceN CONTEXT<\/h2>\n<ul>\n<li><a href=\"https:\/\/r3media.ro\/jeremy-clarkson-top-gear-diagnostic-cancer-galopant\/\" class=\"crp_link post-118475\"><span class=\"crp_title\">Celebrul prezentator Top Gear, Jeremy Clarkson, a fost diagnosticat cu un cancer galopant<\/span><\/a><\/li>\n<\/ul>\n<\/div>\n<\/div>\n<\/div>\n<div class=\"td_block_wrap tdb_single_tags tdi_19 td-pb-border-top td_block_template_1\" data-td-block-uid=\"tdi_19\">\n<div class=\"tdb-block-inner td-fix-index\">\n<ul class=\"tdb-tags\">\n<li><span>SUBIECTE FIERBIN\u021aI<\/span><\/li>\n<li><a href=\"https:\/\/r3media.ro\/tag\/cancer\/\">cancer<\/a><\/li>\n<li><a href=\"https:\/\/r3media.ro\/tag\/medicamente-anti-cancer\/\">medicamente anti cancer<\/a><\/li>\n<li><a href=\"https:\/\/r3media.ro\/tag\/pavel-chirila\/\">pavel chirila<\/a><\/li>\n<\/ul>\n<\/div>\n<\/div>\n<div class=\"td_block_wrap td_block_9 tdi_20 td_with_ajax_pagination td-pb-border-top td_block_template_1 td-column-2 td_block_padding td_block_bot_line\" data-td-block-uid=\"tdi_20\">\n<div class=\"td-block-title-wrap\">\n<h4 class=\"block-title td-block-title\"><span class=\"td-pulldown-size\">CITE\u0218TE MAI MULT<\/span><\/h4>\n<\/div>\n<div id=\"tdi_20\" class=\"td_block_inner\">\n<div class=\"td-block-row\">\n<div class=\"td-block-span6\">\n<div class=\"td_module_8 td_module_wrap\">\n<div class=\"item-details\">\n<h3 class=\"entry-title td-module-title\"><a href=\"https:\/\/r3media.ro\/presedintele-serbiei-razboiul-din-ucraina\/\" rel=\"bookmark\" title=\"Pre\u0219edintele Serbiei nu crede c\u0103 r\u0103zboiul din Ucraina se termin\u0103 cur\u00e2nd: Cred c\u0103 ne afl\u0103m la \u00eenceputul unui r\u0103zboi mult, mult mai mare\">Pre\u0219edintele Serbiei nu crede c\u0103 r\u0103zboiul din Ucraina se termin\u0103 cur\u00e2nd: Cred c\u0103 ne&#8230;<\/a><\/h3>\n<div class=\"td-module-meta-info\"><a href=\"https:\/\/r3media.ro\/category\/stiri-prim-plan\/\" class=\"td-post-category\">PRIM PLAN<\/a><span class=\"td-post-author-name\"><a href=\"https:\/\/r3media.ro\/author\/teodor_stan\/\">Teodor Stan<\/a><span>&#8211;<\/span><\/span><span class=\"td-post-date\"><time class=\"entry-date updated td-module-date\" datetime=\"2026-08-10T12:22:44+03:00\">10\/08\/2026<\/time><\/span><\/div>\n<\/div>\n<\/div>\n<\/div>\n<div class=\"td-block-span6\">\n<div class=\"td_module_8 td_module_wrap\">\n<div class=\"item-details\">\n<h3 class=\"entry-title td-module-title\"><a href=\"https:\/\/r3media.ro\/fara-apa-fara-curent-fara-viitor-cum-au-sacrificat-pro-europenii-romania-pe-altarul-ecologiei-ieftine\/\" rel=\"bookmark\" title=\"F\u0103r\u0103 ap\u0103, f\u0103r\u0103 curent, f\u0103r\u0103 viitor: cum au sacrificat pro-europenii Rom\u00e2nia pe altarul ecologiei ieftine\">F\u0103r\u0103 ap\u0103, f\u0103r\u0103 curent, f\u0103r\u0103 viitor: cum au sacrificat pro-europenii Rom\u00e2nia pe altarul ecologiei&#8230;<\/a><\/h3>\n<div class=\"td-module-meta-info\"><a href=\"https:\/\/r3media.ro\/category\/actualitate\/\" class=\"td-post-category\">ACTUALITATE<\/a><span class=\"td-post-author-name\"><a href=\"https:\/\/r3media.ro\/author\/paul_lazar\/\">Paul-Daniel Laz\u0103r<\/a><span>&#8211;<\/span><\/span><span class=\"td-post-date\"><time class=\"entry-date updated td-module-date\" datetime=\"2026-08-08T22:30:54+03:00\">08\/08\/2026<\/time><\/span><\/div>\n<\/div>\n<\/div>\n<\/div>\n<\/div>\n<div class=\"td-block-row\">\n<div class=\"td-block-span6\">\n<div class=\"td_module_8 td_module_wrap\">\n<div class=\"item-details\">\n<h3 class=\"entry-title td-module-title\"><a href=\"https:\/\/r3media.ro\/show-iluzie-si-realitate-de-la-the-truman-show-la-son-of-a-rich\/\" rel=\"bookmark\" title=\"Show, iluzie \u0219i realitate: de la The Truman Show la Son of a Rich\">Show, iluzie \u0219i realitate: de la The Truman Show la Son of a Rich<\/a><\/h3>\n<div class=\"td-module-meta-info\"><a href=\"https:\/\/r3media.ro\/category\/actualitate\/\" class=\"td-post-category\">ACTUALITATE<\/a><span class=\"td-post-author-name\"><a href=\"https:\/\/r3media.ro\/author\/costi_balasoiu\/\">Constantin B\u0103l\u0103\u0219oiu<\/a><span>&#8211;<\/span><\/span><span class=\"td-post-date\"><time class=\"entry-date updated td-module-date\" datetime=\"2026-08-08T15:30:25+03:00\">08\/08\/2026<\/time><\/span><\/div>\n<\/div>\n<\/div>\n<\/div>\n<div class=\"td-block-span6\">\n<div class=\"td_module_8 td_module_wrap\">\n<div class=\"item-details\">\n<h3 class=\"entry-title td-module-title\"><a href=\"https:\/\/r3media.ro\/fani-stapanul-inelelor-surpriza-sezonul-3-sauron\/\" rel=\"bookmark\" title=\"Fanii \u201eSt\u0103p\u00e2nul Inelelor\u201c ar putea avea o surpriz\u0103 \u00een sezonul 3 din serialul \u201eInelele Puterii\u201c. Sauron se va confrunta cu o creatur\u0103 de temut\">Fanii \u201eSt\u0103p\u00e2nul Inelelor\u201c ar putea avea o surpriz\u0103 \u00een sezonul 3 din serialul \u201eInelele&#8230;<\/a><\/h3>\n<div class=\"td-module-meta-info\"><a href=\"https:\/\/r3media.ro\/category\/actualitate\/\" class=\"td-post-category\">ACTUALITATE<\/a><span class=\"td-post-author-name\"><a href=\"https:\/\/r3media.ro\/author\/oana\/\">Oana Ivan<\/a><span>&#8211;<\/span><\/span><span class=\"td-post-date\"><time class=\"entry-date updated td-module-date\" datetime=\"2026-08-08T00:19:31+03:00\">08\/08\/2026<\/time><\/span><\/div>\n<\/div>\n<\/div>\n<\/div>\n<\/div>\n<div class=\"td-block-row\">\n<div class=\"td-block-span6\">\n<div class=\"td_module_8 td_module_wrap\">\n<div class=\"item-details\">\n<h3 class=\"entry-title td-module-title\"><a href=\"https:\/\/r3media.ro\/david-popovici-fair-play-sportivi-rusi-competitii\/\" rel=\"bookmark\" title=\"David Popovici, fair-play la revenirea sportivilor ru\u0219i \u00een competi\u021bii: Le urez succes, sper s\u0103 fiu mai bun dec\u00e2t ei\">David Popovici, fair-play la revenirea sportivilor ru\u0219i \u00een competi\u021bii: Le urez succes, sper s\u0103&#8230;<\/a><\/h3>\n<div class=\"td-module-meta-info\"><a href=\"https:\/\/r3media.ro\/category\/actualitate\/\" class=\"td-post-category\">ACTUALITATE<\/a><span class=\"td-post-author-name\"><a href=\"https:\/\/r3media.ro\/author\/redactia\/\">Redac\u021bia<\/a><span>&#8211;<\/span><\/span><span class=\"td-post-date\"><time class=\"entry-date updated td-module-date\" datetime=\"2026-08-07T15:07:51+03:00\">07\/08\/2026<\/time><\/span><\/div>\n<\/div>\n<\/div>\n<\/div>\n<div class=\"td-block-span6\">\n<div class=\"td_module_8 td_module_wrap\">\n<div class=\"item-details\">\n<h3 class=\"entry-title td-module-title\"><a href=\"https:\/\/r3media.ro\/kia-recheama-service-prima-generatie-masini-electrice-e-niro-risc-incendiu\/\" rel=\"bookmark\" title=\"Kia recheam\u0103 \u00een service prima genera\u021bie de ma\u0219ini electrice e-Niro din cauza riscului de incendiu\">Kia recheam\u0103 \u00een service prima genera\u021bie de ma\u0219ini electrice e-Niro din cauza riscului de&#8230;<\/a><\/h3>\n<div class=\"td-module-meta-info\"><a href=\"https:\/\/r3media.ro\/category\/actualitate\/\" class=\"td-post-category\">ACTUALITATE<\/a><span class=\"td-post-author-name\"><a href=\"https:\/\/r3media.ro\/author\/oana\/\">Oana Ivan<\/a><span>&#8211;<\/span><\/span><span class=\"td-post-date\"><time class=\"entry-date updated td-module-date\" datetime=\"2026-08-06T17:07:42+03:00\">06\/08\/2026<\/time><\/span><\/div>\n<\/div>\n<\/div>\n<\/div>\n<\/div>\n<div class=\"td-block-row\">\n<div class=\"td-block-span6\">\n<div class=\"td_module_8 td_module_wrap\">\n<div class=\"item-details\">\n<h3 class=\"entry-title td-module-title\"><a href=\"https:\/\/r3media.ro\/drona-gasita-mare-mamaia-zona-loft-video\/\" rel=\"bookmark\" title=\"VIDEO | O dron\u0103 a fost g\u0103sit\u0103 \u00een mare, \u00een Mamaia, \u00een zona Loft\">VIDEO | O dron\u0103 a fost g\u0103sit\u0103 \u00een mare, \u00een Mamaia, \u00een zona Loft<\/a><\/h3>\n<div class=\"td-module-meta-info\"><a href=\"https:\/\/r3media.ro\/category\/actualitate\/\" class=\"td-post-category\">ACTUALITATE<\/a><span class=\"td-post-author-name\"><a href=\"https:\/\/r3media.ro\/author\/oana\/\">Oana Ivan<\/a><span>&#8211;<\/span><\/span><span class=\"td-post-date\"><time class=\"entry-date updated td-module-date\" datetime=\"2026-08-05T21:48:11+03:00\">05\/08\/2026<\/time><\/span><\/div>\n<\/div>\n<\/div>\n<\/div>\n<div class=\"td-block-span6\">\n<div class=\"td_module_8 td_module_wrap\">\n<div class=\"item-details\">\n<h3 class=\"entry-title td-module-title\"><a href=\"https:\/\/r3media.ro\/cand-incepe-scoala-in-2026-structura-an-nou-scolar\/\" rel=\"bookmark\" title=\"C\u00e2nd \u00eencepe \u0219coala \u00een 2026: Structura noului an \u0219colar, vacan\u021bele \u0219i zilele libere\">C\u00e2nd \u00eencepe \u0219coala \u00een 2026: Structura noului an \u0219colar, vacan\u021bele \u0219i zilele libere<\/a><\/h3>\n<div class=\"td-module-meta-info\"><a href=\"https:\/\/r3media.ro\/category\/actualitate\/\" class=\"td-post-category\">ACTUALITATE<\/a><span class=\"td-post-author-name\"><a href=\"https:\/\/r3media.ro\/author\/oana\/\">Oana Ivan<\/a><span>&#8211;<\/span><\/span><span class=\"td-post-date\"><time class=\"entry-date updated td-module-date\" datetime=\"2026-08-03T22:23:20+03:00\">03\/08\/2026<\/time><\/span><\/div>\n<\/div>\n<\/div>\n<\/div>\n<\/div>\n<div class=\"td-block-row\">\n<div class=\"td-block-span6\">\n<div class=\"td_module_8 td_module_wrap\">\n<div class=\"item-details\">\n<h3 class=\"entry-title td-module-title\"><a href=\"https:\/\/r3media.ro\/tara-europa-norvegia-masini-electrice-inmatriculate-cota-ridicata\/\" rel=\"bookmark\" title=\"\u021aara din Europa unde aproape toate ma\u0219inile \u00eenmatriculate sune electrice. Cota a ajuns la 97,6% \u00een iulie\">\u021aara din Europa unde aproape toate ma\u0219inile \u00eenmatriculate sune electrice. Cota a ajuns la&#8230;<\/a><\/h3>\n<div class=\"td-module-meta-info\"><a href=\"https:\/\/r3media.ro\/category\/actualitate\/\" class=\"td-post-category\">ACTUALITATE<\/a><span class=\"td-post-author-name\"><a href=\"https:\/\/r3media.ro\/author\/oana\/\">Oana Ivan<\/a><span>&#8211;<\/span><\/span><span class=\"td-post-date\"><time class=\"entry-date updated td-module-date\" datetime=\"2026-08-03T17:01:21+03:00\">03\/08\/2026<\/time><\/span><\/div>\n<\/div>\n<\/div>\n<\/div>\n<div class=\"td-block-span6\">\n<div class=\"td_module_8 td_module_wrap\">\n<div class=\"item-details\">\n<h3 class=\"entry-title td-module-title\"><a href=\"https:\/\/r3media.ro\/puterea-mitologica-instalata-a-romaniei\/\" rel=\"bookmark\" title=\"Puterea mitologic\u0103 instalat\u0103 a Rom\u00e2niei\">Puterea mitologic\u0103 instalat\u0103 a Rom\u00e2niei<\/a><\/h3>\n<div class=\"td-module-meta-info\"><a href=\"https:\/\/r3media.ro\/category\/opinii\/\" class=\"td-post-category\">OPINII<\/a><span class=\"td-post-author-name\"><a href=\"https:\/\/r3media.ro\/author\/tru\/\">TRU (Traian Ungureanu)<\/a><span>&#8211;<\/span><\/span><span class=\"td-post-date\"><time class=\"entry-date updated td-module-date\" datetime=\"2026-08-02T22:08:04+03:00\">02\/08\/2026<\/time><\/span><\/div>\n<\/div>\n<\/div>\n<\/div>\n<\/div>\n<div class=\"td-block-row\">\n<div class=\"td-block-span6\">\n<div class=\"td_module_8 td_module_wrap\">\n<div class=\"item-details\">\n<h3 class=\"entry-title td-module-title\"><a href=\"https:\/\/r3media.ro\/hyundai-recheama-service-masini-electrice-inster-risc-incendiu\/\" rel=\"bookmark\" title=\"Hyundai recheam\u0103 \u00een service zeci de mii de ma\u0219ini electrice din cauza riscului de incendiu\">Hyundai recheam\u0103 \u00een service zeci de mii de ma\u0219ini electrice din cauza riscului de&#8230;<\/a><\/h3>\n<div class=\"td-module-meta-info\"><a href=\"https:\/\/r3media.ro\/category\/actualitate\/\" class=\"td-post-category\">ACTUALITATE<\/a><span class=\"td-post-author-name\"><a href=\"https:\/\/r3media.ro\/author\/oana\/\">Oana Ivan<\/a><span>&#8211;<\/span><\/span><span class=\"td-post-date\"><time class=\"entry-date updated td-module-date\" datetime=\"2026-08-02T08:34:05+03:00\">02\/08\/2026<\/time><\/span><\/div>\n<\/div>\n<\/div>\n<\/div>\n<div class=\"td-block-span6\">\n<div class=\"td_module_8 td_module_wrap\">\n<div class=\"item-details\">\n<h3 class=\"entry-title td-module-title\"><a href=\"https:\/\/r3media.ro\/dragostea-care-transcende-epoci-descult-in-parc-1967\/\" rel=\"bookmark\" title=\"Dragostea care transcende epoci \u2014 Descul\u021b \u00een parc (1967)\">Dragostea care transcende epoci \u2014 Descul\u021b \u00een parc (1967)<\/a><\/h3>\n<div class=\"td-module-meta-info\"><a href=\"https:\/\/r3media.ro\/category\/opinii\/\" class=\"td-post-category\">OPINII<\/a><span class=\"td-post-author-name\"><a href=\"https:\/\/r3media.ro\/author\/costi_balasoiu\/\">Constantin B\u0103l\u0103\u0219oiu<\/a><span>&#8211;<\/span><\/span><span class=\"td-post-date\"><time class=\"entry-date updated td-module-date\" datetime=\"2026-08-01T13:45:14+03:00\">01\/08\/2026<\/time><\/span><\/div>\n<\/div>\n<\/div>\n<\/div>\n<\/div>\n<\/div>\n<div class=\"td-load-more-wrap td-load-more-infinite-wrap\" id=\"infinite-lm-tdi_20\"><a href=\"https:\/\/r3media.ro\/dr-pavel-chirila-distinctie-episcopia-caransebesului\/\" class=\"td_ajax_load_more td_ajax_load_more_js\" aria-label=\"\u00cenc\u0103rca\u021bi mai multe\" id=\"next-page-tdi_20\" data-td_block_id=\"tdi_20\">\u00cenc\u0103rca\u021bi mai multe<\/a><\/div>\n<\/div>\n<div class=\"td_block_wrap tdb_single_comments tdi_21 tdb-comm-layout2 td-pb-border-top td_block_template_1\" data-td-block-uid=\"tdi_21\">\n<div class=\"tdb-block-inner td-fix-index\">\n<div class=\"comments\" id=\"comments\">\n<div id=\"respond\" class=\"comment-respond\">\n<h3 id=\"reply-title\" class=\"comment-reply-title\">AI CEVA DE SPUS? <small><a rel=\"nofollow\" id=\"cancel-comment-reply-link\" href=\"https:\/\/r3media.ro\/dr-pavel-chirila-distinctie-episcopia-caransebesului\/#respond\">Renun\u021ba\u021bi la r\u0103spuns<\/a><\/small><\/h3>\n<div class=\"comment-form-input-wrap td-form-comment\">\n<div class=\"td-warning-comment\">V\u0103 rug\u0103m s\u0103 introduce\u021bi comentariul dvs.!<\/div>\n<\/div>\n<div class=\"comment-form-input-wrap td-form-author\">\n<div class=\"td-warning-author\">Introduce\u021bi aici numele dvs.<\/div>\n<\/div>\n<div class=\"comment-form-input-wrap td-form-email\">\n<div class=\"td-warning-email-error\">A\u021bi introdus o adres\u0103 de e-mail incorect\u0103!<\/div>\n<div class=\"td-warning-email\">V\u0103 rug\u0103m s\u0103 introduce\u021bi adresa dvs. de e-mail aici<\/div>\n<\/div>\n<\/div>\n<\/div>\n<\/div>\n<\/div>\n<\/div>\n<\/div>\n<div class=\"vc_column tdi_23  wpb_column vc_column_container tdc-column td-pb-span4 td-is-sticky\">\n<div class=\"wpb_wrapper\" data-sticky-enabled-on=\"W3RydWUsdHJ1ZSx0cnVlLHRydWVd\" data-sticky-offset=\"20\" data-sticky-is-width-auto=\"W2ZhbHNlLGZhbHNlLGZhbHNlLGZhbHNlXQ==\">\n<div class=\"wpb_wrapper td_block_wrap vc_widget_sidebar tdi_25 \">\n<div class=\"td_block_wrap td_block_7 td_block_widget tdi_26 td-pb-border-top td_block_template_1 td-column-1 td_block_padding\" data-td-block-uid=\"tdi_26\">\n<div class=\"td-block-title-wrap\">\n<h4 class=\"block-title td-block-title\"><span class=\"td-pulldown-size\">Articole RELA\u021aIONATE<\/span><\/h4>\n<\/div>\n<div id=\"tdi_26\" class=\"td_block_inner\">\n<div class=\"td-block-span12\">\n<div class=\"td_module_6 td_module_wrap td-animation-stack\">\n<div class=\"td-module-thumb\"><a href=\"https:\/\/r3media.ro\/ionut-cojocaru-romania-autoritarismului-stat-garnizoana-imprumuturi-reinarmare-dictatura-dezastru\/\" rel=\"bookmark\" class=\"td-image-wrap \" title=\"Istoricul Ionu\u021b Cojocaru spune c\u0103 Rom\u00e2nia s-a angajat pe drumul autoritarismului: \u201estat-garnizoan\u0103\u201d. \u00cemprumuturile pentru \u00eenarmare duc la dictatur\u0103 \u0219i \u00een final dezastru\"><img loading=\"lazy\" decoding=\"async\" class=\"entry-thumb\" src=\"https:\/\/r3media.ro\/wp-content\/uploads\/2025\/06\/Nicusor-Dan-Ilie-Bolojan-100x70.jpg\" alt title=\"Istoricul Ionu\u021b Cojocaru spune c\u0103 Rom\u00e2nia s-a angajat pe drumul autoritarismului: \u201estat-garnizoan\u0103\u201d. \u00cemprumuturile pentru \u00eenarmare duc la dictatur\u0103 \u0219i \u00een final dezastru\" width=\"100\" height=\"70\"><\/a><\/div>\n<div class=\"item-details\">\n<h3 class=\"entry-title td-module-title\"><a href=\"https:\/\/r3media.ro\/ionut-cojocaru-romania-autoritarismului-stat-garnizoana-imprumuturi-reinarmare-dictatura-dezastru\/\" rel=\"bookmark\" title=\"Istoricul Ionu\u021b Cojocaru spune c\u0103 Rom\u00e2nia s-a angajat pe drumul autoritarismului: \u201estat-garnizoan\u0103\u201d. \u00cemprumuturile pentru \u00eenarmare duc la dictatur\u0103 \u0219i \u00een final dezastru\">Istoricul Ionu\u021b Cojocaru spune c\u0103 Rom\u00e2nia s-a angajat pe drumul autoritarismului:&#8230;<\/a><\/h3>\n<div class=\"td-module-meta-info\"><span class=\"td-post-date\"><time class=\"entry-date updated td-module-date\" datetime=\"2026-08-11T14:20:44+03:00\">11\/08\/2026<\/time><\/span><\/div>\n<\/div>\n<\/div>\n<\/div>\n<div class=\"td-block-span12\">\n<div class=\"td_module_6 td_module_wrap td-animation-stack\">\n<div class=\"td-module-thumb\"><a href=\"https:\/\/r3media.ro\/vanzari-masini-electrice-explozie-danemarca\/\" rel=\"bookmark\" class=\"td-image-wrap \" title=\"V\u00e2nz\u0103rile de ma\u0219ini electrice au explodat \u00een Danemarca\"><img loading=\"lazy\" decoding=\"async\" class=\"entry-thumb\" src=\"https:\/\/r3media.ro\/wp-content\/uploads\/2026\/08\/vanzarile-de-masini-electrice-au-explodat-in-danemarca-100x70.jpg\" alt title=\"V\u00e2nz\u0103rile de ma\u0219ini electrice au explodat \u00een Danemarca\" width=\"100\" height=\"70\"><\/a><\/div>\n<div class=\"item-details\">\n<h3 class=\"entry-title td-module-title\"><a href=\"https:\/\/r3media.ro\/vanzari-masini-electrice-explozie-danemarca\/\" rel=\"bookmark\" title=\"V\u00e2nz\u0103rile de ma\u0219ini electrice au explodat \u00een Danemarca\">V\u00e2nz\u0103rile de ma\u0219ini electrice au explodat \u00een Danemarca<\/a><\/h3>\n<div class=\"td-module-meta-info\"><span class=\"td-post-date\"><time class=\"entry-date updated td-module-date\" datetime=\"2026-08-11T13:43:51+03:00\">11\/08\/2026<\/time><\/span><\/div>\n<\/div>\n<\/div>\n<\/div>\n<div class=\"td-block-span12\">\n<div class=\"td_module_6 td_module_wrap td-animation-stack\">\n<div class=\"td-module-thumb\"><a href=\"https:\/\/r3media.ro\/romania-grupuri-carbune-turceni-craiova-securitate-energetica\/\" rel=\"bookmark\" class=\"td-image-wrap \" title=\"Rom\u00e2nia nu va \u00eenchide grupurile pe c\u0103rbune de la Turceni \u0219i Craiova la sf\u00e2r\u0219itul lunii, din cauza riscurilor la adresa securit\u0103\u021bii energetice\"><img loading=\"lazy\" decoding=\"async\" class=\"entry-thumb\" src=\"https:\/\/r3media.ro\/wp-content\/uploads\/2026\/08\/termocentrala-turceni-100x70.jpg\" alt title=\"Rom\u00e2nia nu va \u00eenchide grupurile pe c\u0103rbune de la Turceni \u0219i Craiova la sf\u00e2r\u0219itul lunii, din cauza riscurilor la adresa securit\u0103\u021bii energetice\" width=\"100\" height=\"70\"><\/a><\/div>\n<div class=\"item-details\">\n<h3 class=\"entry-title td-module-title\"><a href=\"https:\/\/r3media.ro\/romania-grupuri-carbune-turceni-craiova-securitate-energetica\/\" rel=\"bookmark\" title=\"Rom\u00e2nia nu va \u00eenchide grupurile pe c\u0103rbune de la Turceni \u0219i Craiova la sf\u00e2r\u0219itul lunii, din cauza riscurilor la adresa securit\u0103\u021bii energetice\">Rom\u00e2nia nu va \u00eenchide grupurile pe c\u0103rbune de la Turceni \u0219i&#8230;<\/a><\/h3>\n<div class=\"td-module-meta-info\"><span class=\"td-post-date\"><time class=\"entry-date updated td-module-date\" datetime=\"2026-08-11T11:14:29+03:00\">11\/08\/2026<\/time><\/span><\/div>\n<\/div>\n<\/div>\n<\/div>\n<div class=\"td-block-span12\">\n<div class=\"td_module_6 td_module_wrap td-animation-stack\">\n<div class=\"td-module-thumb\"><a href=\"https:\/\/r3media.ro\/massachusetts-america-avortul-orice-monment-al-sarcinii\/\" rel=\"bookmark\" class=\"td-image-wrap \" title=\"Massachusetts devine al 11-lea stat american care legalizeaz\u0103 avortul \u00een orice moment al sarcinii\"><img loading=\"lazy\" decoding=\"async\" class=\"entry-thumb\" src=\"https:\/\/r3media.ro\/wp-content\/uploads\/2026\/08\/avort-massachusets-100x70.png\" alt title=\"Massachusetts devine al 11-lea stat american care legalizeaz\u0103 avortul \u00een orice moment al sarcinii\" width=\"100\" height=\"70\"><\/a><\/div>\n<div class=\"item-details\">\n<h3 class=\"entry-title td-module-title\"><a href=\"https:\/\/r3media.ro\/massachusetts-america-avortul-orice-monment-al-sarcinii\/\" rel=\"bookmark\" title=\"Massachusetts devine al 11-lea stat american care legalizeaz\u0103 avortul \u00een orice moment al sarcinii\">Massachusetts devine al 11-lea stat american care legalizeaz\u0103 avortul \u00een orice&#8230;<\/a><\/h3>\n<div class=\"td-module-meta-info\"><span class=\"td-post-date\"><time class=\"entry-date updated td-module-date\" datetime=\"2026-08-11T10:50:26+03:00\">11\/08\/2026<\/time><\/span><\/div>\n<\/div>\n<\/div>\n<\/div>\n<div class=\"td-block-span12\">\n<div class=\"td_module_6 td_module_wrap td-animation-stack\">\n<div class=\"td-module-thumb\"><a href=\"https:\/\/r3media.ro\/calendarul-zilei-11-august-1690-batalia-de-la-zarnesti-constantin-brancoveanu-si-otomanii-repurteaza-o-victorie-impotriva-habsburgilor\/\" rel=\"bookmark\" class=\"td-image-wrap \" title=\"Calendarul zilei: 11 august 1690 \u2013 B\u0103t\u0103lia de la Z\u0103rne\u0219ti. Constantin Br\u00e2ncoveanu \u0219i otomanii repurteaz\u0103 o victorie \u00eempotriva Habsburgilor\"><img loading=\"lazy\" decoding=\"async\" class=\"entry-thumb\" src=\"https:\/\/r3media.ro\/wp-content\/uploads\/2021\/08\/constantin-brancoveanu-aparator-al-ortodoxiei-si-fauritor-de-cultura-150545-100x70.jpg\" alt title=\"Calendarul zilei: 11 august 1690 \u2013 B\u0103t\u0103lia de la Z\u0103rne\u0219ti. Constantin Br\u00e2ncoveanu \u0219i otomanii repurteaz\u0103 o victorie \u00eempotriva Habsburgilor\" width=\"100\" height=\"70\"><\/a><\/div>\n<div class=\"item-details\">\n<h3 class=\"entry-title td-module-title\"><a href=\"https:\/\/r3media.ro\/calendarul-zilei-11-august-1690-batalia-de-la-zarnesti-constantin-brancoveanu-si-otomanii-repurteaza-o-victorie-impotriva-habsburgilor\/\" rel=\"bookmark\" title=\"Calendarul zilei: 11 august 1690 \u2013 B\u0103t\u0103lia de la Z\u0103rne\u0219ti. Constantin Br\u00e2ncoveanu \u0219i otomanii repurteaz\u0103 o victorie \u00eempotriva Habsburgilor\">Calendarul zilei: 11 august 1690 \u2013 B\u0103t\u0103lia de la Z\u0103rne\u0219ti. Constantin&#8230;<\/a><\/h3>\n<div class=\"td-module-meta-info\"><span class=\"td-post-date\"><time class=\"entry-date updated td-module-date\" datetime=\"2026-08-10T23:24:51+03:00\">10\/08\/2026<\/time><\/span><\/div>\n<\/div>\n<\/div>\n<\/div>\n<div class=\"td-block-span12\">\n<div class=\"td_module_6 td_module_wrap td-animation-stack\">\n<div class=\"td-module-thumb\"><a href=\"https:\/\/r3media.ro\/calendarul-zilei-11-august-sf-ier-nifon-patriarhul-constantinopolului-sf-mc-evplu-arhidiaconul\/\" rel=\"bookmark\" class=\"td-image-wrap \" title=\"Calendarul zilei 11 august: Sf. Ier. Nifon, patriarhul Constantinopolului; Sf. Mc. Evplu Arhidiaconul\"><img loading=\"lazy\" decoding=\"async\" class=\"entry-thumb\" src=\"https:\/\/r3media.ro\/wp-content\/uploads\/2024\/08\/sf-nifon-100x70.jpg\" alt title=\"Calendarul zilei 11 august: Sf. Ier. Nifon, patriarhul Constantinopolului; Sf. Mc. Evplu Arhidiaconul\" width=\"100\" height=\"70\"><\/a><\/div>\n<div class=\"item-details\">\n<h3 class=\"entry-title td-module-title\"><a href=\"https:\/\/r3media.ro\/calendarul-zilei-11-august-sf-ier-nifon-patriarhul-constantinopolului-sf-mc-evplu-arhidiaconul\/\" rel=\"bookmark\" title=\"Calendarul zilei 11 august: Sf. Ier. Nifon, patriarhul Constantinopolului; Sf. Mc. Evplu Arhidiaconul\">Calendarul zilei 11 august: Sf. Ier. Nifon, patriarhul Constantinopolului; Sf. Mc&#8230;.<\/a><\/h3>\n<div class=\"td-module-meta-info\"><span class=\"td-post-date\"><time class=\"entry-date updated td-module-date\" datetime=\"2026-08-10T23:04:19+03:00\">10\/08\/2026<\/time><\/span><\/div>\n<\/div>\n<\/div>\n<\/div>\n<div class=\"td-block-span12\">\n<div class=\"td_module_6 td_module_wrap td-animation-stack\">\n<div class=\"td-module-thumb\"><a href=\"https:\/\/r3media.ro\/rapire-copii-romania-ambuanta-atacata-recea-cristur\/\" rel=\"bookmark\" class=\"td-image-wrap \" title=\"Chiar nu au fost r\u0103pi\u021bi copii \u00een Rom\u00e2nia? Ce se omite \u00een cazul \u201eAmbulan\u021ba atacat\u0103\u201d la Recea-Cristur\"><img loading=\"lazy\" decoding=\"async\" class=\"entry-thumb\" src=\"https:\/\/r3media.ro\/wp-content\/uploads\/2020\/10\/alexandra-macesanu-mihai-gheorghiu-100x70.png\" alt title=\"Chiar nu au fost r\u0103pi\u021bi copii \u00een Rom\u00e2nia? Ce se omite \u00een cazul \u201eAmbulan\u021ba atacat\u0103\u201d la Recea-Cristur\" width=\"100\" height=\"70\"><\/a><\/div>\n<div class=\"item-details\">\n<h3 class=\"entry-title td-module-title\"><a href=\"https:\/\/r3media.ro\/rapire-copii-romania-ambuanta-atacata-recea-cristur\/\" rel=\"bookmark\" title=\"Chiar nu au fost r\u0103pi\u021bi copii \u00een Rom\u00e2nia? Ce se omite \u00een cazul \u201eAmbulan\u021ba atacat\u0103\u201d la Recea-Cristur\">Chiar nu au fost r\u0103pi\u021bi copii \u00een Rom\u00e2nia? Ce se omite&#8230;<\/a><\/h3>\n<div class=\"td-module-meta-info\"><span class=\"td-post-date\"><time class=\"entry-date updated td-module-date\" datetime=\"2026-08-10T17:22:49+03:00\">10\/08\/2026<\/time><\/span><\/div>\n<\/div>\n<\/div>\n<\/div>\n<\/div>\n<\/div>\n<aside class=\"td_block_template_1 widget widget_recent_comments\">\n<h4 class=\"block-title\"><span>INTR\u0102 \u00ceN DISCU\u021aIE!<\/span><\/h4>\n<ul id=\"recentcomments\">\n<li class=\"recentcomments\"><span class=\"comment-author-link\">Nicu<\/span> la <a href=\"https:\/\/r3media.ro\/romania-grupuri-carbune-turceni-craiova-securitate-energetica\/#comment-40371\">Rom\u00e2nia nu va \u00eenchide grupurile pe c\u0103rbune de la Turceni \u0219i Craiova la sf\u00e2r\u0219itul lunii, din cauza riscurilor la adresa securit\u0103\u021bii energetice<\/a><\/li>\n<li class=\"recentcomments\"><span class=\"comment-author-link\">Nicu<\/span> la <a href=\"https:\/\/r3media.ro\/rapire-copii-romania-ambuanta-atacata-recea-cristur\/#comment-40370\">Chiar nu au fost r\u0103pi\u021bi copii \u00een Rom\u00e2nia? Ce se omite \u00een cazul \u201eAmbulan\u021ba atacat\u0103\u201d la Recea-Cristur<\/a><\/li>\n<li class=\"recentcomments\"><span class=\"comment-author-link\">Nicu<\/span> la <a href=\"https:\/\/r3media.ro\/presedintele-serbiei-razboiul-din-ucraina\/#comment-40369\">Pre\u0219edintele Serbiei nu crede c\u0103 r\u0103zboiul din Ucraina se termin\u0103 cur\u00e2nd: Cred c\u0103 ne afl\u0103m la \u00eenceputul unui r\u0103zboi mult, mult mai mare<\/a><\/li>\n<li class=\"recentcomments\"><span class=\"comment-author-link\">B<\/span> la <a href=\"https:\/\/r3media.ro\/papi-si-conclavuri-traditie-si-anticlericalism-in-cinema-cei-doi-papi-si-conclavul\/#comment-40368\">Papi \u0219i conclavuri, tradi\u021bie \u0219i anticlericalism \u00een cinema: Cei doi papi \u0219i Conclavul<\/a><\/li>\n<li class=\"recentcomments\"><span class=\"comment-author-link\">Cet\u0103\u021bean<\/span> la <a href=\"https:\/\/r3media.ro\/bulgaria-drona-ucraineana-kiev-ucraina\/#comment-40367\">Bulgaria anun\u0163\u0103 c\u0103 drona explodat\u0103 l\u00e2ng\u0103 gazoductul transbalcanic e ucrainean\u0103 \u015fi a convocat-o pe ambasadoarea Kievului. Ucraina transmite c\u0103 nu vizeaz\u0103 \u201e\u00een mod deliberat\u201d Bulgaria<\/a><\/li>\n<li class=\"recentcomments\"><span class=\"comment-author-link\">B<\/span> la <a href=\"https:\/\/r3media.ro\/papi-si-conclavuri-traditie-si-anticlericalism-in-cinema-cei-doi-papi-si-conclavul\/#comment-40365\">Papi \u0219i conclavuri, tradi\u021bie \u0219i anticlericalism \u00een cinema: Cei doi papi \u0219i Conclavul<\/a><\/li>\n<li class=\"recentcomments\"><span class=\"comment-author-link\">E.T.<\/span> la <a href=\"https:\/\/r3media.ro\/papi-si-conclavuri-traditie-si-anticlericalism-in-cinema-cei-doi-papi-si-conclavul\/#comment-40364\">Papi \u0219i conclavuri, tradi\u021bie \u0219i anticlericalism \u00een cinema: Cei doi papi \u0219i Conclavul<\/a><\/li>\n<\/ul>\n<\/aside>\n<aside class=\"td_block_template_1 widget widget_search\">\n<h4 class=\"block-title\"><span>CAUT\u0102 \u0218I VEI G\u0102SI<\/span><\/h4>\n<\/aside>\n<\/div>\n<\/div>\n<\/div>\n<\/div>\n<\/div>\n<\/div>\n<\/div>\n<p><span class=\"td-page-meta\"><\/span><span class=\"td-page-meta\"><span class=\"td-page-meta\"><\/span><\/span><span class=\"td-page-meta\"><\/span><\/article>\n<\/p>\n<div class=\"td_block_wrap tdb_single_content tdi_18 td-pb-border-top td_block_template_1 td-post-content tagdiv-type\" data-td-block-uid=\"tdi_18\">\n<div class=\"tdb-block-inner td-fix-index\">\n<p><strong>Dr. Pavel Chiril\u0103 a fost distins cu cea mai \u00eenalt\u0103 distinc\u021bie pentru mireni a Episcopiei Caransebe\u0219ului, Ordinul Eparhial \u201eCrucea Episcop Elie Miron Cristea\u201d, clasa 1, a informat <a href=\"https:\/\/basilica.ro\/ps-lucian-sfintire-paraclis-manastirea-nera\/\" target=\"_blank\" rel=\"noopener\">Basilica<\/a>.<\/strong><\/p>\n<p>Evenimentul a avut loc duminic\u0103, ocazionat de sfin\u021birea paraclisului M\u0103n\u0103stirii Nera.<\/p>\n<p>Dr. Pavel Chiril\u0103 este ctitorul principal al M\u0103n\u0103stirii, care \u00ee\u0219i are \u00eenceputurile \u00een 1994.<\/p>\n<p>Reputatul oncolog a donat terenul pe care s-a construit a\u0219ez\u0103m\u00e2ntul unde se roag\u0103, \u00een prezent, peste 100 de maici.<\/p>\n<p>\u201eAst\u0103zi foarte mul\u021bi din Eparhia noastr\u0103, din Eparhia Timi\u0219oarei \u0219i din toat\u0103 \u021bara, \u0219i-au \u00eendreptat pa\u0219ii la aceast\u0103 sf\u00e2nt\u0103 m\u0103n\u0103stire \u0219i le mul\u021bumim tuturor, \u00een frunte cu domnul doctor Pavel Chiril\u0103, cel care iat\u0103 \u0219i-a donat p\u0103m\u00e2ntul, ca pe acest teren s\u0103 odr\u0103sleasc\u0103 \u0219i s\u0103 rodeasc\u0103 o mare lavr\u0103, o m\u0103n\u0103stire at\u00e2t de frumoas\u0103 \u0219i important\u0103, care ne face cinste nou\u0103 \u0219i \u00eentregii Biserici Ortodoxe Rom\u00e2ne\u201d, a spus Episcopul Lucian Mic.<\/p>\n<p>Biserica M\u0103n\u0103stirii Nera este \u00eenchinat\u0103 Sfintei Cuvioase Parascheva. Pe l\u00e2ng\u0103 biserica principal\u0103, m\u0103n\u0103stirea mai are \u0219apte paraclise.<\/p>\n<p>M\u0103icu\u021bele de la Nera se ocup\u0103 \u0219i prepararea unor tratamente naturiste \u00een Laboratoarele Nera Plant.<\/p>\n<h2><strong>Dr. Pavel Chiril\u0103, o via\u021b\u0103 dedicat\u0103 luptei contra cancerului<\/strong><\/h2>\n<p>Dr.Pavel Chiril\u0103, reputat oncolog, a pus bazele <a href=\"https:\/\/r3media.ro\/centrul-recuperare-oncologica-dr-pavel-chirila\/\" target=\"_blank\" rel=\"noopener\">Primului Centru Recuperare Oncologic\u0103 din Rom\u00e2nia<\/a>, pe care l-a inaugurat \u00een anul 2020 la Slatina Nera, \u00een jude\u021bul Cara\u0219-Severin.<\/p>\n<p>Dr. Pavel Chiril\u0103 are o experien\u021b\u0103 de peste 50 de ani, \u00een domeniul medical. \u0218i-a \u00eenceput activitatea la Clinica Medical\u0103 a Spitalului de Urgen\u021b\u0103, a fost profesor universitar, a scris numeroase studii pe teme medicale \u00een Rom\u00e2nia \u0219i str\u0103in\u0103tate, \u0219i a fost distins la nivel na\u021bional \u0219i interna\u021bional.<\/p>\n<p>\u00cen 1998 a \u00eenfiin\u021bat Funda\u021bia Sf\u00e2nta Irina, care are ca scop \u00eembun\u0103t\u0103\u021birii calit\u0103\u021bii vie\u021bii bolnavilor de cancer.<\/p>\n<p>\u00cen 2006, Funda\u021bia a construit Centrul de \u00cengrijiri Paliative \u201eSf\u00e2nta Irina\u201d, care are ca scop \u00eengrijirea specializat\u0103 a bolnavilor de cancer \u0219i leucemie afla\u021bi \u00een stadiu avansat.<\/p>\n<p>\u00cen cadrul acestui centru, speciali\u0219tii ofer\u0103 \u00een mod gratuit \u0219i f\u0103r\u0103 nicio discriminare, asisten\u021b\u0103 medical\u0103, social\u0103, psihologic\u0103 \u0219i spiritual\u0103 at\u00e2t bolnavilor, c\u00e2t \u0219i familiilor acestora.<\/p>\n<div class=\"crp_related     crp-masonry\">\n<h2>\u00ceN CONTEXT<\/h2>\n<ul>\n<li><a href=\"https:\/\/r3media.ro\/jeremy-clarkson-top-gear-diagnostic-cancer-galopant\/\" class=\"crp_link post-118475\"><span class=\"crp_title\">Celebrul prezentator Top Gear, Jeremy Clarkson, a fost diagnosticat cu un cancer galopant<\/span><\/a><\/li>\n<\/ul>\n<\/div>\n<\/div>\n<\/div>\n<p>[analyse_source url=&#8221;https:\/\/r3media.ro\/dr-pavel-chirila-distinctie-episcopia-caransebesului\/&#8221;]<\/p>\n","protected":false},"excerpt":{"rendered":"<p>[analyse_image type=&#8221;featured&#8221; src=&#8221;https:\/\/r3media.ro\/wp-content\/uploads\/2026\/08\/pavel-chirila-episcopia-caransebesului-scaled-e1786440038390.jpghttps:\/\/r3media.ro\/wp-content\/uploads\/2026\/08\/pavel-chirila-episcopia-caransebesului-scaled-e1786440038390.jpg&#8221;] FEATUREDDr. Pavel Chiril\u0103 a fost distins cu cea mai \u00eenalt\u0103 distinc\u021bie pentru&#8230; FEATURED\u0218TIRI Dr. Pavel Chiril\u0103 a fost distins cu cea mai \u00eenalt\u0103 distinc\u021bie pentru mireni a Episcopiei Caransebe\u0219ului Teodor Stan 11\/08\/2026 Sursa foto: Episcopia Caransebesului Dr. Pavel Chiril\u0103 a fost distins cu cea mai \u00eenalt\u0103 distinc\u021bie pentru mireni a Episcopiei Caransebe\u0219ului, [&hellip;]<\/p>\n","protected":false},"author":1,"featured_media":0,"comment_status":"open","ping_status":"","sticky":false,"template":"","format":"standard","meta":{"footnotes":""},"categories":[89],"tags":[226,93],"class_list":["post-2087721","post","type-post","status-publish","format-standard","hentry","category-romania","tag-crawlmanager","tag-r3media-ro"],"_links":{"self":[{"href":"https:\/\/analyse.optim.biz\/index.php?rest_route=\/wp\/v2\/posts\/2087721","targetHints":{"allow":["GET"]}}],"collection":[{"href":"https:\/\/analyse.optim.biz\/index.php?rest_route=\/wp\/v2\/posts"}],"about":[{"href":"https:\/\/analyse.optim.biz\/index.php?rest_route=\/wp\/v2\/types\/post"}],"author":[{"embeddable":true,"href":"https:\/\/analyse.optim.biz\/index.php?rest_route=\/wp\/v2\/users\/1"}],"replies":[{"embeddable":true,"href":"https:\/\/analyse.optim.biz\/index.php?rest_route=%2Fwp%2Fv2%2Fcomments&post=2087721"}],"version-history":[{"count":0,"href":"https:\/\/analyse.optim.biz\/index.php?rest_route=\/wp\/v2\/posts\/2087721\/revisions"}],"wp:attachment":[{"href":"https:\/\/analyse.optim.biz\/index.php?rest_route=%2Fwp%2Fv2%2Fmedia&parent=2087721"}],"wp:term":[{"taxonomy":"category","embeddable":true,"href":"https:\/\/analyse.optim.biz\/index.php?rest_route=%2Fwp%2Fv2%2Fcategories&post=2087721"},{"taxonomy":"post_tag","embeddable":true,"href":"https:\/\/analyse.optim.biz\/index.php?rest_route=%2Fwp%2Fv2%2Ftags&post=2087721"}],"curies":[{"name":"wp","href":"https:\/\/api.w.org\/{rel}","templated":true}]}}