{"id":208772,"date":"2014-03-28T21:02:38","date_gmt":"2014-03-28T18:02:38","guid":{"rendered":"https:\/\/analyse.optim.biz\/?p=208772"},"modified":"2014-03-28T21:02:38","modified_gmt":"2014-03-28T18:02:38","slug":"sondaj-ires-social-democratii-si-victor-ponta-in-fruntea-preferintelor-electorale","status":"publish","type":"post","link":"https:\/\/analyse.optim.biz\/?p=208772","title":{"rendered":"SONDAJ IRES. Social-democra\u021bii \u0219i Victor Ponta, \u00een fruntea preferin\u021belor electorale"},"content":{"rendered":"<div class=\"entry data-app-meta data-app-meta-article\" data-embed-base-url-canonical=\"https:\/\/www.digi24.ro\/embed\/stiri\/actualitate\/politica\/sondaj-ires-social-democratii-si-victor-ponta-in-fruntea-preferintelor-electorale-221466\">\n<p data-index=\"1\"><img decoding=\"async\" src=\"https:\/\/analyse.optim.biz\/wp-content\/uploads\/2024\/09\/mczoyxnoptg1mmyxzdmyotlhztdkzdq0ngmwodi5ywnkntzmmgvl-thumb_.jpg\" data-skip-htmlfix=\"1\" title=\"mczoyxnoptg1mmyxzdmyotlhztdkzdq0ngmwodi5ywnkntzmmgvl-thumb_\">42 la sut\u0103 dintre cei intervieva\u0163i au declarat c\u0103 ar vota cu alian\u0163a <strong>PSD+PC+UNPR<\/strong>, \u00een timp ce 14 la sut\u0103 spun c\u0103 ar merge pe m\u00e2na <strong>PNL.<\/strong><\/p>\n<p data-index=\"2\"><strong>PDL-ul<\/strong> se afl\u0103 pe locul trei \u00een preferin\u0163ele rom\u00e2nilor. Studiul arat\u0103 c\u0103 pu\u0163in peste 10 la sut\u0103 dintre cei intervieva\u0163i ar vota cu acest partid, dac\u0103 duminica viitoare ar fi alegeri.<\/p>\n<p data-index=\"3\">La \u00eentrebarea deschis\u0103, \u201eDac\u0103 duminica viitoare ar avea loc alegeri preziden\u0163iale, dvs. cu ce personalitate politic\u0103 a\u0163i vota?&#8221;, studiul arat\u0103 c\u0103 cele mai multe voturi s-ar duce spre <strong>Victor Ponta<\/strong>. 31 la sut\u0103 dintre persoanele intervievate l-au indicat pe premier drept preferatul lor la prezinde\u0163iale. <\/p>\n<p data-index=\"4\">Pe locul doi se afl\u0103, la egalitate, <strong>Mihai R\u0103zvan Ungureanu<\/strong> \u015fi liderul liberal <strong>Crin Antonescu<\/strong>, cu 12 la sut\u0103 din voturi. <\/p>\n<p data-index=\"5\">\u0218i actualul pre\u015fedinte, <strong>Traian B\u0103sescu<\/strong> ar ob\u0163ine voturi dac\u0103 ar mai putea candida. El se afl\u0103 pe locul patru, \u00een preferin\u0163ele aleg\u0103torilor intervieva\u021bi.<\/p>\n<p data-index=\"6\"><strong>Cu ce partid sau alian\u0163\u0103 a\u0163i vota la europarlamentare?<\/strong><\/p>\n<p data-index=\"7\">PSD+PC+UNPR 42 %<\/p>\n<p data-index=\"8\">PNL 14%<\/p>\n<p data-index=\"9\">PDL 11%<\/p>\n<p data-index=\"10\"><strong>Cu cine a\u0163i vota la alegerile preziden\u0163iale?<\/strong><\/p>\n<p data-index=\"11\">Victor Ponta 31%<\/p>\n<p data-index=\"12\">Mihai R\u0103zvan Ungureanu 12%<\/p>\n<p data-index=\"13\">Crin Antonescu 12%<\/p>\n<p data-index=\"14\">Traian B\u0103sescu 10%<\/p>\n<p data-index=\"15\">(SURS\u0102: IRES)<\/p>\n<\/div>\n<p> Source URL: https:\/\/www.digi24.ro\/stiri\/actualitate\/politica\/sondaj-ires-social-democratii-si-victor-ponta-in-fruntea-preferintelor-electorale-221466<\/p>\n","protected":false},"excerpt":{"rendered":"<p>42 la sut\u0103 dintre cei intervieva\u0163i au declarat c\u0103 ar vota cu alian\u0163a PSD+PC+UNPR, \u00een timp ce 14 la sut\u0103 spun c\u0103 ar merge pe m\u00e2na PNL. PDL-ul se afl\u0103 pe locul trei \u00een preferin\u0163ele rom\u00e2nilor. Studiul arat\u0103 c\u0103 pu\u0163in peste 10 la sut\u0103 dintre cei intervieva\u0163i ar vota cu acest partid, dac\u0103 duminica viitoare [&hellip;]<\/p>\n","protected":false},"author":1,"featured_media":208773,"comment_status":"open","ping_status":"","sticky":false,"template":"","format":"standard","meta":{"footnotes":""},"categories":[2],"tags":[11],"class_list":["post-208772","post","type-post","status-publish","format-standard","has-post-thumbnail","hentry","category-politics","tag-digi24"],"_links":{"self":[{"href":"https:\/\/analyse.optim.biz\/index.php?rest_route=\/wp\/v2\/posts\/208772","targetHints":{"allow":["GET"]}}],"collection":[{"href":"https:\/\/analyse.optim.biz\/index.php?rest_route=\/wp\/v2\/posts"}],"about":[{"href":"https:\/\/analyse.optim.biz\/index.php?rest_route=\/wp\/v2\/types\/post"}],"author":[{"embeddable":true,"href":"https:\/\/analyse.optim.biz\/index.php?rest_route=\/wp\/v2\/users\/1"}],"replies":[{"embeddable":true,"href":"https:\/\/analyse.optim.biz\/index.php?rest_route=%2Fwp%2Fv2%2Fcomments&post=208772"}],"version-history":[{"count":0,"href":"https:\/\/analyse.optim.biz\/index.php?rest_route=\/wp\/v2\/posts\/208772\/revisions"}],"wp:featuredmedia":[{"embeddable":true,"href":"https:\/\/analyse.optim.biz\/index.php?rest_route=\/wp\/v2\/media\/208773"}],"wp:attachment":[{"href":"https:\/\/analyse.optim.biz\/index.php?rest_route=%2Fwp%2Fv2%2Fmedia&parent=208772"}],"wp:term":[{"taxonomy":"category","embeddable":true,"href":"https:\/\/analyse.optim.biz\/index.php?rest_route=%2Fwp%2Fv2%2Fcategories&post=208772"},{"taxonomy":"post_tag","embeddable":true,"href":"https:\/\/analyse.optim.biz\/index.php?rest_route=%2Fwp%2Fv2%2Ftags&post=208772"}],"curies":[{"name":"wp","href":"https:\/\/api.w.org\/{rel}","templated":true}]}}