{"id":2087714,"date":"2026-08-11T08:51:40","date_gmt":"2026-08-11T05:51:40","guid":{"rendered":"https:\/\/analyse.optim.biz\/?p=2087714"},"modified":"2026-08-11T08:51:40","modified_gmt":"2026-08-11T05:51:40","slug":"mai-a-raspuns-interpelarii-deputatului-ioan-balan-cu-privire-la-adaposturile-de-protectie-civila-stiri","status":"publish","type":"post","link":"https:\/\/analyse.optim.biz\/?p=2087714","title":{"rendered":"MAI a r\u0103spuns interpel\u0103rii deputatului Ioan Balan cu privire la ad\u0103posturile de protec\u021bie civil\u0103 &#8211; Stiri"},"content":{"rendered":"<p>[analyse_image type=&#8221;featured&#8221; src=&#8221;https:\/\/www.informatiata.ro\/wp-content\/uploads\/2023\/02\/IMG-20230202-WA0023-e1675878189913.jpg&#8221;]<\/p>\n<div class=\"td-post-content tagdiv-type\">\n<div class=\"td-post-featured-image\"><a href=\"https:\/\/www.informatiata.ro\/wp-content\/uploads\/2023\/02\/IMG-20230202-WA0023-e1675878189913.jpg\" data-caption><img loading=\"lazy\" decoding=\"async\" width=\"696\" height=\"745\" class=\"entry-thumb td-modal-image\" src=\"https:\/\/www.informatiata.ro\/wp-content\/uploads\/2023\/02\/IMG-20230202-WA0023-696x745.jpg\" alt title=\"Ioan B\u0103lan parlament\"><img loading=\"lazy\" decoding=\"async\" width=\"696\" height=\"745\" class=\"entry-thumb td-modal-image\" src=\"https:\/\/www.informatiata.ro\/wp-content\/uploads\/2023\/02\/IMG-20230202-WA0023-696x745.jpg\" alt title=\"Ioan B\u0103lan parlament\"><\/a><\/div>\n<p>MAI r\u0103spuns interpel\u0103rii deputatului Ioan Balan cu privire la ad\u0103posturile de protec\u021bie civil\u0103 din jude\u021bul Suceava.<\/p>\n<p>Reprezentan\u021bii ministerului sus\u021bin c\u0103 responsabilitatea pentru finan\u021barea, reabilitarea \u0219i men\u021binerea ad\u0103posturilor \u00een stare de func\u021bionare nu revine direct MAI, ci autorit\u0103\u021bilor locale \u0219i proprietarilor sau administratorilor imobilelor \u00een care sunt amenajate aceste spa\u021bii.<\/p>\n<div class=\"td-a-rec td-a-rec-id-content_inlineright  tdi_7 td_block_template_1\"><img loading=\"lazy\" decoding=\"async\" class=\"aligncenter size-full wp-image-65755\" src=\"https:\/\/www.informatiata.ro\/wp-content\/uploads\/2026\/08\/FACOS-3-2.gif\" alt width=\"300\" height=\"250\"><img loading=\"lazy\" decoding=\"async\" class=\"aligncenter size-full wp-image-65755\" src=\"https:\/\/www.informatiata.ro\/wp-content\/uploads\/2026\/08\/FACOS-3-2.gif\" alt width=\"300\" height=\"250\"><img loading=\"lazy\" decoding=\"async\" class=\"aligncenter size-full wp-image-65754\" src=\"https:\/\/www.informatiata.ro\/wp-content\/uploads\/2026\/08\/SAVCOM-4-3.gif\" alt width=\"299\" height=\"250\"><img loading=\"lazy\" decoding=\"async\" class=\"aligncenter size-full wp-image-65754\" src=\"https:\/\/www.informatiata.ro\/wp-content\/uploads\/2026\/08\/SAVCOM-4-3.gif\" alt width=\"299\" height=\"250\"><\/div>\n<p>Verific\u0103rile realizate de Inspectoratul pentru Situa\u021bii de Urgen\u021b\u0103 \u201eBucovina\u201d al jude\u021bului Suceava au ar\u0103tat c\u0103, \u00een mai multe cazuri, spa\u021biile nu mai \u00eendeplinesc condi\u021biile necesare pentru a putea fi utilizate \u00een situa\u021bii de urgen\u021b\u0103.<\/p>\n<p>Printre principalele probleme identificate se afl\u0103 lipsa fondurilor pentru lucr\u0103ri \u0219i lipsa de implicare a administratorilor<\/p>\n<p>Pentru remedierea situa\u021biei, la nivelul jude\u021bului au fost constituite comisii mixte de control, iar autorit\u0103\u021bile au stabilit o serie de m\u0103suri.<\/p>\n<p>MAI atrage aten\u021bia \u0219i asupra obliga\u021biilor care apar \u00een cazul construc\u021biilor noi.<\/p>\n<p>Astfel, dezvoltatorii \u0219i constructorii trebuie s\u0103 prevad\u0103 ad\u0103posturi de protec\u021bie civil\u0103 \u00een proiectele imobiliare care se \u00eencadreaz\u0103 \u00een condi\u021biile stabilite de legisla\u021bie.<\/p>\n<p>\u00a0<\/p>\n<div class=\"td-a-rec td-a-rec-id-content_bottom  td-rec-hide-on-m tdi_8 td_block_template_1\"><img loading=\"lazy\" decoding=\"async\" class=\"aligncenter size-full wp-image-65603\" src=\"https:\/\/www.informatiata.ro\/wp-content\/uploads\/2026\/07\/SAVCOM-19.gif\" alt width=\"299\" height=\"250\"><img loading=\"lazy\" decoding=\"async\" class=\"aligncenter size-full wp-image-65603\" src=\"https:\/\/www.informatiata.ro\/wp-content\/uploads\/2026\/07\/SAVCOM-19.gif\" alt width=\"299\" height=\"250\"><img loading=\"lazy\" decoding=\"async\" class=\"aligncenter size-full wp-image-65604\" src=\"https:\/\/www.informatiata.ro\/wp-content\/uploads\/2026\/07\/FACOS-16.gif\" alt width=\"300\" height=\"250\"><img loading=\"lazy\" decoding=\"async\" class=\"aligncenter size-full wp-image-65604\" src=\"https:\/\/www.informatiata.ro\/wp-content\/uploads\/2026\/07\/FACOS-16.gif\" alt width=\"300\" height=\"250\"><\/div>\n<\/div>\n<p>[analyse_source url=&#8221;https:\/\/www.informatiata.ro\/raspuns-mai-interpelare-balan-adaposturi-civil\/&#8221;]<\/p>\n","protected":false},"excerpt":{"rendered":"<p>[analyse_image type=&#8221;featured&#8221; src=&#8221;https:\/\/www.informatiata.ro\/wp-content\/uploads\/2023\/02\/IMG-20230202-WA0023-e1675878189913.jpg&#8221;] MAI r\u0103spuns interpel\u0103rii deputatului Ioan Balan cu privire la ad\u0103posturile de protec\u021bie civil\u0103 din jude\u021bul Suceava. Reprezentan\u021bii ministerului sus\u021bin c\u0103 responsabilitatea pentru finan\u021barea, reabilitarea \u0219i men\u021binerea ad\u0103posturilor \u00een stare de func\u021bionare nu revine direct MAI, ci autorit\u0103\u021bilor locale \u0219i proprietarilor sau administratorilor imobilelor \u00een care sunt amenajate aceste spa\u021bii. Verific\u0103rile realizate de [&hellip;]<\/p>\n","protected":false},"author":1,"featured_media":0,"comment_status":"open","ping_status":"","sticky":false,"template":"","format":"standard","meta":{"footnotes":""},"categories":[89],"tags":[226,167],"class_list":["post-2087714","post","type-post","status-publish","format-standard","hentry","category-romania","tag-crawlmanager","tag-informatiata-ro"],"_links":{"self":[{"href":"https:\/\/analyse.optim.biz\/index.php?rest_route=\/wp\/v2\/posts\/2087714","targetHints":{"allow":["GET"]}}],"collection":[{"href":"https:\/\/analyse.optim.biz\/index.php?rest_route=\/wp\/v2\/posts"}],"about":[{"href":"https:\/\/analyse.optim.biz\/index.php?rest_route=\/wp\/v2\/types\/post"}],"author":[{"embeddable":true,"href":"https:\/\/analyse.optim.biz\/index.php?rest_route=\/wp\/v2\/users\/1"}],"replies":[{"embeddable":true,"href":"https:\/\/analyse.optim.biz\/index.php?rest_route=%2Fwp%2Fv2%2Fcomments&post=2087714"}],"version-history":[{"count":0,"href":"https:\/\/analyse.optim.biz\/index.php?rest_route=\/wp\/v2\/posts\/2087714\/revisions"}],"wp:attachment":[{"href":"https:\/\/analyse.optim.biz\/index.php?rest_route=%2Fwp%2Fv2%2Fmedia&parent=2087714"}],"wp:term":[{"taxonomy":"category","embeddable":true,"href":"https:\/\/analyse.optim.biz\/index.php?rest_route=%2Fwp%2Fv2%2Fcategories&post=2087714"},{"taxonomy":"post_tag","embeddable":true,"href":"https:\/\/analyse.optim.biz\/index.php?rest_route=%2Fwp%2Fv2%2Ftags&post=2087714"}],"curies":[{"name":"wp","href":"https:\/\/api.w.org\/{rel}","templated":true}]}}