{"id":2087704,"date":"2026-08-10T20:04:19","date_gmt":"2026-08-10T17:04:19","guid":{"rendered":"https:\/\/analyse.optim.biz\/?p=2087704"},"modified":"2026-08-10T20:04:19","modified_gmt":"2026-08-10T17:04:19","slug":"calendarul-zilei-11-august-sf-ier-nifon-patriarhul-constantinopolului-sf-mc-evplu-arhidiaconul","status":"publish","type":"post","link":"https:\/\/analyse.optim.biz\/?p=2087704","title":{"rendered":"Calendarul zilei 11 august: Sf. Ier. Nifon, patriarhul Constantinopolului; Sf. Mc. Evplu Arhidiaconul"},"content":{"rendered":"<p>[analyse_image type=&#8221;featured&#8221; src=&#8221;https:\/\/r3media.ro\/wp-content\/uploads\/2024\/08\/sf-nifon-e1723323851222.jpghttps:\/\/r3media.ro\/wp-content\/uploads\/2024\/08\/sf-nifon-e1723323851222.jpg&#8221;]<\/p>\n<article id=\"template-id-109\" class=\"post-109 tdb_templates type-tdb_templates status-publish post\">\n<div id=\"tdi_2\" class=\"tdc-zone\">\n<div class=\"tdc_zone tdi_3  wpb_row td-pb-row\">\n<div id=\"tdi_4\" class=\"tdc-row\">\n<div class=\"vc_row tdi_5  wpb_row td-pb-row\">\n<div class=\"vc_column tdi_7  wpb_column vc_column_container tdc-column td-pb-span8\">\n<div class=\"wpb_wrapper\">\n<div class=\"td_block_wrap tdb_breadcrumbs tdi_8 td-pb-border-top td_block_template_1 tdb-breadcrumbs \" data-td-block-uid=\"tdi_8\">\n<div class=\"tdb-block-inner td-fix-index\"><span><a title=\"Vede\u021bi toate articolele \u00een PRIM PLAN\" class=\"tdb-entry-crumb\" href=\"https:\/\/r3media.ro\/category\/stiri-prim-plan\/\">PRIM PLAN<\/a><\/span><span class=\"tdb-bred-no-url-last\">Calendarul zilei 11 august: Sf. Ier. Nifon, patriarhul Constantinopolului; Sf. Mc. Evplu&#8230;<\/span><\/div>\n<\/div>\n<div class=\"td_block_wrap tdb_single_categories tdi_9 td-pb-border-top td_block_template_1 \" data-td-block-uid=\"tdi_9\">\n<div class=\"tdb-category td-fix-index\"><a class=\"tdb-entry-category\" href=\"https:\/\/r3media.ro\/category\/stiri-prim-plan\/\">PRIM PLAN<\/a><a class=\"tdb-entry-category\" href=\"https:\/\/r3media.ro\/category\/stiri\/\">\u0218TIRI<\/a><\/div>\n<\/div>\n<div class=\"td_block_wrap tdb_title tdi_10 tdb-single-title td-pb-border-top td_block_template_1\" data-td-block-uid=\"tdi_10\">\n<div class=\"tdb-block-inner td-fix-index\">\n<h1 class=\"tdb-title-text\">Calendarul zilei 11 august: Sf. Ier. Nifon, patriarhul Constantinopolului; Sf. Mc. Evplu Arhidiaconul<\/h1>\n<\/div>\n<\/div>\n<div class=\"vc_row_inner tdi_12  vc_row vc_inner wpb_row td-pb-row\">\n<div class=\"vc_column_inner tdi_14  wpb_column vc_column_container tdc-inner-column td-pb-span12\">\n<div class=\"vc_column-inner\">\n<div class=\"wpb_wrapper\">\n<div class=\"td_block_wrap tdb_single_author tdi_15 td-pb-border-top td_block_template_1 tdb-post-meta\" data-td-block-uid=\"tdi_15\">\n<div class=\"tdb-block-inner td-fix-index\">\n<div class=\"tdb-author-name-wrap\"><a class=\"tdb-author-name\" href=\"https:\/\/r3media.ro\/author\/redactia\/\">Redac\u021bia<\/a><\/div>\n<\/div>\n<\/div>\n<div class=\"td_block_wrap tdb_single_date tdi_16 td-pb-border-top td_block_template_1 tdb-post-meta\" data-td-block-uid=\"tdi_16\">\n<div class=\"tdb-block-inner td-fix-index\"><time class=\"entry-date updated td-module-date\" datetime=\"2026-08-10T23:04:19+03:00\">10\/08\/2026<\/time><\/div>\n<\/div>\n<\/div>\n<\/div>\n<\/div>\n<\/div>\n<div class=\"td_block_wrap tdb_single_content tdi_18 td-pb-border-top td_block_template_1 td-post-content tagdiv-type\" data-td-block-uid=\"tdi_18\">\n<div class=\"tdb-block-inner td-fix-index\">\n<p><strong>Pe 11 august, Biserica Ortodox\u0103 \u00eel pomene\u0219te pe Sf. Ierarh Nifon, Patriarhul Constantinopolului.<\/strong><\/p>\n<p>S-a n\u0103scut \u00een Peloponez \u00een prima jum\u0103tate a veacului al XV-lea, din p\u0103rin\u0163i str\u0103luci\u0163i cu neamul, dar \u015fi cu dreapta credin\u0163\u0103 \u015fi cu faptele bune, Manuel \u015fi Maria, primind la botez numele de Nicolae.<\/p>\n<p>Ar\u0103t\u00e2nd mult\u0103 dragoste pentru carte, a avut mul\u0163i dasc\u0103li iscusi\u0163i \u015fi cuvio\u015fi la \u015fcolile Despotatului din Mistra, care i-au dat o \u00eenv\u0103\u0163\u0103tur\u0103 aleas\u0103 dar l-au pov\u0103\u0163uit \u015fi pe c\u0103ile slujirii lui Dumnezeu. Dup\u0103 trecerea la cele ve\u015fnice a tat\u0103lui s\u0103u, alege calea vie\u0163ii monahale, plec\u00e2nd \u00een ascultare la pustnicul Antonie din Epidaur, apoi la dasc\u0103lul s\u0103u, ieromonahul athonit Zaharia, din m\u00e2inile c\u0103ruia a primit chipul monahicesc, lu\u00e2nd numele Nifon, care \u00een limba greac\u0103 \u00eenseamn\u0103: <em>cel ce vegheaz\u0103. <\/em><\/p>\n<p>\u00cempreun\u0103 cu acesta, din pricina tulbur\u0103rilor iscate de Sinodul unionist de la Ferrara-Floren\u0163a (1438-1439) a plecat din Grecia \u00een Albania, unde a fost hirotonit ieromonah, iar, dup\u0103 cucerirea ei de c\u0103tre turci, a stat o vreme la M\u0103n\u0103stirea Maicii Domnului din Ohrida. Dup\u0103 moartea \u00eendrum\u0103torului s\u0103u, a plecat la Muntele Athos.<\/p>\n<p>Acolo, cercet\u00e2nd mai multe m\u0103n\u0103stiri, schituri, pe\u015fteri \u015fi chilii pustnice\u015fti, s-a a\u015fezat \u00een cele din urm\u0103 la M\u0103n\u0103stirea Dionisiu, unde s-a ostenit mult\u0103 vreme \u00een ascultare, \u00een nevoin\u0163e, \u00een privegheri \u015fi mai ales \u00een rostirea ne\u00eencetat\u0103 a rug\u0103ciunii min\u0163ii. Afl\u00e2nd, \u00eens\u0103, de evlavia \u015fi de \u00een\u0163elepciunea lui, clerul \u015fi credincio\u015fii din Tesalonic l-au ales mitropolit, \u00een anul 1483.<\/p>\n<p>Acolo a p\u0103storit cu vrednicie, \u00eenv\u0103\u0163\u00e2nd \u015fi \u00eent\u0103rind \u00een Ortodoxie pe credincio\u015fii s\u0103i, tulbura\u0163i de zvonurile falsei uniri cu Biserica latin\u0103. \u00cen anul 1484, mitropolitul Nifon a luat parte la un sinod care a os\u00e2ndit hot\u0103r\u00e2rile de la Ferrara-Floren\u0163a.<\/p>\n<p>\u00cen anul 1486, Sf\u00e2ntul Nifon a fost ales patriarh al Constantinopolului. De vreme ce \u00eemprejur\u0103rile erau deosebit de grele \u2013 \u00eentruc\u00e2t, de la cucerirea Constantinopolului (1453), turcii se amestecau necontenit \u00een treburile Bisericii Ortodoxe \u2013 \u015fi p\u0103storia Sf\u00e2ntului Nifon a fost zbuciumat\u0103. A fost alungat din scaun, apoi iar\u0103\u015fi chemat, la cererea credincio\u015filor, iar \u00een anul 1498 a fost surghiunit la Adrianopol.<\/p>\n<p>\u00cen aceast\u0103 cetate l-a aflat voievodul \u0162\u0103rii Rom\u00e2ne\u015fti, Radu cel Mare (1495-1508), \u00een anul 1503, pe c\u00e2nd se \u00eentorcea de la Constantinopol spre \u0163ar\u0103, \u015fi l-a \u00eenduplecat s\u0103 vin\u0103 spre a pune bun\u0103 r\u00e2nduial\u0103 \u00een Biserica \u0162\u0103rii Rom\u00e2ne\u015fti. Astfel a venit la T\u00e2rgovi\u015fte, \u00eenso\u0163it de cei doi ucenici ai s\u0103i, Macarie \u015fi Ioasaf (care, fiind mai t\u00e2rziu martiriza\u0163i de p\u0103g\u00e2ni, sunt \u015fi ei cinsti\u0163i \u00een r\u00e2ndul Sfin\u0163ilor). Deci, \u00eendat\u0103 ce a sosit \u00een \u0162ara Rom\u00e2neasc\u0103, Sf\u00e2ntul Ierarh Nifon a adunat \u00een sobor pe egumenii \u015fi boierii \u0163\u0103rii.<\/p>\n<p>Atunci au fost \u00eentemeiate Episcopia de la R\u00e2mnic \u015fi cea de la Buz\u0103u, iar Sf\u00e2ntul Nifon a sfin\u0163it pe cei doi episcopi. De asemenea, s-a \u00eengrijit de ap\u0103rarea credin\u0163ei ortodoxe \u015fi de bunul mers al vie\u0163ii monahale. \u00cen \u0162ara Rom\u00e2neasc\u0103 a avut ca fiu duhovnicesc pe Neagoe Basarab, cel care avea s\u0103 devin\u0103 \u00een 1512 domnitor.<\/p>\n<p>Nu a trecut, \u00eens\u0103, mult\u0103 vreme \u015fi Sf\u00e2ntul Nifon nu s-a mai putut bucura de buna r\u00e2nduial\u0103 pe care o pusese \u00een Biserica \u0162\u0103rii Rom\u00e2ne\u015fti, deoarece domnitorul Radu cel Mare a s\u0103v\u00e2r\u015fit o nelegiuire, c\u0103s\u0103torind pe o sor\u0103 a sa cu un boier moldovean, numit Bogdan, care avea \u00een Moldova, so\u0163ie \u015fi copii. Sf\u00e2ntul Nifon, neput\u00e2nd \u00eencuviin\u0163a o asemenea c\u0103s\u0103torie, a r\u0103mas ne\u00eenduplecat la rug\u0103min\u0163ile voievodului.<\/p>\n<p>Dup\u0103 pu\u0163in\u0103 vreme, a plecat din \u0162ara Rom\u00e2neasc\u0103, \u00eempreun\u0103 cu cei doi ucenici ai s\u0103i, merg\u00e2nd \u00eent\u00e2i \u00een Bitolia Macedoniei, iar de acolo la Sf\u00e2ntul Munte, a\u015fez\u00e2ndu-se la M\u0103n\u0103stirea Vatoped. Dup\u0103 moartea muceniceasc\u0103 a ucenicului s\u0103u Macarie (14 septembrie 1507), Sf\u00e2ntul Nifon s-a stabilit \u00een M\u0103n\u0103stirea Dionisiu, unde, prorocind p\u0103timirea pentru Hristos a celuilalt ucenic al s\u0103u, Ioasaf (\u2020 26 octombrie 1516), \u015fi-a dat fericitul suflet \u00een m\u00e2inile lui Dumnezeu, la 11 august 1508.<\/p>\n<p>Dup\u0103 \u015fapte ani, Sf\u00e2ntul Voievod Neagoe Basarab (1512-1521), noul domn al \u0162\u0103rii Rom\u00e2ne\u015fti, a trimis pe boierii s\u0103i la M\u0103n\u0103stirea Dionisiu \u015fi, cu \u00eencuviin\u0163area monahilor de acolo, lu\u00e2nd moa\u015ftele Sf\u00e2ntului Nifon, le-au pus \u00eentr-un sicriu de lemn \u015fi le-au adus \u00een \u0163ar\u0103 cu mare alai. Apoi, le-au a\u015fezat deasupra morm\u00e2ntului lui Radu cel Mare, de la M\u0103n\u0103stirea Dealu, ctitoria acestuia, ca, astfel, Sf\u00e2ntul s\u0103 ierte gre\u015feala r\u0103posatului domnitor.<\/p>\n<p>Sf\u00e2ntul Voievod Neagoe Basarab a r\u00e2nduit ca sfintele moa\u015fte ale Ierarhului s\u0103 fie puse \u00eentr-o racl\u0103 de argint, poleit\u0103 cu aur \u015fi pietre scumpe, \u015fi s\u0103 fie duse \u00eenapoi la Sf\u00e2ntul Munte. \u00cens\u0103, p\u0103rin\u0163ii din acea m\u0103n\u0103stire, v\u0103z\u00e2nd ad\u00e2nca evlavie a Voievodului, i-au d\u0103ruit capul Sf\u00e2ntului Nifon \u015fi o m\u00e2n\u0103.<\/p>\n<p>Deci, zidind Sf\u00e2ntul Voievod Neagoe Basarab biseric\u0103 nou\u0103 la Curtea de Arge\u015f, \u00een anul 1517 a venit la sfin\u0163ire patriarhul Teolipt al Constantinopolului, s\u0103v\u00e2r\u015find \u015fi trecerea \u00een r\u00e2ndul Sfin\u0163ilor a marelui ierarh Nifon. Moa\u015ftele lui au fost a\u015fezate acolo, iar din anul 1949 se afl\u0103 \u00een Catedrala Mitropolitan\u0103 din Craiova.<\/p>\n<p>Pentru rug\u0103ciunile Sf\u00e2ntului Ierarh Nifon, Doamne Iisuse Hristoase, Dumnezeul nostru, miluie\u015fte-ne pe noi. Amin.<\/p>\n<h2><strong>Sf. Mc. Evplu Arhidiaconul<\/strong><\/h2>\n<p>Acest sf\u00e2nt a tr\u0103it \u00een zilele \u00eemp\u0103ratului Diocle\u021bian \u0219i era de neam din cetatea Catania, din Eparhia Siciliei. Fiind el p\u00e2r\u00e2t la guvernatorul Calvisian c\u0103 este cre\u0219tin, \u0219i nevoind a se lep\u0103da de Hristos a fost supus la nesf\u00e2r\u0219ite \u0219i grele chinuri, dup\u0103 care, t\u0103indu-i-se capul \u0219i-a dat sufletul \u00een m\u00e2inile lui Dumnezeu.<\/p>\n<article id=\"node-41228\" class=\"node node-articol view-mode-full\">\n<div class=\"body field\">\n<h4>Tropar \u2013 Glasul 4<\/h4>\n<p class=\"rtejustify\">\u201eMucenicul T\u0103u, Doamne, Evplu, \u00eentru nevoin\u0163a sa, cununa nestric\u0103ciunii a dob\u00e2ndit de la Tine, Dumnezeul nostru; c\u0103 av\u00e2nd puterea Ta, pe chinuitori a \u00eenvins; zdrobit-a \u015fi ale demonilor neputincioase \u00eendr\u0103zniri. Pentru rug\u0103ciunile lui, m\u00e2ntuie\u015fte sufletele noastre, Hristoase Dumnezeule.\u201d<\/p>\n<\/div>\n<\/article>\n<div class=\"crp_related     crp-masonry\">\n<h2>\u00ceN CONTEXT<\/h2>\n<ul>\n<li><a href=\"https:\/\/r3media.ro\/calendarul-zilei-4-ianuarie-soborul-sfintilor-70-de-apostoli\/\" class=\"crp_link post-34856\"><span class=\"crp_title\">Calendarul zilei 4 ianuarie: Soborul Sfin\u021bilor 70 de apostoli<\/span><\/a><\/li>\n<li><a href=\"https:\/\/r3media.ro\/20-iunie-sfantul-sfintit-mucenic-metodie-sf-ier-calist-patriarhul-constantinopolului\/\" class=\"crp_link post-48848\"><span class=\"crp_title\">Calendarul zilei 20 iunie: Sf\u00e2ntul Sfin\u021bit Mucenic Metodie. Sf. Ier. Calist, Patriarhul\u2026<\/span><\/a><\/li>\n<li><a href=\"https:\/\/r3media.ro\/14-iunie-sf-proroc-elisei-sf-ier-metodie-marturisitorul-patriarhul-constantinopolului\/\" class=\"crp_link post-48378\"><span class=\"crp_title\">Calendarul zilei 14 iunie: Sf. Proroc Elisei; Sf. Ier. Metodie M\u0103rturisitorul, patriarhul\u2026<\/span><\/a><\/li>\n<li><a href=\"https:\/\/r3media.ro\/calendarul-zilei-22-iunie-sf-ierarh-grigorie-dascalul-mitropolitul-tarii-romanesti-sf-sfintit-mc-eusebiu-episcopul-samosatei\/\" class=\"crp_link post-48963\"><span class=\"crp_title\">Calendarul zilei 22 iunie: Sf. Ierarh Grigorie Dasc\u0103lul, Mitropolitul \u021a\u0103rii Rom\u00e2ne\u0219ti; Sf.\u2026<\/span><\/a><\/li>\n<li><a href=\"https:\/\/r3media.ro\/1-iulie-sf-leontie-de-la-radauti-sf-doctori-fara-de-arginti-cosma-si-damian-cei-din-roma\/\" class=\"crp_link post-49753\"><span class=\"crp_title\">Calendarul zilei 1 iulie: Sf. Leontie de la R\u0103d\u0103u\u021bi. Sf. Doctori f\u0103r\u0103 de argin\u021bi Cosma \u0219i\u2026<\/span><\/a><\/li>\n<li><a href=\"https:\/\/r3media.ro\/16-iunie-sf-ier-martir-neofit-cretanul-sfantul-ierarh-tihon-episcopul-amatundei\/\" class=\"crp_link post-118388\"><span class=\"crp_title\">Calendarul zilei 16 iunie: Sf. Ier. Martir Neofit Cretanul; Sf\u00e2ntul Ierarh Tihon, Episcopul\u2026<\/span><\/a><\/li>\n<li><a href=\"https:\/\/r3media.ro\/calendarul-zilei-7-ianuarie-sfantul-ioan-botezatorul-craciunul-pe-calendarul-vechi\/\" class=\"crp_link post-10400\"><span class=\"crp_title\">Calendarul zilei 7 ianuarie: Sf\u00e2ntul Ioan Botez\u0103torul. Cr\u0103ciunul pe calendarul vechi<\/span><\/a><\/li>\n<li><a href=\"https:\/\/r3media.ro\/calendarul-zilei-18-septembrie-sf-ier-eumenie-episcopul-gortinei\/\" class=\"crp_link post-81597\"><span class=\"crp_title\">Calendarul zilei 18 septembrie: Sf. Ier. Eumenie, Episcopul Gortinei<\/span><\/a><\/li>\n<\/ul>\n<\/div>\n<\/div>\n<\/div>\n<div class=\"td_block_wrap tdb_single_tags tdi_19 td-pb-border-top td_block_template_1\" data-td-block-uid=\"tdi_19\">\n<div class=\"tdb-block-inner td-fix-index\">\n<ul class=\"tdb-tags\">\n<li><span>SUBIECTE FIERBIN\u021aI<\/span><\/li>\n<li><a href=\"https:\/\/r3media.ro\/tag\/calendar-ortodox\/\">calendar ortodox<\/a><\/li>\n<li><a href=\"https:\/\/r3media.ro\/tag\/calendarul-zilei\/\">calendarul zilei<\/a><\/li>\n<li><a href=\"https:\/\/r3media.ro\/tag\/calendarul-zilei-11-august\/\">calendarul zilei 11 august<\/a><\/li>\n<\/ul>\n<\/div>\n<\/div>\n<div class=\"td_block_wrap td_block_9 tdi_20 td_with_ajax_pagination td-pb-border-top td_block_template_1 td-column-2 td_block_padding td_block_bot_line\" data-td-block-uid=\"tdi_20\">\n<div class=\"td-block-title-wrap\">\n<h4 class=\"block-title td-block-title\"><span class=\"td-pulldown-size\">CITE\u0218TE MAI MULT<\/span><\/h4>\n<\/div>\n<div id=\"tdi_20\" class=\"td_block_inner\">\n<div class=\"td-block-row\">\n<div class=\"td-block-span6\">\n<div class=\"td_module_8 td_module_wrap\">\n<div class=\"item-details\">\n<h3 class=\"entry-title td-module-title\"><a href=\"https:\/\/r3media.ro\/presedintele-serbiei-razboiul-din-ucraina\/\" rel=\"bookmark\" title=\"Pre\u0219edintele Serbiei nu crede c\u0103 r\u0103zboiul din Ucraina se termin\u0103 cur\u00e2nd: Cred c\u0103 ne afl\u0103m la \u00eenceputul unui r\u0103zboi mult, mult mai mare\">Pre\u0219edintele Serbiei nu crede c\u0103 r\u0103zboiul din Ucraina se termin\u0103 cur\u00e2nd: Cred c\u0103 ne&#8230;<\/a><\/h3>\n<div class=\"td-module-meta-info\"><a href=\"https:\/\/r3media.ro\/category\/stiri-prim-plan\/\" class=\"td-post-category\">PRIM PLAN<\/a><span class=\"td-post-author-name\"><a href=\"https:\/\/r3media.ro\/author\/teodor_stan\/\">Teodor Stan<\/a><span>&#8211;<\/span><\/span><span class=\"td-post-date\"><time class=\"entry-date updated td-module-date\" datetime=\"2026-08-10T12:22:44+03:00\">10\/08\/2026<\/time><\/span><\/div>\n<\/div>\n<\/div>\n<\/div>\n<div class=\"td-block-span6\">\n<div class=\"td_module_8 td_module_wrap\">\n<div class=\"item-details\">\n<h3 class=\"entry-title td-module-title\"><a href=\"https:\/\/r3media.ro\/fara-apa-fara-curent-fara-viitor-cum-au-sacrificat-pro-europenii-romania-pe-altarul-ecologiei-ieftine\/\" rel=\"bookmark\" title=\"F\u0103r\u0103 ap\u0103, f\u0103r\u0103 curent, f\u0103r\u0103 viitor: cum au sacrificat pro-europenii Rom\u00e2nia pe altarul ecologiei ieftine\">F\u0103r\u0103 ap\u0103, f\u0103r\u0103 curent, f\u0103r\u0103 viitor: cum au sacrificat pro-europenii Rom\u00e2nia pe altarul ecologiei&#8230;<\/a><\/h3>\n<div class=\"td-module-meta-info\"><a href=\"https:\/\/r3media.ro\/category\/actualitate\/\" class=\"td-post-category\">ACTUALITATE<\/a><span class=\"td-post-author-name\"><a href=\"https:\/\/r3media.ro\/author\/paul_lazar\/\">Paul-Daniel Laz\u0103r<\/a><span>&#8211;<\/span><\/span><span class=\"td-post-date\"><time class=\"entry-date updated td-module-date\" datetime=\"2026-08-08T22:30:54+03:00\">08\/08\/2026<\/time><\/span><\/div>\n<\/div>\n<\/div>\n<\/div>\n<\/div>\n<div class=\"td-block-row\">\n<div class=\"td-block-span6\">\n<div class=\"td_module_8 td_module_wrap\">\n<div class=\"item-details\">\n<h3 class=\"entry-title td-module-title\"><a href=\"https:\/\/r3media.ro\/show-iluzie-si-realitate-de-la-the-truman-show-la-son-of-a-rich\/\" rel=\"bookmark\" title=\"Show, iluzie \u0219i realitate: de la The Truman Show la Son of a Rich\">Show, iluzie \u0219i realitate: de la The Truman Show la Son of a Rich<\/a><\/h3>\n<div class=\"td-module-meta-info\"><a href=\"https:\/\/r3media.ro\/category\/actualitate\/\" class=\"td-post-category\">ACTUALITATE<\/a><span class=\"td-post-author-name\"><a href=\"https:\/\/r3media.ro\/author\/costi_balasoiu\/\">Constantin B\u0103l\u0103\u0219oiu<\/a><span>&#8211;<\/span><\/span><span class=\"td-post-date\"><time class=\"entry-date updated td-module-date\" datetime=\"2026-08-08T15:30:25+03:00\">08\/08\/2026<\/time><\/span><\/div>\n<\/div>\n<\/div>\n<\/div>\n<div class=\"td-block-span6\">\n<div class=\"td_module_8 td_module_wrap\">\n<div class=\"item-details\">\n<h3 class=\"entry-title td-module-title\"><a href=\"https:\/\/r3media.ro\/fani-stapanul-inelelor-surpriza-sezonul-3-sauron\/\" rel=\"bookmark\" title=\"Fanii \u201eSt\u0103p\u00e2nul Inelelor\u201c ar putea avea o surpriz\u0103 \u00een sezonul 3 din serialul \u201eInelele Puterii\u201c. Sauron se va confrunta cu o creatur\u0103 de temut\">Fanii \u201eSt\u0103p\u00e2nul Inelelor\u201c ar putea avea o surpriz\u0103 \u00een sezonul 3 din serialul \u201eInelele&#8230;<\/a><\/h3>\n<div class=\"td-module-meta-info\"><a href=\"https:\/\/r3media.ro\/category\/actualitate\/\" class=\"td-post-category\">ACTUALITATE<\/a><span class=\"td-post-author-name\"><a href=\"https:\/\/r3media.ro\/author\/oana\/\">Oana Ivan<\/a><span>&#8211;<\/span><\/span><span class=\"td-post-date\"><time class=\"entry-date updated td-module-date\" datetime=\"2026-08-08T00:19:31+03:00\">08\/08\/2026<\/time><\/span><\/div>\n<\/div>\n<\/div>\n<\/div>\n<\/div>\n<div class=\"td-block-row\">\n<div class=\"td-block-span6\">\n<div class=\"td_module_8 td_module_wrap\">\n<div class=\"item-details\">\n<h3 class=\"entry-title td-module-title\"><a href=\"https:\/\/r3media.ro\/david-popovici-fair-play-sportivi-rusi-competitii\/\" rel=\"bookmark\" title=\"David Popovici, fair-play la revenirea sportivilor ru\u0219i \u00een competi\u021bii: Le urez succes, sper s\u0103 fiu mai bun dec\u00e2t ei\">David Popovici, fair-play la revenirea sportivilor ru\u0219i \u00een competi\u021bii: Le urez succes, sper s\u0103&#8230;<\/a><\/h3>\n<div class=\"td-module-meta-info\"><a href=\"https:\/\/r3media.ro\/category\/actualitate\/\" class=\"td-post-category\">ACTUALITATE<\/a><span class=\"td-post-author-name\"><a href=\"https:\/\/r3media.ro\/author\/redactia\/\">Redac\u021bia<\/a><span>&#8211;<\/span><\/span><span class=\"td-post-date\"><time class=\"entry-date updated td-module-date\" datetime=\"2026-08-07T15:07:51+03:00\">07\/08\/2026<\/time><\/span><\/div>\n<\/div>\n<\/div>\n<\/div>\n<div class=\"td-block-span6\">\n<div class=\"td_module_8 td_module_wrap\">\n<div class=\"item-details\">\n<h3 class=\"entry-title td-module-title\"><a href=\"https:\/\/r3media.ro\/kia-recheama-service-prima-generatie-masini-electrice-e-niro-risc-incendiu\/\" rel=\"bookmark\" title=\"Kia recheam\u0103 \u00een service prima genera\u021bie de ma\u0219ini electrice e-Niro din cauza riscului de incendiu\">Kia recheam\u0103 \u00een service prima genera\u021bie de ma\u0219ini electrice e-Niro din cauza riscului de&#8230;<\/a><\/h3>\n<div class=\"td-module-meta-info\"><a href=\"https:\/\/r3media.ro\/category\/actualitate\/\" class=\"td-post-category\">ACTUALITATE<\/a><span class=\"td-post-author-name\"><a href=\"https:\/\/r3media.ro\/author\/oana\/\">Oana Ivan<\/a><span>&#8211;<\/span><\/span><span class=\"td-post-date\"><time class=\"entry-date updated td-module-date\" datetime=\"2026-08-06T17:07:42+03:00\">06\/08\/2026<\/time><\/span><\/div>\n<\/div>\n<\/div>\n<\/div>\n<\/div>\n<div class=\"td-block-row\">\n<div class=\"td-block-span6\">\n<div class=\"td_module_8 td_module_wrap\">\n<div class=\"item-details\">\n<h3 class=\"entry-title td-module-title\"><a href=\"https:\/\/r3media.ro\/drona-gasita-mare-mamaia-zona-loft-video\/\" rel=\"bookmark\" title=\"VIDEO | O dron\u0103 a fost g\u0103sit\u0103 \u00een mare, \u00een Mamaia, \u00een zona Loft\">VIDEO | O dron\u0103 a fost g\u0103sit\u0103 \u00een mare, \u00een Mamaia, \u00een zona Loft<\/a><\/h3>\n<div class=\"td-module-meta-info\"><a href=\"https:\/\/r3media.ro\/category\/actualitate\/\" class=\"td-post-category\">ACTUALITATE<\/a><span class=\"td-post-author-name\"><a href=\"https:\/\/r3media.ro\/author\/oana\/\">Oana Ivan<\/a><span>&#8211;<\/span><\/span><span class=\"td-post-date\"><time class=\"entry-date updated td-module-date\" datetime=\"2026-08-05T21:48:11+03:00\">05\/08\/2026<\/time><\/span><\/div>\n<\/div>\n<\/div>\n<\/div>\n<div class=\"td-block-span6\">\n<div class=\"td_module_8 td_module_wrap\">\n<div class=\"item-details\">\n<h3 class=\"entry-title td-module-title\"><a href=\"https:\/\/r3media.ro\/cand-incepe-scoala-in-2026-structura-an-nou-scolar\/\" rel=\"bookmark\" title=\"C\u00e2nd \u00eencepe \u0219coala \u00een 2026: Structura noului an \u0219colar, vacan\u021bele \u0219i zilele libere\">C\u00e2nd \u00eencepe \u0219coala \u00een 2026: Structura noului an \u0219colar, vacan\u021bele \u0219i zilele libere<\/a><\/h3>\n<div class=\"td-module-meta-info\"><a href=\"https:\/\/r3media.ro\/category\/actualitate\/\" class=\"td-post-category\">ACTUALITATE<\/a><span class=\"td-post-author-name\"><a href=\"https:\/\/r3media.ro\/author\/oana\/\">Oana Ivan<\/a><span>&#8211;<\/span><\/span><span class=\"td-post-date\"><time class=\"entry-date updated td-module-date\" datetime=\"2026-08-03T22:23:20+03:00\">03\/08\/2026<\/time><\/span><\/div>\n<\/div>\n<\/div>\n<\/div>\n<\/div>\n<div class=\"td-block-row\">\n<div class=\"td-block-span6\">\n<div class=\"td_module_8 td_module_wrap\">\n<div class=\"item-details\">\n<h3 class=\"entry-title td-module-title\"><a href=\"https:\/\/r3media.ro\/tara-europa-norvegia-masini-electrice-inmatriculate-cota-ridicata\/\" rel=\"bookmark\" title=\"\u021aara din Europa unde aproape toate ma\u0219inile \u00eenmatriculate sune electrice. Cota a ajuns la 97,6% \u00een iulie\">\u021aara din Europa unde aproape toate ma\u0219inile \u00eenmatriculate sune electrice. Cota a ajuns la&#8230;<\/a><\/h3>\n<div class=\"td-module-meta-info\"><a href=\"https:\/\/r3media.ro\/category\/actualitate\/\" class=\"td-post-category\">ACTUALITATE<\/a><span class=\"td-post-author-name\"><a href=\"https:\/\/r3media.ro\/author\/oana\/\">Oana Ivan<\/a><span>&#8211;<\/span><\/span><span class=\"td-post-date\"><time class=\"entry-date updated td-module-date\" datetime=\"2026-08-03T17:01:21+03:00\">03\/08\/2026<\/time><\/span><\/div>\n<\/div>\n<\/div>\n<\/div>\n<div class=\"td-block-span6\">\n<div class=\"td_module_8 td_module_wrap\">\n<div class=\"item-details\">\n<h3 class=\"entry-title td-module-title\"><a href=\"https:\/\/r3media.ro\/puterea-mitologica-instalata-a-romaniei\/\" rel=\"bookmark\" title=\"Puterea mitologic\u0103 instalat\u0103 a Rom\u00e2niei\">Puterea mitologic\u0103 instalat\u0103 a Rom\u00e2niei<\/a><\/h3>\n<div class=\"td-module-meta-info\"><a href=\"https:\/\/r3media.ro\/category\/opinii\/\" class=\"td-post-category\">OPINII<\/a><span class=\"td-post-author-name\"><a href=\"https:\/\/r3media.ro\/author\/tru\/\">TRU (Traian Ungureanu)<\/a><span>&#8211;<\/span><\/span><span class=\"td-post-date\"><time class=\"entry-date updated td-module-date\" datetime=\"2026-08-02T22:08:04+03:00\">02\/08\/2026<\/time><\/span><\/div>\n<\/div>\n<\/div>\n<\/div>\n<\/div>\n<div class=\"td-block-row\">\n<div class=\"td-block-span6\">\n<div class=\"td_module_8 td_module_wrap\">\n<div class=\"item-details\">\n<h3 class=\"entry-title td-module-title\"><a href=\"https:\/\/r3media.ro\/hyundai-recheama-service-masini-electrice-inster-risc-incendiu\/\" rel=\"bookmark\" title=\"Hyundai recheam\u0103 \u00een service zeci de mii de ma\u0219ini electrice din cauza riscului de incendiu\">Hyundai recheam\u0103 \u00een service zeci de mii de ma\u0219ini electrice din cauza riscului de&#8230;<\/a><\/h3>\n<div class=\"td-module-meta-info\"><a href=\"https:\/\/r3media.ro\/category\/actualitate\/\" class=\"td-post-category\">ACTUALITATE<\/a><span class=\"td-post-author-name\"><a href=\"https:\/\/r3media.ro\/author\/oana\/\">Oana Ivan<\/a><span>&#8211;<\/span><\/span><span class=\"td-post-date\"><time class=\"entry-date updated td-module-date\" datetime=\"2026-08-02T08:34:05+03:00\">02\/08\/2026<\/time><\/span><\/div>\n<\/div>\n<\/div>\n<\/div>\n<div class=\"td-block-span6\">\n<div class=\"td_module_8 td_module_wrap\">\n<div class=\"item-details\">\n<h3 class=\"entry-title td-module-title\"><a href=\"https:\/\/r3media.ro\/dragostea-care-transcende-epoci-descult-in-parc-1967\/\" rel=\"bookmark\" title=\"Dragostea care transcende epoci \u2014 Descul\u021b \u00een parc (1967)\">Dragostea care transcende epoci \u2014 Descul\u021b \u00een parc (1967)<\/a><\/h3>\n<div class=\"td-module-meta-info\"><a href=\"https:\/\/r3media.ro\/category\/opinii\/\" class=\"td-post-category\">OPINII<\/a><span class=\"td-post-author-name\"><a href=\"https:\/\/r3media.ro\/author\/costi_balasoiu\/\">Constantin B\u0103l\u0103\u0219oiu<\/a><span>&#8211;<\/span><\/span><span class=\"td-post-date\"><time class=\"entry-date updated td-module-date\" datetime=\"2026-08-01T13:45:14+03:00\">01\/08\/2026<\/time><\/span><\/div>\n<\/div>\n<\/div>\n<\/div>\n<\/div>\n<\/div>\n<div class=\"td-load-more-wrap td-load-more-infinite-wrap\" id=\"infinite-lm-tdi_20\"><a href=\"https:\/\/r3media.ro\/calendarul-zilei-11-august-sf-ier-nifon-patriarhul-constantinopolului-sf-mc-evplu-arhidiaconul\/\" class=\"td_ajax_load_more td_ajax_load_more_js\" aria-label=\"\u00cenc\u0103rca\u021bi mai multe\" id=\"next-page-tdi_20\" data-td_block_id=\"tdi_20\">\u00cenc\u0103rca\u021bi mai multe<\/a><\/div>\n<\/div>\n<div class=\"td_block_wrap tdb_single_comments tdi_21 tdb-comm-layout2 td-pb-border-top td_block_template_1\" data-td-block-uid=\"tdi_21\">\n<div class=\"tdb-block-inner td-fix-index\">\n<div class=\"comments\" id=\"comments\">\n<div id=\"respond\" class=\"comment-respond\">\n<h3 id=\"reply-title\" class=\"comment-reply-title\">AI CEVA DE SPUS? <small><a rel=\"nofollow\" id=\"cancel-comment-reply-link\" href=\"https:\/\/r3media.ro\/calendarul-zilei-11-august-sf-ier-nifon-patriarhul-constantinopolului-sf-mc-evplu-arhidiaconul\/#respond\">Renun\u021ba\u021bi la r\u0103spuns<\/a><\/small><\/h3>\n<div class=\"comment-form-input-wrap td-form-comment\">\n<div class=\"td-warning-comment\">V\u0103 rug\u0103m s\u0103 introduce\u021bi comentariul dvs.!<\/div>\n<\/div>\n<div class=\"comment-form-input-wrap td-form-author\">\n<div class=\"td-warning-author\">Introduce\u021bi aici numele dvs.<\/div>\n<\/div>\n<div class=\"comment-form-input-wrap td-form-email\">\n<div class=\"td-warning-email-error\">A\u021bi introdus o adres\u0103 de e-mail incorect\u0103!<\/div>\n<div class=\"td-warning-email\">V\u0103 rug\u0103m s\u0103 introduce\u021bi adresa dvs. de e-mail aici<\/div>\n<\/div>\n<\/div>\n<\/div>\n<\/div>\n<\/div>\n<\/div>\n<\/div>\n<div class=\"vc_column tdi_23  wpb_column vc_column_container tdc-column td-pb-span4 td-is-sticky\">\n<div class=\"wpb_wrapper\" data-sticky-enabled-on=\"W3RydWUsdHJ1ZSx0cnVlLHRydWVd\" data-sticky-offset=\"20\" data-sticky-is-width-auto=\"W2ZhbHNlLGZhbHNlLGZhbHNlLGZhbHNlXQ==\">\n<div class=\"wpb_wrapper td_block_wrap vc_widget_sidebar tdi_25 \">\n<div class=\"td_block_wrap td_block_7 td_block_widget tdi_26 td-pb-border-top td_block_template_1 td-column-1 td_block_padding\" data-td-block-uid=\"tdi_26\">\n<div class=\"td-block-title-wrap\">\n<h4 class=\"block-title td-block-title\"><span class=\"td-pulldown-size\">Articole RELA\u021aIONATE<\/span><\/h4>\n<\/div>\n<div id=\"tdi_26\" class=\"td_block_inner\">\n<div class=\"td-block-span12\">\n<div class=\"td_module_6 td_module_wrap td-animation-stack\">\n<div class=\"td-module-thumb\"><a href=\"https:\/\/r3media.ro\/ionut-cojocaru-romania-autoritarismului-stat-garnizoana-imprumuturi-reinarmare-dictatura-dezastru\/\" rel=\"bookmark\" class=\"td-image-wrap \" title=\"Istoricul Ionu\u021b Cojocaru spune c\u0103 Rom\u00e2nia s-a angajat pe drumul autoritarismului: \u201estat-garnizoan\u0103\u201d. \u00cemprumuturile pentru \u00eenarmare duc la dictatur\u0103 \u0219i \u00een final dezastru\"><img loading=\"lazy\" decoding=\"async\" class=\"entry-thumb\" src=\"https:\/\/r3media.ro\/wp-content\/uploads\/2025\/06\/Nicusor-Dan-Ilie-Bolojan-100x70.jpg\" alt title=\"Istoricul Ionu\u021b Cojocaru spune c\u0103 Rom\u00e2nia s-a angajat pe drumul autoritarismului: \u201estat-garnizoan\u0103\u201d. \u00cemprumuturile pentru \u00eenarmare duc la dictatur\u0103 \u0219i \u00een final dezastru\" width=\"100\" height=\"70\"><\/a><\/div>\n<div class=\"item-details\">\n<h3 class=\"entry-title td-module-title\"><a href=\"https:\/\/r3media.ro\/ionut-cojocaru-romania-autoritarismului-stat-garnizoana-imprumuturi-reinarmare-dictatura-dezastru\/\" rel=\"bookmark\" title=\"Istoricul Ionu\u021b Cojocaru spune c\u0103 Rom\u00e2nia s-a angajat pe drumul autoritarismului: \u201estat-garnizoan\u0103\u201d. \u00cemprumuturile pentru \u00eenarmare duc la dictatur\u0103 \u0219i \u00een final dezastru\">Istoricul Ionu\u021b Cojocaru spune c\u0103 Rom\u00e2nia s-a angajat pe drumul autoritarismului:&#8230;<\/a><\/h3>\n<div class=\"td-module-meta-info\"><span class=\"td-post-date\"><time class=\"entry-date updated td-module-date\" datetime=\"2026-08-11T14:20:44+03:00\">11\/08\/2026<\/time><\/span><\/div>\n<\/div>\n<\/div>\n<\/div>\n<div class=\"td-block-span12\">\n<div class=\"td_module_6 td_module_wrap td-animation-stack\">\n<div class=\"td-module-thumb\"><a href=\"https:\/\/r3media.ro\/vanzari-masini-electrice-explozie-danemarca\/\" rel=\"bookmark\" class=\"td-image-wrap \" title=\"V\u00e2nz\u0103rile de ma\u0219ini electrice au explodat \u00een Danemarca\"><img loading=\"lazy\" decoding=\"async\" class=\"entry-thumb\" src=\"https:\/\/r3media.ro\/wp-content\/uploads\/2026\/08\/vanzarile-de-masini-electrice-au-explodat-in-danemarca-100x70.jpg\" alt title=\"V\u00e2nz\u0103rile de ma\u0219ini electrice au explodat \u00een Danemarca\" width=\"100\" height=\"70\"><\/a><\/div>\n<div class=\"item-details\">\n<h3 class=\"entry-title td-module-title\"><a href=\"https:\/\/r3media.ro\/vanzari-masini-electrice-explozie-danemarca\/\" rel=\"bookmark\" title=\"V\u00e2nz\u0103rile de ma\u0219ini electrice au explodat \u00een Danemarca\">V\u00e2nz\u0103rile de ma\u0219ini electrice au explodat \u00een Danemarca<\/a><\/h3>\n<div class=\"td-module-meta-info\"><span class=\"td-post-date\"><time class=\"entry-date updated td-module-date\" datetime=\"2026-08-11T13:43:51+03:00\">11\/08\/2026<\/time><\/span><\/div>\n<\/div>\n<\/div>\n<\/div>\n<div class=\"td-block-span12\">\n<div class=\"td_module_6 td_module_wrap td-animation-stack\">\n<div class=\"td-module-thumb\"><a href=\"https:\/\/r3media.ro\/dr-pavel-chirila-distinctie-episcopia-caransebesului\/\" rel=\"bookmark\" class=\"td-image-wrap \" title=\"Dr. Pavel Chiril\u0103 a fost distins cu cea mai \u00eenalt\u0103 distinc\u021bie pentru mireni a Episcopiei Caransebe\u0219ului\"><img loading=\"lazy\" decoding=\"async\" class=\"entry-thumb\" src=\"https:\/\/r3media.ro\/wp-content\/uploads\/2026\/08\/pavel-chirila-episcopia-caransebesului-100x70.jpg\" alt title=\"Dr. Pavel Chiril\u0103 a fost distins cu cea mai \u00eenalt\u0103 distinc\u021bie pentru mireni a Episcopiei Caransebe\u0219ului\" width=\"100\" height=\"70\"><\/a><\/div>\n<div class=\"item-details\">\n<h3 class=\"entry-title td-module-title\"><a href=\"https:\/\/r3media.ro\/dr-pavel-chirila-distinctie-episcopia-caransebesului\/\" rel=\"bookmark\" title=\"Dr. Pavel Chiril\u0103 a fost distins cu cea mai \u00eenalt\u0103 distinc\u021bie pentru mireni a Episcopiei Caransebe\u0219ului\">Dr. Pavel Chiril\u0103 a fost distins cu cea mai \u00eenalt\u0103 distinc\u021bie&#8230;<\/a><\/h3>\n<div class=\"td-module-meta-info\"><span class=\"td-post-date\"><time class=\"entry-date updated td-module-date\" datetime=\"2026-08-11T12:20:48+03:00\">11\/08\/2026<\/time><\/span><\/div>\n<\/div>\n<\/div>\n<\/div>\n<div class=\"td-block-span12\">\n<div class=\"td_module_6 td_module_wrap td-animation-stack\">\n<div class=\"td-module-thumb\"><a href=\"https:\/\/r3media.ro\/romania-grupuri-carbune-turceni-craiova-securitate-energetica\/\" rel=\"bookmark\" class=\"td-image-wrap \" title=\"Rom\u00e2nia nu va \u00eenchide grupurile pe c\u0103rbune de la Turceni \u0219i Craiova la sf\u00e2r\u0219itul lunii, din cauza riscurilor la adresa securit\u0103\u021bii energetice\"><img loading=\"lazy\" decoding=\"async\" class=\"entry-thumb\" src=\"https:\/\/r3media.ro\/wp-content\/uploads\/2026\/08\/termocentrala-turceni-100x70.jpg\" alt title=\"Rom\u00e2nia nu va \u00eenchide grupurile pe c\u0103rbune de la Turceni \u0219i Craiova la sf\u00e2r\u0219itul lunii, din cauza riscurilor la adresa securit\u0103\u021bii energetice\" width=\"100\" height=\"70\"><\/a><\/div>\n<div class=\"item-details\">\n<h3 class=\"entry-title td-module-title\"><a href=\"https:\/\/r3media.ro\/romania-grupuri-carbune-turceni-craiova-securitate-energetica\/\" rel=\"bookmark\" title=\"Rom\u00e2nia nu va \u00eenchide grupurile pe c\u0103rbune de la Turceni \u0219i Craiova la sf\u00e2r\u0219itul lunii, din cauza riscurilor la adresa securit\u0103\u021bii energetice\">Rom\u00e2nia nu va \u00eenchide grupurile pe c\u0103rbune de la Turceni \u0219i&#8230;<\/a><\/h3>\n<div class=\"td-module-meta-info\"><span class=\"td-post-date\"><time class=\"entry-date updated td-module-date\" datetime=\"2026-08-11T11:14:29+03:00\">11\/08\/2026<\/time><\/span><\/div>\n<\/div>\n<\/div>\n<\/div>\n<div class=\"td-block-span12\">\n<div class=\"td_module_6 td_module_wrap td-animation-stack\">\n<div class=\"td-module-thumb\"><a href=\"https:\/\/r3media.ro\/massachusetts-america-avortul-orice-monment-al-sarcinii\/\" rel=\"bookmark\" class=\"td-image-wrap \" title=\"Massachusetts devine al 11-lea stat american care legalizeaz\u0103 avortul \u00een orice moment al sarcinii\"><img loading=\"lazy\" decoding=\"async\" class=\"entry-thumb\" src=\"https:\/\/r3media.ro\/wp-content\/uploads\/2026\/08\/avort-massachusets-100x70.png\" alt title=\"Massachusetts devine al 11-lea stat american care legalizeaz\u0103 avortul \u00een orice moment al sarcinii\" width=\"100\" height=\"70\"><\/a><\/div>\n<div class=\"item-details\">\n<h3 class=\"entry-title td-module-title\"><a href=\"https:\/\/r3media.ro\/massachusetts-america-avortul-orice-monment-al-sarcinii\/\" rel=\"bookmark\" title=\"Massachusetts devine al 11-lea stat american care legalizeaz\u0103 avortul \u00een orice moment al sarcinii\">Massachusetts devine al 11-lea stat american care legalizeaz\u0103 avortul \u00een orice&#8230;<\/a><\/h3>\n<div class=\"td-module-meta-info\"><span class=\"td-post-date\"><time class=\"entry-date updated td-module-date\" datetime=\"2026-08-11T10:50:26+03:00\">11\/08\/2026<\/time><\/span><\/div>\n<\/div>\n<\/div>\n<\/div>\n<div class=\"td-block-span12\">\n<div class=\"td_module_6 td_module_wrap td-animation-stack\">\n<div class=\"td-module-thumb\"><a href=\"https:\/\/r3media.ro\/calendarul-zilei-11-august-1690-batalia-de-la-zarnesti-constantin-brancoveanu-si-otomanii-repurteaza-o-victorie-impotriva-habsburgilor\/\" rel=\"bookmark\" class=\"td-image-wrap \" title=\"Calendarul zilei: 11 august 1690 \u2013 B\u0103t\u0103lia de la Z\u0103rne\u0219ti. Constantin Br\u00e2ncoveanu \u0219i otomanii repurteaz\u0103 o victorie \u00eempotriva Habsburgilor\"><img loading=\"lazy\" decoding=\"async\" class=\"entry-thumb\" src=\"https:\/\/r3media.ro\/wp-content\/uploads\/2021\/08\/constantin-brancoveanu-aparator-al-ortodoxiei-si-fauritor-de-cultura-150545-100x70.jpg\" alt title=\"Calendarul zilei: 11 august 1690 \u2013 B\u0103t\u0103lia de la Z\u0103rne\u0219ti. Constantin Br\u00e2ncoveanu \u0219i otomanii repurteaz\u0103 o victorie \u00eempotriva Habsburgilor\" width=\"100\" height=\"70\"><\/a><\/div>\n<div class=\"item-details\">\n<h3 class=\"entry-title td-module-title\"><a href=\"https:\/\/r3media.ro\/calendarul-zilei-11-august-1690-batalia-de-la-zarnesti-constantin-brancoveanu-si-otomanii-repurteaza-o-victorie-impotriva-habsburgilor\/\" rel=\"bookmark\" title=\"Calendarul zilei: 11 august 1690 \u2013 B\u0103t\u0103lia de la Z\u0103rne\u0219ti. Constantin Br\u00e2ncoveanu \u0219i otomanii repurteaz\u0103 o victorie \u00eempotriva Habsburgilor\">Calendarul zilei: 11 august 1690 \u2013 B\u0103t\u0103lia de la Z\u0103rne\u0219ti. Constantin&#8230;<\/a><\/h3>\n<div class=\"td-module-meta-info\"><span class=\"td-post-date\"><time class=\"entry-date updated td-module-date\" datetime=\"2026-08-10T23:24:51+03:00\">10\/08\/2026<\/time><\/span><\/div>\n<\/div>\n<\/div>\n<\/div>\n<div class=\"td-block-span12\">\n<div class=\"td_module_6 td_module_wrap td-animation-stack\">\n<div class=\"td-module-thumb\"><a href=\"https:\/\/r3media.ro\/rapire-copii-romania-ambuanta-atacata-recea-cristur\/\" rel=\"bookmark\" class=\"td-image-wrap \" title=\"Chiar nu au fost r\u0103pi\u021bi copii \u00een Rom\u00e2nia? Ce se omite \u00een cazul \u201eAmbulan\u021ba atacat\u0103\u201d la Recea-Cristur\"><img loading=\"lazy\" decoding=\"async\" class=\"entry-thumb\" src=\"https:\/\/r3media.ro\/wp-content\/uploads\/2020\/10\/alexandra-macesanu-mihai-gheorghiu-100x70.png\" alt title=\"Chiar nu au fost r\u0103pi\u021bi copii \u00een Rom\u00e2nia? Ce se omite \u00een cazul \u201eAmbulan\u021ba atacat\u0103\u201d la Recea-Cristur\" width=\"100\" height=\"70\"><\/a><\/div>\n<div class=\"item-details\">\n<h3 class=\"entry-title td-module-title\"><a href=\"https:\/\/r3media.ro\/rapire-copii-romania-ambuanta-atacata-recea-cristur\/\" rel=\"bookmark\" title=\"Chiar nu au fost r\u0103pi\u021bi copii \u00een Rom\u00e2nia? Ce se omite \u00een cazul \u201eAmbulan\u021ba atacat\u0103\u201d la Recea-Cristur\">Chiar nu au fost r\u0103pi\u021bi copii \u00een Rom\u00e2nia? Ce se omite&#8230;<\/a><\/h3>\n<div class=\"td-module-meta-info\"><span class=\"td-post-date\"><time class=\"entry-date updated td-module-date\" datetime=\"2026-08-10T17:22:49+03:00\">10\/08\/2026<\/time><\/span><\/div>\n<\/div>\n<\/div>\n<\/div>\n<\/div>\n<\/div>\n<aside class=\"td_block_template_1 widget widget_recent_comments\">\n<h4 class=\"block-title\"><span>INTR\u0102 \u00ceN DISCU\u021aIE!<\/span><\/h4>\n<ul id=\"recentcomments\">\n<li class=\"recentcomments\"><span class=\"comment-author-link\">Nicu<\/span> la <a href=\"https:\/\/r3media.ro\/romania-grupuri-carbune-turceni-craiova-securitate-energetica\/#comment-40371\">Rom\u00e2nia nu va \u00eenchide grupurile pe c\u0103rbune de la Turceni \u0219i Craiova la sf\u00e2r\u0219itul lunii, din cauza riscurilor la adresa securit\u0103\u021bii energetice<\/a><\/li>\n<li class=\"recentcomments\"><span class=\"comment-author-link\">Nicu<\/span> la <a href=\"https:\/\/r3media.ro\/rapire-copii-romania-ambuanta-atacata-recea-cristur\/#comment-40370\">Chiar nu au fost r\u0103pi\u021bi copii \u00een Rom\u00e2nia? Ce se omite \u00een cazul \u201eAmbulan\u021ba atacat\u0103\u201d la Recea-Cristur<\/a><\/li>\n<li class=\"recentcomments\"><span class=\"comment-author-link\">Nicu<\/span> la <a href=\"https:\/\/r3media.ro\/presedintele-serbiei-razboiul-din-ucraina\/#comment-40369\">Pre\u0219edintele Serbiei nu crede c\u0103 r\u0103zboiul din Ucraina se termin\u0103 cur\u00e2nd: Cred c\u0103 ne afl\u0103m la \u00eenceputul unui r\u0103zboi mult, mult mai mare<\/a><\/li>\n<li class=\"recentcomments\"><span class=\"comment-author-link\">B<\/span> la <a href=\"https:\/\/r3media.ro\/papi-si-conclavuri-traditie-si-anticlericalism-in-cinema-cei-doi-papi-si-conclavul\/#comment-40368\">Papi \u0219i conclavuri, tradi\u021bie \u0219i anticlericalism \u00een cinema: Cei doi papi \u0219i Conclavul<\/a><\/li>\n<li class=\"recentcomments\"><span class=\"comment-author-link\">Cet\u0103\u021bean<\/span> la <a href=\"https:\/\/r3media.ro\/bulgaria-drona-ucraineana-kiev-ucraina\/#comment-40367\">Bulgaria anun\u0163\u0103 c\u0103 drona explodat\u0103 l\u00e2ng\u0103 gazoductul transbalcanic e ucrainean\u0103 \u015fi a convocat-o pe ambasadoarea Kievului. Ucraina transmite c\u0103 nu vizeaz\u0103 \u201e\u00een mod deliberat\u201d Bulgaria<\/a><\/li>\n<li class=\"recentcomments\"><span class=\"comment-author-link\">B<\/span> la <a href=\"https:\/\/r3media.ro\/papi-si-conclavuri-traditie-si-anticlericalism-in-cinema-cei-doi-papi-si-conclavul\/#comment-40365\">Papi \u0219i conclavuri, tradi\u021bie \u0219i anticlericalism \u00een cinema: Cei doi papi \u0219i Conclavul<\/a><\/li>\n<li class=\"recentcomments\"><span class=\"comment-author-link\">E.T.<\/span> la <a href=\"https:\/\/r3media.ro\/papi-si-conclavuri-traditie-si-anticlericalism-in-cinema-cei-doi-papi-si-conclavul\/#comment-40364\">Papi \u0219i conclavuri, tradi\u021bie \u0219i anticlericalism \u00een cinema: Cei doi papi \u0219i Conclavul<\/a><\/li>\n<\/ul>\n<\/aside>\n<aside class=\"td_block_template_1 widget widget_search\">\n<h4 class=\"block-title\"><span>CAUT\u0102 \u0218I VEI G\u0102SI<\/span><\/h4>\n<\/aside>\n<\/div>\n<\/div>\n<\/div>\n<\/div>\n<\/div>\n<\/div>\n<\/div>\n<p><span class=\"td-page-meta\"><\/span><span class=\"td-page-meta\"><span class=\"td-page-meta\"><\/span><\/span><span class=\"td-page-meta\"><\/span><\/article>\n<\/p>\n<div class=\"td_block_wrap tdb_single_content tdi_18 td-pb-border-top td_block_template_1 td-post-content tagdiv-type\" data-td-block-uid=\"tdi_18\">\n<div class=\"tdb-block-inner td-fix-index\">\n<p><strong>Pe 11 august, Biserica Ortodox\u0103 \u00eel pomene\u0219te pe Sf. Ierarh Nifon, Patriarhul Constantinopolului.<\/strong><\/p>\n<p>S-a n\u0103scut \u00een Peloponez \u00een prima jum\u0103tate a veacului al XV-lea, din p\u0103rin\u0163i str\u0103luci\u0163i cu neamul, dar \u015fi cu dreapta credin\u0163\u0103 \u015fi cu faptele bune, Manuel \u015fi Maria, primind la botez numele de Nicolae.<\/p>\n<p>Ar\u0103t\u00e2nd mult\u0103 dragoste pentru carte, a avut mul\u0163i dasc\u0103li iscusi\u0163i \u015fi cuvio\u015fi la \u015fcolile Despotatului din Mistra, care i-au dat o \u00eenv\u0103\u0163\u0103tur\u0103 aleas\u0103 dar l-au pov\u0103\u0163uit \u015fi pe c\u0103ile slujirii lui Dumnezeu. Dup\u0103 trecerea la cele ve\u015fnice a tat\u0103lui s\u0103u, alege calea vie\u0163ii monahale, plec\u00e2nd \u00een ascultare la pustnicul Antonie din Epidaur, apoi la dasc\u0103lul s\u0103u, ieromonahul athonit Zaharia, din m\u00e2inile c\u0103ruia a primit chipul monahicesc, lu\u00e2nd numele Nifon, care \u00een limba greac\u0103 \u00eenseamn\u0103: <em>cel ce vegheaz\u0103. <\/em><\/p>\n<p>\u00cempreun\u0103 cu acesta, din pricina tulbur\u0103rilor iscate de Sinodul unionist de la Ferrara-Floren\u0163a (1438-1439) a plecat din Grecia \u00een Albania, unde a fost hirotonit ieromonah, iar, dup\u0103 cucerirea ei de c\u0103tre turci, a stat o vreme la M\u0103n\u0103stirea Maicii Domnului din Ohrida. Dup\u0103 moartea \u00eendrum\u0103torului s\u0103u, a plecat la Muntele Athos.<\/p>\n<p>Acolo, cercet\u00e2nd mai multe m\u0103n\u0103stiri, schituri, pe\u015fteri \u015fi chilii pustnice\u015fti, s-a a\u015fezat \u00een cele din urm\u0103 la M\u0103n\u0103stirea Dionisiu, unde s-a ostenit mult\u0103 vreme \u00een ascultare, \u00een nevoin\u0163e, \u00een privegheri \u015fi mai ales \u00een rostirea ne\u00eencetat\u0103 a rug\u0103ciunii min\u0163ii. Afl\u00e2nd, \u00eens\u0103, de evlavia \u015fi de \u00een\u0163elepciunea lui, clerul \u015fi credincio\u015fii din Tesalonic l-au ales mitropolit, \u00een anul 1483.<\/p>\n<p>Acolo a p\u0103storit cu vrednicie, \u00eenv\u0103\u0163\u00e2nd \u015fi \u00eent\u0103rind \u00een Ortodoxie pe credincio\u015fii s\u0103i, tulbura\u0163i de zvonurile falsei uniri cu Biserica latin\u0103. \u00cen anul 1484, mitropolitul Nifon a luat parte la un sinod care a os\u00e2ndit hot\u0103r\u00e2rile de la Ferrara-Floren\u0163a.<\/p>\n<p>\u00cen anul 1486, Sf\u00e2ntul Nifon a fost ales patriarh al Constantinopolului. De vreme ce \u00eemprejur\u0103rile erau deosebit de grele \u2013 \u00eentruc\u00e2t, de la cucerirea Constantinopolului (1453), turcii se amestecau necontenit \u00een treburile Bisericii Ortodoxe \u2013 \u015fi p\u0103storia Sf\u00e2ntului Nifon a fost zbuciumat\u0103. A fost alungat din scaun, apoi iar\u0103\u015fi chemat, la cererea credincio\u015filor, iar \u00een anul 1498 a fost surghiunit la Adrianopol.<\/p>\n<p>\u00cen aceast\u0103 cetate l-a aflat voievodul \u0162\u0103rii Rom\u00e2ne\u015fti, Radu cel Mare (1495-1508), \u00een anul 1503, pe c\u00e2nd se \u00eentorcea de la Constantinopol spre \u0163ar\u0103, \u015fi l-a \u00eenduplecat s\u0103 vin\u0103 spre a pune bun\u0103 r\u00e2nduial\u0103 \u00een Biserica \u0162\u0103rii Rom\u00e2ne\u015fti. Astfel a venit la T\u00e2rgovi\u015fte, \u00eenso\u0163it de cei doi ucenici ai s\u0103i, Macarie \u015fi Ioasaf (care, fiind mai t\u00e2rziu martiriza\u0163i de p\u0103g\u00e2ni, sunt \u015fi ei cinsti\u0163i \u00een r\u00e2ndul Sfin\u0163ilor). Deci, \u00eendat\u0103 ce a sosit \u00een \u0162ara Rom\u00e2neasc\u0103, Sf\u00e2ntul Ierarh Nifon a adunat \u00een sobor pe egumenii \u015fi boierii \u0163\u0103rii.<\/p>\n<p>Atunci au fost \u00eentemeiate Episcopia de la R\u00e2mnic \u015fi cea de la Buz\u0103u, iar Sf\u00e2ntul Nifon a sfin\u0163it pe cei doi episcopi. De asemenea, s-a \u00eengrijit de ap\u0103rarea credin\u0163ei ortodoxe \u015fi de bunul mers al vie\u0163ii monahale. \u00cen \u0162ara Rom\u00e2neasc\u0103 a avut ca fiu duhovnicesc pe Neagoe Basarab, cel care avea s\u0103 devin\u0103 \u00een 1512 domnitor.<\/p>\n<p>Nu a trecut, \u00eens\u0103, mult\u0103 vreme \u015fi Sf\u00e2ntul Nifon nu s-a mai putut bucura de buna r\u00e2nduial\u0103 pe care o pusese \u00een Biserica \u0162\u0103rii Rom\u00e2ne\u015fti, deoarece domnitorul Radu cel Mare a s\u0103v\u00e2r\u015fit o nelegiuire, c\u0103s\u0103torind pe o sor\u0103 a sa cu un boier moldovean, numit Bogdan, care avea \u00een Moldova, so\u0163ie \u015fi copii. Sf\u00e2ntul Nifon, neput\u00e2nd \u00eencuviin\u0163a o asemenea c\u0103s\u0103torie, a r\u0103mas ne\u00eenduplecat la rug\u0103min\u0163ile voievodului.<\/p>\n<p>Dup\u0103 pu\u0163in\u0103 vreme, a plecat din \u0162ara Rom\u00e2neasc\u0103, \u00eempreun\u0103 cu cei doi ucenici ai s\u0103i, merg\u00e2nd \u00eent\u00e2i \u00een Bitolia Macedoniei, iar de acolo la Sf\u00e2ntul Munte, a\u015fez\u00e2ndu-se la M\u0103n\u0103stirea Vatoped. Dup\u0103 moartea muceniceasc\u0103 a ucenicului s\u0103u Macarie (14 septembrie 1507), Sf\u00e2ntul Nifon s-a stabilit \u00een M\u0103n\u0103stirea Dionisiu, unde, prorocind p\u0103timirea pentru Hristos a celuilalt ucenic al s\u0103u, Ioasaf (\u2020 26 octombrie 1516), \u015fi-a dat fericitul suflet \u00een m\u00e2inile lui Dumnezeu, la 11 august 1508.<\/p>\n<p>Dup\u0103 \u015fapte ani, Sf\u00e2ntul Voievod Neagoe Basarab (1512-1521), noul domn al \u0162\u0103rii Rom\u00e2ne\u015fti, a trimis pe boierii s\u0103i la M\u0103n\u0103stirea Dionisiu \u015fi, cu \u00eencuviin\u0163area monahilor de acolo, lu\u00e2nd moa\u015ftele Sf\u00e2ntului Nifon, le-au pus \u00eentr-un sicriu de lemn \u015fi le-au adus \u00een \u0163ar\u0103 cu mare alai. Apoi, le-au a\u015fezat deasupra morm\u00e2ntului lui Radu cel Mare, de la M\u0103n\u0103stirea Dealu, ctitoria acestuia, ca, astfel, Sf\u00e2ntul s\u0103 ierte gre\u015feala r\u0103posatului domnitor.<\/p>\n<p>Sf\u00e2ntul Voievod Neagoe Basarab a r\u00e2nduit ca sfintele moa\u015fte ale Ierarhului s\u0103 fie puse \u00eentr-o racl\u0103 de argint, poleit\u0103 cu aur \u015fi pietre scumpe, \u015fi s\u0103 fie duse \u00eenapoi la Sf\u00e2ntul Munte. \u00cens\u0103, p\u0103rin\u0163ii din acea m\u0103n\u0103stire, v\u0103z\u00e2nd ad\u00e2nca evlavie a Voievodului, i-au d\u0103ruit capul Sf\u00e2ntului Nifon \u015fi o m\u00e2n\u0103.<\/p>\n<p>Deci, zidind Sf\u00e2ntul Voievod Neagoe Basarab biseric\u0103 nou\u0103 la Curtea de Arge\u015f, \u00een anul 1517 a venit la sfin\u0163ire patriarhul Teolipt al Constantinopolului, s\u0103v\u00e2r\u015find \u015fi trecerea \u00een r\u00e2ndul Sfin\u0163ilor a marelui ierarh Nifon. Moa\u015ftele lui au fost a\u015fezate acolo, iar din anul 1949 se afl\u0103 \u00een Catedrala Mitropolitan\u0103 din Craiova.<\/p>\n<p>Pentru rug\u0103ciunile Sf\u00e2ntului Ierarh Nifon, Doamne Iisuse Hristoase, Dumnezeul nostru, miluie\u015fte-ne pe noi. Amin.<\/p>\n<h2><strong>Sf. Mc. Evplu Arhidiaconul<\/strong><\/h2>\n<p>Acest sf\u00e2nt a tr\u0103it \u00een zilele \u00eemp\u0103ratului Diocle\u021bian \u0219i era de neam din cetatea Catania, din Eparhia Siciliei. Fiind el p\u00e2r\u00e2t la guvernatorul Calvisian c\u0103 este cre\u0219tin, \u0219i nevoind a se lep\u0103da de Hristos a fost supus la nesf\u00e2r\u0219ite \u0219i grele chinuri, dup\u0103 care, t\u0103indu-i-se capul \u0219i-a dat sufletul \u00een m\u00e2inile lui Dumnezeu.<\/p>\n<article id=\"node-41228\" class=\"node node-articol view-mode-full\">\n<div class=\"body field\">\n<h4>Tropar \u2013 Glasul 4<\/h4>\n<p class=\"rtejustify\">\u201eMucenicul T\u0103u, Doamne, Evplu, \u00eentru nevoin\u0163a sa, cununa nestric\u0103ciunii a dob\u00e2ndit de la Tine, Dumnezeul nostru; c\u0103 av\u00e2nd puterea Ta, pe chinuitori a \u00eenvins; zdrobit-a \u015fi ale demonilor neputincioase \u00eendr\u0103zniri. Pentru rug\u0103ciunile lui, m\u00e2ntuie\u015fte sufletele noastre, Hristoase Dumnezeule.\u201d<\/p>\n<\/div>\n<\/article>\n<div class=\"crp_related     crp-masonry\">\n<h2>\u00ceN CONTEXT<\/h2>\n<ul>\n<li><a href=\"https:\/\/r3media.ro\/calendarul-zilei-4-ianuarie-soborul-sfintilor-70-de-apostoli\/\" class=\"crp_link post-34856\"><span class=\"crp_title\">Calendarul zilei 4 ianuarie: Soborul Sfin\u021bilor 70 de apostoli<\/span><\/a><\/li>\n<li><a href=\"https:\/\/r3media.ro\/20-iunie-sfantul-sfintit-mucenic-metodie-sf-ier-calist-patriarhul-constantinopolului\/\" class=\"crp_link post-48848\"><span class=\"crp_title\">Calendarul zilei 20 iunie: Sf\u00e2ntul Sfin\u021bit Mucenic Metodie. Sf. Ier. Calist, Patriarhul\u2026<\/span><\/a><\/li>\n<li><a href=\"https:\/\/r3media.ro\/14-iunie-sf-proroc-elisei-sf-ier-metodie-marturisitorul-patriarhul-constantinopolului\/\" class=\"crp_link post-48378\"><span class=\"crp_title\">Calendarul zilei 14 iunie: Sf. Proroc Elisei; Sf. Ier. Metodie M\u0103rturisitorul, patriarhul\u2026<\/span><\/a><\/li>\n<li><a href=\"https:\/\/r3media.ro\/calendarul-zilei-22-iunie-sf-ierarh-grigorie-dascalul-mitropolitul-tarii-romanesti-sf-sfintit-mc-eusebiu-episcopul-samosatei\/\" class=\"crp_link post-48963\"><span class=\"crp_title\">Calendarul zilei 22 iunie: Sf. Ierarh Grigorie Dasc\u0103lul, Mitropolitul \u021a\u0103rii Rom\u00e2ne\u0219ti; Sf.\u2026<\/span><\/a><\/li>\n<li><a href=\"https:\/\/r3media.ro\/1-iulie-sf-leontie-de-la-radauti-sf-doctori-fara-de-arginti-cosma-si-damian-cei-din-roma\/\" class=\"crp_link post-49753\"><span class=\"crp_title\">Calendarul zilei 1 iulie: Sf. Leontie de la R\u0103d\u0103u\u021bi. Sf. Doctori f\u0103r\u0103 de argin\u021bi Cosma \u0219i\u2026<\/span><\/a><\/li>\n<li><a href=\"https:\/\/r3media.ro\/16-iunie-sf-ier-martir-neofit-cretanul-sfantul-ierarh-tihon-episcopul-amatundei\/\" class=\"crp_link post-118388\"><span class=\"crp_title\">Calendarul zilei 16 iunie: Sf. Ier. Martir Neofit Cretanul; Sf\u00e2ntul Ierarh Tihon, Episcopul\u2026<\/span><\/a><\/li>\n<li><a href=\"https:\/\/r3media.ro\/calendarul-zilei-7-ianuarie-sfantul-ioan-botezatorul-craciunul-pe-calendarul-vechi\/\" class=\"crp_link post-10400\"><span class=\"crp_title\">Calendarul zilei 7 ianuarie: Sf\u00e2ntul Ioan Botez\u0103torul. Cr\u0103ciunul pe calendarul vechi<\/span><\/a><\/li>\n<li><a href=\"https:\/\/r3media.ro\/calendarul-zilei-18-septembrie-sf-ier-eumenie-episcopul-gortinei\/\" class=\"crp_link post-81597\"><span class=\"crp_title\">Calendarul zilei 18 septembrie: Sf. Ier. Eumenie, Episcopul Gortinei<\/span><\/a><\/li>\n<\/ul>\n<\/div>\n<\/div>\n<\/div>\n<p>[analyse_source url=&#8221;https:\/\/r3media.ro\/calendarul-zilei-11-august-sf-ier-nifon-patriarhul-constantinopolului-sf-mc-evplu-arhidiaconul\/&#8221;]<\/p>\n","protected":false},"excerpt":{"rendered":"<p>[analyse_image type=&#8221;featured&#8221; src=&#8221;https:\/\/r3media.ro\/wp-content\/uploads\/2024\/08\/sf-nifon-e1723323851222.jpghttps:\/\/r3media.ro\/wp-content\/uploads\/2024\/08\/sf-nifon-e1723323851222.jpg&#8221;] PRIM PLANCalendarul zilei 11 august: Sf. Ier. Nifon, patriarhul Constantinopolului; Sf. Mc. Evplu&#8230; PRIM PLAN\u0218TIRI Calendarul zilei 11 august: Sf. Ier. Nifon, patriarhul Constantinopolului; Sf. Mc. Evplu Arhidiaconul Redac\u021bia 10\/08\/2026 Pe 11 august, Biserica Ortodox\u0103 \u00eel pomene\u0219te pe Sf. Ierarh Nifon, Patriarhul Constantinopolului. S-a n\u0103scut \u00een Peloponez \u00een prima jum\u0103tate a veacului [&hellip;]<\/p>\n","protected":false},"author":1,"featured_media":0,"comment_status":"open","ping_status":"","sticky":false,"template":"","format":"standard","meta":{"footnotes":""},"categories":[89],"tags":[226,93],"class_list":["post-2087704","post","type-post","status-publish","format-standard","hentry","category-romania","tag-crawlmanager","tag-r3media-ro"],"_links":{"self":[{"href":"https:\/\/analyse.optim.biz\/index.php?rest_route=\/wp\/v2\/posts\/2087704","targetHints":{"allow":["GET"]}}],"collection":[{"href":"https:\/\/analyse.optim.biz\/index.php?rest_route=\/wp\/v2\/posts"}],"about":[{"href":"https:\/\/analyse.optim.biz\/index.php?rest_route=\/wp\/v2\/types\/post"}],"author":[{"embeddable":true,"href":"https:\/\/analyse.optim.biz\/index.php?rest_route=\/wp\/v2\/users\/1"}],"replies":[{"embeddable":true,"href":"https:\/\/analyse.optim.biz\/index.php?rest_route=%2Fwp%2Fv2%2Fcomments&post=2087704"}],"version-history":[{"count":0,"href":"https:\/\/analyse.optim.biz\/index.php?rest_route=\/wp\/v2\/posts\/2087704\/revisions"}],"wp:attachment":[{"href":"https:\/\/analyse.optim.biz\/index.php?rest_route=%2Fwp%2Fv2%2Fmedia&parent=2087704"}],"wp:term":[{"taxonomy":"category","embeddable":true,"href":"https:\/\/analyse.optim.biz\/index.php?rest_route=%2Fwp%2Fv2%2Fcategories&post=2087704"},{"taxonomy":"post_tag","embeddable":true,"href":"https:\/\/analyse.optim.biz\/index.php?rest_route=%2Fwp%2Fv2%2Ftags&post=2087704"}],"curies":[{"name":"wp","href":"https:\/\/api.w.org\/{rel}","templated":true}]}}