{"id":2087665,"date":"2026-08-10T13:24:18","date_gmt":"2026-08-10T10:24:18","guid":{"rendered":"https:\/\/analyse.optim.biz\/?p=2087665"},"modified":"2026-08-10T13:24:18","modified_gmt":"2026-08-10T10:24:18","slug":"consiliul-judetean-buzau-este-convocat-in-sedinta-extraordinara-in-data-de-11-08-2026-ora-1200","status":"publish","type":"post","link":"https:\/\/analyse.optim.biz\/?p=2087665","title":{"rendered":"Consiliul Jude\u021bean Buz\u0103u este convocat \u00een sedin\u021b\u0103 extraordinar\u0103 \u00een data de 11.08.2026, ora\u00a0 12:00"},"content":{"rendered":"<p>[analyse_image type=&#8221;featured&#8221; src=&#8221;https:\/\/revistaverde.ro\/wp-content\/uploads\/2023\/10\/cj-v.jpg&#8221;]<\/p>\n<article id=\"post-15790\" class=\"post-15790 post type-post status-publish format-standard has-post-thumbnail hentry category-comunicate-de-presa category-evnimente category-international\">\n<header class=\"entry-header mh-clearfix\">\n<h1 class=\"entry-title\">Consiliul Jude\u021bean Buz\u0103u este convocat \u00een sedin\u021b\u0103 extraordinar\u0103 \u00een data de 11.08.2026, ora\u00a0 12:00<\/h1>\n<p class=\"mh-meta entry-meta\"><span class=\"entry-meta-date updated\"><a href=\"https:\/\/revistaverde.ro\/2026\/08\/\">august 10, 2026<\/a><\/span><span class=\"entry-meta-author author vcard\"><a class=\"fn\" href=\"https:\/\/revistaverde.ro\/author\/revistaverdefrumoasa2017\/\">M\u0103rg\u0103rit GROSU<\/a><\/span><span class=\"entry-meta-categories\"><a href=\"https:\/\/revistaverde.ro\/category\/local\/comunicate-de-presa\/\" rel=\"category tag\">Comunicate de presa<\/a>, <a href=\"https:\/\/revistaverde.ro\/category\/local\/evnimente\/\" rel=\"category tag\">Evenimente<\/a>, <a href=\"https:\/\/revistaverde.ro\/category\/international\/\" rel=\"category tag\">international<\/a><\/span><span class=\"entry-meta-comments\"><a class=\"mh-comment-scroll\" href=\"https:\/\/revistaverde.ro\/2026\/08\/10\/consiliul-judetean-buzau-este-convocat-in-sedinta-extraordinara-in-data-de-11-08-2026-ora-1200\/#mh-comments\">0<\/a><\/span><\/p>\n<\/header>\n<div class=\"entry-content mh-clearfix\">\n<figure class=\"entry-thumbnail\"><img decoding=\"async\" src=\"https:\/\/revistaverde.ro\/wp-content\/uploads\/2023\/10\/cj-v.jpg\" alt title=\"cj v\"><\/figure>\n<h1 class=\"wp-block-heading\">\u0218edin\u021b\u0103 11.08.2026<\/h1>\n<p>Prin\u00a0<a href=\"http:\/\/cjbuzau.ro\/wp-content\/uploads\/2026\/08\/Disp.-convocare-extra-11-AUGUST-2026.pdf\" target=\"_blank\" rel=\"noreferrer noopener\">Dispozi\u021bia nr. 428\/06.08.2026<\/a>\u00a0Consiliul jude\u021bean Buz\u0103u este convocat \u00een sedin\u021b\u0103 extraordinar\u0103 \u00een data de 11.08.2026, ora\u00a0 12:00<br \/><strong>PROIECTE DE HOT\u0102R\u00c2RE:<\/strong><\/p>\n<p><a href=\"http:\/\/cjbuzau.ro\/wp-content\/uploads\/2026\/08\/Proiect-nr.158-din-2026.pdf\" target=\"_blank\" rel=\"noreferrer noopener\">Proiect de hot\u0103r\u00e2re nr. 158\/2026 privind aprobarea utiliz\u0103rii \u00een anul 2026 a excedentului anual al bugetului propriu al jude\u021bului Buz\u0103u rezultat la \u00eencheierea exerci\u021biului bugetar la 31 decembrie 2025 \u2013 form\u0103 actualizat\u0103 6<\/a><\/p>\n<p><a href=\"http:\/\/cjbuzau.ro\/wp-content\/uploads\/2026\/08\/Proiect-nr.159-din-2026.pdf\" target=\"_blank\" rel=\"noreferrer noopener\">Proiect de hot\u0103r\u00e2re nr. 159\/2026 pentru aprobarea rectific\u0103rii a V-a a bugetului propriu al Jude\u021bului Buz\u0103u <\/a><\/p>\n<div class=\"col-md-2 col-sm-4 col-xs-4\"> .col-md-2 { float:left; width: 16.6667%; } <\/div>\n<div class=\"col-md-2 col-sm-4 col-xs-4\"> .col-md-2 { float:left; width: 16.6667%; } <\/p>\n<div class=\"fb-share-button\" data-href=\"https:\/\/revistaverde.ro\/2026\/08\/10\/consiliul-judetean-buzau-este-convocat-in-sedinta-extraordinara-in-data-de-11-08-2026-ora-1200\/\" data-layout=\"button\" data-size=\"large\" data-mobile-iframe=\"true\"><a class=\"fb-xfbml-parse-ignore\" target=\"_blank\" href=\"https:\/\/www.facebook.com\/sharer\/sharer.php?u=https%3A%2F%2Frevistaverde.ro%2F2026%2F08%2F10%2Fconsiliul-judetean-buzau-este-convocat-in-sedinta-extraordinara-in-data-de-11-08-2026-ora-1200%2F&amp;src=sdkpreparse\">Share<\/a><\/div>\n<\/div>\n<div class=\"col-md-2 col-sm-4 col-xs-4\"> .col-md-2 { float:left; width: 16.6667%; } <\/div>\n<\/div>\n<\/article>\n<div class=\"entry-content mh-clearfix\">\n<figure class=\"entry-thumbnail\"><img decoding=\"async\" src=\"https:\/\/revistaverde.ro\/wp-content\/uploads\/2023\/10\/cj-v.jpg\" alt title=\"cj v\"><\/figure>\n<h1 class=\"wp-block-heading\">\u0218edin\u021b\u0103 11.08.2026<\/h1>\n<p>Prin\u00a0<a href=\"http:\/\/cjbuzau.ro\/wp-content\/uploads\/2026\/08\/Disp.-convocare-extra-11-AUGUST-2026.pdf\" target=\"_blank\" rel=\"noreferrer noopener\">Dispozi\u021bia nr. 428\/06.08.2026<\/a>\u00a0Consiliul jude\u021bean Buz\u0103u este convocat \u00een sedin\u021b\u0103 extraordinar\u0103 \u00een data de 11.08.2026, ora\u00a0 12:00<br \/><strong>PROIECTE DE HOT\u0102R\u00c2RE:<\/strong><\/p>\n<p><a href=\"http:\/\/cjbuzau.ro\/wp-content\/uploads\/2026\/08\/Proiect-nr.158-din-2026.pdf\" target=\"_blank\" rel=\"noreferrer noopener\">Proiect de hot\u0103r\u00e2re nr. 158\/2026 privind aprobarea utiliz\u0103rii \u00een anul 2026 a excedentului anual al bugetului propriu al jude\u021bului Buz\u0103u rezultat la \u00eencheierea exerci\u021biului bugetar la 31 decembrie 2025 \u2013 form\u0103 actualizat\u0103 6<\/a><\/p>\n<p><a href=\"http:\/\/cjbuzau.ro\/wp-content\/uploads\/2026\/08\/Proiect-nr.159-din-2026.pdf\" target=\"_blank\" rel=\"noreferrer noopener\">Proiect de hot\u0103r\u00e2re nr. 159\/2026 pentru aprobarea rectific\u0103rii a V-a a bugetului propriu al Jude\u021bului Buz\u0103u <\/a><\/p>\n<div class=\"col-md-2 col-sm-4 col-xs-4\"> .col-md-2 { float:left; width: 16.6667%; } <\/div>\n<div class=\"col-md-2 col-sm-4 col-xs-4\"> .col-md-2 { float:left; width: 16.6667%; } <\/p>\n<div class=\"fb-share-button\" data-href=\"https:\/\/revistaverde.ro\/2026\/08\/10\/consiliul-judetean-buzau-este-convocat-in-sedinta-extraordinara-in-data-de-11-08-2026-ora-1200\/\" data-layout=\"button\" data-size=\"large\" data-mobile-iframe=\"true\"><a class=\"fb-xfbml-parse-ignore\" target=\"_blank\" href=\"https:\/\/www.facebook.com\/sharer\/sharer.php?u=https%3A%2F%2Frevistaverde.ro%2F2026%2F08%2F10%2Fconsiliul-judetean-buzau-este-convocat-in-sedinta-extraordinara-in-data-de-11-08-2026-ora-1200%2F&amp;src=sdkpreparse\">Share<\/a><\/div>\n<\/div>\n<div class=\"col-md-2 col-sm-4 col-xs-4\"> .col-md-2 { float:left; width: 16.6667%; } <\/div>\n<\/div>\n<p>[analyse_source url=&#8221;https:\/\/revistaverde.ro\/2026\/08\/10\/consiliul-judetean-buzau-este-convocat-in-sedinta-extraordinara-in-data-de-11-08-2026-ora-1200\/&#8221;]<\/p>\n","protected":false},"excerpt":{"rendered":"<p>[analyse_image type=&#8221;featured&#8221; src=&#8221;https:\/\/revistaverde.ro\/wp-content\/uploads\/2023\/10\/cj-v.jpg&#8221;] Consiliul Jude\u021bean Buz\u0103u este convocat \u00een sedin\u021b\u0103 extraordinar\u0103 \u00een data de 11.08.2026, ora\u00a0 12:00 august 10, 2026M\u0103rg\u0103rit GROSUComunicate de presa, Evenimente, international0 \u0218edin\u021b\u0103 11.08.2026 Prin\u00a0Dispozi\u021bia nr. 428\/06.08.2026\u00a0Consiliul jude\u021bean Buz\u0103u este convocat \u00een sedin\u021b\u0103 extraordinar\u0103 \u00een data de 11.08.2026, ora\u00a0 12:00PROIECTE DE HOT\u0102R\u00c2RE: Proiect de hot\u0103r\u00e2re nr. 158\/2026 privind aprobarea utiliz\u0103rii \u00een anul [&hellip;]<\/p>\n","protected":false},"author":1,"featured_media":0,"comment_status":"open","ping_status":"","sticky":false,"template":"","format":"standard","meta":{"footnotes":""},"categories":[2],"tags":[226,57],"class_list":["post-2087665","post","type-post","status-publish","format-standard","hentry","category-politics","tag-crawlmanager","tag-revistaverde-ro"],"_links":{"self":[{"href":"https:\/\/analyse.optim.biz\/index.php?rest_route=\/wp\/v2\/posts\/2087665","targetHints":{"allow":["GET"]}}],"collection":[{"href":"https:\/\/analyse.optim.biz\/index.php?rest_route=\/wp\/v2\/posts"}],"about":[{"href":"https:\/\/analyse.optim.biz\/index.php?rest_route=\/wp\/v2\/types\/post"}],"author":[{"embeddable":true,"href":"https:\/\/analyse.optim.biz\/index.php?rest_route=\/wp\/v2\/users\/1"}],"replies":[{"embeddable":true,"href":"https:\/\/analyse.optim.biz\/index.php?rest_route=%2Fwp%2Fv2%2Fcomments&post=2087665"}],"version-history":[{"count":0,"href":"https:\/\/analyse.optim.biz\/index.php?rest_route=\/wp\/v2\/posts\/2087665\/revisions"}],"wp:attachment":[{"href":"https:\/\/analyse.optim.biz\/index.php?rest_route=%2Fwp%2Fv2%2Fmedia&parent=2087665"}],"wp:term":[{"taxonomy":"category","embeddable":true,"href":"https:\/\/analyse.optim.biz\/index.php?rest_route=%2Fwp%2Fv2%2Fcategories&post=2087665"},{"taxonomy":"post_tag","embeddable":true,"href":"https:\/\/analyse.optim.biz\/index.php?rest_route=%2Fwp%2Fv2%2Ftags&post=2087665"}],"curies":[{"name":"wp","href":"https:\/\/api.w.org\/{rel}","templated":true}]}}