{"id":2087642,"date":"2026-08-11T07:17:39","date_gmt":"2026-08-11T04:17:39","guid":{"rendered":"https:\/\/analyse.optim.biz\/?p=2087642"},"modified":"2026-08-11T07:17:39","modified_gmt":"2026-08-11T04:17:39","slug":"buzaul-gazda-campionatului-national-de-sah-pentru-persoanele-cu-deficiente-de-vedere-stiri-din-surse-buzau","status":"publish","type":"post","link":"https:\/\/analyse.optim.biz\/?p=2087642","title":{"rendered":"Buz\u0103ul, gazda Campionatului Na\u021bional de \u0218ah pentru Persoanele cu Deficien\u021be de Vedere &#8211; Stiri Din Surse Buz\u0103u"},"content":{"rendered":"<p>[analyse_image type=&#8221;featured&#8221; src=&#8221;https:\/\/stiridinsursebuzau.ro\/wp-content\/uploads\/2026\/08\/769222644_1849112179790190_8128755764341346404_n.jpg&#8221;]<\/p>\n<article class=\"page-content-single small single\">\n<div id=\"stiri-2711909008\" class=\"stiri-inainte-de-continut-3 stiri-entity-placement\"><a href=\"https:\/\/buzau.21k.ro\/\" aria-label=\"900\u00d7200\"><img decoding=\"async\" loading=\"lazy\" src=\"https:\/\/stiridinsursebuzau.ro\/wp-content\/uploads\/2026\/07\/900x200.gif\" alt width=\"900\" height=\"200\"><\/a><\/div>\n<p>Buz\u0103ul g\u0103zduie\u0219te, \u00een perioada 24 \u2013 29 august 2026, Campionatul Na\u021bional de \u0218ah pentru Persoanele cu Deficien\u021be de Vedere, o competi\u021bie care marcheaz\u0103 70 de ani de la prima \u00eentrecere de acest fel organizat\u0103 \u00een Rom\u00e2nia.<\/p>\n<p>Evenimentul este organizat de Asocia\u021bia Nev\u0103z\u0103torilor din Rom\u00e2nia \u0219i se va desf\u0103\u0219ura la Sala Sporturilor Paralimpice din Buz\u0103u, singura sal\u0103 de sport din \u021bar\u0103 destinat\u0103 persoanelor cu dizabilit\u0103\u021bi. Campionatul beneficiaz\u0103, ca \u00een fiecare an, de sprijinul Federa\u021biei Rom\u00e2ne de \u0218ah, care asigur\u0103 arbitrajul \u0219i omologarea rezultatelor. De asemenea, Autoritatea Na\u021bional\u0103 pentru Protec\u021bia Drepturilor Persoanelor cu Dizabilit\u0103\u021bi (ANPDPD) contribuie la sus\u021binerea financiar\u0103 a evenimentului.<\/p>\n<p>Peste 35 de \u0219ahi\u0219ti sunt a\u0219tepta\u021bi s\u0103 participe la edi\u021bia din acest an. Sportivii vor disputa nou\u0103 runde, \u00een sistem elve\u021bian, lupt\u00e2nd pentru titlul de campion na\u021bional, dar \u0219i pentru un loc \u00een echipa reprezentativ\u0103 a nev\u0103z\u0103torilor rom\u00e2ni.<\/p>\n<p>Partidele vor fi arbitrate de Radu-C\u0103t\u0103lin Chiril\u0103, arbitru interna\u021bional, \u0219i Florin Jidanu, singurul arbitru cu deficien\u021b\u0103 de vedere aflat \u00een activitate \u00een Rom\u00e2nia.<\/p>\n<h3 class=\"wp-block-heading\">O competi\u021bie cu \u0219apte decenii de istorie<\/h3>\n<p>Prima edi\u021bie a Campionatului Na\u021bional de \u0218ah pentru persoanele cu deficien\u021be de vedere a avut loc \u00een 1956. La 70 de ani distan\u021b\u0103, tradi\u021bia continu\u0103, iar Buz\u0103ul devine gazda unei edi\u021bii aniversare.<\/p>\n<p>Festivitatea de deschidere este programat\u0103 luni, 24 august, de la ora 15:30, iar ceremonia de premiere va avea loc vineri, 28 august, \u00eencep\u00e2nd cu ora 19:00.<\/p>\n<p>Timp de c\u00e2teva zile, Sala Sporturilor Paralimpice din Buz\u0103u va fi locul \u00een care strategia, memoria \u0219i concentrarea se \u00eent\u00e2lnesc pe tabla de \u0219ah, \u00eentr-o competi\u021bie \u00een care fiecare mutare poate face diferen\u021ba.<\/p>\n<p>\u200bRezultatele \u0219i clasamentul vor putea fi urm\u0103rite pe internet, pe site-ul de specialitate <a href=\"http:\/\/www.chess-results.com\/\" target=\"_blank\" rel=\"noreferrer noopener\">www.chess-results.com<\/a> .<\/p>\n<div class=\"post-views content-post post-48371 entry-meta load-static\" data-pvc-type=\"post\" data-pvc-id=\"48371\"><span class=\"post-views-label\">Vizualiz\u0103ri \u0219tire:<\/span><span class=\"post-views-count\">19<\/span><\/div>\n<div id=\"stiri-735334464\" class=\"stiri-dupa-continut-2 stiri-entity-placement\"><a href=\"https:\/\/rapidservicebuzau.ro\/\" aria-label=\"RAPID SUPER SERVICE\"><img loading=\"lazy\" decoding=\"async\" src=\"https:\/\/stiridinsursebuzau.ro\/wp-content\/uploads\/2026\/02\/ChatGPT-Image-10-feb.-2026-22_24_01.png\" alt width=\"1536\" height=\"1024\"><\/a><\/div>\n<div id=\"stiri-1403739974\" class=\"stiri-dupa-continut_2 stiri-entity-placement\"><a href=\"https:\/\/www.facebook.com\/profile.php?id=61564932526740\" aria-label=\"Glamour Pizza &quot;la patrat&quot;\"><img decoding=\"async\" loading=\"lazy\" src=\"https:\/\/stiridinsursebuzau.ro\/wp-content\/uploads\/2026\/02\/ChatGPT-Image-10-feb.-2026-21_57_13.png\" alt=\"Glamour Pizza &quot;la patrat&quot;\" width=\"1536\" height=\"1024\"><\/a><\/div>\n<div id=\"stiri-342721285\" class=\"stiri-dupa-continut_3 stiri-entity-placement\"><a href=\"https:\/\/www.facebook.com\/profile.php?id=61573613380169&amp;locale=ro_RO\" aria-label=\"ChatGPT Image 10 feb. 2026, 22_10_50\"><img decoding=\"async\" loading=\"lazy\" src=\"https:\/\/stiridinsursebuzau.ro\/wp-content\/uploads\/2026\/02\/ChatGPT-Image-10-feb.-2026-22_10_50.png\" alt width=\"1536\" height=\"1024\"><\/a><\/div>\n<div id=\"stiri-530297625\" class=\"stiri-dupa-continut_4 stiri-entity-placement\"><a href=\"https:\/\/www.facebook.com\/profile.php?id=100077377992379\" aria-label=\"1536 cu 1024 pixeli\"><img decoding=\"async\" loading=\"lazy\" src=\"https:\/\/stiridinsursebuzau.ro\/wp-content\/uploads\/2026\/02\/ChatGPT-Image-20-feb.-2026-14_05_15.png\" alt=\"1536 cu 1024 pixeli\" width=\"1536\" height=\"1024\"><\/a><\/div>\n<div id=\"stiri-3773820726\" class=\"stiri-dupa-continut_5 stiri-entity-placement\"><img decoding=\"async\" loading=\"lazy\" src=\"https:\/\/stiridinsursebuzau.ro\/wp-content\/uploads\/2026\/02\/ChatGPT-Image-10-feb.-2026-23_00_56.png\" alt=\"piese tractoare\" width=\"1536\" height=\"1024\"><\/div>\n<nav class=\"navigation post-navigation\" aria-label=\"Articole\">\n<h2 class=\"screen-reader-text\">Navigare \u00een articole<\/h2>\n<div class=\"nav-links\">\n<div class=\"nav-previous\"><a href=\"https:\/\/stiridinsursebuzau.ro\/primaria-scortoasa-a-pierdut-finantarea-prescolarii-au-ramas-fara-masa-calda-si-serviciile-educationale\/\" rel=\"prev\">Prim\u0103ria Scor\u021boasa a pierdut finan\u021barea. Pre\u0219colarii au r\u0103mas f\u0103r\u0103 masa cald\u0103 \u0219i serviciile educa\u021bionale <\/a><\/div>\n<\/div>\n<\/nav>\n<\/article>\n<article class=\"page-content-single small single\">\n<div id=\"stiri-2711909008\" class=\"stiri-inainte-de-continut-3 stiri-entity-placement\"><a href=\"https:\/\/buzau.21k.ro\/\" aria-label=\"900\u00d7200\"><img decoding=\"async\" loading=\"lazy\" src=\"https:\/\/stiridinsursebuzau.ro\/wp-content\/uploads\/2026\/07\/900x200.gif\" alt width=\"900\" height=\"200\"><\/a><\/div>\n<p>Buz\u0103ul g\u0103zduie\u0219te, \u00een perioada 24 \u2013 29 august 2026, Campionatul Na\u021bional de \u0218ah pentru Persoanele cu Deficien\u021be de Vedere, o competi\u021bie care marcheaz\u0103 70 de ani de la prima \u00eentrecere de acest fel organizat\u0103 \u00een Rom\u00e2nia.<\/p>\n<p>Evenimentul este organizat de Asocia\u021bia Nev\u0103z\u0103torilor din Rom\u00e2nia \u0219i se va desf\u0103\u0219ura la Sala Sporturilor Paralimpice din Buz\u0103u, singura sal\u0103 de sport din \u021bar\u0103 destinat\u0103 persoanelor cu dizabilit\u0103\u021bi. Campionatul beneficiaz\u0103, ca \u00een fiecare an, de sprijinul Federa\u021biei Rom\u00e2ne de \u0218ah, care asigur\u0103 arbitrajul \u0219i omologarea rezultatelor. De asemenea, Autoritatea Na\u021bional\u0103 pentru Protec\u021bia Drepturilor Persoanelor cu Dizabilit\u0103\u021bi (ANPDPD) contribuie la sus\u021binerea financiar\u0103 a evenimentului.<\/p>\n<p>Peste 35 de \u0219ahi\u0219ti sunt a\u0219tepta\u021bi s\u0103 participe la edi\u021bia din acest an. Sportivii vor disputa nou\u0103 runde, \u00een sistem elve\u021bian, lupt\u00e2nd pentru titlul de campion na\u021bional, dar \u0219i pentru un loc \u00een echipa reprezentativ\u0103 a nev\u0103z\u0103torilor rom\u00e2ni.<\/p>\n<p>Partidele vor fi arbitrate de Radu-C\u0103t\u0103lin Chiril\u0103, arbitru interna\u021bional, \u0219i Florin Jidanu, singurul arbitru cu deficien\u021b\u0103 de vedere aflat \u00een activitate \u00een Rom\u00e2nia.<\/p>\n<h3 class=\"wp-block-heading\">O competi\u021bie cu \u0219apte decenii de istorie<\/h3>\n<p>Prima edi\u021bie a Campionatului Na\u021bional de \u0218ah pentru persoanele cu deficien\u021be de vedere a avut loc \u00een 1956. La 70 de ani distan\u021b\u0103, tradi\u021bia continu\u0103, iar Buz\u0103ul devine gazda unei edi\u021bii aniversare.<\/p>\n<p>Festivitatea de deschidere este programat\u0103 luni, 24 august, de la ora 15:30, iar ceremonia de premiere va avea loc vineri, 28 august, \u00eencep\u00e2nd cu ora 19:00.<\/p>\n<p>Timp de c\u00e2teva zile, Sala Sporturilor Paralimpice din Buz\u0103u va fi locul \u00een care strategia, memoria \u0219i concentrarea se \u00eent\u00e2lnesc pe tabla de \u0219ah, \u00eentr-o competi\u021bie \u00een care fiecare mutare poate face diferen\u021ba.<\/p>\n<p>\u200bRezultatele \u0219i clasamentul vor putea fi urm\u0103rite pe internet, pe site-ul de specialitate <a href=\"http:\/\/www.chess-results.com\/\" target=\"_blank\" rel=\"noreferrer noopener\">www.chess-results.com<\/a> .<\/p>\n<div class=\"post-views content-post post-48371 entry-meta load-static\" data-pvc-type=\"post\" data-pvc-id=\"48371\"><span class=\"post-views-label\">Vizualiz\u0103ri \u0219tire:<\/span><span class=\"post-views-count\">19<\/span><\/div>\n<div id=\"stiri-735334464\" class=\"stiri-dupa-continut-2 stiri-entity-placement\"><a href=\"https:\/\/rapidservicebuzau.ro\/\" aria-label=\"RAPID SUPER SERVICE\"><img loading=\"lazy\" decoding=\"async\" src=\"https:\/\/stiridinsursebuzau.ro\/wp-content\/uploads\/2026\/02\/ChatGPT-Image-10-feb.-2026-22_24_01.png\" alt width=\"1536\" height=\"1024\"><\/a><\/div>\n<div id=\"stiri-1403739974\" class=\"stiri-dupa-continut_2 stiri-entity-placement\"><a href=\"https:\/\/www.facebook.com\/profile.php?id=61564932526740\" aria-label=\"Glamour Pizza &quot;la patrat&quot;\"><img decoding=\"async\" loading=\"lazy\" src=\"https:\/\/stiridinsursebuzau.ro\/wp-content\/uploads\/2026\/02\/ChatGPT-Image-10-feb.-2026-21_57_13.png\" alt=\"Glamour Pizza &quot;la patrat&quot;\" width=\"1536\" height=\"1024\"><\/a><\/div>\n<div id=\"stiri-342721285\" class=\"stiri-dupa-continut_3 stiri-entity-placement\"><a href=\"https:\/\/www.facebook.com\/profile.php?id=61573613380169&amp;locale=ro_RO\" aria-label=\"ChatGPT Image 10 feb. 2026, 22_10_50\"><img decoding=\"async\" loading=\"lazy\" src=\"https:\/\/stiridinsursebuzau.ro\/wp-content\/uploads\/2026\/02\/ChatGPT-Image-10-feb.-2026-22_10_50.png\" alt width=\"1536\" height=\"1024\"><\/a><\/div>\n<div id=\"stiri-530297625\" class=\"stiri-dupa-continut_4 stiri-entity-placement\"><a href=\"https:\/\/www.facebook.com\/profile.php?id=100077377992379\" aria-label=\"1536 cu 1024 pixeli\"><img decoding=\"async\" loading=\"lazy\" src=\"https:\/\/stiridinsursebuzau.ro\/wp-content\/uploads\/2026\/02\/ChatGPT-Image-20-feb.-2026-14_05_15.png\" alt=\"1536 cu 1024 pixeli\" width=\"1536\" height=\"1024\"><\/a><\/div>\n<div id=\"stiri-3773820726\" class=\"stiri-dupa-continut_5 stiri-entity-placement\"><img decoding=\"async\" loading=\"lazy\" src=\"https:\/\/stiridinsursebuzau.ro\/wp-content\/uploads\/2026\/02\/ChatGPT-Image-10-feb.-2026-23_00_56.png\" alt=\"piese tractoare\" width=\"1536\" height=\"1024\"><\/div>\n<nav class=\"navigation post-navigation\" aria-label=\"Articole\">\n<h2 class=\"screen-reader-text\">Navigare \u00een articole<\/h2>\n<div class=\"nav-links\">\n<div class=\"nav-previous\"><a href=\"https:\/\/stiridinsursebuzau.ro\/primaria-scortoasa-a-pierdut-finantarea-prescolarii-au-ramas-fara-masa-calda-si-serviciile-educationale\/\" rel=\"prev\">Prim\u0103ria Scor\u021boasa a pierdut finan\u021barea. Pre\u0219colarii au r\u0103mas f\u0103r\u0103 masa cald\u0103 \u0219i serviciile educa\u021bionale <\/a><\/div>\n<\/div>\n<\/nav>\n<\/article>\n<p>[analyse_source url=&#8221;https:\/\/stiridinsursebuzau.ro\/buzaul-gazda-campionatului-national-de-sah-pentru-persoanele-cu-deficiente-de-vedere\/&#8221;]<\/p>\n","protected":false},"excerpt":{"rendered":"<p>[analyse_image type=&#8221;featured&#8221; src=&#8221;https:\/\/stiridinsursebuzau.ro\/wp-content\/uploads\/2026\/08\/769222644_1849112179790190_8128755764341346404_n.jpg&#8221;] Buz\u0103ul g\u0103zduie\u0219te, \u00een perioada 24 \u2013 29 august 2026, Campionatul Na\u021bional de \u0218ah pentru Persoanele cu Deficien\u021be de Vedere, o competi\u021bie care marcheaz\u0103 70 de ani de la prima \u00eentrecere de acest fel organizat\u0103 \u00een Rom\u00e2nia. Evenimentul este organizat de Asocia\u021bia Nev\u0103z\u0103torilor din Rom\u00e2nia \u0219i se va desf\u0103\u0219ura la Sala Sporturilor Paralimpice [&hellip;]<\/p>\n","protected":false},"author":1,"featured_media":0,"comment_status":"open","ping_status":"","sticky":false,"template":"","format":"standard","meta":{"footnotes":""},"categories":[2],"tags":[226,60],"class_list":["post-2087642","post","type-post","status-publish","format-standard","hentry","category-politics","tag-crawlmanager","tag-stiridinsursebuzau-ro"],"_links":{"self":[{"href":"https:\/\/analyse.optim.biz\/index.php?rest_route=\/wp\/v2\/posts\/2087642","targetHints":{"allow":["GET"]}}],"collection":[{"href":"https:\/\/analyse.optim.biz\/index.php?rest_route=\/wp\/v2\/posts"}],"about":[{"href":"https:\/\/analyse.optim.biz\/index.php?rest_route=\/wp\/v2\/types\/post"}],"author":[{"embeddable":true,"href":"https:\/\/analyse.optim.biz\/index.php?rest_route=\/wp\/v2\/users\/1"}],"replies":[{"embeddable":true,"href":"https:\/\/analyse.optim.biz\/index.php?rest_route=%2Fwp%2Fv2%2Fcomments&post=2087642"}],"version-history":[{"count":0,"href":"https:\/\/analyse.optim.biz\/index.php?rest_route=\/wp\/v2\/posts\/2087642\/revisions"}],"wp:attachment":[{"href":"https:\/\/analyse.optim.biz\/index.php?rest_route=%2Fwp%2Fv2%2Fmedia&parent=2087642"}],"wp:term":[{"taxonomy":"category","embeddable":true,"href":"https:\/\/analyse.optim.biz\/index.php?rest_route=%2Fwp%2Fv2%2Fcategories&post=2087642"},{"taxonomy":"post_tag","embeddable":true,"href":"https:\/\/analyse.optim.biz\/index.php?rest_route=%2Fwp%2Fv2%2Ftags&post=2087642"}],"curies":[{"name":"wp","href":"https:\/\/api.w.org\/{rel}","templated":true}]}}