{"id":2087438,"date":"2026-08-11T08:51:03","date_gmt":"2026-08-11T05:51:03","guid":{"rendered":"https:\/\/analyse.optim.biz\/?p=2087438"},"modified":"2026-08-11T08:51:03","modified_gmt":"2026-08-11T05:51:03","slug":"consiliul-judetean-timis-a-lansat-licitatia-pentru-proiectarea-unei-noi-sali-de-concerte-in-centrul-timisoarei-investitia-este-estimata-la-35-40-de-milioane-de-euro","status":"publish","type":"post","link":"https:\/\/analyse.optim.biz\/?p=2087438","title":{"rendered":"Consiliul Jude\u021bean Timi\u0219 a lansat licita\u021bia pentru proiectarea unei noi s\u0103li de concerte \u00een centrul Timi\u0219oarei. Investi\u021bia este estimat\u0103 la 35-40 de milioane de euro"},"content":{"rendered":"<p>[analyse_image type=&#8221;featured&#8221; src=&#8221;https:\/\/www.tion.ro\/wp-content\/uploads\/2026\/08\/+otf\/1200&#215;630\/AG6e7eslGQ5u1gcyjcRwoE5PVF9WRVJZX1NFQ7CVNZTFk3__RqymQe7DZzabNjMVKoxFcv2w0khyODn5rfWscN8uE7D__OYuPKLtzxaIISIVQ4vjdEwtFdtkIgiGI=\/6438136WhatsAppImage20260811at114726.jpeg&#8221;]<\/p>\n<article id=\"post-2332083\" class>\n<div class=\"entry-content clearfix\">\n<div class=\"enewsArticleContent\">\n<p>Potrivit informa\u021biilor publicate \u00een Sistemul Electronic de Achizi\u021bii Publice (SEAP), valoarea estimat\u0103 a contractului de proiectare este de 15,29 milioane de lei, f\u0103r\u0103 TVA. Ofertele pot fi depuse p\u00e2n\u0103 la 1 octombrie, ora 15:00.<\/p>\n<blockquote>\n<p>\u201eFacem primul pas pentru construirea unei cl\u0103diri iconice \u00een zona zero a Timi\u0219oarei, acolo unde acum func\u021bioneaz\u0103 parcarea Consiliului Jude\u021bean Timi\u0219. Am lansat ast\u0103zi licita\u021bia pentru realizarea proiectului viitorului centru multifunc\u021bional, o cl\u0103dire pe care ne-o dorim cu o arhitectur\u0103 impresionant\u0103, care s\u0103 devin\u0103 unul dintre reperele Timi\u0219oarei\u201d, a transmit Alfred Simonis, pre\u0219edintele CJT.<\/p>\n<\/blockquote>\n<h3><strong>Ce va trebui s\u0103 fac\u0103 firma care va c\u00e2\u0219tiga licita\u021bia<\/strong><\/h3>\n<p>Contractul include realizarea mai multor documenta\u021bii necesare \u00eenaintea \u00eenceperii lucr\u0103rilor. Printre acestea se num\u0103r\u0103 Planul Urbanistic de Detaliu, studiul de fezabilitate, documenta\u021biile necesare pentru ob\u021binerea avizelor \u0219i autoriza\u021biilor, proiectul pentru autorizarea construirii, proiectul tehnic \u0219i detaliile de execu\u021bie.<\/p>\n<p>Firma care va realiza proiectarea va trebui s\u0103 asigure \u0219i asisten\u021b\u0103 tehnic\u0103 pe perioada lucr\u0103rilor.<br \/>\nConform documenta\u021biei din SEAP, serviciile pentru primele dou\u0103 etape de proiectare vor fi prestate \u00eentr-un termen de 240 de zile de la emiterea ordinului de \u00eencepere. Contractul va r\u0103m\u00e2ne valabil p\u00e2n\u0103 la finalizarea lucr\u0103rilor \u0219i recep\u021bia acestora.<\/p>\n<p>Documenta\u021bia realizat\u0103 prin acest contract ar urma s\u0103 stea la baza acces\u0103rii unor fonduri europene prin Programul Regional Vest 2021-2027, \u00een cadrul apelului destinat infrastructurii culturale publice.<\/p>\n<h3><strong>Cum ar urma s\u0103 arate viitorul centru multifunc\u021bional<\/strong><\/h3>\n<p>Pre\u0219edintele Consiliului Jude\u021bean Timi\u0219, Alfred Simonis, a anun\u021bat c\u0103 proiectul preg\u0103tit de administra\u021bia jude\u021bean\u0103 ar urma s\u0103 includ\u0103 o sal\u0103 principal\u0103 de concerte cu cel pu\u021bin 1.000 de locuri, conceput\u0103 pentru a avea condi\u021bii de acustic\u0103 natural\u0103 la standarde interna\u021bionale.<\/p>\n<p>Potrivit acestuia, ansamblul ar urma s\u0103 cuprind\u0103 \u0219i s\u0103li multifunc\u021bionale \u0219i spa\u021bii pentru expozi\u021bii. La parter \u0219i mezanin sunt prev\u0103zute, \u00een plan, spa\u021bii comerciale, precum libr\u0103rii, galerii de art\u0103, magazine de design, cafenele \u0219i restaurante.<\/p>\n<p>Proiectul include \u0219i o parcare public\u0103 supraetajat\u0103 cu aproximativ 200 de locuri.<\/p>\n<p>Simonis spune c\u0103 administra\u021bia jude\u021bean\u0103 \u00ee\u0219i dore\u0219te ca la procedura de proiectare s\u0103 participe echipe conduse de arhitec\u021bi cu recunoa\u0219tere interna\u021bional\u0103, av\u00e2nd \u00een vedere amplasarea construc\u021biei \u00een centrul ora\u0219ului, \u00een vecin\u0103tatea unor cl\u0103diri istorice.<\/p>\n<h3><strong>Investi\u021bia, estimat\u0103 la 35-40 de milioane de euro<\/strong><\/h3>\n<p>Valoarea de 15,29 milioane de lei f\u0103r\u0103 TVA, men\u021bionat\u0103 \u00een SEAP, se refer\u0103 la contractul de servicii de proiectare. Separat, investi\u021bia pentru construirea \u00eentregului obiectiv este estimat\u0103 de Consiliul Jude\u021bean Timi\u0219 la 35-40 de milioane de euro.<\/p>\n<p>Potrivit lui Alfred Simonis, banii pentru investi\u021bie ar urma s\u0103 provin\u0103 din fonduri europene \u0219i de la bugetul Consiliului Jude\u021bean Timi\u0219.<\/p>\n<p>Pre\u0219edintele CJ Timi\u0219 a precizat c\u0103 ofertele pentru contractul de proiectare vor fi deschise la 1 octombrie. \u00cen cazul \u00een care procedura nu va fi contestat\u0103, contractul ar putea fi semnat \u00een luna decembrie, iar proiectarea ar urma s\u0103 dureze aproximativ opt luni.<\/p>\n<p>\u00cen acest moment, proiectul se afl\u0103, a\u0219adar, \u00een etapa de achizi\u021bie a serviciilor de proiectare. Construirea efectiv\u0103 a centrului va necesita o etap\u0103 ulterioar\u0103 de contractare a lucr\u0103rilor.<\/p>\n<div class=\"fbShareLikeTwitterAndEmailContainer\">\n<div class=\"wrapper\">\n<div class=\"email\">\n<div id=\"mailto-pop\" class=\"pop-form pop-form-mailto\">\n<div class=\"pop-form-header\">\n<h4>Trimite articolul<\/h4>\n<p><a class=\"pop-form-close\">X<\/a><\/div>\n<\/div>\n<\/div>\n<\/div>\n<\/div>\n<div class=\"comments\">\n<div class=\"top\">\n<div class=\"commentsNumber\"><span class=\"number\">0<\/span><span class=\"text\">Comentarii<\/span><\/div>\n<\/div>\n<div class=\"center\">\n<div id=\"respond\" class=\"comment-respond\">\n<h3 id=\"reply-title\" class=\"comment-reply-title\"><small><a rel=\"nofollow\" id=\"cancel-comment-reply-link\" href=\"https:\/\/www.tion.ro\/stirile-judetului-timis\/consiliul-judetean-timis-a-lansat-licitatia-pentru-proiectarea-unei-noi-sali-de-concerte-in-centrul-timisoarei-investitia-este-estimata-la-35-40-de-milioane-de-euro-2332083\/#respond\">Cancel reply<\/a><\/small><\/h3>\n<p class=\"comment-notes\"><span id=\"email-notes\">Your email address will not be published.<\/span><span class=\"required-field-message\">Required fields are marked <span class=\"required\">*<\/span><\/span><\/p>\n<p class=\"commentFormComment\"><span id=\"commentFormCount\"><br \/>\n                            inca<br \/>\n                            <span id=\"countCommentText\">1000<\/span><br \/>\n                            caractere ramase<br \/>\n                        <\/span><\/p>\n<\/div>\n<\/div>\n<div class=\"bottom\">\n<p class=\"forumDisclaimerHuRo\">\n            Citi\u021bi principiile noastre de moderare <a href=\"https:\/\/www.tion.ro\/reguli-postare-comentarii\/\" target=\"_blank\">aici<\/a>!\n        <\/p>\n<\/div>\n<\/div>\n<\/div>\n<\/div>\n<\/article>\n<div class=\"entry-content clearfix\">\n<div class=\"enewsArticleContent\">\n<p>Potrivit informa\u021biilor publicate \u00een Sistemul Electronic de Achizi\u021bii Publice (SEAP), valoarea estimat\u0103 a contractului de proiectare este de 15,29 milioane de lei, f\u0103r\u0103 TVA. Ofertele pot fi depuse p\u00e2n\u0103 la 1 octombrie, ora 15:00.<\/p>\n<blockquote>\n<p>\u201eFacem primul pas pentru construirea unei cl\u0103diri iconice \u00een zona zero a Timi\u0219oarei, acolo unde acum func\u021bioneaz\u0103 parcarea Consiliului Jude\u021bean Timi\u0219. Am lansat ast\u0103zi licita\u021bia pentru realizarea proiectului viitorului centru multifunc\u021bional, o cl\u0103dire pe care ne-o dorim cu o arhitectur\u0103 impresionant\u0103, care s\u0103 devin\u0103 unul dintre reperele Timi\u0219oarei\u201d, a transmit Alfred Simonis, pre\u0219edintele CJT.<\/p>\n<\/blockquote>\n<h3><strong>Ce va trebui s\u0103 fac\u0103 firma care va c\u00e2\u0219tiga licita\u021bia<\/strong><\/h3>\n<p>Contractul include realizarea mai multor documenta\u021bii necesare \u00eenaintea \u00eenceperii lucr\u0103rilor. Printre acestea se num\u0103r\u0103 Planul Urbanistic de Detaliu, studiul de fezabilitate, documenta\u021biile necesare pentru ob\u021binerea avizelor \u0219i autoriza\u021biilor, proiectul pentru autorizarea construirii, proiectul tehnic \u0219i detaliile de execu\u021bie.<\/p>\n<p>Firma care va realiza proiectarea va trebui s\u0103 asigure \u0219i asisten\u021b\u0103 tehnic\u0103 pe perioada lucr\u0103rilor.<br \/>\nConform documenta\u021biei din SEAP, serviciile pentru primele dou\u0103 etape de proiectare vor fi prestate \u00eentr-un termen de 240 de zile de la emiterea ordinului de \u00eencepere. Contractul va r\u0103m\u00e2ne valabil p\u00e2n\u0103 la finalizarea lucr\u0103rilor \u0219i recep\u021bia acestora.<\/p>\n<p>Documenta\u021bia realizat\u0103 prin acest contract ar urma s\u0103 stea la baza acces\u0103rii unor fonduri europene prin Programul Regional Vest 2021-2027, \u00een cadrul apelului destinat infrastructurii culturale publice.<\/p>\n<h3><strong>Cum ar urma s\u0103 arate viitorul centru multifunc\u021bional<\/strong><\/h3>\n<p>Pre\u0219edintele Consiliului Jude\u021bean Timi\u0219, Alfred Simonis, a anun\u021bat c\u0103 proiectul preg\u0103tit de administra\u021bia jude\u021bean\u0103 ar urma s\u0103 includ\u0103 o sal\u0103 principal\u0103 de concerte cu cel pu\u021bin 1.000 de locuri, conceput\u0103 pentru a avea condi\u021bii de acustic\u0103 natural\u0103 la standarde interna\u021bionale.<\/p>\n<p>Potrivit acestuia, ansamblul ar urma s\u0103 cuprind\u0103 \u0219i s\u0103li multifunc\u021bionale \u0219i spa\u021bii pentru expozi\u021bii. La parter \u0219i mezanin sunt prev\u0103zute, \u00een plan, spa\u021bii comerciale, precum libr\u0103rii, galerii de art\u0103, magazine de design, cafenele \u0219i restaurante.<\/p>\n<p>Proiectul include \u0219i o parcare public\u0103 supraetajat\u0103 cu aproximativ 200 de locuri.<\/p>\n<p>Simonis spune c\u0103 administra\u021bia jude\u021bean\u0103 \u00ee\u0219i dore\u0219te ca la procedura de proiectare s\u0103 participe echipe conduse de arhitec\u021bi cu recunoa\u0219tere interna\u021bional\u0103, av\u00e2nd \u00een vedere amplasarea construc\u021biei \u00een centrul ora\u0219ului, \u00een vecin\u0103tatea unor cl\u0103diri istorice.<\/p>\n<h3><strong>Investi\u021bia, estimat\u0103 la 35-40 de milioane de euro<\/strong><\/h3>\n<p>Valoarea de 15,29 milioane de lei f\u0103r\u0103 TVA, men\u021bionat\u0103 \u00een SEAP, se refer\u0103 la contractul de servicii de proiectare. Separat, investi\u021bia pentru construirea \u00eentregului obiectiv este estimat\u0103 de Consiliul Jude\u021bean Timi\u0219 la 35-40 de milioane de euro.<\/p>\n<p>Potrivit lui Alfred Simonis, banii pentru investi\u021bie ar urma s\u0103 provin\u0103 din fonduri europene \u0219i de la bugetul Consiliului Jude\u021bean Timi\u0219.<\/p>\n<p>Pre\u0219edintele CJ Timi\u0219 a precizat c\u0103 ofertele pentru contractul de proiectare vor fi deschise la 1 octombrie. \u00cen cazul \u00een care procedura nu va fi contestat\u0103, contractul ar putea fi semnat \u00een luna decembrie, iar proiectarea ar urma s\u0103 dureze aproximativ opt luni.<\/p>\n<p>\u00cen acest moment, proiectul se afl\u0103, a\u0219adar, \u00een etapa de achizi\u021bie a serviciilor de proiectare. Construirea efectiv\u0103 a centrului va necesita o etap\u0103 ulterioar\u0103 de contractare a lucr\u0103rilor.<\/p>\n<div class=\"fbShareLikeTwitterAndEmailContainer\">\n<div class=\"wrapper\">\n<div class=\"email\">\n<div id=\"mailto-pop\" class=\"pop-form pop-form-mailto\">\n<div class=\"pop-form-header\">\n<h4>Trimite articolul<\/h4>\n<p><a class=\"pop-form-close\">X<\/a><\/div>\n<\/div>\n<\/div>\n<\/div>\n<\/div>\n<div class=\"comments\">\n<div class=\"top\">\n<div class=\"commentsNumber\"><span class=\"number\">0<\/span><span class=\"text\">Comentarii<\/span><\/div>\n<\/div>\n<div class=\"center\">\n<div id=\"respond\" class=\"comment-respond\">\n<h3 id=\"reply-title\" class=\"comment-reply-title\"><small><a rel=\"nofollow\" id=\"cancel-comment-reply-link\" href=\"https:\/\/www.tion.ro\/stirile-judetului-timis\/consiliul-judetean-timis-a-lansat-licitatia-pentru-proiectarea-unei-noi-sali-de-concerte-in-centrul-timisoarei-investitia-este-estimata-la-35-40-de-milioane-de-euro-2332083\/#respond\">Cancel reply<\/a><\/small><\/h3>\n<p class=\"comment-notes\"><span id=\"email-notes\">Your email address will not be published.<\/span><span class=\"required-field-message\">Required fields are marked <span class=\"required\">*<\/span><\/span><\/p>\n<p class=\"commentFormComment\"><span id=\"commentFormCount\"><br \/>\n                            inca<br \/>\n                            <span id=\"countCommentText\">1000<\/span><br \/>\n                            caractere ramase<br \/>\n                        <\/span><\/p>\n<\/div>\n<\/div>\n<div class=\"bottom\">\n<p class=\"forumDisclaimerHuRo\">\n            Citi\u021bi principiile noastre de moderare <a href=\"https:\/\/www.tion.ro\/reguli-postare-comentarii\/\" target=\"_blank\">aici<\/a>!\n        <\/p>\n<\/div>\n<\/div>\n<\/div>\n<\/div>\n<p>[analyse_source url=&#8221;https:\/\/www.tion.ro\/stirile-judetului-timis\/consiliul-judetean-timis-a-lansat-licitatia-pentru-proiectarea-unei-noi-sali-de-concerte-in-centrul-timisoarei-investitia-este-estimata-la-35-40-de-milioane-de-euro-2332083\/&#8221;]<\/p>\n","protected":false},"excerpt":{"rendered":"<p>[analyse_image type=&#8221;featured&#8221; src=&#8221;https:\/\/www.tion.ro\/wp-content\/uploads\/2026\/08\/+otf\/1200&#215;630\/AG6e7eslGQ5u1gcyjcRwoE5PVF9WRVJZX1NFQ7CVNZTFk3__RqymQe7DZzabNjMVKoxFcv2w0khyODn5rfWscN8uE7D__OYuPKLtzxaIISIVQ4vjdEwtFdtkIgiGI=\/6438136WhatsAppImage20260811at114726.jpeg&#8221;] Potrivit informa\u021biilor publicate \u00een Sistemul Electronic de Achizi\u021bii Publice (SEAP), valoarea estimat\u0103 a contractului de proiectare este de 15,29 milioane de lei, f\u0103r\u0103 TVA. Ofertele pot fi depuse p\u00e2n\u0103 la 1 octombrie, ora 15:00. \u201eFacem primul pas pentru construirea unei cl\u0103diri iconice \u00een zona zero a Timi\u0219oarei, acolo unde acum func\u021bioneaz\u0103 parcarea [&hellip;]<\/p>\n","protected":false},"author":1,"featured_media":0,"comment_status":"open","ping_status":"","sticky":false,"template":"","format":"standard","meta":{"footnotes":""},"categories":[89],"tags":[226,191],"class_list":["post-2087438","post","type-post","status-publish","format-standard","hentry","category-romania","tag-crawlmanager","tag-tion-ro"],"_links":{"self":[{"href":"https:\/\/analyse.optim.biz\/index.php?rest_route=\/wp\/v2\/posts\/2087438","targetHints":{"allow":["GET"]}}],"collection":[{"href":"https:\/\/analyse.optim.biz\/index.php?rest_route=\/wp\/v2\/posts"}],"about":[{"href":"https:\/\/analyse.optim.biz\/index.php?rest_route=\/wp\/v2\/types\/post"}],"author":[{"embeddable":true,"href":"https:\/\/analyse.optim.biz\/index.php?rest_route=\/wp\/v2\/users\/1"}],"replies":[{"embeddable":true,"href":"https:\/\/analyse.optim.biz\/index.php?rest_route=%2Fwp%2Fv2%2Fcomments&post=2087438"}],"version-history":[{"count":0,"href":"https:\/\/analyse.optim.biz\/index.php?rest_route=\/wp\/v2\/posts\/2087438\/revisions"}],"wp:attachment":[{"href":"https:\/\/analyse.optim.biz\/index.php?rest_route=%2Fwp%2Fv2%2Fmedia&parent=2087438"}],"wp:term":[{"taxonomy":"category","embeddable":true,"href":"https:\/\/analyse.optim.biz\/index.php?rest_route=%2Fwp%2Fv2%2Fcategories&post=2087438"},{"taxonomy":"post_tag","embeddable":true,"href":"https:\/\/analyse.optim.biz\/index.php?rest_route=%2Fwp%2Fv2%2Ftags&post=2087438"}],"curies":[{"name":"wp","href":"https:\/\/api.w.org\/{rel}","templated":true}]}}