{"id":2087436,"date":"2026-08-11T08:28:33","date_gmt":"2026-08-11T05:28:33","guid":{"rendered":"https:\/\/analyse.optim.biz\/?p=2087436"},"modified":"2026-08-11T08:28:33","modified_gmt":"2026-08-11T05:28:33","slug":"trebuia-sa-isi-piarda-fritz-mandatul-explicatiile-unui-avocat-pentru-tion-ro","status":"publish","type":"post","link":"https:\/\/analyse.optim.biz\/?p=2087436","title":{"rendered":"Trebuia s\u0103 \u00ee\u0219i piard\u0103 Fritz mandatul? Explica\u021biile unui avocat pentru Tion.ro"},"content":{"rendered":"<p>[analyse_image type=&#8221;featured&#8221; src=&#8221;https:\/\/www.tion.ro\/wp-content\/uploads\/2026\/05\/+otf\/1200&#215;630\/nNo3EZyEcinA7fNfQI+m805PVF9WRVJZX1NFQzRGxWlBKw7lObJzIl0pJjpEl95yhOXfs8Y0Zd8w7Y0RriIfL__+++lsve__5kPLmblA2if0ywKddMEYm8eRPnijI=\/8235731WhatsAppImage20260508at131208.jpeg&#8221;]<\/p>\n<article id=\"post-2332026\" class>\n<div class=\"entry-content clearfix\">\n<div class=\"enewsArticleContent\">\n<p>Agen\u021bia Na\u021bional\u0103 de Integritate l-a g\u0103sit pe primarul Dominic Fritz \u00een conflict de interese pentru fapte petrecute la scurt timp dup\u0103 \u00eenceputul primului s\u0103u mandat. Raportul a fost confirmat definitiv dup\u0103 ce Fritz a contestat decizia, dosarul ajung\u00e2nd la Curtea de Apel Timi\u0219oara \u0219i, ulterior, la \u00cenalta Curte de Casa\u021bie \u0219i Justi\u021bie. \u00cen urma acestor demersuri, Agen\u021bia Na\u021bional\u0103 de Integritate i-a cerut prefectului de Timi\u0219 Paul Finta s\u0103 emit\u0103 ordinul de sanc\u021bionare a edilului. Astfel, primarul a fost sanc\u021bionat cu 10% din indemniza\u021bie pe o perioad\u0103 de \u0219ase luni.<\/p>\n<p>Decizia a dat startul unei serii \u00eentregi de discu\u021bii, acuza\u021bii \u0219i amenin\u021b\u0103ri politice \u0219i juridice, \u00een condi\u021biile \u00een care adversarii politici ai USR au cerut demiterea primarului. V\u0103 prezent\u0103m \u0219i noi o explica\u021bie juridic\u0103: ne-a explicat c\u00e2t de legitim\u0103 a fost decizia prefectului de a nu \u00eencheia prematur mandatului lui Fritz avocatul Cristian Faur.<\/p>\n<blockquote>\n<p>\u201eS\u0103 o lu\u0103m de la \u00eenceput: primarul Fritz a fost g\u0103sit de c\u0103tre Agen\u021bia de Integritate ca fiind \u00eentr-un conflict de interese. S-a atacat legalitatea raportului Agen\u021biei Na\u021bionale de Integritate \u0219i a r\u0103mas definitiv: raportul este bun, adic\u0103 c\u0103 el a fost, pe bun\u0103 dreptate, \u00een conflict de interese.<\/p>\n<p>Acum, legea face o distinc\u021bie \u00eentre conflictul de interese \u0219i incompatibilitate. Sanc\u021biunea \u00eencet\u0103rii mandatului, de asta vuie\u0219te presa, se aplic\u0103 pentru situa\u021biile \u00een care e\u0219ti \u00een incompatibilitate. De ce? E cumva logic: incompatibilitatea se refer\u0103 la o situa\u021bie \u00een care faci un cumul de func\u021bii, ocupi dou\u0103 pozi\u021bii pe care n-ai voie s\u0103 le ocupi (simultan \u2013 n.r.). E evident c\u0103 nu po\u021bi s\u0103-\u021bi ocupi func\u021bia \u00een continuare dac\u0103 tu ocupi mai multe func\u021bii.<\/p>\n<p>Or, la conflict de interese, sanc\u021biunea este, o dat\u0103, cea disciplinar\u0103 pe care a aplicat prefectul \u2013 10% din salariu pentru o perioad\u0103 de 6 luni. \u0218i mai exist\u0103 o sanc\u021biune care opereaz\u0103 \u00een baza legii, respectiv interdic\u021bia de a nu candida pentru o perioad\u0103 de 3 ani, interdic\u021bie care curge de la \u00eencetarea mandatului, dar pentru asta nu mai vine prefectul sau vreo alt\u0103 autoritate s\u0103 emit\u0103 un act administrativ s\u0103 ne spun\u0103 lucrurile acestea. (\u2026) Dac\u0103 el vrea s\u0103 mai candideze la prim\u0103rie, la parlament sau la orice altceva, dosarul lui va fi respins. Sau, dac\u0103 chiar reu\u0219e\u0219te s\u0103 candideze, nu va fi validat la momentul depunerii jur\u0103m\u00e2ntului\u201d, a declarat pentru Tion avocatul Cristian Faur.<\/p>\n<\/blockquote>\n<h3><strong>Asem\u0103n\u0103ri \u0219i diferen\u021be fa\u021b\u0103 de \u201ecazul Reca\u0219\u201d<\/strong><\/h3>\n<p>Dup\u0103 ce prefectul a semnat ordinul de sanc\u021bionare a primarului, PSD l-a acuzat pe acesta c\u0103 face un \u201eabuz\u201d aleg\u00e2nd s\u0103 nu dispun\u0103 \u00eencetarea mandatului. Finta amintea de precedentul fostului primar Pavel Teodor, de la Reca\u0219, care, la fel ca Fritz, s-a ales doar cu o reducere a indemniza\u021biei \u0219i interdic\u021bia de a mai candida. Social-democra\u021bii, \u00eens\u0103, au spus c\u0103 situa\u021bia este diferit\u0103 pentru c\u0103, \u00een cazul lui Fritz, motivarea primei instan\u021bei vorbe\u0219te direct despre \u00eencetarea mandatului. Situa\u021bia, \u00eens\u0103, este mai nuan\u021bat\u0103.<\/p>\n<blockquote>\n<p>\u201eAm citit \u0219i eu decizia cur\u021bii: nu mi se pare c\u0103 apare a\u0219a explicit chestia asta. \u00centr-adev\u0103r, acolo, instan\u021ba r\u0103spunde la unul dintre argumentele reclamatului, adic\u0103 ale domnului primar, f\u0103c\u00e2nd o analiz\u0103 de propor\u021bionalitate cu privire la aceast\u0103 interdic\u021bie de a nu ocupa func\u021bii publice. (\u2026) Oricum, hot\u0103r\u00e2rile judec\u0103tore\u0219ti se pun \u00een executare \u00een baza dispozitivului, nu a considerentelor sau ra\u021bionamentelor\u201d, ne-a mai spus Faur.<\/p>\n<\/blockquote>\n<p>Altfel, ar fi de amintit c\u0103, \u00een legea integrit\u0103\u021bii votat\u0103 s\u0103pt\u0103m\u00e2na trecut\u0103 de Camera Deputa\u021bilor \u0219i de Senat, PSD a introdus un amendament \u00een care inclusiv persoanele g\u0103site \u00een conflict de interese anterior intr\u0103rii \u00een vigoare a legii s\u0103 \u00ee\u0219i piard\u0103 mandatul. Exist\u0103, \u00eens\u0103, semne serioase de \u00eentrebare cu privire la constitu\u021bionalitatea amendamentului, inclusiv avocat consultat de Tion consider\u00e2nd c\u0103 ini\u021biativa \u00eenseamn\u0103 aplicare retroactiv\u0103 a legii, lucru interzis prin constitu\u021bie.<\/p>\n<blockquote>\n<p>\u201eMai exista \u00een Parlament, un proiect mai vechi de modificare a legii integrit\u0103\u021bii, \u00een care se voia alinierea sanc\u021biunilor pentru conflict de interese \u0219i incompatibilitate. (\u2026) Deci s-au mai g\u00e2ndit la chestia asta la un moment dat, dar, cel pu\u021bin \u00een forma \u00een care este legisla\u021bia \u00een acest moment, nu se poate\u201d, ne-a mai spus acesta.<\/p>\n<\/blockquote>\n<p>V\u0103 amintim, <strong><a href=\"https:\/\/www.tion.ro\/stirile-judetului-timis\/primarul-dominic-fritz-acuzat-de-conflict-de-interese-de-ani-1892573\/\" target=\"_blank\" rel=\"noopener\">ANI l-a declarat pe Fritz \u00een conflict de interese \u00eenc\u0103 din 2024<\/a><\/strong>, din cauza \u00eemprumutului luat de la R\u0103zvan Negri\u0219anu \u00een cadrul campaniei electorale din 2020. La c\u00e2teva zile de la \u00eenceputul mandatului, pe anexele unui PUZ elaborat de firma lui Negri\u0219anu, ulterior aprobat de consilierii locali, \u00ee\u0219i pusese semn\u0103tura \u0219i Fritz. Dup\u0103 mai multe lupte directe sau indirecte \u00een instan\u021b\u0103, <strong><a href=\"https:\/\/www.tion.ro\/stirile-judetului-timis\/e-oficial-fritz-pierde-procesul-cu-ani-iar-conflictul-de-interese-este-confirmat-definitiv-2297787\/\" target=\"_blank\" rel=\"noopener\">\u00een iunie a venit \u0219i decizia definitiv\u0103 a \u00ceCCJ, care a confirmat raportul ANI<\/a><\/strong>.<\/p>\n<p>S\u0103pt\u0103m\u00e2na trecut\u0103, prefectul Paul Finta a anun\u021bat c\u0103 <strong><a href=\"https:\/\/www.tion.ro\/stirile-judetului-timis\/isi-pierde-fritz-mandatul-explicatiile-prefectului-2328393\/\" target=\"_blank\" rel=\"noopener\">a semnat ordinul de sanc\u021bionare a primarului, <\/a><\/strong>iar acesta prevede doar o sanc\u021biune financiar\u0103. Ulterior, <strong><a href=\"https:\/\/www.tion.ro\/stirile-judetului-timis\/psd-il-ameninta-de-la-bucuresti-pe-prefectul-de-timis-dupa-sanctiunea-dispusa-in-cazul-lui-fritz-reactia-lui-finta-2329461\/\" target=\"_blank\" rel=\"noopener\">PSD, de la nivel na\u021bional, \u00eel ataca pe Finta<\/a><\/strong>, prezent\u00e2nd c\u00e2teva exemple de primari care \u0219i-au pierdut func\u021bia dup\u0103 ce au fost g\u0103si\u021bi \u00een conflict de interese. Avocatul Toni Neac\u0219u, \u00eens\u0103, a demontat argumentele social-democra\u021bilor.<\/p>\n<div class=\"fbShareLikeTwitterAndEmailContainer\">\n<div class=\"wrapper\">\n<div class=\"email\">\n<div id=\"mailto-pop\" class=\"pop-form pop-form-mailto\">\n<div class=\"pop-form-header\">\n<h4>Trimite articolul<\/h4>\n<p><a class=\"pop-form-close\">X<\/a><\/div>\n<\/div>\n<\/div>\n<\/div>\n<\/div>\n<div class=\"tagsContainer\">\n<div class=\"tagsLabel\">Taguri:<\/div>\n<div class=\"tags\">\n<div class=\"tag\"><a href=\"https:\/\/www.tion.ro\/cimke\/conflict-de-interese-fritz\" rel=\"tag\"><span class=\"link\">conflict de interese Fritz<\/span><span class=\"separator\">,<\/span><\/a><\/div>\n<div class=\"tag\"><a href=\"https:\/\/www.tion.ro\/cimke\/cristian-faur\" rel=\"tag\"><span class=\"link\">Cristian Faur<\/span><span class=\"separator\">,<\/span><\/a><\/div>\n<div class=\"tag\"><a href=\"https:\/\/www.tion.ro\/cimke\/ordin-prefect-fritz\" rel=\"tag\"><span class=\"link\">ordin prefect fritz<\/span><\/a><\/div>\n<\/div>\n<\/div>\n<div class=\"comments\">\n<div class=\"top\">\n<div class=\"commentsNumber\"><span class=\"number\">0<\/span><span class=\"text\">Comentarii<\/span><\/div>\n<\/div>\n<div class=\"center\">\n<div id=\"respond\" class=\"comment-respond\">\n<h3 id=\"reply-title\" class=\"comment-reply-title\"><small><a rel=\"nofollow\" id=\"cancel-comment-reply-link\" href=\"https:\/\/www.tion.ro\/stirile-judetului-timis\/trebuia-sa-isi-piarda-fritz-mandatul-explicatiile-unui-avocat-2332026\/#respond\">Cancel reply<\/a><\/small><\/h3>\n<p class=\"comment-notes\"><span id=\"email-notes\">Your email address will not be published.<\/span><span class=\"required-field-message\">Required fields are marked <span class=\"required\">*<\/span><\/span><\/p>\n<p class=\"commentFormComment\"><span id=\"commentFormCount\"><br \/>\n                            inca<br \/>\n                            <span id=\"countCommentText\">1000<\/span><br \/>\n                            caractere ramase<br \/>\n                        <\/span><\/p>\n<\/div>\n<\/div>\n<div class=\"bottom\">\n<p class=\"forumDisclaimerHuRo\">\n            Citi\u021bi principiile noastre de moderare <a href=\"https:\/\/www.tion.ro\/reguli-postare-comentarii\/\" target=\"_blank\">aici<\/a>!\n        <\/p>\n<\/div>\n<\/div>\n<\/div>\n<\/div>\n<\/article>\n<div class=\"entry-content clearfix\">\n<div class=\"enewsArticleContent\">\n<p>Agen\u021bia Na\u021bional\u0103 de Integritate l-a g\u0103sit pe primarul Dominic Fritz \u00een conflict de interese pentru fapte petrecute la scurt timp dup\u0103 \u00eenceputul primului s\u0103u mandat. Raportul a fost confirmat definitiv dup\u0103 ce Fritz a contestat decizia, dosarul ajung\u00e2nd la Curtea de Apel Timi\u0219oara \u0219i, ulterior, la \u00cenalta Curte de Casa\u021bie \u0219i Justi\u021bie. \u00cen urma acestor demersuri, Agen\u021bia Na\u021bional\u0103 de Integritate i-a cerut prefectului de Timi\u0219 Paul Finta s\u0103 emit\u0103 ordinul de sanc\u021bionare a edilului. Astfel, primarul a fost sanc\u021bionat cu 10% din indemniza\u021bie pe o perioad\u0103 de \u0219ase luni.<\/p>\n<p>Decizia a dat startul unei serii \u00eentregi de discu\u021bii, acuza\u021bii \u0219i amenin\u021b\u0103ri politice \u0219i juridice, \u00een condi\u021biile \u00een care adversarii politici ai USR au cerut demiterea primarului. V\u0103 prezent\u0103m \u0219i noi o explica\u021bie juridic\u0103: ne-a explicat c\u00e2t de legitim\u0103 a fost decizia prefectului de a nu \u00eencheia prematur mandatului lui Fritz avocatul Cristian Faur.<\/p>\n<blockquote>\n<p>\u201eS\u0103 o lu\u0103m de la \u00eenceput: primarul Fritz a fost g\u0103sit de c\u0103tre Agen\u021bia de Integritate ca fiind \u00eentr-un conflict de interese. S-a atacat legalitatea raportului Agen\u021biei Na\u021bionale de Integritate \u0219i a r\u0103mas definitiv: raportul este bun, adic\u0103 c\u0103 el a fost, pe bun\u0103 dreptate, \u00een conflict de interese.<\/p>\n<p>Acum, legea face o distinc\u021bie \u00eentre conflictul de interese \u0219i incompatibilitate. Sanc\u021biunea \u00eencet\u0103rii mandatului, de asta vuie\u0219te presa, se aplic\u0103 pentru situa\u021biile \u00een care e\u0219ti \u00een incompatibilitate. De ce? E cumva logic: incompatibilitatea se refer\u0103 la o situa\u021bie \u00een care faci un cumul de func\u021bii, ocupi dou\u0103 pozi\u021bii pe care n-ai voie s\u0103 le ocupi (simultan \u2013 n.r.). E evident c\u0103 nu po\u021bi s\u0103-\u021bi ocupi func\u021bia \u00een continuare dac\u0103 tu ocupi mai multe func\u021bii.<\/p>\n<p>Or, la conflict de interese, sanc\u021biunea este, o dat\u0103, cea disciplinar\u0103 pe care a aplicat prefectul \u2013 10% din salariu pentru o perioad\u0103 de 6 luni. \u0218i mai exist\u0103 o sanc\u021biune care opereaz\u0103 \u00een baza legii, respectiv interdic\u021bia de a nu candida pentru o perioad\u0103 de 3 ani, interdic\u021bie care curge de la \u00eencetarea mandatului, dar pentru asta nu mai vine prefectul sau vreo alt\u0103 autoritate s\u0103 emit\u0103 un act administrativ s\u0103 ne spun\u0103 lucrurile acestea. (\u2026) Dac\u0103 el vrea s\u0103 mai candideze la prim\u0103rie, la parlament sau la orice altceva, dosarul lui va fi respins. Sau, dac\u0103 chiar reu\u0219e\u0219te s\u0103 candideze, nu va fi validat la momentul depunerii jur\u0103m\u00e2ntului\u201d, a declarat pentru Tion avocatul Cristian Faur.<\/p>\n<\/blockquote>\n<h3><strong>Asem\u0103n\u0103ri \u0219i diferen\u021be fa\u021b\u0103 de \u201ecazul Reca\u0219\u201d<\/strong><\/h3>\n<p>Dup\u0103 ce prefectul a semnat ordinul de sanc\u021bionare a primarului, PSD l-a acuzat pe acesta c\u0103 face un \u201eabuz\u201d aleg\u00e2nd s\u0103 nu dispun\u0103 \u00eencetarea mandatului. Finta amintea de precedentul fostului primar Pavel Teodor, de la Reca\u0219, care, la fel ca Fritz, s-a ales doar cu o reducere a indemniza\u021biei \u0219i interdic\u021bia de a mai candida. Social-democra\u021bii, \u00eens\u0103, au spus c\u0103 situa\u021bia este diferit\u0103 pentru c\u0103, \u00een cazul lui Fritz, motivarea primei instan\u021bei vorbe\u0219te direct despre \u00eencetarea mandatului. Situa\u021bia, \u00eens\u0103, este mai nuan\u021bat\u0103.<\/p>\n<blockquote>\n<p>\u201eAm citit \u0219i eu decizia cur\u021bii: nu mi se pare c\u0103 apare a\u0219a explicit chestia asta. \u00centr-adev\u0103r, acolo, instan\u021ba r\u0103spunde la unul dintre argumentele reclamatului, adic\u0103 ale domnului primar, f\u0103c\u00e2nd o analiz\u0103 de propor\u021bionalitate cu privire la aceast\u0103 interdic\u021bie de a nu ocupa func\u021bii publice. (\u2026) Oricum, hot\u0103r\u00e2rile judec\u0103tore\u0219ti se pun \u00een executare \u00een baza dispozitivului, nu a considerentelor sau ra\u021bionamentelor\u201d, ne-a mai spus Faur.<\/p>\n<\/blockquote>\n<p>Altfel, ar fi de amintit c\u0103, \u00een legea integrit\u0103\u021bii votat\u0103 s\u0103pt\u0103m\u00e2na trecut\u0103 de Camera Deputa\u021bilor \u0219i de Senat, PSD a introdus un amendament \u00een care inclusiv persoanele g\u0103site \u00een conflict de interese anterior intr\u0103rii \u00een vigoare a legii s\u0103 \u00ee\u0219i piard\u0103 mandatul. Exist\u0103, \u00eens\u0103, semne serioase de \u00eentrebare cu privire la constitu\u021bionalitatea amendamentului, inclusiv avocat consultat de Tion consider\u00e2nd c\u0103 ini\u021biativa \u00eenseamn\u0103 aplicare retroactiv\u0103 a legii, lucru interzis prin constitu\u021bie.<\/p>\n<blockquote>\n<p>\u201eMai exista \u00een Parlament, un proiect mai vechi de modificare a legii integrit\u0103\u021bii, \u00een care se voia alinierea sanc\u021biunilor pentru conflict de interese \u0219i incompatibilitate. (\u2026) Deci s-au mai g\u00e2ndit la chestia asta la un moment dat, dar, cel pu\u021bin \u00een forma \u00een care este legisla\u021bia \u00een acest moment, nu se poate\u201d, ne-a mai spus acesta.<\/p>\n<\/blockquote>\n<p>V\u0103 amintim, <strong><a href=\"https:\/\/www.tion.ro\/stirile-judetului-timis\/primarul-dominic-fritz-acuzat-de-conflict-de-interese-de-ani-1892573\/\" target=\"_blank\" rel=\"noopener\">ANI l-a declarat pe Fritz \u00een conflict de interese \u00eenc\u0103 din 2024<\/a><\/strong>, din cauza \u00eemprumutului luat de la R\u0103zvan Negri\u0219anu \u00een cadrul campaniei electorale din 2020. La c\u00e2teva zile de la \u00eenceputul mandatului, pe anexele unui PUZ elaborat de firma lui Negri\u0219anu, ulterior aprobat de consilierii locali, \u00ee\u0219i pusese semn\u0103tura \u0219i Fritz. Dup\u0103 mai multe lupte directe sau indirecte \u00een instan\u021b\u0103, <strong><a href=\"https:\/\/www.tion.ro\/stirile-judetului-timis\/e-oficial-fritz-pierde-procesul-cu-ani-iar-conflictul-de-interese-este-confirmat-definitiv-2297787\/\" target=\"_blank\" rel=\"noopener\">\u00een iunie a venit \u0219i decizia definitiv\u0103 a \u00ceCCJ, care a confirmat raportul ANI<\/a><\/strong>.<\/p>\n<p>S\u0103pt\u0103m\u00e2na trecut\u0103, prefectul Paul Finta a anun\u021bat c\u0103 <strong><a href=\"https:\/\/www.tion.ro\/stirile-judetului-timis\/isi-pierde-fritz-mandatul-explicatiile-prefectului-2328393\/\" target=\"_blank\" rel=\"noopener\">a semnat ordinul de sanc\u021bionare a primarului, <\/a><\/strong>iar acesta prevede doar o sanc\u021biune financiar\u0103. Ulterior, <strong><a href=\"https:\/\/www.tion.ro\/stirile-judetului-timis\/psd-il-ameninta-de-la-bucuresti-pe-prefectul-de-timis-dupa-sanctiunea-dispusa-in-cazul-lui-fritz-reactia-lui-finta-2329461\/\" target=\"_blank\" rel=\"noopener\">PSD, de la nivel na\u021bional, \u00eel ataca pe Finta<\/a><\/strong>, prezent\u00e2nd c\u00e2teva exemple de primari care \u0219i-au pierdut func\u021bia dup\u0103 ce au fost g\u0103si\u021bi \u00een conflict de interese. Avocatul Toni Neac\u0219u, \u00eens\u0103, a demontat argumentele social-democra\u021bilor.<\/p>\n<div class=\"fbShareLikeTwitterAndEmailContainer\">\n<div class=\"wrapper\">\n<div class=\"email\">\n<div id=\"mailto-pop\" class=\"pop-form pop-form-mailto\">\n<div class=\"pop-form-header\">\n<h4>Trimite articolul<\/h4>\n<p><a class=\"pop-form-close\">X<\/a><\/div>\n<\/div>\n<\/div>\n<\/div>\n<\/div>\n<div class=\"tagsContainer\">\n<div class=\"tagsLabel\">Taguri:<\/div>\n<div class=\"tags\">\n<div class=\"tag\"><a href=\"https:\/\/www.tion.ro\/cimke\/conflict-de-interese-fritz\" rel=\"tag\"><span class=\"link\">conflict de interese Fritz<\/span><span class=\"separator\">,<\/span><\/a><\/div>\n<div class=\"tag\"><a href=\"https:\/\/www.tion.ro\/cimke\/cristian-faur\" rel=\"tag\"><span class=\"link\">Cristian Faur<\/span><span class=\"separator\">,<\/span><\/a><\/div>\n<div class=\"tag\"><a href=\"https:\/\/www.tion.ro\/cimke\/ordin-prefect-fritz\" rel=\"tag\"><span class=\"link\">ordin prefect fritz<\/span><\/a><\/div>\n<\/div>\n<\/div>\n<div class=\"comments\">\n<div class=\"top\">\n<div class=\"commentsNumber\"><span class=\"number\">0<\/span><span class=\"text\">Comentarii<\/span><\/div>\n<\/div>\n<div class=\"center\">\n<div id=\"respond\" class=\"comment-respond\">\n<h3 id=\"reply-title\" class=\"comment-reply-title\"><small><a rel=\"nofollow\" id=\"cancel-comment-reply-link\" href=\"https:\/\/www.tion.ro\/stirile-judetului-timis\/trebuia-sa-isi-piarda-fritz-mandatul-explicatiile-unui-avocat-2332026\/#respond\">Cancel reply<\/a><\/small><\/h3>\n<p class=\"comment-notes\"><span id=\"email-notes\">Your email address will not be published.<\/span><span class=\"required-field-message\">Required fields are marked <span class=\"required\">*<\/span><\/span><\/p>\n<p class=\"commentFormComment\"><span id=\"commentFormCount\"><br \/>\n                            inca<br \/>\n                            <span id=\"countCommentText\">1000<\/span><br \/>\n                            caractere ramase<br \/>\n                        <\/span><\/p>\n<\/div>\n<\/div>\n<div class=\"bottom\">\n<p class=\"forumDisclaimerHuRo\">\n            Citi\u021bi principiile noastre de moderare <a href=\"https:\/\/www.tion.ro\/reguli-postare-comentarii\/\" target=\"_blank\">aici<\/a>!\n        <\/p>\n<\/div>\n<\/div>\n<\/div>\n<\/div>\n<p>[analyse_source url=&#8221;https:\/\/www.tion.ro\/stirile-judetului-timis\/trebuia-sa-isi-piarda-fritz-mandatul-explicatiile-unui-avocat-2332026\/&#8221;]<\/p>\n","protected":false},"excerpt":{"rendered":"<p>[analyse_image type=&#8221;featured&#8221; src=&#8221;https:\/\/www.tion.ro\/wp-content\/uploads\/2026\/05\/+otf\/1200&#215;630\/nNo3EZyEcinA7fNfQI+m805PVF9WRVJZX1NFQzRGxWlBKw7lObJzIl0pJjpEl95yhOXfs8Y0Zd8w7Y0RriIfL__+++lsve__5kPLmblA2if0ywKddMEYm8eRPnijI=\/8235731WhatsAppImage20260508at131208.jpeg&#8221;] Agen\u021bia Na\u021bional\u0103 de Integritate l-a g\u0103sit pe primarul Dominic Fritz \u00een conflict de interese pentru fapte petrecute la scurt timp dup\u0103 \u00eenceputul primului s\u0103u mandat. Raportul a fost confirmat definitiv dup\u0103 ce Fritz a contestat decizia, dosarul ajung\u00e2nd la Curtea de Apel Timi\u0219oara \u0219i, ulterior, la \u00cenalta Curte de Casa\u021bie \u0219i Justi\u021bie. [&hellip;]<\/p>\n","protected":false},"author":1,"featured_media":0,"comment_status":"open","ping_status":"","sticky":false,"template":"","format":"standard","meta":{"footnotes":""},"categories":[89],"tags":[226,191],"class_list":["post-2087436","post","type-post","status-publish","format-standard","hentry","category-romania","tag-crawlmanager","tag-tion-ro"],"_links":{"self":[{"href":"https:\/\/analyse.optim.biz\/index.php?rest_route=\/wp\/v2\/posts\/2087436","targetHints":{"allow":["GET"]}}],"collection":[{"href":"https:\/\/analyse.optim.biz\/index.php?rest_route=\/wp\/v2\/posts"}],"about":[{"href":"https:\/\/analyse.optim.biz\/index.php?rest_route=\/wp\/v2\/types\/post"}],"author":[{"embeddable":true,"href":"https:\/\/analyse.optim.biz\/index.php?rest_route=\/wp\/v2\/users\/1"}],"replies":[{"embeddable":true,"href":"https:\/\/analyse.optim.biz\/index.php?rest_route=%2Fwp%2Fv2%2Fcomments&post=2087436"}],"version-history":[{"count":0,"href":"https:\/\/analyse.optim.biz\/index.php?rest_route=\/wp\/v2\/posts\/2087436\/revisions"}],"wp:attachment":[{"href":"https:\/\/analyse.optim.biz\/index.php?rest_route=%2Fwp%2Fv2%2Fmedia&parent=2087436"}],"wp:term":[{"taxonomy":"category","embeddable":true,"href":"https:\/\/analyse.optim.biz\/index.php?rest_route=%2Fwp%2Fv2%2Fcategories&post=2087436"},{"taxonomy":"post_tag","embeddable":true,"href":"https:\/\/analyse.optim.biz\/index.php?rest_route=%2Fwp%2Fv2%2Ftags&post=2087436"}],"curies":[{"name":"wp","href":"https:\/\/api.w.org\/{rel}","templated":true}]}}