{"id":2087433,"date":"2026-08-11T08:49:33","date_gmt":"2026-08-11T05:49:33","guid":{"rendered":"https:\/\/analyse.optim.biz\/?p=2087433"},"modified":"2026-08-11T08:49:33","modified_gmt":"2026-08-11T05:49:33","slug":"cj-timis-primul-pas-pentru-construirea-unui-centru-multifunctional-in-locul-parcarii-din-spatele-materna","status":"publish","type":"post","link":"https:\/\/analyse.optim.biz\/?p=2087433","title":{"rendered":"CJ Timi\u015f, primul pas pentru construirea unui centru multifunc\u0163ional \u00een locul parc\u0103rii din spatele Materna"},"content":{"rendered":"<p>[analyse_image type=&#8221;featured&#8221; src=&#8221;http:\/\/www.banatulmeu.ro\/wp-content\/uploads\/2026\/08\/parcare-cjt.jpg&#8221;]<\/p>\n<div class=\"post-content-bd\">\n<p>Consiliul Jude\u0163ean Timi\u015f a f\u0103cut un prim pas pentru construirea unui centru multifunc\u0163ional \u00een locul parc\u0103rii din centrul Timi\u015foarei. Mar\u0163i, institu\u0163ia a lansat licita\u0163ia public\u0103 \u00een vederea proiect\u0103rii viitoarei investi\u0163ii.<\/p>\n<p><em>\u201cFacem primul pas pentru construirea unei cl\u0103diri iconice \u00een zona zero a Timi\u0219oarei, acolo unde acum func\u021bioneaz\u0103 parcarea Consiliului Jude\u021bean Timi\u0219. Am lansat ast\u0103zi licita\u021bia pentru realizarea proiectului viitorului centru multifunc\u021bional, o cl\u0103dire pe care ne-o dorim cu o arhitectur\u0103 impresionant\u0103, care s\u0103 devin\u0103 unul dintre reperele Timi\u0219oarei<\/em>\u201c, a afirmat Alfred Simonis, pre\u015fedintele CJ Timi\u015f.<\/p>\n<p>Ansamblul pe care CJ Timi\u015f vrea s\u0103 \u00eel ridice \u00een spatele cl\u0103dirii Materna va avea o sal\u0103 principal\u0103 de concerte, cu o capacitate de minimum 1.000 de locuri, proiectat\u0103 la standarde interna\u021bionale de acustic\u0103 natural\u0103, s\u0103li multifunc\u021bionale, dar \u0219i spa\u021bii expozi\u021bionale. La parter \u0219i mezanin va fi realizat\u0103 o galerie comercial\u0103 care va include libr\u0103rii, galerii de art\u0103, magazine de design, dar \u0219i cafenele \u0219i restaurante tematice.<\/p>\n<p><em>\u201c\u0218i, evident, parcarea. Aceasta va avea aproximativ 200 de locuri \u0219i va fi prima parcare public\u0103 supraetajat\u0103 nou construit\u0103 \u00een zona zero a Timi\u0219oarei. \u0218i, da, cu siguran\u021b\u0103 vor exista politicieni \u0219i postaci de serviciu care vor spune c\u0103, din nou, anun\u021b\u0103m un proiect aflat \u00een primele faze. Asemenea post\u0103ri nu sunt \u00eens\u0103 pentru ei, ci pentru voi, to\u021bi ceilal\u021bi. Cred c\u0103 este important s\u0103 \u0219ti\u021bi care sunt proiectele pe care le preg\u0103tim \u0219i le realiz\u0103m la Consiliul Jude\u021bean Timi\u0219. Comentatorii de serviciu \u0219i postacii pl\u0103ti\u021bi sau conturile fake de pe re\u021belele sociale nu conteaz\u0103. Revenind la proiectul pe care \u00eel vom realiza \u00een plin centrul Timi\u0219oarei, str\u0103juit de palate istorice, simbol pentru ora\u0219, at\u00e2t de valoroase, ne dorim ca la licita\u021bie s\u0103 participe echipe de proiectare conduse de arhitec\u021bi recunoscu\u021bi interna\u021bional. Dincolo de a veni \u00een sprijinul \u0219oferilor afla\u021bi \u00een c\u0103utarea unui loc de parcare, vrem ca aceast\u0103 cl\u0103dire s\u0103 devin\u0103 un nou reper arhitectural pentru Timi\u0219oara \u0219i chiar un obiectiv cultural de referin\u021b\u0103 la nivel european\u201d<\/em>, a declarat Alfred Simonis.<\/p>\n<p>Investi\u021bia este estimat\u0103 la 35 \u2013 40 de milioane de euro, iar finan\u021barea va fi asigurat\u0103 din fonduri europene \u0219i din bugetul Consiliului Jude\u021bean Timi\u0219.<\/p>\n<p>\u201c<em>La 1 octombrie vor fi deschise ofertele. Dac\u0103 nu vor exista contesta\u021bii, \u00een luna decembrie vom putea semna contractul de proiectare, iar arhitec\u021bii vor avea la dispozi\u021bie opt luni pentru realizarea proiectului\u201d<\/em>, a detaliat \u015feful CJ Timi\u015f.<\/p>\n<\/div>\n<p>[analyse_source url=&#8221;https:\/\/www.banatulmeu.ro\/cj-timis-primul-pas-pentru-construirea-unui-centru-multifunctional-in-locul-parcarii-din-centrul-timisoarei\/&#8221;]<\/p>\n","protected":false},"excerpt":{"rendered":"<p>[analyse_image type=&#8221;featured&#8221; src=&#8221;http:\/\/www.banatulmeu.ro\/wp-content\/uploads\/2026\/08\/parcare-cjt.jpg&#8221;] Consiliul Jude\u0163ean Timi\u015f a f\u0103cut un prim pas pentru construirea unui centru multifunc\u0163ional \u00een locul parc\u0103rii din centrul Timi\u015foarei. Mar\u0163i, institu\u0163ia a lansat licita\u0163ia public\u0103 \u00een vederea proiect\u0103rii viitoarei investi\u0163ii. \u201cFacem primul pas pentru construirea unei cl\u0103diri iconice \u00een zona zero a Timi\u0219oarei, acolo unde acum func\u021bioneaz\u0103 parcarea Consiliului Jude\u021bean Timi\u0219. Am [&hellip;]<\/p>\n","protected":false},"author":1,"featured_media":0,"comment_status":"open","ping_status":"","sticky":false,"template":"","format":"standard","meta":{"footnotes":""},"categories":[89],"tags":[204,226],"class_list":["post-2087433","post","type-post","status-publish","format-standard","hentry","category-romania","tag-banatulmeu-ro","tag-crawlmanager"],"_links":{"self":[{"href":"https:\/\/analyse.optim.biz\/index.php?rest_route=\/wp\/v2\/posts\/2087433","targetHints":{"allow":["GET"]}}],"collection":[{"href":"https:\/\/analyse.optim.biz\/index.php?rest_route=\/wp\/v2\/posts"}],"about":[{"href":"https:\/\/analyse.optim.biz\/index.php?rest_route=\/wp\/v2\/types\/post"}],"author":[{"embeddable":true,"href":"https:\/\/analyse.optim.biz\/index.php?rest_route=\/wp\/v2\/users\/1"}],"replies":[{"embeddable":true,"href":"https:\/\/analyse.optim.biz\/index.php?rest_route=%2Fwp%2Fv2%2Fcomments&post=2087433"}],"version-history":[{"count":0,"href":"https:\/\/analyse.optim.biz\/index.php?rest_route=\/wp\/v2\/posts\/2087433\/revisions"}],"wp:attachment":[{"href":"https:\/\/analyse.optim.biz\/index.php?rest_route=%2Fwp%2Fv2%2Fmedia&parent=2087433"}],"wp:term":[{"taxonomy":"category","embeddable":true,"href":"https:\/\/analyse.optim.biz\/index.php?rest_route=%2Fwp%2Fv2%2Fcategories&post=2087433"},{"taxonomy":"post_tag","embeddable":true,"href":"https:\/\/analyse.optim.biz\/index.php?rest_route=%2Fwp%2Fv2%2Ftags&post=2087433"}],"curies":[{"name":"wp","href":"https:\/\/api.w.org\/{rel}","templated":true}]}}