{"id":2087430,"date":"2026-08-11T08:01:03","date_gmt":"2026-08-11T05:01:03","guid":{"rendered":"https:\/\/analyse.optim.biz\/?p=2087430"},"modified":"2026-08-11T08:01:03","modified_gmt":"2026-08-11T05:01:03","slug":"festival-la-sanctuarul-neolitic-de-la-parta-dans-muzica-electronica-si-roboti-galactici-sub-lumina-soarelui","status":"publish","type":"post","link":"https:\/\/analyse.optim.biz\/?p=2087430","title":{"rendered":"Festival la Sanctuarul Neolitic de la Par\u021ba. Dans, muzic\u0103 electronic\u0103 \u0219i robo\u021bi galactici, sub lumina soarelui"},"content":{"rendered":"<p>[analyse_image type=&#8221;featured&#8221; src=&#8221;https:\/\/www.tion.ro\/wp-content\/uploads\/2026\/02\/+otf\/1200&#215;630\/rZzTe1mVzjDss6lvbaXXDU5PVF9WRVJZX1NFQ5aJwUIhvK7COI50B__fNBbtc1zu3iar379BmplJKW7HJGh3XXczkCkKb0WYJ8j3e1tp2IHje7__h415MAGFtM9iM=\/1352981sanctuarparta6.jpg&#8221;]<\/p>\n<article id=\"post-2331984\" class>\n<div class=\"entry-content clearfix\">\n<div class=\"enewsArticleContent\">\n<p>Sunscape Festival revine la Par\u021ba pentru cea de-a treia edi\u021bie, sub motto-ul \u201e\u00cempreun\u0103 pe Calea Soarelui\u201d. Evenimentul va avea loc \u00een 12 septembrie, la Sanctuarul Neolitic de la Par\u021ba, \u0219i \u00ee\u0219i propune s\u0103 creeze un dialog \u00eentre patrimoniu, natur\u0103, cosmos \u0219i lumea contemporan\u0103.<\/p>\n<p>Festivalul porne\u0219te de la simbolistica soarelui, considerat \u00eenc\u0103 din cele mai vechi timpuri un simbol al vie\u021bii, al luminii \u0219i al leg\u0103turii dintre om \u0219i natur\u0103.<\/p>\n<p>\u00cen perioada 24 august \u2013 10 septembrie, copiii \u0219i tinerii din comuna Par\u021ba \u0219i din localit\u0103\u021bile din apropiere sunt invita\u021bi s\u0103 participe la \u201eAmor Solis\u201d, o serie de workshopuri de dans cu tematic\u0103 solar\u0103.<\/p>\n<p>Atelierele \u00eei vor ajuta pe participan\u021bi s\u0103 descopere dansul ca form\u0103 de expresie artistic\u0103 \u0219i s\u0103 devin\u0103 parte din spectacolul preg\u0103tit pentru seara de 12 septembrie.<\/p>\n<p>Astfel, comunitatea local\u0103 nu va fi doar spectator, ci va avea un rol direct \u00een povestea artistic\u0103 a festivalului.<\/p>\n<p>Punctul culminant al edi\u021biei din acest an va avea loc s\u00e2mb\u0103t\u0103, 12 septembrie, de la ora 19:00, la Sanctuarul Neolitic de la Par\u021ba.<\/p>\n<p>\u201eSolis Festum\u201d va reuni performance-ul coregrafic \u201eAmor Solis\u201d, muzica electronic\u0103 \u0219i interven\u021biile tehnologice \u00eentr-un spectacol conceput pentru a pune \u00een dialog trecutul \u0219i prezentul.<\/p>\n<p>Performance-ul este semnat de Adela Scorobete, al\u0103turi de grupul Chic Dance, \u0219i este inspirat de mi\u0219carea Soarelui \u00een galaxia noastr\u0103 \u0219i de Calea Lactee.<\/p>\n<p>Ritmurile cosmice sunt transformate \u00een mi\u0219care, iar dansul devine un limbaj prin care arti\u0219tii \u0219i tinerii participan\u021bi exploreaz\u0103 teme precum echilibrul, comuniunea \u0219i leg\u0103tura dintre oameni \u0219i univers.<\/p>\n<p>Unul dintre cele mai spectaculoase momente ale serii va fi reprezentat de dansul robo\u021bilor galactici.<\/p>\n<p>Prezen\u021bele mecanice, inspirate de mi\u0219carea corpurilor cere\u0219ti, vor crea un contrast puternic cu unul dintre cele mai vechi spa\u021bii rituale din aceast\u0103 parte a Europei.<\/p>\n<p>Organizatorii propun astfel o \u00eent\u00e2lnire simbolic\u0103 \u00eentre memoria civiliza\u021biilor \u0219i viitorul tehnologiei. De la ritualurile dedicate soarelui \u00een urm\u0103 cu mii de ani p\u00e2n\u0103 la era inteligen\u021bei artificiale, spectacolul urm\u0103re\u0219te aceea\u0219i nevoie a oamenilor de a \u00een\u021belege lumea \u0219i locul pe care \u00eel ocup\u0103 \u00een univers.<\/p>\n<p>Atmosfera festivalului va fi completat\u0103 de DJ Krystell, care va sus\u021bine un DJ set sub cerul liber.<\/p>\n<p>Al\u0103turi de robo\u021bii galactici, muzica va transforma finalul serii \u00eentr-o celebrare a luminii, energiei \u0219i bucuriei de a fi \u00eempreun\u0103.<\/p>\n<p>Sunscape Festival \u00ee\u0219i propune astfel s\u0103 duc\u0103 mai departe mesajul \u201eLumineaz\u0103 ora\u0219ul prin tine\u201d, lansat \u00een cadrul programului Timi\u0219oara \u2013 Capital\u0103 European\u0103 a Culturii 2023, de aceast\u0103 dat\u0103 \u00eentr-un loc \u00een care leg\u0103tura dintre om \u0219i soare era celebrat\u0103 cu mii de ani \u00een urm\u0103.<\/p>\n<p>La Par\u021ba, patrimoniul neolitic \u0219i tehnologia contemporan\u0103 se vor \u00eent\u00e2lni pentru o sear\u0103 \u00een care trecutul, prezentul \u0219i viitorul vor fi reunite prin art\u0103.<\/p>\n<p>Sunscape Festival este un proiect cultural finan\u021bat de Consiliul Jude\u021bean Timi\u0219 prin programul TimCultura 2026 \u0219i organizat de Asocia\u021bia Cultural\u0103 Trai, \u00een parteneriat cu Prim\u0103ria Comunei Par\u021ba.<\/p>\n<div class=\"fbShareLikeTwitterAndEmailContainer\">\n<div class=\"wrapper\">\n<div class=\"email\">\n<div id=\"mailto-pop\" class=\"pop-form pop-form-mailto\">\n<div class=\"pop-form-header\">\n<h4>Trimite articolul<\/h4>\n<p><a class=\"pop-form-close\">X<\/a><\/div>\n<\/div>\n<\/div>\n<\/div>\n<\/div>\n<div class=\"tagsContainer\">\n<div class=\"tagsLabel\">Taguri:<\/div>\n<div class=\"tags\">\n<div class=\"tag\"><a href=\"https:\/\/www.tion.ro\/cimke\/festival\" rel=\"tag\"><span class=\"link\">festival<\/span><span class=\"separator\">,<\/span><\/a><\/div>\n<div class=\"tag\"><a href=\"https:\/\/www.tion.ro\/cimke\/parta\" rel=\"tag\"><span class=\"link\">parta<\/span><span class=\"separator\">,<\/span><\/a><\/div>\n<div class=\"tag\"><a href=\"https:\/\/www.tion.ro\/cimke\/soare\" rel=\"tag\"><span class=\"link\">soare<\/span><\/a><\/div>\n<\/div>\n<\/div>\n<div class=\"comments\">\n<div class=\"top\">\n<div class=\"commentsNumber\"><span class=\"number\">0<\/span><span class=\"text\">Comentarii<\/span><\/div>\n<\/div>\n<div class=\"center\">\n<div id=\"respond\" class=\"comment-respond\">\n<h3 id=\"reply-title\" class=\"comment-reply-title\"><small><a rel=\"nofollow\" id=\"cancel-comment-reply-link\" href=\"https:\/\/www.tion.ro\/stirile-judetului-timis\/festival-la-sanctuarul-neolitic-de-la-parta-dans-muzica-electronica-si-roboti-galactici-sub-lumina-soarelui-2331984\/#respond\">Cancel reply<\/a><\/small><\/h3>\n<p class=\"comment-notes\"><span id=\"email-notes\">Your email address will not be published.<\/span><span class=\"required-field-message\">Required fields are marked <span class=\"required\">*<\/span><\/span><\/p>\n<p class=\"commentFormComment\"><span id=\"commentFormCount\"><br \/>\n                            inca<br \/>\n                            <span id=\"countCommentText\">1000<\/span><br \/>\n                            caractere ramase<br \/>\n                        <\/span><\/p>\n<\/div>\n<\/div>\n<div class=\"bottom\">\n<p class=\"forumDisclaimerHuRo\">\n            Citi\u021bi principiile noastre de moderare <a href=\"https:\/\/www.tion.ro\/reguli-postare-comentarii\/\" target=\"_blank\">aici<\/a>!\n        <\/p>\n<\/div>\n<\/div>\n<\/div>\n<\/div>\n<\/article>\n<div class=\"entry-content clearfix\">\n<div class=\"enewsArticleContent\">\n<p>Sunscape Festival revine la Par\u021ba pentru cea de-a treia edi\u021bie, sub motto-ul \u201e\u00cempreun\u0103 pe Calea Soarelui\u201d. Evenimentul va avea loc \u00een 12 septembrie, la Sanctuarul Neolitic de la Par\u021ba, \u0219i \u00ee\u0219i propune s\u0103 creeze un dialog \u00eentre patrimoniu, natur\u0103, cosmos \u0219i lumea contemporan\u0103.<\/p>\n<p>Festivalul porne\u0219te de la simbolistica soarelui, considerat \u00eenc\u0103 din cele mai vechi timpuri un simbol al vie\u021bii, al luminii \u0219i al leg\u0103turii dintre om \u0219i natur\u0103.<\/p>\n<p>\u00cen perioada 24 august \u2013 10 septembrie, copiii \u0219i tinerii din comuna Par\u021ba \u0219i din localit\u0103\u021bile din apropiere sunt invita\u021bi s\u0103 participe la \u201eAmor Solis\u201d, o serie de workshopuri de dans cu tematic\u0103 solar\u0103.<\/p>\n<p>Atelierele \u00eei vor ajuta pe participan\u021bi s\u0103 descopere dansul ca form\u0103 de expresie artistic\u0103 \u0219i s\u0103 devin\u0103 parte din spectacolul preg\u0103tit pentru seara de 12 septembrie.<\/p>\n<p>Astfel, comunitatea local\u0103 nu va fi doar spectator, ci va avea un rol direct \u00een povestea artistic\u0103 a festivalului.<\/p>\n<p>Punctul culminant al edi\u021biei din acest an va avea loc s\u00e2mb\u0103t\u0103, 12 septembrie, de la ora 19:00, la Sanctuarul Neolitic de la Par\u021ba.<\/p>\n<p>\u201eSolis Festum\u201d va reuni performance-ul coregrafic \u201eAmor Solis\u201d, muzica electronic\u0103 \u0219i interven\u021biile tehnologice \u00eentr-un spectacol conceput pentru a pune \u00een dialog trecutul \u0219i prezentul.<\/p>\n<p>Performance-ul este semnat de Adela Scorobete, al\u0103turi de grupul Chic Dance, \u0219i este inspirat de mi\u0219carea Soarelui \u00een galaxia noastr\u0103 \u0219i de Calea Lactee.<\/p>\n<p>Ritmurile cosmice sunt transformate \u00een mi\u0219care, iar dansul devine un limbaj prin care arti\u0219tii \u0219i tinerii participan\u021bi exploreaz\u0103 teme precum echilibrul, comuniunea \u0219i leg\u0103tura dintre oameni \u0219i univers.<\/p>\n<p>Unul dintre cele mai spectaculoase momente ale serii va fi reprezentat de dansul robo\u021bilor galactici.<\/p>\n<p>Prezen\u021bele mecanice, inspirate de mi\u0219carea corpurilor cere\u0219ti, vor crea un contrast puternic cu unul dintre cele mai vechi spa\u021bii rituale din aceast\u0103 parte a Europei.<\/p>\n<p>Organizatorii propun astfel o \u00eent\u00e2lnire simbolic\u0103 \u00eentre memoria civiliza\u021biilor \u0219i viitorul tehnologiei. De la ritualurile dedicate soarelui \u00een urm\u0103 cu mii de ani p\u00e2n\u0103 la era inteligen\u021bei artificiale, spectacolul urm\u0103re\u0219te aceea\u0219i nevoie a oamenilor de a \u00een\u021belege lumea \u0219i locul pe care \u00eel ocup\u0103 \u00een univers.<\/p>\n<p>Atmosfera festivalului va fi completat\u0103 de DJ Krystell, care va sus\u021bine un DJ set sub cerul liber.<\/p>\n<p>Al\u0103turi de robo\u021bii galactici, muzica va transforma finalul serii \u00eentr-o celebrare a luminii, energiei \u0219i bucuriei de a fi \u00eempreun\u0103.<\/p>\n<p>Sunscape Festival \u00ee\u0219i propune astfel s\u0103 duc\u0103 mai departe mesajul \u201eLumineaz\u0103 ora\u0219ul prin tine\u201d, lansat \u00een cadrul programului Timi\u0219oara \u2013 Capital\u0103 European\u0103 a Culturii 2023, de aceast\u0103 dat\u0103 \u00eentr-un loc \u00een care leg\u0103tura dintre om \u0219i soare era celebrat\u0103 cu mii de ani \u00een urm\u0103.<\/p>\n<p>La Par\u021ba, patrimoniul neolitic \u0219i tehnologia contemporan\u0103 se vor \u00eent\u00e2lni pentru o sear\u0103 \u00een care trecutul, prezentul \u0219i viitorul vor fi reunite prin art\u0103.<\/p>\n<p>Sunscape Festival este un proiect cultural finan\u021bat de Consiliul Jude\u021bean Timi\u0219 prin programul TimCultura 2026 \u0219i organizat de Asocia\u021bia Cultural\u0103 Trai, \u00een parteneriat cu Prim\u0103ria Comunei Par\u021ba.<\/p>\n<div class=\"fbShareLikeTwitterAndEmailContainer\">\n<div class=\"wrapper\">\n<div class=\"email\">\n<div id=\"mailto-pop\" class=\"pop-form pop-form-mailto\">\n<div class=\"pop-form-header\">\n<h4>Trimite articolul<\/h4>\n<p><a class=\"pop-form-close\">X<\/a><\/div>\n<\/div>\n<\/div>\n<\/div>\n<\/div>\n<div class=\"tagsContainer\">\n<div class=\"tagsLabel\">Taguri:<\/div>\n<div class=\"tags\">\n<div class=\"tag\"><a href=\"https:\/\/www.tion.ro\/cimke\/festival\" rel=\"tag\"><span class=\"link\">festival<\/span><span class=\"separator\">,<\/span><\/a><\/div>\n<div class=\"tag\"><a href=\"https:\/\/www.tion.ro\/cimke\/parta\" rel=\"tag\"><span class=\"link\">parta<\/span><span class=\"separator\">,<\/span><\/a><\/div>\n<div class=\"tag\"><a href=\"https:\/\/www.tion.ro\/cimke\/soare\" rel=\"tag\"><span class=\"link\">soare<\/span><\/a><\/div>\n<\/div>\n<\/div>\n<div class=\"comments\">\n<div class=\"top\">\n<div class=\"commentsNumber\"><span class=\"number\">0<\/span><span class=\"text\">Comentarii<\/span><\/div>\n<\/div>\n<div class=\"center\">\n<div id=\"respond\" class=\"comment-respond\">\n<h3 id=\"reply-title\" class=\"comment-reply-title\"><small><a rel=\"nofollow\" id=\"cancel-comment-reply-link\" href=\"https:\/\/www.tion.ro\/stirile-judetului-timis\/festival-la-sanctuarul-neolitic-de-la-parta-dans-muzica-electronica-si-roboti-galactici-sub-lumina-soarelui-2331984\/#respond\">Cancel reply<\/a><\/small><\/h3>\n<p class=\"comment-notes\"><span id=\"email-notes\">Your email address will not be published.<\/span><span class=\"required-field-message\">Required fields are marked <span class=\"required\">*<\/span><\/span><\/p>\n<p class=\"commentFormComment\"><span id=\"commentFormCount\"><br \/>\n                            inca<br \/>\n                            <span id=\"countCommentText\">1000<\/span><br \/>\n                            caractere ramase<br \/>\n                        <\/span><\/p>\n<\/div>\n<\/div>\n<div class=\"bottom\">\n<p class=\"forumDisclaimerHuRo\">\n            Citi\u021bi principiile noastre de moderare <a href=\"https:\/\/www.tion.ro\/reguli-postare-comentarii\/\" target=\"_blank\">aici<\/a>!\n        <\/p>\n<\/div>\n<\/div>\n<\/div>\n<\/div>\n<p>[analyse_source url=&#8221;https:\/\/www.tion.ro\/stirile-judetului-timis\/festival-la-sanctuarul-neolitic-de-la-parta-dans-muzica-electronica-si-roboti-galactici-sub-lumina-soarelui-2331984\/&#8221;]<\/p>\n","protected":false},"excerpt":{"rendered":"<p>[analyse_image type=&#8221;featured&#8221; src=&#8221;https:\/\/www.tion.ro\/wp-content\/uploads\/2026\/02\/+otf\/1200&#215;630\/rZzTe1mVzjDss6lvbaXXDU5PVF9WRVJZX1NFQ5aJwUIhvK7COI50B__fNBbtc1zu3iar379BmplJKW7HJGh3XXczkCkKb0WYJ8j3e1tp2IHje7__h415MAGFtM9iM=\/1352981sanctuarparta6.jpg&#8221;] Sunscape Festival revine la Par\u021ba pentru cea de-a treia edi\u021bie, sub motto-ul \u201e\u00cempreun\u0103 pe Calea Soarelui\u201d. Evenimentul va avea loc \u00een 12 septembrie, la Sanctuarul Neolitic de la Par\u021ba, \u0219i \u00ee\u0219i propune s\u0103 creeze un dialog \u00eentre patrimoniu, natur\u0103, cosmos \u0219i lumea contemporan\u0103. Festivalul porne\u0219te de la simbolistica soarelui, considerat \u00eenc\u0103 din [&hellip;]<\/p>\n","protected":false},"author":1,"featured_media":0,"comment_status":"open","ping_status":"","sticky":false,"template":"","format":"standard","meta":{"footnotes":""},"categories":[89],"tags":[226,191],"class_list":["post-2087430","post","type-post","status-publish","format-standard","hentry","category-romania","tag-crawlmanager","tag-tion-ro"],"_links":{"self":[{"href":"https:\/\/analyse.optim.biz\/index.php?rest_route=\/wp\/v2\/posts\/2087430","targetHints":{"allow":["GET"]}}],"collection":[{"href":"https:\/\/analyse.optim.biz\/index.php?rest_route=\/wp\/v2\/posts"}],"about":[{"href":"https:\/\/analyse.optim.biz\/index.php?rest_route=\/wp\/v2\/types\/post"}],"author":[{"embeddable":true,"href":"https:\/\/analyse.optim.biz\/index.php?rest_route=\/wp\/v2\/users\/1"}],"replies":[{"embeddable":true,"href":"https:\/\/analyse.optim.biz\/index.php?rest_route=%2Fwp%2Fv2%2Fcomments&post=2087430"}],"version-history":[{"count":0,"href":"https:\/\/analyse.optim.biz\/index.php?rest_route=\/wp\/v2\/posts\/2087430\/revisions"}],"wp:attachment":[{"href":"https:\/\/analyse.optim.biz\/index.php?rest_route=%2Fwp%2Fv2%2Fmedia&parent=2087430"}],"wp:term":[{"taxonomy":"category","embeddable":true,"href":"https:\/\/analyse.optim.biz\/index.php?rest_route=%2Fwp%2Fv2%2Fcategories&post=2087430"},{"taxonomy":"post_tag","embeddable":true,"href":"https:\/\/analyse.optim.biz\/index.php?rest_route=%2Fwp%2Fv2%2Ftags&post=2087430"}],"curies":[{"name":"wp","href":"https:\/\/api.w.org\/{rel}","templated":true}]}}