{"id":2087397,"date":"2026-08-10T09:09:40","date_gmt":"2026-08-10T06:09:40","guid":{"rendered":"https:\/\/analyse.optim.biz\/?p=2087397"},"modified":"2026-08-10T09:09:40","modified_gmt":"2026-08-10T06:09:40","slug":"prof-daniel-hrenciuc-elevii-suceveni-au-fost-in-prima-parte-a-clasamentelor-la-concursurile-nationale-de-istorie","status":"publish","type":"post","link":"https:\/\/analyse.optim.biz\/?p=2087397","title":{"rendered":"Prof. Daniel Hrenciuc: Elevii suceveni au fost \u00een prima parte a clasamentelor la concursurile na\u021bionale de istorie"},"content":{"rendered":"<p>[analyse_image type=&#8221;featured&#8221; src=&#8221;https:\/\/www.radiotop.ro\/img\/media\/2022\/02\/daniel-hrenciuc-radio-1.jpg&#8221;]<\/p>\n<div class=\"entry-content no-share\">\n<div class=\"content-inner \">\n<p>Cei patru elevi din jude\u021bul Suceava care au participat la fazele na\u021bionale ale concursurilor \u201dMemoria Holocaustului\u201d \u0219i \u201dReferate \u0219i comunic\u0103ri \u0219tiin\u021bifice ale elevilor din \u00eenv\u0103\u021b\u0103m\u00eentul liceal la disciplina Istorie\u201d s-au clasat \u00een prima parte a clasamentelor, \u00eens\u0103 nu au ob\u021binut premii \u00een acest an.<\/p>\n<p>\u00centr-o interven\u021bie telefonic\u0103 la Radio Top, inspectorul de specialitate din cadrul Inspectoratului \u0218colar Suceava, doctorul \u00een istorie Daniel Hrenciuc, a declarat c\u0103 elevii au fost foarte bine preg\u0103ti\u021bi, \u00eens\u0103 emo\u021biile \u0219i nivelul ridicat al competi\u021biei au contat \u00een rezultatul final.<\/p>\n<p>A spus Daniel Hrenciuc: \u201dS-au descurcat destul de bine. Anul acesta n-am avut premii la aceste competi\u021bii, de\u0219i ne-am dorit foarte mult, elevii au fost foarte bine preg\u0103ti\u021bi, dar \u00eentotdeauna exist\u0103 ecua\u021bia personal\u0103, care \u00eenseamn\u0103 emo\u021bie, \u00eenseamn\u0103 concentrare la nivelul examenelor, \u00eenseamn\u0103 foarte multe altele\u201d.<\/p>\n<p>Concursul \u201dMemoria Holocaustului\u201d a avut loc la Br\u0103ila, iar Concursul de Referate \u0219i Comunic\u0103ri \u0218tiin\u021bifice s-a desf\u0103\u0219urat la Satu Mare. Profesorul Hrenciuc a precizat c\u0103, \u00een cazul celui de-al doilea concurs, concuren\u021ba este foarte mare, deoarece lucr\u0103rile presupun cercetare, originalitate \u0219i inova\u021bie. A ad\u0103ugat Daniel Hrenciuc: \u201dSper\u0103m c\u0103 la anul vom avea o presta\u021bie care s\u0103 ne duc\u0103 mai sus \u00een clasament\u201d.<\/p>\n<p>Inspectorul a subliniat \u0219i efortul f\u0103cut de elevi pentru preg\u0103tirea acestor competi\u021bii, inclusiv \u00een perioada vacan\u021bei. A spus acesta: \u201dAu participat cam la tot ce a \u00eensemnat concurs istoric anul acesta, deci au fost supu\u0219i unui travaliu prelungit, au parcurs bibliografii diferite \u0219i-au consacrat timpul asimil\u0103rii acestor informa\u021bii, acestor cuno\u0219tin\u021be, au \u00eenv\u0103\u021bat foarte mult. A\u0219a cum am mai spus eu, s\u00eent mul\u021bumit. Se putea \u0219i mai mult, r\u0103m\u00een speran\u021bele pentru concursurile urm\u0103toare\u201d.<\/p>\n<p>Daniel Hrenciuc a amintit c\u0103, de cinci ani, la Suceava func\u021bioneaz\u0103 \u00een mod voluntar un centru de excelen\u021b\u0103 la istorie, la care particip\u0103 elevi pasiona\u021bi de aceast\u0103 disciplin\u0103. A punctat profesorul: \u201dEi vin voluntar, \u00ee\u0219i sacrific\u0103 s\u00eembetele pentru a \u00eenv\u0103\u021ba istorie \u0219i pentru a face, s\u0103 spunem a\u0219a, \u00eenc\u0103 un efort suplimentar dincolo de eforturile pe care le fac\u201d.<\/p>\n<\/div>\n<\/div>\n<div class=\"content-inner \">\n<p>Cei patru elevi din jude\u021bul Suceava care au participat la fazele na\u021bionale ale concursurilor \u201dMemoria Holocaustului\u201d \u0219i \u201dReferate \u0219i comunic\u0103ri \u0219tiin\u021bifice ale elevilor din \u00eenv\u0103\u021b\u0103m\u00eentul liceal la disciplina Istorie\u201d s-au clasat \u00een prima parte a clasamentelor, \u00eens\u0103 nu au ob\u021binut premii \u00een acest an.<\/p>\n<p>\u00centr-o interven\u021bie telefonic\u0103 la Radio Top, inspectorul de specialitate din cadrul Inspectoratului \u0218colar Suceava, doctorul \u00een istorie Daniel Hrenciuc, a declarat c\u0103 elevii au fost foarte bine preg\u0103ti\u021bi, \u00eens\u0103 emo\u021biile \u0219i nivelul ridicat al competi\u021biei au contat \u00een rezultatul final.<\/p>\n<p>A spus Daniel Hrenciuc: \u201dS-au descurcat destul de bine. Anul acesta n-am avut premii la aceste competi\u021bii, de\u0219i ne-am dorit foarte mult, elevii au fost foarte bine preg\u0103ti\u021bi, dar \u00eentotdeauna exist\u0103 ecua\u021bia personal\u0103, care \u00eenseamn\u0103 emo\u021bie, \u00eenseamn\u0103 concentrare la nivelul examenelor, \u00eenseamn\u0103 foarte multe altele\u201d.<\/p>\n<p>Concursul \u201dMemoria Holocaustului\u201d a avut loc la Br\u0103ila, iar Concursul de Referate \u0219i Comunic\u0103ri \u0218tiin\u021bifice s-a desf\u0103\u0219urat la Satu Mare. Profesorul Hrenciuc a precizat c\u0103, \u00een cazul celui de-al doilea concurs, concuren\u021ba este foarte mare, deoarece lucr\u0103rile presupun cercetare, originalitate \u0219i inova\u021bie. A ad\u0103ugat Daniel Hrenciuc: \u201dSper\u0103m c\u0103 la anul vom avea o presta\u021bie care s\u0103 ne duc\u0103 mai sus \u00een clasament\u201d.<\/p>\n<p>Inspectorul a subliniat \u0219i efortul f\u0103cut de elevi pentru preg\u0103tirea acestor competi\u021bii, inclusiv \u00een perioada vacan\u021bei. A spus acesta: \u201dAu participat cam la tot ce a \u00eensemnat concurs istoric anul acesta, deci au fost supu\u0219i unui travaliu prelungit, au parcurs bibliografii diferite \u0219i-au consacrat timpul asimil\u0103rii acestor informa\u021bii, acestor cuno\u0219tin\u021be, au \u00eenv\u0103\u021bat foarte mult. A\u0219a cum am mai spus eu, s\u00eent mul\u021bumit. Se putea \u0219i mai mult, r\u0103m\u00een speran\u021bele pentru concursurile urm\u0103toare\u201d.<\/p>\n<p>Daniel Hrenciuc a amintit c\u0103, de cinci ani, la Suceava func\u021bioneaz\u0103 \u00een mod voluntar un centru de excelen\u021b\u0103 la istorie, la care particip\u0103 elevi pasiona\u021bi de aceast\u0103 disciplin\u0103. A punctat profesorul: \u201dEi vin voluntar, \u00ee\u0219i sacrific\u0103 s\u00eembetele pentru a \u00eenv\u0103\u021ba istorie \u0219i pentru a face, s\u0103 spunem a\u0219a, \u00eenc\u0103 un efort suplimentar dincolo de eforturile pe care le fac\u201d.<\/p>\n<\/div>\n<p>[analyse_source url=&#8221;https:\/\/www.radiotop.ro\/educatie\/prof-daniel-hrenciuc-elevii-suceveni-au-fost-in-prima-parte-a-clasamentelor-la-concursurile-nationale-de-istorie.html&#8221;]<\/p>\n","protected":false},"excerpt":{"rendered":"<p>[analyse_image type=&#8221;featured&#8221; src=&#8221;https:\/\/www.radiotop.ro\/img\/media\/2022\/02\/daniel-hrenciuc-radio-1.jpg&#8221;] Cei patru elevi din jude\u021bul Suceava care au participat la fazele na\u021bionale ale concursurilor \u201dMemoria Holocaustului\u201d \u0219i \u201dReferate \u0219i comunic\u0103ri \u0219tiin\u021bifice ale elevilor din \u00eenv\u0103\u021b\u0103m\u00eentul liceal la disciplina Istorie\u201d s-au clasat \u00een prima parte a clasamentelor, \u00eens\u0103 nu au ob\u021binut premii \u00een acest an. \u00centr-o interven\u021bie telefonic\u0103 la Radio Top, inspectorul de [&hellip;]<\/p>\n","protected":false},"author":1,"featured_media":0,"comment_status":"open","ping_status":"","sticky":false,"template":"","format":"standard","meta":{"footnotes":""},"categories":[89],"tags":[226,163],"class_list":["post-2087397","post","type-post","status-publish","format-standard","hentry","category-romania","tag-crawlmanager","tag-radiotop-ro"],"_links":{"self":[{"href":"https:\/\/analyse.optim.biz\/index.php?rest_route=\/wp\/v2\/posts\/2087397","targetHints":{"allow":["GET"]}}],"collection":[{"href":"https:\/\/analyse.optim.biz\/index.php?rest_route=\/wp\/v2\/posts"}],"about":[{"href":"https:\/\/analyse.optim.biz\/index.php?rest_route=\/wp\/v2\/types\/post"}],"author":[{"embeddable":true,"href":"https:\/\/analyse.optim.biz\/index.php?rest_route=\/wp\/v2\/users\/1"}],"replies":[{"embeddable":true,"href":"https:\/\/analyse.optim.biz\/index.php?rest_route=%2Fwp%2Fv2%2Fcomments&post=2087397"}],"version-history":[{"count":0,"href":"https:\/\/analyse.optim.biz\/index.php?rest_route=\/wp\/v2\/posts\/2087397\/revisions"}],"wp:attachment":[{"href":"https:\/\/analyse.optim.biz\/index.php?rest_route=%2Fwp%2Fv2%2Fmedia&parent=2087397"}],"wp:term":[{"taxonomy":"category","embeddable":true,"href":"https:\/\/analyse.optim.biz\/index.php?rest_route=%2Fwp%2Fv2%2Fcategories&post=2087397"},{"taxonomy":"post_tag","embeddable":true,"href":"https:\/\/analyse.optim.biz\/index.php?rest_route=%2Fwp%2Fv2%2Ftags&post=2087397"}],"curies":[{"name":"wp","href":"https:\/\/api.w.org\/{rel}","templated":true}]}}