{"id":2087240,"date":"2026-08-10T15:55:00","date_gmt":"2026-08-10T12:55:00","guid":{"rendered":"https:\/\/analyse.optim.biz\/?p=2087240"},"modified":"2026-08-10T15:55:00","modified_gmt":"2026-08-10T12:55:00","slug":"sua-abdul-el-sayed-progresistul-care-aduce-victoria-comunismului-rasial-in-partidul-democrat","status":"publish","type":"post","link":"https:\/\/analyse.optim.biz\/?p=2087240","title":{"rendered":"SUA: Abdul El-Sayed, progresistul care aduce victoria \u201ccomunismului rasial\u201d \u00een Partidul Democrat"},"content":{"rendered":"<p>[analyse_image type=&#8221;featured&#8221; src=&#8221;https:\/\/radiogoldfm.ro\/wp-content\/uploads\/2026\/08\/sua-abdul-el-sayed-progresistul-care-aduce-victoria-comunismului-rasial-in-partidul-democrat-84080.jpghttps:\/\/radiogoldfm.ro\/wp-content\/uploads\/2026\/08\/sua-abdul-el-sayed-progresistul-care-aduce-victoria-comunismului-rasial-in-partidul-democrat-84080.jpg&#8221;]<\/p>\n<div class=\"qt-the-content\">\n<p><strong>Nu cumva America este definitiv divizat\u0103 \u00eentre popoare devenite aproape str\u0103ine unul fa\u021b\u0103 de cel\u0103lalt? se \u00eentreaba<\/strong>\u00a0<strong>analistul canadian Mathieu Bock-C\u00f4t\u00e9\u00a0<a href=\"https:\/\/www.lefigaro.fr\/vox\/monde\/mathieu-bock-cote-abdul-el-sayed-la-victoire-du-populisme-racialiste-sur-la-gauche-democrate-20260806\" target=\"_blank\" rel=\"noreferrer noopener\">n Le Figaro<\/a>, analiz\u00e2nd victoria politicianului progresist\u00a0 Abdul El-Sayed \u00een alegerile primare democrate pentru Senat din Michigan. Autorul argumenteaz\u0103 c\u0103 acest succes marcheaz\u0103 o schimbare de paradigm\u0103 \u00een interiorul Partidului Democrat: trecerea de la st\u00e2nga tradi\u021bional\u0103, centrat\u0103 pe clasa muncitoare \u0219i politicile sociale clasice, c\u0103tre un nou populism progresist articulat \u00een jurul politicilor identitare, reprezent\u0103rii etnice \u0219i redefinirii raporturilor de putere din societatea american\u0103.<\/strong><\/p>\n<p>Victoria lui Abdul El-Sayed \u00een alegerile primare democrate pentru Senat \u00een statul Michigan este semnul unei cotituri inedite \u00een r\u00e2ndul democra\u021bilor, precum \u0219i al unei recompozi\u021bii mai largi a spa\u021biului politic \u0219i a sistemului de partide din Statele Unite.<\/p>\n<p>Victoria lui Abdul El-Sayed \u00een alegerile primare democrate pentru Senat \u00een Michigan a fost primit\u0103 favorabil de presa interna\u021bional\u0103, care o prezint\u0103 drept o victorie a aripii progresiste a partidului \u2013 spre deosebire de aripa centrist\u0103 sau pragmatic\u0103, depinde ce formulare prefer\u0103m. Al\u021bii, dorind s\u0103 fie mai severi, spun c\u0103 aripa radical\u0103 tocmai a \u00eenvins aripa moderat\u0103. Acest\u00a0narativ\u00a0nu este fals, dar este teribil de incomplet\u00a0\u0219i omite s\u0103 aminteasc\u0103 \u00een ce m\u0103sur\u0103 aceast\u0103 cotitur\u0103 a democra\u021bilor se \u00eenscrie \u00een cadrul unei recompozi\u021bii a spa\u021biului politic \u0219i a sistemului de partide american. Trebuie s\u0103 revenim asupra acestui aspect pentru a \u00een\u021belege ce se \u00eent\u00e2mpl\u0103.<\/p>\n<p>Din 2015 p\u00e2n\u0103 \u00een 2024, Partidul Republican a trecut printr-o muta\u021bie ideologic\u0103 de o amploare istoric\u0103, similar\u0103 celei din anii \u201960. Atunci, mi\u0219carea conservatoare, relansat\u0103 de William Buckley \u0219i purtat\u0103 politic de Barry Goldwater, preluase controlul asupra partidului. \u00cen mod similar, mi\u0219carea MAGA, \u00eentruchipat\u0103 politic de Donald Trump, a convertit mai \u00eent\u00e2i Partidul Republican la na\u021bional-populism, apoi la na\u021bional-conservatorism,\u00a0o doctrin\u0103 mai elitist\u0103, ambele fiind \u00eens\u0103 mi\u0219c\u0103ri insurec\u021bionale \u0219i, \u00eentr-un mod specific american, contrarevolu\u021bionare. Mul\u021bi au v\u0103zut \u00een aceast\u0103 evolu\u021bie, f\u0103r\u0103 s\u0103 se \u00een\u0219ele, o revolt\u0103 a Americii tradi\u021bionale \u0219i chiar a Americii albe \u00eempotriva imigra\u021biei masive \u0219i a ideologiei\u00a0<em>woke<\/em>.<\/p>\n<p>Prin efect de oglind\u0103, ceva similar se \u00eent\u00e2mpl\u0103 \u0219i \u00een Partidul Democrat, care \u00eentoarce \u00een acest moment pagina memoriei rooseveltiene \u0219i a misticii familiei Kennedy. Oric\u00e2t de straniu ar p\u0103rea, Joe Biden a fost ultimul mo\u0219tenitor al acestei ere. Se dorea un progresist, dar centrist, foarte deschis c\u0103tre diversitate, dar fidel clasei muncitoare albe. Momi\ufb01carea sa \u00een timp real, chiar \u00een timp ce se afla \u00een func\u021bie, a ilustrat \u00eentr-un mod crud sf\u00e2r\u0219itul acestei epoci. Venise timpul unui populism de st\u00e2nga. \u00cens\u0103 acesta nu mai avea s\u0103 fie cel al lui Bernie Sanders, b\u0103tr\u00e2nul socialist din Vermont, cu o retoric\u0103 \u00eendreptat\u0103 \u00eempotriva celor 1% \u00een numele celor 99%.<\/p>\n<p>Noul populism avea s\u0103 fie cel al persoanelor \u201erasializate\u201d \u2013 \u00een spa\u021biul francezs-ar spune c\u0103 st\u00e2nga radical\u0103 american\u0103 a trecut de la un amestec de Jean-Luc M\u00e9lenchon (perioada 2017-2022) la o sintez\u0103 nou\u0103 \u00eentre Bally Bagayoko \u0219i Rima Hassan. \u021ainta sa este clar\u0103: suprema\u021bia alb\u0103, aflat\u0103 aparent la temelia societ\u0103\u021bii americane contemporane, care ar trebui prin urmare \u201edecolonizat\u0103\u201d. Aceast\u0103 logic\u0103 a repara\u021biilor rasiale, \u00eemprumutat\u0103 din na\u021bionalismul de culoare al anilor \u201970, este preluat\u0103 acum de popula\u021biile proasp\u0103t imigrate pentru a ob\u021bine o redistribuire a bog\u0103\u021biei popula\u021biei albe pe o baz\u0103 etnic\u0103. \u00cen Statele Unite se vorbe\u0219te tot mai mult despre \u201ecomunism rasial\u201d. Formularea este \u0219ocant\u0103, dar revelatoare.<\/p>\n<p>Aceast\u0103 nou\u0103 st\u00e2ng\u0103 radical\u0103 s-a implantat la nivel municipal, a\u0219a cum s-a v\u0103zut \u00een mod eclatant prin victoria lui Zohran Mamdani la New York, \u00een 2025. Demografia metropolei \u00eei era favorabil\u0103, la fel ca cea a multor altor ora\u0219e mari americane, precum Chicago sau San Francisco. Aceast\u0103 mi\u0219care nu avea \u00eens\u0103 s\u0103 r\u0103m\u00e2n\u0103 cantonat\u0103 pe scena municipal\u0103, chiar dac\u0103 aceasta a servit drept ramp\u0103 de lansare \u0219i laborator. Urma etapa cuceririi puterii la nivel na\u021bional, chiar \u00een interiorul Partidului Democrat. Suntem deja acolo, \u00een perspectiva alegerilor parlamentare de jum\u0103tate de mandat (<em>midterms<\/em>) din aceast\u0103 toamn\u0103 \u0219i a viitoarelor alegeri preziden\u021biale.<\/p>\n<p>Revenim, a\u0219adar, la alegerile primare pentru Senat din Michigan. Vechiul Partid Democrat \u0219i cel nou s-au \u00eenfruntat acolo.\u00a0<em>Establishment<\/em>-ul a fost \u00eenfr\u00e2nt. Chiar dac\u0103 scorul a fost str\u00e2ns, s-a impus o tendin\u021b\u0103 de fundal care se va afirma din ce \u00een ce mai mult. Iar centri\u0219tii vor sf\u00e2r\u0219i prin a se ralia \u2014 sistemul de partide american oblig\u00e2nd tendin\u021be contradictorii s\u0103 coabiteze. \u00cen Michigan a existat, evident, o sociologie particular\u0103, statul av\u00e2nd o comunitate arab\u0103 important\u0103. Ar trebui s\u0103 fim surprin\u0219i, prin urmare, c\u0103 rela\u021bia dintre Statele Unite \u0219i Israel s-a aflat \u00een centrul b\u0103t\u0103liei? Transformarea demografic\u0103 a Statelor Unite ar putea, m\u00e2ine, s\u0103 schimbe politica extern\u0103 a imperiului vremurilor noastre.<\/p>\n<p>Nu cumva America este definitiv divizat\u0103 \u00eentre popoare devenite aproape str\u0103ine unul fa\u021b\u0103 de cel\u0103lalt? \u00centre Donald Trump, care asimileaz\u0103 Partidul Democrat cu comunismul, \u0219i acesta din urm\u0103, care vede \u00een actualul pre\u0219edinte un fascist,\u00a0\u0219i \u0219tiind c\u0103 ambele partide se bazeaz\u0103 pe baze socio-demografice care mai degrab\u0103 se evit\u0103 dec\u00e2t coabiteaz\u0103, ne putem permite s\u0103 afirm\u0103m acest lucru. Este o dinamic\u0103 de secesiune mai mult sau mai pu\u021bin pa\u0219nic\u0103 care se instaleaz\u0103 \u2014 mai mult sau mai pu\u021bin pa\u0219nic\u0103 deoarece, a\u0219a cum s-a v\u0103zut \u00een cazul ICE, unii reprezentan\u021bi ai st\u00e2ngii legitimeaz\u0103 acum o retoric\u0103 insurec\u021bional\u0103 \u0219i chiar folosirea violen\u021bei politice \u00eempotriva unei puteri decretate ilegitime. Sau poate este vorba pur \u0219i simplu despre un r\u0103zboi civil rece. Acest scenariu este, probabil, cel mai plauzibil.<\/p>\n<p><strong><em>surs\u0103:<a href=\"https:\/\/www.lefigaro.fr\/vox\/monde\/mathieu-bock-cote-abdul-el-sayed-la-victoire-du-populisme-racialiste-sur-la-gauche-democrate-20260806\" target=\"_blank\" rel=\"noreferrer noopener\"> Le Figaro<\/a><\/em><\/strong><\/p>\n<div class=\"tagcloud qt-spacer-m\"><span class=\"qt-title\">Tagged as <\/span><a href=\"https:\/\/radiogoldfm.ro\/tag\/abdul-el-sayed\/\" rel=\"tag\">Abdul El-Sayed<\/a><a href=\"https:\/\/radiogoldfm.ro\/tag\/america\/\" rel=\"tag\">america<\/a><a href=\"https:\/\/radiogoldfm.ro\/tag\/comunism-rasial\/\" rel=\"tag\">comunism rasial<\/a><a href=\"https:\/\/radiogoldfm.ro\/tag\/progresist\/\" rel=\"tag\">progresist<\/a><\/div>\n<div class=\"qt-post-author qt-card\">\n<div class=\"row\">\n<div class=\"qt-post-author-data col s10 m7 l7\">\n<h6>Profil<\/h6>\n<h4><a href=\"https:\/\/radiogoldfm.ro\/sua-abdul-el-sayed-progresistul-care-aduce-victoria-comunismului-rasial-in-partidul-democrat\/#author_page\">Gold FM Radio<\/a><\/h4>\n<\/div>\n<div class=\"qt-post-author-link col s12 m3 l4 \"><a href=\"https:\/\/radiogoldfm.ro\/author\/gold-fm\/\" class=\"qt-btn qt-btn-large qt-btn-primary aligncenter\">Arhiva postari<\/a><\/div>\n<\/div>\n<\/div>\n<\/div>\n<p>[analyse_source url=&#8221;https:\/\/radiogoldfm.ro\/sua-abdul-el-sayed-progresistul-care-aduce-victoria-comunismului-rasial-in-partidul-democrat\/&#8221;]<\/p>\n","protected":false},"excerpt":{"rendered":"<p>[analyse_image type=&#8221;featured&#8221; src=&#8221;https:\/\/radiogoldfm.ro\/wp-content\/uploads\/2026\/08\/sua-abdul-el-sayed-progresistul-care-aduce-victoria-comunismului-rasial-in-partidul-democrat-84080.jpghttps:\/\/radiogoldfm.ro\/wp-content\/uploads\/2026\/08\/sua-abdul-el-sayed-progresistul-care-aduce-victoria-comunismului-rasial-in-partidul-democrat-84080.jpg&#8221;] Nu cumva America este definitiv divizat\u0103 \u00eentre popoare devenite aproape str\u0103ine unul fa\u021b\u0103 de cel\u0103lalt? se \u00eentreaba\u00a0analistul canadian Mathieu Bock-C\u00f4t\u00e9\u00a0n Le Figaro, analiz\u00e2nd victoria politicianului progresist\u00a0 Abdul El-Sayed \u00een alegerile primare democrate pentru Senat din Michigan. Autorul argumenteaz\u0103 c\u0103 acest succes marcheaz\u0103 o schimbare de paradigm\u0103 \u00een interiorul Partidului Democrat: trecerea de [&hellip;]<\/p>\n","protected":false},"author":1,"featured_media":0,"comment_status":"open","ping_status":"","sticky":false,"template":"","format":"standard","meta":{"footnotes":""},"categories":[89],"tags":[226,96],"class_list":["post-2087240","post","type-post","status-publish","format-standard","hentry","category-romania","tag-crawlmanager","tag-radiogoldfm-ro"],"_links":{"self":[{"href":"https:\/\/analyse.optim.biz\/index.php?rest_route=\/wp\/v2\/posts\/2087240","targetHints":{"allow":["GET"]}}],"collection":[{"href":"https:\/\/analyse.optim.biz\/index.php?rest_route=\/wp\/v2\/posts"}],"about":[{"href":"https:\/\/analyse.optim.biz\/index.php?rest_route=\/wp\/v2\/types\/post"}],"author":[{"embeddable":true,"href":"https:\/\/analyse.optim.biz\/index.php?rest_route=\/wp\/v2\/users\/1"}],"replies":[{"embeddable":true,"href":"https:\/\/analyse.optim.biz\/index.php?rest_route=%2Fwp%2Fv2%2Fcomments&post=2087240"}],"version-history":[{"count":0,"href":"https:\/\/analyse.optim.biz\/index.php?rest_route=\/wp\/v2\/posts\/2087240\/revisions"}],"wp:attachment":[{"href":"https:\/\/analyse.optim.biz\/index.php?rest_route=%2Fwp%2Fv2%2Fmedia&parent=2087240"}],"wp:term":[{"taxonomy":"category","embeddable":true,"href":"https:\/\/analyse.optim.biz\/index.php?rest_route=%2Fwp%2Fv2%2Fcategories&post=2087240"},{"taxonomy":"post_tag","embeddable":true,"href":"https:\/\/analyse.optim.biz\/index.php?rest_route=%2Fwp%2Fv2%2Ftags&post=2087240"}],"curies":[{"name":"wp","href":"https:\/\/api.w.org\/{rel}","templated":true}]}}