{"id":2087238,"date":"2026-08-10T11:34:30","date_gmt":"2026-08-10T08:34:30","guid":{"rendered":"https:\/\/analyse.optim.biz\/?p=2087238"},"modified":"2026-08-10T11:34:30","modified_gmt":"2026-08-10T08:34:30","slug":"un-nou-rival-de-extrema-dreapta-ii-sufla-in-ceafa-lui-meloni-premierul-italian-schimba-tonul-si-revine-la-discursul-nationalist-si-dur-privind-migratia","status":"publish","type":"post","link":"https:\/\/analyse.optim.biz\/?p=2087238","title":{"rendered":"Un nou rival de extrem\u0103 dreapta \u00eei sufl\u0103 \u00een ceaf\u0103 lui Meloni: premierul italian schimb\u0103 tonul \u0219i revine la discursul na\u021bionalist \u0219i dur privind migra\u021bia"},"content":{"rendered":"<p>[analyse_image type=&#8221;featured&#8221; src=&#8221;https:\/\/radiogoldfm.ro\/wp-content\/uploads\/2026\/08\/media-171946265822078700.webphttps:\/\/radiogoldfm.ro\/wp-content\/uploads\/2026\/08\/media-171946265822078700.webp&#8221;]<\/p>\n<div class=\"qt-the-content\">\n<p><strong>Cu alegerile care ar putea avea loc chiar \u00een prim\u0103vara anului viitor \u0219i cu un nou rival de extrem\u0103 dreapta \u00een ascensiune,\u00a0<\/strong><a href=\"https:\/\/www.stiripesurse.ro\/tag\/Giorgia-Meloni\" target=\"_blank\" rel=\"noreferrer noopener\"><strong>Giorgia Meloni<\/strong><\/a><strong>\u00a0\u00ee\u0219i schimb\u0103 tonul \u00een privin\u021ba migra\u021biei \u0219i securit\u0103\u021bii. Premierul italian \u00eencearc\u0103 s\u0103-\u0219i consolideze electoratul de dreapta \u00een fa\u021ba ascensiunii fostului general\u00a0<\/strong><a href=\"https:\/\/www.stiripesurse.ro\/tag\/Roberto-Vannacci\" target=\"_blank\" rel=\"noreferrer noopener\"><strong>Roberto Vannacci<\/strong><\/a><strong>, \u00een timp ce conflictul cu Spania pe tema migra\u021biei amplific\u0103 tensiunile politice, potrivit POLITICO.<\/strong><\/p>\n<p>Guvernul lui Meloni a fost primul din UE care a criticat Executivul spaniol dup\u0103 sosirea brusc\u0103 a unui num\u0103r mare de migran\u021bi din Maroc \u00een exclava spaniol\u0103 Ceuta, s\u0103pt\u0103m\u00e2na trecut\u0103.<\/p>\n<p>\u00cen timp ce Fran\u021ba \u0219i alte state europene au \u00een\u0103sprit controalele la frontier\u0103, Italia a mers mai departe \u0219i a anun\u021bat suspendarea acordului Schengen privind libera circula\u021bie \u00een rela\u021bia cu Madridul. \u00cen aeroporturile italiene, pasagerii veni\u021bi din Spania sunt acum direc\u021biona\u021bi c\u0103tre o linie separat\u0103.<\/p>\n<p>Biroul Giorgiei Meloni a transmis c\u0103 nu inten\u021bioneaz\u0103 s\u0103 ridice controalele cel pu\u021bin p\u00e2n\u0103 la 15 august, escalad\u00e2nd conflictul cu Spania. Madridul a r\u0103spuns prin introducerea unor controale asupra c\u0103l\u0103torilor veni\u021bi din Italia.<\/p>\n<p>\u201eNu vom da \u00eenapoi nici m\u0103car un milimetru \u00een privin\u021ba imigra\u021biei ilegale\u201d, a scris Meloni pe X. Premierul a ad\u0103ugat c\u0103 ap\u0103rarea frontierelor, combaterea trafican\u021bilor de persoane \u0219i asigurarea unor repatrieri eficiente vor r\u0103m\u00e2ne priorit\u0103\u021bi ale guvernului s\u0103u.<\/p>\n<h2 class=\"wp-block-heading\" id=\"ascensiunea-lui-vannacci-pune-presiune-pe-meloni\">Ascensiunea lui Vannacci pune presiune pe Meloni<\/h2>\n<p>Conflictul cu Spania este doar cel mai recent semn c\u0103 lidera italian\u0103 \u00eencearc\u0103 s\u0103-\u0219i securizeze electoratul de dreapta \u00een fa\u021ba unei provoc\u0103ri venite chiar din zona sa politic\u0103.<\/p>\n<p>Principalul rival este Roberto Vannacci, fost general \u0219i europarlamentar, al c\u0103rui partid de extrem\u0103 dreapta, Futuro Nazionale, a crescut \u00een sondaje \u0219i a dep\u0103\u0219it Liga, unul dintre partenerii de coali\u021bie ai lui Meloni.<\/p>\n<p>Potrivit sondajelor citate de POLITICO, partidul lui Vannacci a dep\u0103\u0219it pragul de 7%, o evolu\u021bie care poate deveni important\u0103 \u00een perspectiva alegerilor.<\/p>\n<p>\u201eF\u0103r\u0103 Vannacci, centrul-dreapta ar putea pierde alegerile care urmeaz\u0103. Aceste \u0219apte procente conteaz\u0103 enorm\u201d, a declarat Lorenzo Pregliasco, de la firma de sondare YouTrend.<\/p>\n<p>Pentru Meloni, provocarea este cu at\u00e2t mai sensibil\u0103 cu c\u00e2t \u0219i-a \u00eenceput cariera politic\u0103 \u00een aripa de tineret a mi\u0219c\u0103rii postfasciste italiene.<\/p>\n<p>\u201eNu exist\u0103 nicio \u00eendoial\u0103 c\u0103 exist\u0103 preocupare pentru limitarea competi\u021biei venite din partea Futuro Nazionale\u201d, a declarat politologul de dreapta Marco Tarchi. Potrivit acestuia, diferen\u021ba se vede \u00een primul r\u00e2nd prin \u201e\u00een\u0103sprirea tonului\u201d, \u00een timp ce temele r\u0103m\u00e2n acelea\u0219i: securitate, imigra\u021bie \u0219i identitate.<\/p>\n<h2 class=\"wp-block-heading\" id=\"de-la-blocada-navala-la-centrele-pentru-migranti-din-albania\">De la blocada naval\u0103 la centrele pentru migran\u021bi din Albania<\/h2>\n<p>\u00cen campania electoral\u0103 care a dus-o la putere \u00een 2022, Meloni a promis m\u0103suri dure \u00eempotriva migra\u021biei ilegale, inclusiv instituirea unei blocade navale \u00een largul coastelor Italiei.<\/p>\n<p>Planul nu a fost pus \u00een aplicare, \u00eens\u0103 guvernul italian a deschis centre de deten\u021bie \u00een Albania, unde migran\u021bii sunt g\u0103zdui\u021bi \u00een timp ce cererile lor de azil sunt procesate.<\/p>\n<p>Vannacci propune \u00eens\u0103 o solu\u021bie \u0219i mai radical\u0103: \u201eremigrarea\u201d, un plan \u00eenc\u0103 neclar prin care migran\u021bii ar fi \u00eencuraja\u021bi s\u0103 se \u00eentoarc\u0103 \u00een \u021b\u0103rile lor de origine.<\/p>\n<p>Criza din Ceuta, \u00een timpul c\u0103reia zeci de mii de migran\u021bi au trecut din Maroc \u00een exclava spaniol\u0103, iar aproape 100 de persoane au murit, i-a oferit lui Meloni ocazia de a demonstra c\u0103 lupta \u00eempotriva migra\u021biei ilegale r\u0103m\u00e2ne o prioritate absolut\u0103 pentru guvernul s\u0103u.<\/p>\n<h2 class=\"wp-block-heading\" id=\"efectul-vannacci-se-vede-si-in-politica-externa\">\u201eEfectul Vannacci\u201d se vede \u0219i \u00een politica extern\u0103<\/h2>\n<p>Provocarea venit\u0103 din partea lui Vannacci nu se limiteaz\u0103 \u00eens\u0103 la migra\u021bie. Meloni se confrunt\u0103 \u0219i cu presiuni asupra pozi\u021biei sale fa\u021b\u0103 de Ucraina.<\/p>\n<p>At\u00e2t Liga, c\u00e2t \u0219i Vannacci sus\u021bin o pozi\u021bie mai conciliant\u0103 fa\u021b\u0103 de Moscova, se opun ajutorului militar acordat Kievului \u0219i contest\u0103 majorarea cheltuielilor pentru ap\u0103rare.<\/p>\n<p>Meloni s-a prezentat drept un sus\u021bin\u0103tor ferm al Ucrainei, \u00eens\u0103 dependen\u021ba de Liga pentru men\u021binerea coali\u021biei de guvernare a limitat amploarea sprijinului italian. \u00cen patru ani, Italia a contribuit cu aproximativ 3 miliarde de euro, potrivit datelor citate de POLITICO.<\/p>\n<p>Roma a refuzat, de asemenea, s\u0103 participe la PURL, mecanismul NATO destinat achizi\u021bion\u0103rii de arme pentru Ucraina, creat dup\u0103 ce pre\u0219edintele american Donald Trump a pus cap\u0103t noilor angajamente americane de ajutor militar pentru Kiev.<\/p>\n<h2 class=\"wp-block-heading\" id=\"ucraina-principala-diferenta-dintre-meloni-si-vannacci\">Ucraina, principala diferen\u021b\u0103 dintre Meloni \u0219i Vannacci<\/h2>\n<p>Potrivit politologului Marco Tarchi, Ucraina este principalul punct \u00een care pozi\u021biile lui Meloni difer\u0103 cu adev\u0103rat de cele ale lui Vannacci.<\/p>\n<p>\u201e\u00cen rest, diferen\u021ba este exagerat\u0103 artificial \u00een retoric\u0103 \u0219i \u00een pozi\u021bionarea public\u0103, din motive tactice\u201d, a explicat acesta.<\/p>\n<p>Alia\u021bii lui Meloni nu exclud o eventual\u0103 alian\u021b\u0103 cu Vannacci, \u00eens\u0103 subliniaz\u0103 c\u0103 aceasta ar depinde de pozi\u021biile sale \u00een chestiuni esen\u021biale, \u00een special de politica extern\u0103.<\/p>\n<p>\u201eDac\u0103 \u00eencearc\u0103 s\u0103 pozi\u021bioneze Italia al\u0103turi de Rusia, China, Iran \u0219i Coreea de Nord, este clar c\u0103 nu putem sta \u00eempreun\u0103. Dac\u0103, \u00een schimb, alege Occidentul \u2013 democra\u021biile, na\u021biunile occidentale, democra\u021biile liberale occidentale \u2013 atunci putem cu siguran\u021b\u0103 s\u0103 fim \u00eempreun\u0103\u201d, a declarat Nicola Procaccini, unul dintre alia\u021bii importan\u021bi ai lui Meloni.<\/p>\n<p><em><strong>surs\u0103: <a href=\"https:\/\/www.stiripesurse.ro\/un-nou-rival-de-extrema-dreapta-ii-sufla-in-ceafa-lui-meloni-premierul-italian-schimba-tonul-si-revine-la-discursul-nationalist-si-dur-privind-migratia_3910841\">stiripesurse.ro<\/a><\/strong><\/em><\/p>\n<div class=\"tagcloud qt-spacer-m\"><span class=\"qt-title\">Tagged as <\/span><a href=\"https:\/\/radiogoldfm.ro\/tag\/giorgia-meloni\/\" rel=\"tag\">giorgia meloni<\/a><a href=\"https:\/\/radiogoldfm.ro\/tag\/gold-fm\/\" rel=\"tag\">GOLD FM<\/a><a href=\"https:\/\/radiogoldfm.ro\/tag\/guvern\/\" rel=\"tag\">guvern<\/a><a href=\"https:\/\/radiogoldfm.ro\/tag\/opozitie\/\" rel=\"tag\">opozitie<\/a><a href=\"https:\/\/radiogoldfm.ro\/tag\/roberto-vannacci\/\" rel=\"tag\">roberto vannacci<\/a><a href=\"https:\/\/radiogoldfm.ro\/tag\/romania\/\" rel=\"tag\">romania<\/a><\/div>\n<div class=\"qt-post-author qt-card\">\n<div class=\"row\">\n<div class=\"qt-post-author-data col s10 m7 l7\">\n<h6>Profil<\/h6>\n<h4><a href=\"https:\/\/radiogoldfm.ro\/un-nou-rival-de-extrema-dreapta-ii-sufla-in-ceafa-lui-meloni-premierul-italian-schimba-tonul-si-revine-la-discursul-nationalist-si-dur-privind-migratia\/#author_page\">Gold FM Radio<\/a><\/h4>\n<\/div>\n<div class=\"qt-post-author-link col s12 m3 l4 \"><a href=\"https:\/\/radiogoldfm.ro\/author\/gold-fm\/\" class=\"qt-btn qt-btn-large qt-btn-primary aligncenter\">Arhiva postari<\/a><\/div>\n<\/div>\n<\/div>\n<\/div>\n<p>[analyse_source url=&#8221;https:\/\/radiogoldfm.ro\/un-nou-rival-de-extrema-dreapta-ii-sufla-in-ceafa-lui-meloni-premierul-italian-schimba-tonul-si-revine-la-discursul-nationalist-si-dur-privind-migratia\/&#8221;]<\/p>\n","protected":false},"excerpt":{"rendered":"<p>[analyse_image type=&#8221;featured&#8221; src=&#8221;https:\/\/radiogoldfm.ro\/wp-content\/uploads\/2026\/08\/media-171946265822078700.webphttps:\/\/radiogoldfm.ro\/wp-content\/uploads\/2026\/08\/media-171946265822078700.webp&#8221;] Cu alegerile care ar putea avea loc chiar \u00een prim\u0103vara anului viitor \u0219i cu un nou rival de extrem\u0103 dreapta \u00een ascensiune,\u00a0Giorgia Meloni\u00a0\u00ee\u0219i schimb\u0103 tonul \u00een privin\u021ba migra\u021biei \u0219i securit\u0103\u021bii. Premierul italian \u00eencearc\u0103 s\u0103-\u0219i consolideze electoratul de dreapta \u00een fa\u021ba ascensiunii fostului general\u00a0Roberto Vannacci, \u00een timp ce conflictul cu Spania pe tema [&hellip;]<\/p>\n","protected":false},"author":1,"featured_media":0,"comment_status":"open","ping_status":"","sticky":false,"template":"","format":"standard","meta":{"footnotes":""},"categories":[89],"tags":[226,96],"class_list":["post-2087238","post","type-post","status-publish","format-standard","hentry","category-romania","tag-crawlmanager","tag-radiogoldfm-ro"],"_links":{"self":[{"href":"https:\/\/analyse.optim.biz\/index.php?rest_route=\/wp\/v2\/posts\/2087238","targetHints":{"allow":["GET"]}}],"collection":[{"href":"https:\/\/analyse.optim.biz\/index.php?rest_route=\/wp\/v2\/posts"}],"about":[{"href":"https:\/\/analyse.optim.biz\/index.php?rest_route=\/wp\/v2\/types\/post"}],"author":[{"embeddable":true,"href":"https:\/\/analyse.optim.biz\/index.php?rest_route=\/wp\/v2\/users\/1"}],"replies":[{"embeddable":true,"href":"https:\/\/analyse.optim.biz\/index.php?rest_route=%2Fwp%2Fv2%2Fcomments&post=2087238"}],"version-history":[{"count":0,"href":"https:\/\/analyse.optim.biz\/index.php?rest_route=\/wp\/v2\/posts\/2087238\/revisions"}],"wp:attachment":[{"href":"https:\/\/analyse.optim.biz\/index.php?rest_route=%2Fwp%2Fv2%2Fmedia&parent=2087238"}],"wp:term":[{"taxonomy":"category","embeddable":true,"href":"https:\/\/analyse.optim.biz\/index.php?rest_route=%2Fwp%2Fv2%2Fcategories&post=2087238"},{"taxonomy":"post_tag","embeddable":true,"href":"https:\/\/analyse.optim.biz\/index.php?rest_route=%2Fwp%2Fv2%2Ftags&post=2087238"}],"curies":[{"name":"wp","href":"https:\/\/api.w.org\/{rel}","templated":true}]}}