{"id":2087235,"date":"2026-08-10T10:11:47","date_gmt":"2026-08-10T07:11:47","guid":{"rendered":"https:\/\/analyse.optim.biz\/?p=2087235"},"modified":"2026-08-10T10:11:47","modified_gmt":"2026-08-10T07:11:47","slug":"27-de-ani-de-la-inceputul-erei-putin-pe-9-august-1999-eltin-il-desemna-drept-succesor-la-carma-rusiei","status":"publish","type":"post","link":"https:\/\/analyse.optim.biz\/?p=2087235","title":{"rendered":"27 de ani de la \u00eenceputul erei Putin. Pe 9 august 1999, El\u021b\u00een \u00eel desemna drept succesor la c\u00e2rma Rusiei"},"content":{"rendered":"<p>[analyse_image type=&#8221;featured&#8221; src=&#8221;https:\/\/radiogoldfm.ro\/wp-content\/uploads\/2026\/08\/Vladimir_Putin_Boris_Eltin_2_9826-768&#215;432-1.jpghttps:\/\/radiogoldfm.ro\/wp-content\/uploads\/2026\/08\/Vladimir_Putin_Boris_Eltin_2_9826-768&#215;432-1.jpg&#8221;]<\/p>\n<div class=\"qt-the-content\">\n<p>\u00cen ziua de 9 august 1999, \u00eencepea una dintre cele mai importante transform\u0103ri politice ale Rusiei postsovietice. \u00cen urm\u0103 cu exact 27 de ani, pre\u0219edintele Boris El\u021b\u00een \u00eel demitea pe premierul Serghei Stepa\u0219in \u0219i \u00eel numea \u00een locul s\u0103u pe Vladimir Putin, fost ofi\u021ber KGB \u0219i \u0219ef al FSB, pe atunci pu\u021bin cunoscut publicului larg. \u00cen aceea\u0219i zi, El\u021b\u00een \u00eel indica explicit drept omul pe care \u00eel vedea succesor al s\u0103u la Kremlin.<\/p>\n<p>Decizia venea \u00eentr-o perioad\u0103 de profund\u0103 instabilitate politic\u0103. Serghei Stepa\u0219in se afla \u00een fruntea Guvernului de numai trei luni, iar plecarea sa marca a patra schimbare de premier operat\u0103 de El\u021b\u00een \u00een mai pu\u021bin de un an \u0219i jum\u0103tate.<\/p>\n<p>Pre\u0219edintele rus era tot mai sl\u0103bit fizic \u0219i profund nepopular, iar \u021bara \u00eenc\u0103 resim\u021bea efectele crizei financiare din 1998. \u00cen acela\u0219i timp, se apropiau alegerile parlamentare \u0219i preziden\u021biale, iar Kremlinul era amenin\u021bat de ascensiunea alian\u021bei formate \u00een jurul fostului premier Evgheni Primakov \u0219i al influentului primar al Moscovei, Iuri Lujkov.<\/p>\n<p>\u00cen v\u00e2rst\u0103 de 46 de ani atunci, Putin avea \u00een spate o lung\u0103 carier\u0103 \u00een KGB, inclusiv \u00een Germania de Est. Activase ulterior \u00een administra\u021bia din Sankt Petersburg, iar \u00een 1998 fusese numit \u00een fruntea FSB, principalul succesor al serviciului secret sovietic.<\/p>\n<p>Numirea sa nu a reprezentat \u00eens\u0103 doar o nou\u0103 schimbare de premier. \u00centr-o adresare televizat\u0103 din 9 august, El\u021b\u00een l-a indicat practic pe Putin drept succesorul pe care \u00eel dorea la conducerea Rusiei dup\u0103 expirarea propriului mandat. La acel moment, pu\u021bini \u00ee\u0219i imaginau c\u0103 oficialul aproape necunoscut avea s\u0103 domine politica rus\u0103 \u00een urm\u0103toarele trei decenii.<\/p>\n<p>Numirea lui Putin s-a produs pe fundalul reaprinderii conflictului \u00een Caucaz. La \u00eenceputul lunii august 1999, grup\u0103ri islamiste conduse de \u0218amil Basaev \u0219i Ibn al-Khattab au p\u0103truns din Cecenia \u00een Daghestan, provoc\u00e2nd confrunt\u0103ri cu for\u021bele ruse.<\/p>\n<p>O lun\u0103 mai t\u00e2rziu, Rusia a fost zguduit\u0103 de o serie de explozii devastatoare \u00een blocuri de locuin\u021be din Buinaksk, Moscova \u0219i Volgodonsk, soldate cu sute de mor\u021bi. Autorit\u0103\u021bile ruse au atribuit atentatele terori\u0219tilor ceceni, \u00eens\u0103 circumstan\u021bele atacurilor au generat ulterior numeroase controverse.<\/p>\n<p>Pe acest fundal a \u00eenceput cel de-al Doilea R\u0103zboi Cecen. Putin a adoptat un discurs extrem de dur \u0219i \u0219i-a construit rapid imaginea unui lider capabil s\u0103 restabileasc\u0103 autoritatea statului. \u00cen numai c\u00e2teva luni, popularitatea sa a crescut spectaculos.<\/p>\n<p>Pe 16 august, Duma de Stat \u00eel confirma oficial \u00een func\u021bia de prim-ministru.<\/p>\n<p>Ultimul act al transferului de putere s-a produs pe 31 decembrie al aceluia\u0219i an. \u00centr-un discurs televizat care a surprins Rusia, Boris El\u021b\u00een \u0219i-a anun\u021bat demisia \u00eenainte de \u00eencheierea mandatului.<\/p>\n<p>Conform Constitu\u021biei, atribu\u021biile preziden\u021biale au fost preluate imediat de premier. La mai pu\u021bin de cinci luni dup\u0103 numirea sa \u00een fruntea Guvernului, Vladimir Putin devenea pre\u0219edinte interimar al Federa\u021biei Ruse.<\/p>\n<p>\u00cen aceea\u0219i zi, Putin a semnat un decret care \u00eei oferea lui El\u021b\u00een, \u00een calitate de fost pre\u0219edinte, importante garan\u021bii juridice \u0219i materiale, inclusiv protec\u021bie fa\u021b\u0103 de urm\u0103rirea penal\u0103 pentru fapte comise \u00een timpul exercit\u0103rii mandatului.<\/p>\n<p>Pe 26 martie 2000, Putin c\u00e2\u0219tiga alegerile preziden\u021biale din primul tur.<\/p>\n<p>Avea s\u0103 conduc\u0103 Rusia ca pre\u0219edinte \u00eentre 2000 \u0219i 2008, s\u0103 ocupe apoi func\u021bia de premier \u0219i s\u0103 revin\u0103 la Kremlin \u00een 2012. \u00cen anii care au urmat, puterea s-a concentrat progresiv \u00een jurul Kremlinului, iar Rusia a trecut prin r\u0103zboaiele din Cecenia, interven\u021bia militar\u0103 \u00een Georgia, anexarea Crimeei \u0219i invazia pe scar\u0103 larg\u0103 a Ucrainei.<\/p>\n<p><em><strong>surs\u0103: <a href=\"https:\/\/ziua.md\/27-de-ani-de-la-inceputul-erei-putin-pe-9-august-1999-eltin-il-desemna-drept-succesor-la-carma-rusiei\/\">ziua.md<\/a><\/strong><\/em><\/p>\n<div class=\"tagcloud qt-spacer-m\"><span class=\"qt-title\">Tagged as <\/span><a href=\"https:\/\/radiogoldfm.ro\/tag\/eltin\/\" rel=\"tag\">eltin<\/a><a href=\"https:\/\/radiogoldfm.ro\/tag\/gold-fm\/\" rel=\"tag\">GOLD FM<\/a><a href=\"https:\/\/radiogoldfm.ro\/tag\/mandat\/\" rel=\"tag\">mandat<\/a><a href=\"https:\/\/radiogoldfm.ro\/tag\/manddat\/\" rel=\"tag\">manddat<\/a><a href=\"https:\/\/radiogoldfm.ro\/tag\/presedinte\/\" rel=\"tag\">presedinte<\/a><a href=\"https:\/\/radiogoldfm.ro\/tag\/romania\/\" rel=\"tag\">romania<\/a><a href=\"https:\/\/radiogoldfm.ro\/tag\/vladimir-putin\/\" rel=\"tag\">vladimir putin<\/a><\/div>\n<div class=\"qt-post-author qt-card\">\n<div class=\"row\">\n<div class=\"qt-post-author-data col s10 m7 l7\">\n<h6>Profil<\/h6>\n<h4><a href=\"https:\/\/radiogoldfm.ro\/27-de-ani-de-la-inceputul-erei-putin-pe-9-august-1999-eltin-il-desemna-drept-succesor-la-carma-rusiei\/#author_page\">Gold FM Radio<\/a><\/h4>\n<\/div>\n<div class=\"qt-post-author-link col s12 m3 l4 \"><a href=\"https:\/\/radiogoldfm.ro\/author\/gold-fm\/\" class=\"qt-btn qt-btn-large qt-btn-primary aligncenter\">Arhiva postari<\/a><\/div>\n<\/div>\n<\/div>\n<\/div>\n<p>[analyse_source url=&#8221;https:\/\/radiogoldfm.ro\/27-de-ani-de-la-inceputul-erei-putin-pe-9-august-1999-eltin-il-desemna-drept-succesor-la-carma-rusiei\/&#8221;]<\/p>\n","protected":false},"excerpt":{"rendered":"<p>[analyse_image type=&#8221;featured&#8221; src=&#8221;https:\/\/radiogoldfm.ro\/wp-content\/uploads\/2026\/08\/Vladimir_Putin_Boris_Eltin_2_9826-768&#215;432-1.jpghttps:\/\/radiogoldfm.ro\/wp-content\/uploads\/2026\/08\/Vladimir_Putin_Boris_Eltin_2_9826-768&#215;432-1.jpg&#8221;] \u00cen ziua de 9 august 1999, \u00eencepea una dintre cele mai importante transform\u0103ri politice ale Rusiei postsovietice. \u00cen urm\u0103 cu exact 27 de ani, pre\u0219edintele Boris El\u021b\u00een \u00eel demitea pe premierul Serghei Stepa\u0219in \u0219i \u00eel numea \u00een locul s\u0103u pe Vladimir Putin, fost ofi\u021ber KGB \u0219i \u0219ef al FSB, pe atunci pu\u021bin [&hellip;]<\/p>\n","protected":false},"author":1,"featured_media":0,"comment_status":"open","ping_status":"","sticky":false,"template":"","format":"standard","meta":{"footnotes":""},"categories":[89],"tags":[226,96],"class_list":["post-2087235","post","type-post","status-publish","format-standard","hentry","category-romania","tag-crawlmanager","tag-radiogoldfm-ro"],"_links":{"self":[{"href":"https:\/\/analyse.optim.biz\/index.php?rest_route=\/wp\/v2\/posts\/2087235","targetHints":{"allow":["GET"]}}],"collection":[{"href":"https:\/\/analyse.optim.biz\/index.php?rest_route=\/wp\/v2\/posts"}],"about":[{"href":"https:\/\/analyse.optim.biz\/index.php?rest_route=\/wp\/v2\/types\/post"}],"author":[{"embeddable":true,"href":"https:\/\/analyse.optim.biz\/index.php?rest_route=\/wp\/v2\/users\/1"}],"replies":[{"embeddable":true,"href":"https:\/\/analyse.optim.biz\/index.php?rest_route=%2Fwp%2Fv2%2Fcomments&post=2087235"}],"version-history":[{"count":0,"href":"https:\/\/analyse.optim.biz\/index.php?rest_route=\/wp\/v2\/posts\/2087235\/revisions"}],"wp:attachment":[{"href":"https:\/\/analyse.optim.biz\/index.php?rest_route=%2Fwp%2Fv2%2Fmedia&parent=2087235"}],"wp:term":[{"taxonomy":"category","embeddable":true,"href":"https:\/\/analyse.optim.biz\/index.php?rest_route=%2Fwp%2Fv2%2Fcategories&post=2087235"},{"taxonomy":"post_tag","embeddable":true,"href":"https:\/\/analyse.optim.biz\/index.php?rest_route=%2Fwp%2Fv2%2Ftags&post=2087235"}],"curies":[{"name":"wp","href":"https:\/\/api.w.org\/{rel}","templated":true}]}}