{"id":2087233,"date":"2026-08-09T08:11:07","date_gmt":"2026-08-09T05:11:07","guid":{"rendered":"https:\/\/analyse.optim.biz\/?p=2087233"},"modified":"2026-08-09T08:11:07","modified_gmt":"2026-08-09T05:11:07","slug":"in-loc-sa-securizeze-frontierele-ue-vrea-sa-controleze-retelele-sociale-dupa-criza-din-ceuta-bruxelles-ul-cere-meta-si-tiktok-sa-sporeasca-cenzura-online","status":"publish","type":"post","link":"https:\/\/analyse.optim.biz\/?p=2087233","title":{"rendered":"\u00cen loc s\u0103 securizeze frontierele, UE vrea s\u0103 controleze re\u021belele sociale: dup\u0103 criza din Ceuta, Bruxelles-ul cere Meta \u0219i TikTok s\u0103 sporeasc\u0103 cenzura online"},"content":{"rendered":"<p>[analyse_image type=&#8221;featured&#8221; src=&#8221;https:\/\/radiogoldfm.ro\/wp-content\/uploads\/2023\/11\/censored-social-media-1024&#215;569-1.jpghttps:\/\/radiogoldfm.ro\/wp-content\/uploads\/2023\/11\/censored-social-media-1024&#215;569-1.jpg&#8221;]<\/p>\n<div class=\"qt-the-content\">\n<p><strong>Trecerea ilegal\u0103 a frontierei de c\u0103tre zeci de mii de persoane la Ceuta a scos la iveal\u0103 o abordare surprinz\u0103toare a Comisiei Europene: \u00een loc s\u0103 vin\u0103 cu solu\u021bii concrete pentru \u00eent\u0103rirea \u0219i protejarea fizic\u0103 a grani\u021belor externe, Bruxelles-ul \u00ee\u0219i mut\u0103 aten\u021bia spre mediul virtual. Invoc\u00e2nd fapte de dezinformare care ar fi alimentat valul migrator, oficialii europeni pun acum presiune pe platformele Meta \u0219i TikTok pentru a spori supravegherea utilizatorilor \u0219i verificarea con\u021binutului. O astfel de strategie las\u0103 impresia c\u0103 liderii europeni prefer\u0103 s\u0103 reglementeze \u0219i s\u0103 controleze spa\u021biul digital de la centru, l\u0103s\u00e2nd \u00eens\u0103 problema securit\u0103\u021bii reale de la frontiere \u00een continuare nerezolvat\u0103, scrie\u00a0<a href=\"https:\/\/www.cnews.fr\/monde\/2026-08-08\/crise-migratoire-ceuta-lunion-europeenne-demande-meta-et-tiktok-de-renforcer-la\" target=\"_blank\" rel=\"noreferrer noopener\">CNEWS<\/a><\/strong><\/p>\n<p>Dup\u0103 criza migra\u021biei din Ceuta, unde peste 70.000 de persoane au trecut frontiera, Uniunea European\u0103 le-a cerut vineri mai multor re\u021bele sociale, printre care \u0219i TikTok, s\u0103 intensifice lupta \u00eempotriva dezinform\u0103rii.<\/p>\n<p>Re\u021belele sociale sunt responsabile pentru situa\u021bia din Ceuta? Vineri, 7 august 2026, au avut loc discu\u021bii \u00eentre Comisia European\u0103 \u0219i mai multe re\u021bele sociale, precum TikTok sau Meta (Facebook, Instagram, WhatsApp, Messenger \u0219i Threads).<\/p>\n<p>Platformelor li se cere s\u0103 \u201eac\u021bioneze decisiv\u201d pentru a combate dezinformarea. \u00cenainte de criza migra\u021biei din Ceuta de s\u0103pt\u0103m\u00e2na trecut\u0103, c\u00e2nd peste 70.000 de persoane au trecut frontiera cu Marocul, un zvon conform c\u0103ruia \u201efrontiera din Ceuta este deschis\u0103\u201d s-a r\u0103sp\u00e2ndit ca pulberea de pu\u0219c\u0103 pe re\u021belele sociale.<\/p>\n<p><strong>\u201eSupravegherea trebuie consolidat\u0103\u201d<\/strong><\/p>\n<p>\u201ePlatformele trebuie s\u0103 ac\u021bioneze decisiv pentru a proteja integritatea spa\u021biului digital, \u00een special \u00een situa\u021bii de criz\u0103\u201d, a insistat Henna Virkkunen, comisarul pentru suveranitate tehnologic\u0103, securitate \u0219i democra\u021bie, \u00eenainte de a anun\u021ba c\u0103 UE \u201eva face o evaluare de etap\u0103 luni\u201d.<\/p>\n<p>Ea a ad\u0103ugat: \u201eSupravegherea trebuie consolidat\u0103, iar cooperarea cu entit\u0103\u021bile de verificare a informa\u021biilor (<em>fact-checkers<\/em>) trebuie str\u00e2ns\u0103.\u201d<\/p>\n<p>Mar\u021bi, Spania a anun\u021bat c\u0103 din cele 72.000 de persoane intrate \u00een enclav\u0103 dinspre Maroc pe 30 \u0219i 31 iulie, toate \u2013 cu excep\u021bia a 2.000 \u2013 s-au \u00eentors. 80 de persoane au murit \u00een timpul acestei busculade, \u00een special prin \u00eenec, potrivit autorit\u0103\u021bilor spaniole.<\/p>\n<p><strong>O \u201eopera\u021biune organizat\u0103 deliberat\u201d<\/strong><\/p>\n<p>Criza migra\u021biei din Ceuta este un \u201etest\u201d pentru securitatea frontierelor, a apreciat Magnus Brunner, comisarul european pentru afaceri interne \u0219i migra\u021bie. Trecerile au fost \u201ealimentate de re\u021bele infrac\u021bionale de trafican\u021bi de persoane \u0219i, de asemenea, de dezinformare\u201d, a ad\u0103ugat el, men\u021bion\u00e2nd totodat\u0103 c\u0103 este \u201eprea devreme\u201d pentru a stabili cine se afl\u0103 la originea \u201einstrumentaliz\u0103rii\u201d situa\u021biei \u00een mediul online.<\/p>\n<p>Cu toate acestea, el avertizeaz\u0103: UE \u201etrebuie s\u0103 \u00ee\u0219i consolideze capacitatea de a urm\u0103ri tendin\u021bele de dezinformare pe re\u021belele sociale, lucr\u00e2nd m\u00e2n\u0103 \u00een m\u00e2n\u0103 cu Europol \u0219i cu toate celelalte agen\u021bii ale UE.\u201d<\/p>\n<p>Criza migra\u021biei din Ceuta \u201ea fost o opera\u021biune organizat\u0103 deliberat\u201d, a concluzionat \u201ecu un grad ridicat de certitudine\u201d o investiga\u021bie din surse deschise realizat\u0103 de compania de tehnologie Golden Owl.<\/p>\n<p><strong><em>surs\u0103:\u00a0<a href=\"https:\/\/www.cnews.fr\/monde\/2026-08-08\/crise-migratoire-ceuta-lunion-europeenne-demande-meta-et-tiktok-de-renforcer-la\" target=\"_blank\" rel=\"noreferrer noopener\">CNEWS<\/a><\/em><\/strong><\/p>\n<div class=\"tagcloud qt-spacer-m\"><span class=\"qt-title\">Tagged as <\/span><a href=\"https:\/\/radiogoldfm.ro\/tag\/europa\/\" rel=\"tag\">europa<\/a><a href=\"https:\/\/radiogoldfm.ro\/tag\/gold-fm\/\" rel=\"tag\">GOLD FM<\/a><a href=\"https:\/\/radiogoldfm.ro\/tag\/romania\/\" rel=\"tag\">romania<\/a><a href=\"https:\/\/radiogoldfm.ro\/tag\/uniunea-europeana\/\" rel=\"tag\">uniunea europeana<\/a><a href=\"https:\/\/radiogoldfm.ro\/tag\/ursula-von-der-leyen\/\" rel=\"tag\">ursula von der leyen<\/a><\/div>\n<div class=\"qt-post-author qt-card\">\n<div class=\"row\">\n<div class=\"qt-post-author-data col s10 m7 l7\">\n<h6>Profil<\/h6>\n<h4><a href=\"https:\/\/radiogoldfm.ro\/in-loc-sa-securizeze-frontierele-ue-vrea-sa-controleze-retelele-sociale-dupa-criza-din-ceuta-bruxelles-ul-cere-meta-si-tiktok-sa-sporeasca-cenzura-online\/#author_page\">Gold FM Radio<\/a><\/h4>\n<\/div>\n<div class=\"qt-post-author-link col s12 m3 l4 \"><a href=\"https:\/\/radiogoldfm.ro\/author\/gold-fm\/\" class=\"qt-btn qt-btn-large qt-btn-primary aligncenter\">Arhiva postari<\/a><\/div>\n<\/div>\n<\/div>\n<\/div>\n<p>[analyse_source url=&#8221;https:\/\/radiogoldfm.ro\/in-loc-sa-securizeze-frontierele-ue-vrea-sa-controleze-retelele-sociale-dupa-criza-din-ceuta-bruxelles-ul-cere-meta-si-tiktok-sa-sporeasca-cenzura-online\/&#8221;]<\/p>\n","protected":false},"excerpt":{"rendered":"<p>[analyse_image type=&#8221;featured&#8221; src=&#8221;https:\/\/radiogoldfm.ro\/wp-content\/uploads\/2023\/11\/censored-social-media-1024&#215;569-1.jpghttps:\/\/radiogoldfm.ro\/wp-content\/uploads\/2023\/11\/censored-social-media-1024&#215;569-1.jpg&#8221;] Trecerea ilegal\u0103 a frontierei de c\u0103tre zeci de mii de persoane la Ceuta a scos la iveal\u0103 o abordare surprinz\u0103toare a Comisiei Europene: \u00een loc s\u0103 vin\u0103 cu solu\u021bii concrete pentru \u00eent\u0103rirea \u0219i protejarea fizic\u0103 a grani\u021belor externe, Bruxelles-ul \u00ee\u0219i mut\u0103 aten\u021bia spre mediul virtual. Invoc\u00e2nd fapte de dezinformare care ar fi [&hellip;]<\/p>\n","protected":false},"author":1,"featured_media":0,"comment_status":"open","ping_status":"","sticky":false,"template":"","format":"standard","meta":{"footnotes":""},"categories":[89],"tags":[226,96],"class_list":["post-2087233","post","type-post","status-publish","format-standard","hentry","category-romania","tag-crawlmanager","tag-radiogoldfm-ro"],"_links":{"self":[{"href":"https:\/\/analyse.optim.biz\/index.php?rest_route=\/wp\/v2\/posts\/2087233","targetHints":{"allow":["GET"]}}],"collection":[{"href":"https:\/\/analyse.optim.biz\/index.php?rest_route=\/wp\/v2\/posts"}],"about":[{"href":"https:\/\/analyse.optim.biz\/index.php?rest_route=\/wp\/v2\/types\/post"}],"author":[{"embeddable":true,"href":"https:\/\/analyse.optim.biz\/index.php?rest_route=\/wp\/v2\/users\/1"}],"replies":[{"embeddable":true,"href":"https:\/\/analyse.optim.biz\/index.php?rest_route=%2Fwp%2Fv2%2Fcomments&post=2087233"}],"version-history":[{"count":0,"href":"https:\/\/analyse.optim.biz\/index.php?rest_route=\/wp\/v2\/posts\/2087233\/revisions"}],"wp:attachment":[{"href":"https:\/\/analyse.optim.biz\/index.php?rest_route=%2Fwp%2Fv2%2Fmedia&parent=2087233"}],"wp:term":[{"taxonomy":"category","embeddable":true,"href":"https:\/\/analyse.optim.biz\/index.php?rest_route=%2Fwp%2Fv2%2Fcategories&post=2087233"},{"taxonomy":"post_tag","embeddable":true,"href":"https:\/\/analyse.optim.biz\/index.php?rest_route=%2Fwp%2Fv2%2Ftags&post=2087233"}],"curies":[{"name":"wp","href":"https:\/\/api.w.org\/{rel}","templated":true}]}}