{"id":2087228,"date":"2026-08-10T13:55:00","date_gmt":"2026-08-10T10:55:00","guid":{"rendered":"https:\/\/analyse.optim.biz\/?p=2087228"},"modified":"2026-08-10T13:55:00","modified_gmt":"2026-08-10T10:55:00","slug":"starea-de-sanatate-a-lui-joe-biden-s-a-agravat-cancerul-s-a-extins-dincolo-de-oase-este-foarte-dureros-si-debilitant","status":"publish","type":"post","link":"https:\/\/analyse.optim.biz\/?p=2087228","title":{"rendered":"Starea de s\u0103n\u0103tate a lui Joe Biden s-a agravat. Cancerul s-a extins \u201edincolo\u201d de oase: \u201eEste foarte dureros \u0219i debilitant\u201d"},"content":{"rendered":"<p>[analyse_image type=&#8221;featured&#8221; src=&#8221;https:\/\/radiogoldfm.ro\/wp-content\/uploads\/2026\/08\/joe_biden_0826-768&#215;432-1.jpghttps:\/\/radiogoldfm.ro\/wp-content\/uploads\/2026\/08\/joe_biden_0826-768&#215;432-1.jpg&#8221;]<\/p>\n<div class=\"qt-the-content\">\n<p>Starea de s\u0103n\u0103tate a fostului pre\u0219edinte american Joe Biden, \u00een v\u00e2rst\u0103 de 83 de ani, s-a agravat. Cancerul de prostat\u0103 de care sufer\u0103 continu\u0103 s\u0103 se extind\u0103 \u0219i a dat metastaze \u00een oase, dar \u0219i \u00een alte organe ale corpului. Informa\u021bia a fost dezv\u0103luit\u0103 de fiul s\u0103u, Hunter Biden, \u00eentr-un interviu acordat BBC Newsnight.<\/p>\n<blockquote class=\"wp-block-quote is-layout-flow wp-block-quote-is-layout-flow\">\n<p>\u201eCancerul s-a r\u0103sp\u00e2ndit, a metastazat la nivelul oaselor \u0219i dincolo de acestea. Este foarte dureros \u0219i este foarte debilitant din multe puncte de vedere. Este cu adev\u0103rat trist s\u0103 vezi asta\u201d, a spus Hunter Biden.<\/p>\n<\/blockquote>\n<p>\u00cen mai 2025, fostul pre\u0219edinte al SUA a fost diagnosticat cu o form\u0103 agresiv\u0103 de cancer de prostat\u0103. Cancerul avea un scor Gleason 9, din 10, ceea ce indic\u0103 o form\u0103 deosebit de agresiv\u0103 a bolii. Totodat\u0103, medicii au precizat c\u0103 tumora era sensibil\u0103 la hormoni, ceea ce permite utilizarea unor tratamente pentru \u00eencetinirea evolu\u021biei acesteia.<\/p>\n<p>Ulterior, Biden a urmat radioterapie \u0219i tratament hormonal. Potrivit informa\u021biilor f\u0103cute publice, fostul pre\u0219edinte a \u00eencheiat radioterapia \u00een octombrie 2025, continu\u00e2nd terapia hormonal\u0103.<\/p>\n<p>Joe Biden a fost cel de-al 46-lea pre\u0219edinte al Statelor Unite, exercit\u00e2ndu-\u0219i mandatul \u00een perioada 2021-2025.<\/p>\n<p><em><strong>surs\u0103: <a href=\"https:\/\/ziua.md\/starea-de-sanatate-a-lui-joe-biden-s-a-agravat-cancerul-s-a-extins-dincolo-de-oase-este-foarte-dureros-si-debilitant\/\">ziua.md<\/a><\/strong><\/em><\/p>\n<div class=\"tagcloud qt-spacer-m\"><span class=\"qt-title\">Tagged as <\/span><a href=\"https:\/\/radiogoldfm.ro\/tag\/boala\/\" rel=\"tag\">boala<\/a><a href=\"https:\/\/radiogoldfm.ro\/tag\/cancer\/\" rel=\"tag\">cancer<\/a><a href=\"https:\/\/radiogoldfm.ro\/tag\/casa-alba\/\" rel=\"tag\">casa alba<\/a><a href=\"https:\/\/radiogoldfm.ro\/tag\/gold-fm\/\" rel=\"tag\">GOLD FM<\/a><a href=\"https:\/\/radiogoldfm.ro\/tag\/recuperare\/\" rel=\"tag\">recuperare<\/a><a href=\"https:\/\/radiogoldfm.ro\/tag\/romania\/\" rel=\"tag\">romania<\/a><a href=\"https:\/\/radiogoldfm.ro\/tag\/sanatate\/\" rel=\"tag\">sanatate<\/a><\/div>\n<div class=\"qt-post-author qt-card\">\n<div class=\"row\">\n<div class=\"qt-post-author-data col s10 m7 l7\">\n<h6>Profil<\/h6>\n<h4><a href=\"https:\/\/radiogoldfm.ro\/starea-de-sanatate-a-lui-joe-biden-s-a-agravat-cancerul-s-a-extins-dincolo-de-oase-este-foarte-dureros-si-debilitant\/#author_page\">Gold FM Radio<\/a><\/h4>\n<\/div>\n<div class=\"qt-post-author-link col s12 m3 l4 \"><a href=\"https:\/\/radiogoldfm.ro\/author\/gold-fm\/\" class=\"qt-btn qt-btn-large qt-btn-primary aligncenter\">Arhiva postari<\/a><\/div>\n<\/div>\n<\/div>\n<\/div>\n<p>[analyse_source url=&#8221;https:\/\/radiogoldfm.ro\/starea-de-sanatate-a-lui-joe-biden-s-a-agravat-cancerul-s-a-extins-dincolo-de-oase-este-foarte-dureros-si-debilitant\/&#8221;]<\/p>\n","protected":false},"excerpt":{"rendered":"<p>[analyse_image type=&#8221;featured&#8221; src=&#8221;https:\/\/radiogoldfm.ro\/wp-content\/uploads\/2026\/08\/joe_biden_0826-768&#215;432-1.jpghttps:\/\/radiogoldfm.ro\/wp-content\/uploads\/2026\/08\/joe_biden_0826-768&#215;432-1.jpg&#8221;] Starea de s\u0103n\u0103tate a fostului pre\u0219edinte american Joe Biden, \u00een v\u00e2rst\u0103 de 83 de ani, s-a agravat. Cancerul de prostat\u0103 de care sufer\u0103 continu\u0103 s\u0103 se extind\u0103 \u0219i a dat metastaze \u00een oase, dar \u0219i \u00een alte organe ale corpului. Informa\u021bia a fost dezv\u0103luit\u0103 de fiul s\u0103u, Hunter Biden, \u00eentr-un interviu acordat [&hellip;]<\/p>\n","protected":false},"author":1,"featured_media":0,"comment_status":"open","ping_status":"","sticky":false,"template":"","format":"standard","meta":{"footnotes":""},"categories":[89],"tags":[226,96],"class_list":["post-2087228","post","type-post","status-publish","format-standard","hentry","category-romania","tag-crawlmanager","tag-radiogoldfm-ro"],"_links":{"self":[{"href":"https:\/\/analyse.optim.biz\/index.php?rest_route=\/wp\/v2\/posts\/2087228","targetHints":{"allow":["GET"]}}],"collection":[{"href":"https:\/\/analyse.optim.biz\/index.php?rest_route=\/wp\/v2\/posts"}],"about":[{"href":"https:\/\/analyse.optim.biz\/index.php?rest_route=\/wp\/v2\/types\/post"}],"author":[{"embeddable":true,"href":"https:\/\/analyse.optim.biz\/index.php?rest_route=\/wp\/v2\/users\/1"}],"replies":[{"embeddable":true,"href":"https:\/\/analyse.optim.biz\/index.php?rest_route=%2Fwp%2Fv2%2Fcomments&post=2087228"}],"version-history":[{"count":0,"href":"https:\/\/analyse.optim.biz\/index.php?rest_route=\/wp\/v2\/posts\/2087228\/revisions"}],"wp:attachment":[{"href":"https:\/\/analyse.optim.biz\/index.php?rest_route=%2Fwp%2Fv2%2Fmedia&parent=2087228"}],"wp:term":[{"taxonomy":"category","embeddable":true,"href":"https:\/\/analyse.optim.biz\/index.php?rest_route=%2Fwp%2Fv2%2Fcategories&post=2087228"},{"taxonomy":"post_tag","embeddable":true,"href":"https:\/\/analyse.optim.biz\/index.php?rest_route=%2Fwp%2Fv2%2Ftags&post=2087228"}],"curies":[{"name":"wp","href":"https:\/\/api.w.org\/{rel}","templated":true}]}}