{"id":2087128,"date":"2026-08-02T00:00:00","date_gmt":"2026-08-01T21:00:00","guid":{"rendered":"https:\/\/analyse.optim.biz\/?p=2087128"},"modified":"2026-08-02T00:00:00","modified_gmt":"2026-08-01T21:00:00","slug":"mozaic-stiri-nationale-noua-detonare-a-stancii-parjoaia-pentru-a-devia-cursul-dunarii-spre-centrala-de-la-cernavoda-miruta-e-un-succes","status":"publish","type":"post","link":"https:\/\/analyse.optim.biz\/?p=2087128","title":{"rendered":"MOZAIC \u0218TIRI NA\u021aIONALE: Nou\u0103 detonare a st\u00e2ncii P\u00e2rjoaia, pentru a devia cursul Dun\u0103rii spre Centrala de la Cernavod\u0103. Miru\u0163\u0103: E un succes"},"content":{"rendered":"<p>[analyse_image type=&#8221;featured&#8221; src=&#8221;https:\/\/zdvi.cname.ro\/_\/mozaic-stiri-nationale-noua-detonare-a-stancii-parjoaia-pentru-a-devia-cursul-dunarii-spre-centrala-de-la-cernavoda.-miruta-e-un-succes\/mediaPool\/uPWvJKR.jpg&#8221;]<\/p>\n<div class=\"main-content detaliu-articol\"><a class=\"titlu-cat-list\" href=\"https:\/\/ziaruldevrancea.ro\/actualitatea\/national\">Na\u021bional<\/a><\/p>\n<h1>MOZAIC \u0218TIRI NA\u021aIONALE: Nou\u0103 detonare a st\u00e2ncii P\u00e2rjoaia, pentru a devia cursul Dun\u0103rii spre Centrala de la Cernavod\u0103. Miru\u0163\u0103: E un succes<\/h1>\n<div class=\"date-articol clearfix\">\n<div class=\"distribuie-articol dropdown\">\n    Distribuie: \u00a0<br \/>\n    <em>|<\/em><\/div>\n<div class=\"autor-articol\"><a href=\"https:\/\/ziaruldevrancea.ro\/autor\/rodica-condurache\/\"><img decoding=\"async\" class=\"img-circle\" src=\"https:\/\/zdvi.cname.ro\/50_50\/articleAuthor\/rodica-condurache\/articleAuthor\/uy6Kz5r.jpg\" alt><\/a><\/p>\n<h5><a href=\"https:\/\/ziaruldevrancea.ro\/autor\/rodica-condurache\/\">Rodica Condurache<\/a><\/h5>\n<div class=\"grup-spatiere\"><span class=\"cu-spatiere\"> 2 aug 2026<\/span><span class=\"cu-spatiere\">414 vizualiz\u0103ri<\/span><\/div>\n<\/div>\n<\/div>\n<div class=\"poza-mare\"><a href class=\"openGallery\"><img decoding=\"async\" class=\"img-responsive\" src=\"https:\/\/zdvi.cname.ro\/850_530\/mozaic-stiri-nationale-noua-detonare-a-stancii-parjoaia-pentru-a-devia-cursul-dunarii-spre-centrala-de-la-cernavoda.-miruta-e-un-succes\/article\/mediaPool\/uPWvJKR.jpg\" alt><\/a><\/div>\n<p>\u00a0\u201eO zi de func\u0163ionare suplimentar\u0103 a Centralei de la Cernavod\u0103 e de vreo trei ori mai eficient\u0103 financiar dec\u00e2t costurile acestor opera\u0163iuni\u201d, spune ministrul<\/p>\n<p>Militarii au realizat, luni, o nou\u0103 detonare a st\u00e2ncii P\u00e2rjoaia, pentru a se putea devia debitul Dun\u0103rii pe bra\u0163ul Dun\u0103rii Vechi, pentru a alimenta Centrala Nuclear\u0103 de la Cernavod\u0103. Ministrul interimar al Ap\u0103r\u0103rii, Radu Miru\u0163\u0103, a afirmat c\u0103 opera\u0163iunea a fost un succes. El a men\u0163ionat c\u0103, potrivit calculelor ini\u0163iale, \u201djoi \u00een cel mai fericit caz, Centrala de la Cernavod\u0103 ar fi ajuns \u00een procedur\u0103 de a fi oprit\u0103\u201d.<\/p>\n<p>O nou\u0103 detonare pentru dislocarea st\u00e2ncii P\u00e2rjoaia a avut loc luni, dup\u0103 testele f\u0103cute duminic\u0103 de militari.<\/p>\n<p>\u201dIndiferent de consecin\u0163ele finale pentru Centrala de la Cernavod\u0103 din aceste zile, ce s-a reu\u015fit prin dislocarea acestei st\u00e2nci este un lucru necesar at\u00e2t naviga\u0163iei, c\u00e2t \u015fi pentru u\u015furarea drag\u0103rii, pe viitor, a bra\u0163ului Dun\u0103rii Vechi. E un succes, bucata de ast\u0103zi, de care a fost Armata responsabil\u0103. Urmeaz\u0103 \u00een orele urm\u0103toare cele dou\u0103 barje care au fost aduse aici s\u0103 fie \u00eenc\u0103rcate cu c\u00e2t de mult de poate din ceea ce s-a dislocat, e o macara de mare tonaj care va extrage bucata de st\u00e2nc\u0103 dislocat\u0103 (\u2026)\u201d, a declarat ministrul interimar al Ap\u0103r\u0103rii, Radu Miru\u0163\u0103.<\/p>\n<p>El a spus c\u0103 luni sear\u0103 ar putea s\u0103 ajung\u0103 o a treia barj\u0103, gata \u00eenc\u0103rcat\u0103, \u015fi mar\u0163i s\u0103 vin\u0103 \u015fi ultima barj\u0103, pentru ca scufundarea s\u0103 aib\u0103 loc probabil miercuri diminea\u0163\u0103, dac\u0103 reprezentan\u0163ii de la Apele Rom\u00e2ne vor decide astfel, \u00een urma analizelor f\u0103cute.<\/p>\n<p>\u201dPe calculul pe care l-am primit ini\u0163ial, miercuri-joi, joi \u00een cel mai fericit caz, Centrala de la Cernavod\u0103 ar fi ajuns \u00een procedur\u0103 de a fi oprit\u0103. Dac\u0103 calculele celor de la Apele Rom\u00e2ne care ne cer sprijin \u015fi nou\u0103, la Armat\u0103, \u015fi la Ministerul Transporturilor, sunt unele care se potrivesc realit\u0103\u0163ii, orice zi \u00een care va func\u0163iona Centrala de la Cernavod\u0103 dup\u0103 ziua de miercuri-joi este un c\u00e2\u015ftig cuantificabil. O zi de func\u0163ionare suplimentar\u0103 a Centralei de la Cernavod\u0103 e de vreo trei ori mai eficient\u0103 financiar dec\u00e2t costurile acestor opera\u0163iuni\u201d, a subliniat Miru\u0163\u0103.<\/p>\n<p><strong>Sesiune extraordinar\u0103 la Camera Deputa\u0163ilor, cu legea ANI, redepus\u0103 \u00een Parlament de PNL \u015fi USR<\/strong><\/p>\n<p>Camera Deputa\u0163ilor se reune\u015fte, s\u0103pt\u0103m\u00e2na aceasta, \u00eentr-o nou\u0103 sesiune extraordinar\u0103, pe ordinea de zi afl\u00e2ndu-se \u015fi proiectul privind integritatea, redepus de PNL \u015fi USR, dup\u0103 ce legea ini\u0163ial\u0103, jalon \u00een PNRR, a picat \u00een Senat.<\/p>\n<p>Potrivit ordinii de zi aprobate de Biroul Permanent al Camerei Deputa\u0163ilor, \u00eentre orele 12,00 &#8211; 16,00, luni, se vor reuni comisiile pentru dezbaterea proiectelor, urm\u00e2nd ca plenul s\u0103 \u00eenceap\u0103 la ora 16.00.<\/p>\n<p>Mar\u0163i vor avea loc doar \u015fedin\u0163e ale comisiilor, iar miercuri, de la ora 12,00, va avea loc \u015fedin\u0163a de plen \u00een care se va da vot final pe proiectele de lege. Joi, deputa\u0163ii vor lucra \u00een comisii. Pe ordinea de zi a sesiunii extraordinare a Camerei Deputa\u0163ilor se afl\u0103 Propunerea legislativ\u0103 pentru modificarea \u015fi completarea unor acte normative \u00een domeniul integrit\u0103\u0163ii, Camera Deputa\u0163ilor fiind prima Camer\u0103 sesizat\u0103 \u00een acest caz.<\/p>\n<p>De asemenea, pe agend\u0103 se mai afl\u0103 \u015fi ini\u0163iative legislative adoptate de Senat \u00een calitate de prim\u0103 Camer\u0103 sesizat\u0103.<\/p>\n<p><strong>AUR vrea partenerii de via\u021b\u0103 \u00een declara\u021biile de avere \u0219i interese<\/strong><\/p>\n<p>AUR a anun\u021bat, luni, c\u0103 va vota Legea integrit\u0103\u021bii doar dac\u0103 include partenerii de via\u021b\u0103 \u00een declara\u021biile de avere \u0219i interese ale persoanelor care ocup\u0103 func\u021bii publice, eviden\u021biind c\u0103 cine este incompatibil sau \u00een conflict de interese trebuie s\u0103 plece din func\u021bie.<\/p>\n<p>&#8216;Alian\u021ba pentru Unirea Rom\u00e2nilor \u00ee\u0219i men\u021bine pozi\u021bia exprimat\u0103 \u00eenc\u0103 de la \u00eenceputul dezbaterilor privind legea integrit\u0103\u021bii: vom sus\u021bine doar o lege care \u00eent\u0103re\u0219te standardele de integritate \u0219i asigur\u0103 aplicarea lor \u00een mod egal pentru to\u021bi, demnitari \u0219i so\u021b\/sotie, concubin\/concubin\u0103. \u00cen Senat \u0219i, anterior, \u00een Camera Deputa\u021bilor, AUR a votat amendamentele referitoare la situa\u021biile de incompatibilitate \u0219i conflict de interese care cuprind \u0219i situa\u021bia primarului Timi\u0219oarei, Dominic Fritz. Pozi\u021bia noastr\u0103 este una de principiu: atunci c\u00e2nd exist\u0103 o hot\u0103r\u00e2re judec\u0103toreasc\u0103 definitiv\u0103 care constat\u0103 o stare de incompatibilitate sau un conflict de interese aceasta trebuie s\u0103 \u00ee\u0219i produc\u0103 efectele prev\u0103zute de lege, indiferent de persoana vizat\u0103&#8217;, informeaz\u0103 un comunicat transmis luni Agerpres.<\/p>\n<p>Potrivit AUR, \u00een lipsa prevederii solicitate, exist\u0103 riscul ca mecanismul de declarare s\u0103 nu reflecte \u00een mod complet situa\u021bia patrimonial\u0103 relevant\u0103 pentru exercitarea func\u021biilor publice.<\/p>\n<p>&#8216;\u00cen egal\u0103 m\u0103sur\u0103, consider\u0103m c\u0103 transparen\u021ba declara\u021biilor de avere \u0219i de interese nu poate fi complet\u0103 dac\u0103 nu include \u0219i bunurile sau interesele patrimoniale ale partenerilor de via\u021b\u0103, a\u0219a cum a fost anun\u021bat public chiar de c\u0103tre Sorin Grindeanu care a uitat subit de declara\u021biile publice f\u0103cute cu doar o s\u0103pt\u0103m\u00e2n\u0103 \u00eenainte. \u00cen lipsa unei asemenea prevederi, exist\u0103 riscul ca mecanismul de declarare s\u0103 nu reflecte \u00een mod complet situa\u021bia patrimonial\u0103 relevant\u0103 pentru exercitarea func\u021biilor publice. Din acest motiv, AUR va vota noul proiect introdus al Legii integrit\u0103\u021bii doar dac\u0103 aceasta cuprinde at\u00e2t mecanisme clare privind aplicarea regimului incompatibilit\u0103\u021bilor \u0219i al conflictului de interese, c\u00e2t \u0219i dispozi\u021biile referitoare la declararea averilor \u0219i intereselor partenerilor de via\u021b\u0103. Consider\u0103m c\u0103 acelea\u0219i reguli trebuie s\u0103 se aplice tuturor persoanelor care exercit\u0103 func\u021bii publice, f\u0103r\u0103 diferen\u021be \u0219i f\u0103r\u0103 excep\u021bii&#8217;, se explic\u0103 \u00een comunicat.<\/p>\n<p><strong>Propunerile PSD \u0219i AUR, \u201eneconstitu\u021bionale\u201d<\/strong><\/p>\n<p>Pre\u0219edintele Senatului, Mircea Abrudean, a informat c\u0103 a depus din nou, vineri, un proiect de lege privind integritatea, solicit\u00e2nd PSD \u0219i &#8216;alia\u021bilor s\u0103i&#8217; s\u0103 nu introduc\u0103 amendamente &#8216;otr\u0103vite, neconstitu\u021bionale, care distrug jalonul sau ascund averi&#8217;.<\/p>\n<p>El a ad\u0103ugat c\u0103 &#8216;Rom\u00e2nia risc\u0103 s\u0103 piard\u0103 aproape 800 de milioane de euro, dac\u0103 PSD \u0219i AUR continu\u0103 s\u0103 saboteze Legea integrit\u0103\u021bii&#8217;. Senatul a respins, joi, proiectul de lege privind modificarea \u0219i completarea unor acte normative \u00een domeniul integrit\u0103\u021bii publice, care trecuse de Camera Deputa\u021bilor.<\/p>\n<p>Proiectul a \u00eentrunit doar 55 de voturi &#8216;pentru&#8217;, fiind necesare 67 favorabile, deoarece este o lege organic\u0103.<\/p>\n<p>Parlamentarii liberali nu au participat la votul asupra acestui proiect, contest\u00e2nd amendamentul introdus de PSD, \u0219i sus\u021binut de AUR, \u00een Comisia juridic\u0103 a Senatului care prevedea c\u0103 &#8216;persoanelor fa\u021b\u0103 de care s-a constatat \u00een mod definitiv starea de incompatibilitate sau conflict de interese anterior intr\u0103rii \u00een vigoare a legii le \u00eenceteaz\u0103 de drept func\u021bia sau demnitatea public\u0103 ori mandatul la 30 de zile de la data intr\u0103rii \u00een vigoare a legii&#8217;.<\/p>\n<p>La r\u00e2ndul s\u0103u, liderul USR, Dominic Fritz, primar al Timi\u0219oarei, a sus\u021binut c\u0103 acest amendament este &#8216;neconstitu\u021bional&#8217; \u0219i \u00eel vizeaz\u0103. \u00cen 18 iunie, Fritz a pierdut definitiv, la \u00cenalta Curte de Casa\u021bie \u0219i Justi\u021bie, procesul cu Agen\u021bia Na\u021bional\u0103 de Integritate, \u00een care a fost declarat \u00een conflict de interese. ANI a sus\u021binut c\u0103 primarul Timi\u0219oarei s-a aflat \u00een conflict de interese administrativ deoarece a luat, \u00een noiembrie 2020, o decizie \u00een beneficiul unei persoane care \u00eel \u00eemprumutase \u00een campania electoral\u0103 din acel an cu suma de 25.000 de lei. Un al doilea amendament contestat viza eliminarea obliga\u021biei de a include sumele cash \u00een declara\u021bia de avere a demnitarilor.<\/p>\n<p>Noul proiect va intra mai \u00eent\u00e2i \u00een dezbaterea Camerei Deputa\u021bilor, care este primul for sesizat, Senatul fiind decizional.<\/p>\n<p><strong>De mar\u021bi, canicul\u0103 \u00een toat\u0103 \u021bara<\/strong><\/p>\n<p>Meteorologii anun\u0163\u0103 c\u0103 valul de c\u0103ldur\u0103 va persista \u015fi se va intensifica, urm\u00e2nd s\u0103 afecteze cea mai mare parte a \u0163\u0103rii. De mar\u0163i, toat\u0103 \u0163ara se va afla sub avertizare meteo de canicul\u0103, iar Codul ro\u015fu va fi extins, urm\u00e2nd a viza jude\u0163ele Satu Mare, Bihor, Arad \u015fi Timi\u015f, unde temperaturile vor atinge 41 de grade. \u00cen Bucure\u015fti, va fi cald \u015fi disconfortul termic se va accentua, iar de mar\u0163i canicula se va intensifica.<\/p>\n<p>Administra\u0163ia Na\u0163ional\u0103 de Meteorologie (ANM) a emis o informare valabil\u0103 de luni, de la ora 10.00, p\u00e2n\u0103 vineri, la aceea\u015fi or\u0103, ea viz\u00e2nd un val de c\u0103ldur\u0103, canicul\u0103, temperaturi extreme, disconfort termic \u015fi nop\u0163i tropicale.<\/p>\n<p>Luni \u015fi mar\u0163i, valul de c\u0103ldur\u0103 va persista \u015fi va fi \u00een extindere \u00een cea mai mare parte a \u0163\u0103rii. Vor fi canicul\u0103 \u015fi disconfort termic accentuat, iar indicele temperatur\u0103-umezeal\u0103 (ITU) va atinge \u015fi dep\u0103\u015fi pragul critic de 80 de unit\u0103\u0163i. Temperaturile maxime se vor \u00eencadra \u00eentre 28&#8230;33 de grade pe litoral \u015fi \u00een jurul a 40 de grade \u00een C\u00e2mpia de Vest. Nop\u0163ile vor fi tropicale (cu minime de 20&#8230;26 de grade), pe litoral, \u00een regiunile vestice \u015fi pe arii restr\u00e2nse \u00een rest, iar din noaptea de miercuri spre joi \u00een cea mai mare parte a \u0163\u0103rii.<\/p>\n<p>O alt\u0103 avertizare Cod galben va fi \u00een vigoare mar\u0163i, de la ora 10.00, p\u00e2n\u0103 miercuri, la aceea\u015fi or\u0103, \u00een jude\u0163ele Suceava, Neam\u0163, Bac\u0103u, Vaslui, Gala\u0163i, Vrancea, Covasna, Buz\u0103u, Br\u0103ila, Tulcea, Constan\u0163a, Ialomi\u0163a, C\u0103l\u0103ra\u015fi, Ilfov, Prahova, D\u00e2mbovi\u0163a, Arge\u015f, Giurgiu, Teleorman, Olt, V\u00e2lcea, Gorj, \u00een municipiul Bucure\u015fti \u015fi par\u0163ial \u00een Bra\u015fov \u015fi Harghita.<\/p>\n<p>Mar\u0163i, valul de c\u0103ldur\u0103 se va extinde \u015fi se va intensifica \u00een Muntenia, Dobrogea, cea mai mare parte a Moldovei \u015fi a Olteniei, precum \u015fi \u00een estul \u015fi sud-estul Transilvaniei. Se vor \u00eenregistra temperaturi deosebit de ridicate, pe arii extinse va fi canicul\u0103, disconfort termic ridicat \u015fi indice temperatur\u0103-umezeal\u0103 (ITU) care va atinge pragul critic de 80 de unit\u0103\u0163i. Temperaturile maxime vor fi cuprinse \u00eentre 31&#8230;32 de grade pe litoral \u015fi \u00een estul Transilvaniei \u015fi 37&#8230;38 de grade \u00een Oltenia \u015fi sud-vestul Munteniei. Pe alocuri noaptea va fi tropical\u0103, cu minime de 20&#8230;24 de grade, cele mai ridicate urm\u00e2nd a se \u00eenregistra pe litoral.<\/p>\n<p>\u00cen acela\u015fi interval, va fi Cod portocaliu &#8211; val de c\u0103ldur\u0103 persistent \u015fi intens, canicul\u0103, disconfort termic accentuat \u015fi noapte tropical\u0103 \u00een jude\u0163ele Maramure\u015f, S\u0103laj, Cluj, Bistri\u0163a-N\u0103s\u0103ud, Mure\u015f, Sibiu, Alba, Hunedoara, Cara\u015f-Severin, Mehedin\u0163i, Dolj, Boto\u015fani, Ia\u015fi \u015fi par\u0163ial \u00een Harghita \u015fi Bra\u015fov.<\/p>\n<p>Mar\u0163i, valul de c\u0103ldur\u0103 se va extinde \u015fi se va intensifica, \u00een Maramure\u015f, sudul Banatului, cea mai mare parte a Transilvaniei, nord-estul Moldovei \u015fi sud-vestul Olteniei, unde va fi canicul\u0103, iar temperaturile maxime se vor situa \u00eentre 35 \u015fi 39 de grade, cu cele mai ridicate valori \u00een jude\u0163ele Cara\u015f-Severin, Mehedin\u0163i \u015fi Dolj. Disconfortul termic va fi accentuat, iar indicele temperatur\u0103-umezeal\u0103 (ITU) va dep\u0103\u015fi pragul critic de 80 de unit\u0103\u0163i. Local noaptea va fi tropical\u0103, cu minime de 20&#8230;24 de grade, cele mai ridicate valori urm\u00e2nd a se \u00eenregistra \u00een dealurile Banatului.<\/p>\n<p>Totodat\u0103, va fi Cod ro\u015fu &#8211; val de c\u0103ldur\u0103 persistent \u015fi intens, temperaturi extreme, disconfort termic deosebit de accentuat \u015fi noapte tropical\u0103 \u00een jude\u0163ele Satu Mare, Bihor, Arad \u015fi Timi\u015f.<\/p>\n<p>\u201d\u00cen jude\u0163ele Satu Mare, Bihor, Arad \u015fi Timi\u015f valul de c\u0103ldur\u0103 intens va persista \u015fi se vor \u00eenregistra temperaturi extreme comparabile cu recordurile absolute ale lunii august. Temperaturile maxime vor fi de 38&#8230;39 de grade \u00een jude\u0163ul Satu Mare \u015fi de 39&#8230;41 de grade \u00een jude\u0163ele Bihor, Arad \u015fi Timi\u015f. Disconfortul termic va fi deosebit de accentuat, iar indicele temperatur\u0103-umezeal\u0103 (ITU) va dep\u0103\u015fi pragul critic de 80 de unit\u0103\u0163i. Noaptea va fi tropical\u0103 cu minime de p\u00e2n\u0103 la 24&#8230;26 de grade, cu cele mai ridicate valori \u00een dealurile Cri\u015fanei\u201d, a ar\u0103tat ANM.<\/p>\n<p>\u00cen zona municipiului Bucure\u015fti, luni va fi val de c\u0103ldur\u0103, disconfortul termic ridicat, iar indicele temperatur\u0103-umezeal\u0103 (ITU) va atinge pragul critic de 80 de unit\u0103\u0163i. Cerul va fi variabil, mai mult senin noaptea \u015fi diminea\u0163a, iar v\u00e2ntul va sufla slab p\u00e2n\u0103 la moderat. Temperatura maxim\u0103 se va situa \u00een jurul valorii de 34 de grade, iar cea minim\u0103 va fi de 19&#8230;20 de grade (noaptetropical\u0103), mai sc\u0103zut\u0103 \u00een zona periurban\u0103, spre 17 grade.<\/p>\n<p><strong>Procuror CSM, despre cum \u0219efa Cur\u021bii de Apel Bucure\u0219ti \u00eel scap\u0103 de dosar pe Negoi\u021b\u0103: \u201e\u00cen urm\u0103 cu 8-9 ani probabil se l\u0103sa cu arest\u0103ri\u201d<\/strong><\/p>\n<p>Procurorul CSM Claudiu Sandu a publicat pe contul s\u0103u de Facebook un mesaj extrem de critic fa\u021b\u0103 de \u0219efa Cur\u021bii de Apel Bucure\u0219ti, judec\u0103toarea Liana Arsenie, cea care \u2013 potrivit G4 Media \u2013 a schimbat completul de judecat\u0103 al dosarului \u00een care primarul Sectorului 3, Robert Negoi\u021b\u0103, este judecat pentru un prejudiciu de peste 100 de milioane de euro.<\/p>\n<p>Ca urmare a schimb\u0103rii completului, procesul se reia de la zero dup\u0103 ce a fost \u00een stare de judecat\u0103 vreme de 4 ani, cu efectul intervenirii prescrip\u021biei. Dup\u0103 ce face c\u00e2teva considera\u021bii teoretice despre infrac\u021biunea de favorizare a f\u0103ptuitorului, procurorul Claudiu Sandu se \u00eentreab\u0103 dac\u0103 nu cumva gestul Lianei Arsenie s-ar \u00eencadra \u00een tipicitatea acestei infrac\u021biuni.\u00a0\u201eProbabil c\u0103 \u00een urm\u0103 cu 8-9 ani ar fi fost operate arest\u0103ri \u00eentr-o asemenea cauz\u0103\u201d, conchide Claudiu Sandu.<\/p>\n<p><strong>Ciprian Ciucu: Nicu\u0219or Dan a testat recent mai multe variante de premier tehnocrat<\/strong><\/p>\n<p>Prim-vicepre\u0219edintele PNL, Ciprian Ciucu, a declarat duminic\u0103 seara, la Digi24, c\u0103 una dintre variantele aflate \u00een discu\u021bie pentru dep\u0103\u0219irea crizei politice este un guvern tehnocrat. \u201ePoate s\u0103 reapar\u0103 pe mas\u0103 ideea unui guvern tehnocrat \u0219i poate s\u0103 mai apar\u0103 iar\u0103\u0219i pe mas\u0103 ideea guvernelor consecutive, minoritare\u201d, a declarat Ciucu, citat de Mediafax.<\/p>\n<p>\u00centrebat dac\u0103 exist\u0103 \u0219i alte variante de premier tehnocrat, \u00een afara celor discutate p\u00e2n\u0103 acum \u00een spa\u021biul public, liderul PNL a spus c\u0103 \u0219tie c\u0103 au fost avansate mai multe nume, \u00eens\u0103 nu cunoa\u0219te identitatea persoanelor vizate. \u201e\u0218tiu c\u0103 s-au avansat ni\u0219te nume, asta pot s\u0103 v\u0103 zic, dar nu \u0219tiu care sunt acele nume\u201d, a declarat prim-vicepre\u0219edintele PNL.<\/p>\n<p>Ciucu a explicat c\u0103 numele au fost avansate \u201e\u00een discu\u021bii politice care nu au ajuns \u00een spa\u021biul public\u201d. \u201e\u0218tiu, am auzit c\u0103 pre\u0219edintele ar fi testat una sau dou\u0103, trei variante, dar nu mi s-au spus care sunt acele variante. Acum recent, dup\u0103 c\u0103derea lui Ve\u0219tea. Cred c\u0103 nu mai mult de dou\u0103 s\u0103pt\u0103m\u00e2ni\u201d, a men\u021bionat liderul liberal.<\/p>\n<p>Referindu-se la eventuale \u00eent\u00e2lniri recente \u00eentre pre\u0219edintele Rom\u00e2niei \u0219i liderii politici, Ciucu a spus c\u0103 nu cunoa\u0219te astfel de detalii, dar consider\u0103 c\u0103 avansarea unor nume sugereaz\u0103 c\u0103 astfel de discu\u021bii au avut loc. \u201eNu am astfel de informa\u021bii, dar prin analogie, dac\u0103 s-au avansat anumite nume la un moment dat, \u00eenseamn\u0103 c\u0103 exist\u0103 aceste \u00eent\u00e2lniri\u201d, a declarat Ciprian Ciucu.<\/p>\n<p><strong>Senatorul Paul Pintea, trimis \u00een judecat\u0103 pentru conducere f\u0103r\u0103 permis<\/strong><\/p>\n<p>Senatorul neafiliat Paul Pintea, fost membru POT, a fost trimis \u00een judecat\u0103 pentru conducere f\u0103r\u0103 permis, el av\u00e2nd deja o condamnare definitiv\u0103 pentru o fapt\u0103 similar\u0103, scrie news.ro.<\/p>\n<p>\u201dProcurorul de caz din cadrul Parchetului de pe l\u00e2ng\u0103 \u00cenalta Curte de Casa\u0163ie \u015fi Justi\u0163ie \u2013 Sec\u0163ia de urm\u0103rire penal\u0103 a dispus trimiterea \u00een judecat\u0103 a unui inculpat, av\u00e2nd calitatea de senator \u00een Parlamentul Rom\u00e2niei, sub aspectul s\u0103v\u00e2r\u015firii infrac\u0163iunii de conducerea unui vehicul de c\u0103tre o persoan\u0103 c\u0103reia dreptul de a conduce i-a fost suspendat\u201d, anun\u0163\u0103 Parchetul ICCJ.<\/p>\n<p>Conform anchetatorilor, \u00een data de 7 noiembrie 2025,\u00a0 \u00een jurul orelor 23:57,\u00a0 senatorul,\u00a0 de\u015fi avea dreptul de a conduce suspendat, a condus un autoturism pe raza municipiului Zal\u0103u.<\/p>\n<p>\u201dAstfel, organele de poli\u0163ie din cadrul I.P.J. S\u0103laj \u2013 Seviciul Rutier, \u00een timp ce efectuau activit\u0103\u0163i de supraveghere \u015fi control al traficului rutier pe str. Andrei Mure\u015fanu intersec\u0163ie cu str. Clo\u015fca din municipiul Zal\u0103u, au procedat la efectuarea semnalului de oprire regulamentar pentru autoturismul condus de inculpat. Acesta nu a respectat dispozi\u0163iile legale de oprire efectuate cu bra\u0163ul \u00eentins orizontal al poli\u0163istului rutier, motiv pentru care s-a procedat la urm\u0103rirea autoturismului pe o distan\u0163\u0103 de c\u00e2teva sute de metri p\u00e2n\u0103 la parcarea din zona Casa Armatei, \u00een spatele imobilului, loc \u00een care s-a procedat la interceptarea \u015fi legitimarea conduc\u0103torului auto\u201d, precizeaz\u0103 Parchetul.<\/p>\n<p>Rechizitoriul a fost transmis \u00cenaltei Cur\u0163i de Casa\u0163ie \u015fi Justi\u0163ie, instan\u0163a competent\u0103 s\u0103 judece cauza.\u00a0\u00a0\u00a0\u00a0\u00a0\u00a0<\/p>\n<p>Paul Pintea are deja o condamnare la un an \u015fi cinci luni de \u00eenchisoare cu suspendarea execut\u0103rii pedepsei pentru conducerea unui autovehicul de\u015fi avea suspendat acest drept. Condamnarea a r\u0103mas definitiv\u0103 \u00een ianuarie anule acesta, dup\u0103 ce ICCJ i-a respins apelul.<\/p>\n<p>Paul Ciprian Pintea a intrat \u00een Parlament pe listele POT \u015fi \u00een prezent este senator neafiliat.<\/p>\n<p>El a intrat \u00een aten\u0163ia public\u0103 dup\u0103 ce \u00een CV-ul s\u0103u oficial au fost sesizate mai multe nereguli referitoare la studii.<\/p>\n<p>\u00cen biografia de pe site-ul Senatului, Ciprian Pintea sus\u0163inea, conform HotNews, c\u0103 a f\u0103cut Liceul Mihai Viteazul din Zal\u0103u (Liceul Tehnologic Mihai Viteazul, n.r.) \u00eentre 2000 \u015fi 2004. \u00cen septembrie 2000, c\u00e2nd \u00eencepea anul \u015fcolar, acesta avea 12 ani \u015fi 10 luni. Ulterior, \u015fi-a schimbat datele, a trecut al\u0163i ani pentru perioada liceului: 2001-2005, \u201epe care l-a absolvit cu diploma de bacalaureat\u201d.<\/p>\n<p>O alt\u0103 informa\u0163ie care apare modificat\u0103 din CV-ul s\u0103u este cea referitoare la cursurile realizate dup\u0103 liceu. La dou\u0103 decenii dup\u0103 liceu, mai exact.<\/p>\n<p>Acesta a men\u0163ionat, ini\u0163ial, c\u0103 \u00een 2024 a \u00eenceput cursuri online \u201ebusiness management\u201d \u2013 tip Cambridge la \u201eAcademic Singles\u201d \u2013 Business Academy.<\/p>\n<p>Dup\u0103 ce mai mul\u0163i utilizatori Facebook au atras aten\u0163ia c\u0103 Academic Singles este numele unui serviciu de dating online, acesta a scos respectiva men\u0163iune din CV, conform Snoop.ro.<\/p>\n<p>\u00a0<\/p>\n<hr>\n<div class=\"bloc-widget widget-rosu\">\n<p>\u00cen lipsa unui acord scris din partea Ziarului de Vrancea, pute\u0163i prelua maxim 500 de caractere din acest articol dac\u0103 preciza\u0163i sursa \u015fi insera\u0163i vizibil link-ul articolului:\u00a0<span>#insertcurrentlinkhere<\/span><\/p>\n<\/div>\n<div class=\"extra-articol listing-anunturi\">\n<h6>Anun\u021buri <span class=\"text-primary\">ZdV<\/span> Premium<\/h6>\n<div class=\"row\">\n<div class=\"col-lg-4 col-md-6 bloc-egal\"><a class=\"card-anunt\" href=\"https:\/\/ziaruldevrancea.ro\/anunturi\/inchirieri\/locuinte-oferte\/primesc-in-gazda-elevi-anunt-72832\"><strong class=\"titlu\">Locuin\u021be oferte<\/strong><span class=\"text-anunt\">Primesc \u00een gazd\u0103 elevi la cas\u0103-vil\u0103,&#8230;<\/span><span class=\"data-anunt\">07.08.2026  <\/span><\/a><\/div>\n<div class=\"col-lg-4 col-md-6 bloc-egal\"><a class=\"card-anunt\" href=\"https:\/\/ziaruldevrancea.ro\/anunturi\/altele\/matrimoniale\/Imi-caut-sufletul-pereche-anunt-72833\"><strong class=\"titlu\">Matrimoniale<\/strong><span class=\"text-anunt\">Domn serios caut doamn\u0103 serioas\u0103, v\u00e2rsta&#8230;<\/span><span class=\"data-anunt\">07.08.2026  <\/span><\/a><\/div>\n<div class=\"col-lg-4 col-md-6 bloc-egal\"><a class=\"card-anunt\" href=\"https:\/\/ziaruldevrancea.ro\/anunturi\/angajari\/oferte-angajari\/angajare-anunt-72830\"><strong class=\"titlu\">Oferte<\/strong><span class=\"text-anunt\">ECOSISTEM SRL cu sediul in localitatea Jorasti,&#8230;<\/span><span class=\"data-anunt\">05.08.2026  <\/span><\/a><\/div>\n<\/div>\n<\/div>\n<div class=\"extra-articol alte-articole\">\n<div class=\"row\">\n<div class=\"col-lg-6 bloc-egal\">\n<div class=\"card articol-listing\">\n<h6>\u00cen categoria <a href=\"https:\/\/ziaruldevrancea.ro\/actualitatea\/national\">Na\u021bional<\/a><\/h6>\n<div class=\"grup-articol-listing\">\n<div class=\"cont-pils\"><a href=\"https:\/\/ziaruldevrancea.ro\/actualitatea\/national\/mozaic-Stiri-naTionale-ambulanta-atacata-la-cluj---Sapte-persoane-arestate-preventiv\"><img decoding=\"async\" src=\"https:\/\/zdvi.cname.ro\/180_135\/actualitatea\/national\/mozaic-Stiri-naTionale-ambulanta-atacata-la-cluj---Sapte-persoane-arestate-preventiv\/mediaPool\/uMBiRKR.jpeg\" class=\"img-responsive img-180\" alt><\/a><\/div>\n<h2><a class=\"link-titlu\" href=\"https:\/\/ziaruldevrancea.ro\/actualitatea\/national\/mozaic-Stiri-naTionale-ambulanta-atacata-la-cluj---Sapte-persoane-arestate-preventiv\">MOZAIC \u0218TIRI NA\u021aIONALE:  Ambulan\u0163\u0103 atacat\u0103 la Cluj &#8211; \u015eapte persoane, arestate preventiv<\/a><\/h2>\n<div class=\"date-post\"><a href=\"https:\/\/ziaruldevrancea.ro\/autor\/rodica-condurache\">Rodica Condurache<\/a>,  9 aug 2026  <\/div>\n<\/div>\n<div class=\"grup-articol-listing\">\n<div class=\"cont-pils\"><a href=\"https:\/\/ziaruldevrancea.ro\/actualitatea\/national\/mozaic-Stiri-naTionale-salvamontistii-germani-recuperati-din-bucegi-le-au-spus-colegilor-lor-prahoveni-ca-nu-au-crezut-ca-e-posibila-o-astfel-de-salvare-in-romania-ci-doar-in-elvetia\"><img decoding=\"async\" src=\"https:\/\/zdvi.cname.ro\/180_135\/actualitatea\/national\/mozaic-Stiri-naTionale-salvamontistii-germani-recuperati-din-bucegi-le-au-spus-colegilor-lor-prahoveni-ca-nu-au-crezut-ca-e-posibila-o-astfel-de-salvare-in-romania-ci-doar-in-elvetia\/mediaPool\/ucSc7z0.jpg\" class=\"img-responsive img-180\" alt><\/a><\/div>\n<h2><a class=\"link-titlu\" href=\"https:\/\/ziaruldevrancea.ro\/actualitatea\/national\/mozaic-Stiri-naTionale-salvamontistii-germani-recuperati-din-bucegi-le-au-spus-colegilor-lor-prahoveni-ca-nu-au-crezut-ca-e-posibila-o-astfel-de-salvare-in-romania-ci-doar-in-elvetia\">MOZAIC \u0218TIRI NA\u021aIONALE: Salvamonti\u015ftii germani recupera\u0163i din Bucegi le-au spus colegilor lor prahoveni c\u0103 nu au crezut c\u0103 e posibil\u0103 o astfel de salvare \u00een Rom\u00e2nia, ci doar \u00een Elve\u0163ia<\/a><\/h2>\n<div class=\"date-post\"><a href=\"https:\/\/ziaruldevrancea.ro\/autor\/rodica-condurache\">Rodica Condurache<\/a>,  8 aug 2026  <\/div>\n<\/div>\n<div class=\"grup-articol-listing\">\n<div class=\"cont-pils\"><a href=\"https:\/\/ziaruldevrancea.ro\/actualitatea\/national\/mozaic-Stiri-naTionale-nu-exista-solutii-magice-avertizeaza-maia-sandu-vorbind-despre-criza-energetica\"><img decoding=\"async\" src=\"https:\/\/zdvi.cname.ro\/180_135\/actualitatea\/national\/mozaic-Stiri-naTionale-nu-exista-solutii-magice-avertizeaza-maia-sandu-vorbind-despre-criza-energetica\/mediaPool\/uy8Z8Qu.jpg\" class=\"img-responsive img-180\" alt><\/a><\/div>\n<h2><a class=\"link-titlu\" href=\"https:\/\/ziaruldevrancea.ro\/actualitatea\/national\/mozaic-Stiri-naTionale-nu-exista-solutii-magice-avertizeaza-maia-sandu-vorbind-despre-criza-energetica\">MOZAIC \u0218TIRI NA\u021aIONALE:  \u201eNu exist\u0103 solu\u0163ii magice\u201d, avertizeaz\u0103 Maia Sandu vorbind despre criza energetic\u0103<\/a><\/h2>\n<div class=\"date-post\"><a href=\"https:\/\/ziaruldevrancea.ro\/autor\/rodica-condurache\">Rodica Condurache<\/a>,  5 aug 2026  <\/div>\n<\/div>\n<\/div>\n<\/div>\n<div class=\"col-lg-6 bloc-egal\">\n<div class=\"card articol-listing\">\n<h6>De acela\u0219i <a href=\"https:\/\/ziaruldevrancea.ro\/autor\/rodica-condurache\/\">autor<\/a><\/h6>\n<div class=\"grup-articol-listing\">\n<div class=\"cont-pils\"><a href=\"https:\/\/ziaruldevrancea.ro\/timp-liber\/horoscop-11-august-2026\"><img decoding=\"async\" src=\"https:\/\/zdvi.cname.ro\/180_135\/timp-liber\/horoscop-11-august-2026\/mediaPool\/uA8enxT.jpg\" class=\"img-responsive img-180\" alt><\/a><\/div>\n<h2><a class=\"link-titlu\" href=\"https:\/\/ziaruldevrancea.ro\/timp-liber\/horoscop-11-august-2026\">Horoscop 11 august 2026 <\/a><\/h2>\n<div class=\"date-post\"><a href=\"https:\/\/ziaruldevrancea.ro\/autor\/rodica-condurache\">Rodica Condurache<\/a>, 11 aug 2026  <\/div>\n<\/div>\n<div class=\"grup-articol-listing\">\n<div class=\"cont-pils\"><a href=\"https:\/\/ziaruldevrancea.ro\/actualitatea\/stiri-locale\/prima-pagina-a-editiei-tiparite-a-ziarului-de-vrancea-de-astazi-10-august-2026\"><img decoding=\"async\" src=\"https:\/\/zdvi.cname.ro\/180_135\/actualitatea\/stiri-locale\/prima-pagina-a-editiei-tiparite-a-ziarului-de-vrancea-de-astazi-10-august-2026\/mediaPool\/uSSr629.jpg\" class=\"img-responsive img-180\" alt><\/a><\/div>\n<h2><a class=\"link-titlu\" href=\"https:\/\/ziaruldevrancea.ro\/actualitatea\/stiri-locale\/prima-pagina-a-editiei-tiparite-a-ziarului-de-vrancea-de-astazi-10-august-2026\">Prima pagin\u0103 a edi\u021biei tip\u0103rite a Ziarului de Vrancea de ast\u0103zi, 10 august 2026: copil filmat la volan, c\u0103ut\u0103ri \u00een apele Siretului, apel umanitar pentru Anais \u0219i problemele insulelor ecologice din Foc\u0219ani<\/a><\/h2>\n<div class=\"date-post\"><a href=\"https:\/\/ziaruldevrancea.ro\/autor\/rodica-condurache\">Rodica Condurache<\/a>, 10 aug 2026  <\/div>\n<\/div>\n<div class=\"grup-articol-listing\">\n<div class=\"cont-pils\"><a href=\"https:\/\/ziaruldevrancea.ro\/timp-liber\/horoscop-10-august-2026-articol-1688876483\"><img decoding=\"async\" src=\"https:\/\/zdvi.cname.ro\/180_135\/timp-liber\/horoscop-10-august-2026-articol-1688876483\/mediaPool\/uA8enxT.jpg\" class=\"img-responsive img-180\" alt><\/a><\/div>\n<h2><a class=\"link-titlu\" href=\"https:\/\/ziaruldevrancea.ro\/timp-liber\/horoscop-10-august-2026-articol-1688876483\">Horoscop 10 august 2026 <\/a><\/h2>\n<div class=\"date-post\"><a href=\"https:\/\/ziaruldevrancea.ro\/#comentarii\" class=\"pull-right\"> 4<\/a><a href=\"https:\/\/ziaruldevrancea.ro\/autor\/rodica-condurache\">Rodica Condurache<\/a>, 10 aug 2026  <\/div>\n<\/div>\n<\/div>\n<\/div>\n<\/div>\n<\/div>\n<div class=\"extra-articol listing-anunturi\">\n<h6>Anun\u021buri <span class=\"text-primary\">ZdV<\/span> Premium<\/h6>\n<div class=\"row\">\n<div class=\"col-lg-4 col-md-6 bloc-egal\"><a class=\"card-anunt\" href=\"https:\/\/ziaruldevrancea.ro\/anunturi\/altele\/servicii\/caut-o-persoana-sau-o-familie-pentru-ingrijirea-unei-batrane\"><strong class=\"titlu\">Servicii<\/strong><span class=\"text-anunt\">Caut o persoan\u0103\u00a0sau o familie serioas\u0103&#8230;<\/span><span class=\"data-anunt\">04.08.2026  <\/span><\/a><\/div>\n<div class=\"col-lg-4 col-md-6 bloc-egal\"><a class=\"card-anunt\" href=\"https:\/\/ziaruldevrancea.ro\/anunturi\/imobiliare\/vanzari-ap-2-camere\/vand-apartament-2-camere-in-focsani-anunt-72825\"><strong class=\"titlu\">V\u00e2nz\u0103ri ap 2 camere<\/strong><span class=\"text-anunt\">V\u00e2nd apartament 2 camere, hol p\u0103trat,&#8230;<\/span><span class=\"data-anunt\">04.08.2026  <\/span><\/a><\/div>\n<div class=\"col-lg-4 col-md-6 bloc-egal\"><a class=\"card-anunt\" href=\"https:\/\/ziaruldevrancea.ro\/anunturi\/angajari\/oferte-angajari\/caut-femeie-pt-supraveghere-batrana-paralizata-focsani-fara-menaj-program-de-la-9la-17-de-luni-pana-vineri-salariu-2600\"><strong class=\"titlu\">Oferte<\/strong><span class=\"text-anunt\">Caut femeie pentru\u00a0supraveghere&#8230;<\/span><span class=\"data-anunt\">05.08.2026 , Vrancea , Foc\u0219ani<\/span><\/a><\/div>\n<\/div>\n<\/div>\n<div class=\"bloc-widget widget-albastru\">\n    Ziarul de Vrancea \u00a0nu este responsabil juridic pentru con\u0163inutul textelor din comentariile de mai jos. Responsabilitatea pentru mesajele dumneavoastra v\u0103 revine \u00een exclusivitate.\n<\/div>\n<div class=\"comentarii-articol\" id=\"comentarii\">\n<h3>Comentarii: <span class=\"text-primary\">0<\/span><\/h3>\n<p><a href=\"https:\/\/ziaruldevrancea.ro\/actualitatea\/national\/mozaic-stiri-nationale-noua-detonare-a-stancii-parjoaia-pentru-a-devia-cursul-dunarii-spre-centrala-de-la-cernavoda.-miruta-e-un-succes\" class=\"btn btn-success btn-adauga-com\" data-toggle=\"modal\" data-parent=\"0\" data-target=\"#commentModal\">Adaug\u0103 comentariu<\/a><\/p>\n<div class=\"loadMask comments-mask\"><img decoding=\"async\" src=\"https:\/\/zdvs.cname.ro\/images\/loader_40.gif\"><\/div>\n<div class=\"comenteaza-jos\">Trebuie s\u0103 fii <a href=\"https:\/\/ziaruldevrancea.ro\/account\">autentificat<\/a> pentru a putea <a href=\"https:\/\/ziaruldevrancea.ro\/actualitatea\/national\/mozaic-stiri-nationale-noua-detonare-a-stancii-parjoaia-pentru-a-devia-cursul-dunarii-spre-centrala-de-la-cernavoda.-miruta-e-un-succes\" class data-toggle=\"modal\" data-parent=\"0\" data-target=\"#commentModal\">posta un comentariu<\/a>.<\/div>\n<\/div>\n<div class=\"modal fade\" id=\"commentModal\" role=\"dialog\" aria-labelledby=\"commentModalLabel\">\n<div class=\"modal-dialog modal-lg\" role=\"document\">\n<div class=\"modal-content\">\n<div class=\"modal-header\">\n<h3 class=\"modal-title\" id=\"commentModalLabel\">Comenteaz\u0103<\/h3>\n<\/div>\n<div class=\"modal-body\">\n<div class=\"tabel tabel-full\">\n<div class=\"celula\">\n              Trebuie s\u0103 fii <a href=\"https:\/\/ziaruldevrancea.ro\/account\">autentificat<\/a> pentru a putea posta un comentariu.\n            <\/div>\n<\/div>\n<\/div>\n<div class=\"modal-footer\">\n<div id=\"commentPending\" class=\"formPending pull-left\"><img decoding=\"async\" src=\"https:\/\/zdvs.cname.ro\/images\/loader_40.gif\"> In curs de procesare&#8230;<\/div>\n<p><a href=\"https:\/\/ziaruldevrancea.ro\/actualitatea\/national\/mozaic-stiri-nationale-noua-detonare-a-stancii-parjoaia-pentru-a-devia-cursul-dunarii-spre-centrala-de-la-cernavoda.-miruta-e-un-succes\" class=\"btn btn-default\" data-dismiss=\"modal\">Anuleaz\u0103<\/a><\/div>\n<\/div>\n<\/div>\n<\/div>\n<div class=\"modal fade\" id=\"commentReportModal\" role=\"dialog\" aria-labelledby=\"commentReportModalLabel\">\n<div class=\"modal-dialog modal-lg\" role=\"document\">\n<div class=\"modal-content\">\n<div class=\"modal-header\">\n<h3 class=\"modal-title\" id=\"commentReportModalLabel\">Raporteaza comentariu<\/h3>\n<\/div>\n<div class=\"modal-body\">\n<div class=\"tabel tabel-full\">\n<div class=\"celula\">\n              Trebuie s\u0103 fii <a href=\"https:\/\/ziaruldevrancea.ro\/account\">autentificat<\/a> pentru a putea raporta un comentariu.\n            <\/div>\n<\/div>\n<\/div>\n<div class=\"modal-footer\">\n<div id=\"commentReportPending\" class=\"formPending pull-left\"><img decoding=\"async\" src=\"https:\/\/zdvs.cname.ro\/images\/loader_40.gif\"> In curs de procesare&#8230;<\/div>\n<p><a href=\"https:\/\/ziaruldevrancea.ro\/actualitatea\/national\/mozaic-stiri-nationale-noua-detonare-a-stancii-parjoaia-pentru-a-devia-cursul-dunarii-spre-centrala-de-la-cernavoda.-miruta-e-un-succes\" class=\"btn btn-default\" data-dismiss=\"modal\">Anuleaz\u0103<\/a><\/div>\n<\/div>\n<\/div>\n<\/div>\n<div class=\"modal fade\" id=\"commentLikeModal\" role=\"dialog\" aria-labelledby=\"commentLikeModalLabel\">\n<div class=\"modal-dialog modal-lg\" role=\"document\">\n<div class=\"modal-content\">\n<div class=\"modal-header\">\n<h3 class=\"modal-title\" id=\"commentReportModalLabel\">Apreciaza comentariu<\/h3>\n<\/div>\n<div class=\"modal-body\">\n<div class=\"tabel tabel-full\">\n<div class=\"celula\">\n            Trebuie s\u0103 fii <a href=\"https:\/\/ziaruldevrancea.ro\/account\">autentificat<\/a> pentru a putea aprecia un comentariu.\n          <\/div>\n<\/div>\n<\/div>\n<div class=\"modal-footer\"><a href=\"https:\/\/ziaruldevrancea.ro\/actualitatea\/national\/mozaic-stiri-nationale-noua-detonare-a-stancii-parjoaia-pentru-a-devia-cursul-dunarii-spre-centrala-de-la-cernavoda.-miruta-e-un-succes\" class=\"btn btn-default\" data-dismiss=\"modal\">Anuleaz\u0103<\/a><\/div>\n<\/div>\n<\/div>\n<\/div>\n<div class=\"bloc-widget widget-rosu\"><span><small>Ziarul de Vrancea doreste ca acest site sa fie un spatiu al discutiilor civilizate, al comentariilor de bun simt. Din acest motiv, cei care posteaza comentarii la articole trebuie sa respecte urmatoarele reguli:<br \/>\n1. Sa se refere doar la articolul la care posteaza comentarii.<br \/>\n2. Sa foloseasca un limbaj civilizat, fara injurii, calomnii, comentarii antisemite, xenofobe sau rasiste.<br \/>\n3. Sunt interzise atacurile la adresa autorilor, daca acestea nu au legatura cu textul.<br \/>\n4. Username-ul sa nu fie nume de personalitati ale vietii publice sau parodieri ale acestora.<br \/>\nAutorul unui articol poate fi criticat pentru eventuale greseli, incoerenta, lipsa de documentare etc.<br \/>\nNerespectarea regulilor mentionate mai sus va duce la stergerea comentariilor, fara avertisment si fara explicatii.<br \/>\nAbaterile repetate vor avea drept consecinta interdictia accesului la aceasta facilitate a site-ului.<\/small><\/span><\/div>\n<\/div>\n<p>[analyse_source url=&#8221;https:\/\/ziaruldevrancea.ro\/actualitatea\/national\/mozaic-stiri-nationale-noua-detonare-a-stancii-parjoaia-pentru-a-devia-cursul-dunarii-spre-centrala-de-la-cernavoda.-miruta-e-un-succes&#8221;]<\/p>\n","protected":false},"excerpt":{"rendered":"<p>[analyse_image type=&#8221;featured&#8221; src=&#8221;https:\/\/zdvi.cname.ro\/_\/mozaic-stiri-nationale-noua-detonare-a-stancii-parjoaia-pentru-a-devia-cursul-dunarii-spre-centrala-de-la-cernavoda.-miruta-e-un-succes\/mediaPool\/uPWvJKR.jpg&#8221;] Na\u021bional MOZAIC \u0218TIRI NA\u021aIONALE: Nou\u0103 detonare a st\u00e2ncii P\u00e2rjoaia, pentru a devia cursul Dun\u0103rii spre Centrala de la Cernavod\u0103. Miru\u0163\u0103: E un succes Distribuie: \u00a0 | Rodica Condurache 2 aug 2026414 vizualiz\u0103ri \u00a0\u201eO zi de func\u0163ionare suplimentar\u0103 a Centralei de la Cernavod\u0103 e de vreo trei ori mai eficient\u0103 financiar dec\u00e2t costurile [&hellip;]<\/p>\n","protected":false},"author":1,"featured_media":0,"comment_status":"open","ping_status":"","sticky":false,"template":"","format":"standard","meta":{"footnotes":""},"categories":[89],"tags":[226,208],"class_list":["post-2087128","post","type-post","status-publish","format-standard","hentry","category-romania","tag-crawlmanager","tag-ziaruldevrancea-ro"],"_links":{"self":[{"href":"https:\/\/analyse.optim.biz\/index.php?rest_route=\/wp\/v2\/posts\/2087128","targetHints":{"allow":["GET"]}}],"collection":[{"href":"https:\/\/analyse.optim.biz\/index.php?rest_route=\/wp\/v2\/posts"}],"about":[{"href":"https:\/\/analyse.optim.biz\/index.php?rest_route=\/wp\/v2\/types\/post"}],"author":[{"embeddable":true,"href":"https:\/\/analyse.optim.biz\/index.php?rest_route=\/wp\/v2\/users\/1"}],"replies":[{"embeddable":true,"href":"https:\/\/analyse.optim.biz\/index.php?rest_route=%2Fwp%2Fv2%2Fcomments&post=2087128"}],"version-history":[{"count":0,"href":"https:\/\/analyse.optim.biz\/index.php?rest_route=\/wp\/v2\/posts\/2087128\/revisions"}],"wp:attachment":[{"href":"https:\/\/analyse.optim.biz\/index.php?rest_route=%2Fwp%2Fv2%2Fmedia&parent=2087128"}],"wp:term":[{"taxonomy":"category","embeddable":true,"href":"https:\/\/analyse.optim.biz\/index.php?rest_route=%2Fwp%2Fv2%2Fcategories&post=2087128"},{"taxonomy":"post_tag","embeddable":true,"href":"https:\/\/analyse.optim.biz\/index.php?rest_route=%2Fwp%2Fv2%2Ftags&post=2087128"}],"curies":[{"name":"wp","href":"https:\/\/api.w.org\/{rel}","templated":true}]}}